{"id":11163,"global_id":"www.bisbatdemallorca.org\/ca?id=11163","global_id_lineage":["www.bisbatdemallorca.org\/ca?id=11163"],"author":"2","status":"publish","date":"2022-12-02 11:41:39","date_utc":"2022-12-02 11:41:39","modified":"2023-01-25 12:45:43","modified_utc":"2023-01-25 12:45:43","url":"https:\/\/www.bisbatdemallorca.org\/ca\/event\/cicle-de-conferencies-antoni-m-alcover-i-la-llengua-catalana-2\/","rest_url":"https:\/\/www.bisbatdemallorca.org\/ca\/wp-json\/tribe\/events\/v1\/events\/11163","title":"CICLE DE CONFER\u00c8NCIES ANTONI M. ALCOVER I LA LLENGUA CATALANA","description":"<p>CICLE DE CONFER\u00c8NCIES ANTONI M. ALCOVER I LA LLENGUA CATALANA<\/p>\n<p>Organitzat pel CETEM I LA SEU DE MALLORCA dies 23 i 30 de gener i dies 6 i 13 de febrer de 2023.<\/p>\n<p><strong>Dia 23 de gener<\/strong>: El projecte ling\u00fc\u00edstic d\u2019Alcover<\/p>\n<p>Doctor Nicolau Dols, catedr\u00e0tic de Filologia Catalana de la Universitat de les Illes Balears. President de la Secci\u00f3 Filol\u00f2gica de l\u2019Institut d\u2019Estudis Catalans. El Doctor Nicolau Dols presentar\u00e0 les bases del projecte ling\u00fc\u00edstic m\u00e9s ampli sobre la llengua catalana de l\u2019\u00e8poca contempor\u00e0nia, concebut per Antoni M. Alcover: en qu\u00e8 consistia, d\u2019on provenia i com el podem avaluar des del punt de vista actual s\u00f3n qualcunes de les q\u00fcestions que es tractaran.<\/p>\n<p><strong>Dia 30 de gener<\/strong>:<\/p>\n<p>Antoni M. Alcover i Ramon Llull<\/p>\n<p>Doctora Maribel Ripoll, professora contractada doctora de Filologia Catalana de la Universitat de les Illes Balears. Directora de la C\u00e0tedra Ramon Llull. Secret\u00e0ria del Departament de Filologia Catalana i Ling\u00fc\u00edstica General. La Doctora Maribel Ripoll, ens explicar\u00e0 com a \u201cUn home de combat\u201d, Francesc de B. Moll etiquetava de \u00ablul\u00b7lista sentimental\u00bb el seu mentor, Antoni M. Alcover. L\u2019an\u00e0lisi bibliogr\u00e0fica, especialment del Bollet\u00ed del Diccionari de la Llengua Catalana, demostra que sense el coratge i l\u2019empenta del canonge manacor\u00ed, ni l\u2019edici\u00f3 de l\u2019obra de Ramon Llull ni la connexi\u00f3 del lul\u00b7lisme illenc amb la intel\u00b7lectualitat europea haurien estat possibles.<\/p>\n<p><strong>Dia 6 de febrer<\/strong>: L\u2019element religi\u00f3s en l\u2019aplec de rondalles d\u2019Alcover<\/p>\n<p>Doctor Jaume Guiscafr\u00e8, professor titular de Filologia Catalana de la Universitat de les Illes Balears. Coeditor de l\u2019edici\u00f3 comentada de l\u2019<em>Aplec de rondaies mallorquines<\/em>. Director del Departament de Filologia Catalana i Ling\u00fc\u00edstica General.<\/p>\n<p><strong>Dia 13 de febrer<\/strong>: \u00abTe n\u2019he fetes, me n\u2019has fetes, podem dir que estam cabals\u00bb. La relaci\u00f3 d\u2019Antoni M. Alcover amb Pompeu Fabra i l\u2019Institut d\u2019Estudis Catalans<\/p>\n<p>Doctora Mila Segarra, professora jubilada de la Universitat Aut\u00f2noma de Barcelona. Vicepresidenta de la Secci\u00f3 Filol\u00f2gica de l\u2019Institut d\u2019Estudis Catalans.<\/p>","excerpt":"","slug":"cicle-de-conferencies-antoni-m-alcover-i-la-llengua-catalana-2","image":false,"all_day":false,"start_date":"2023-01-30 19:00:00","start_date_details":{"year":"2023","month":"01","day":"30","hour":"19","minutes":"00","seconds":"00"},"end_date":"2023-01-30 20:00:00","end_date_details":{"year":"2023","month":"01","day":"30","hour":"20","minutes":"00","seconds":"00"},"utc_start_date":"2023-01-30 19:00:00","utc_start_date_details":{"year":"2023","month":"01","day":"30","hour":"19","minutes":"00","seconds":"00"},"utc_end_date":"2023-01-30 20:00:00","utc_end_date_details":{"year":"2023","month":"01","day":"30","hour":"20","minutes":"00","seconds":"00"},"timezone":"UTC+0","timezone_abbr":"UTC+0","cost":"","cost_details":{"currency_symbol":"","currency_code":"","currency_position":"prefix","values":[]},"website":"","show_map":true,"show_map_link":true,"hide_from_listings":false,"sticky":false,"featured":false,"categories":[{"name":"Agenda","slug":"agenda","term_group":0,"term_taxonomy_id":36,"taxonomy":"tribe_events_cat","description":"","parent":0,"count":1506,"filter":"raw","id":36,"urls":{"self":"https:\/\/www.bisbatdemallorca.org\/ca\/wp-json\/tribe\/events\/v1\/categories\/36","collection":"https:\/\/www.bisbatdemallorca.org\/ca\/wp-json\/tribe\/events\/v1\/categories"}}],"tags":[],"venue":{"id":8117,"author":"2","status":"publish","date":"2022-06-16 09:18:27","date_utc":"2022-06-16 09:18:27","modified":"2022-06-16 09:18:27","modified_utc":"2022-06-16 09:18:27","url":"https:\/\/www.bisbatdemallorca.org\/ca\/recinte\/museu-dart-sacre-de-mallorca\/","venue":"Museu d\u2019Art Sacre de Mallorca","slug":"museu-dart-sacre-de-mallorca","address":"Carrer del Mirador, 5","city":"Palma","country":"Espa\u00f1a","province":"Illes Balears","zip":"07001","phone":"+34 971 713 133","website":"www.museuartsacredemallorca.org","stateprovince":"Illes Balears","json_ld":{"@type":"Place","name":"Museu d\u2019Art Sacre de Mallorca","description":"","url":"","address":{"@type":"PostalAddress","streetAddress":"Carrer del Mirador, 5","addressLocality":"Palma","addressRegion":"Illes Balears","postalCode":"07001","addressCountry":"Espa\u00f1a"},"telephone":"+34 971 713 133","sameAs":"www.museuartsacredemallorca.org"},"show_map":true,"show_map_link":true,"global_id":"www.bisbatdemallorca.org\/ca?id=8117","global_id_lineage":["www.bisbatdemallorca.org\/ca?id=8117"]},"organizer":[],"custom_fields":[],"json_ld":{"@context":"http:\/\/schema.org","@type":"Event","name":"CICLE DE CONFER\u00c8NCIES ANTONI M. ALCOVER I LA LLENGUA CATALANA","description":"&lt;p&gt;CICLE DE CONFER\u00c8NCIES ANTONI M. ALCOVER I LA LLENGUA CATALANA  [...]&lt;\/p&gt;\\n","url":"https:\/\/www.bisbatdemallorca.org\/ca\/event\/cicle-de-conferencies-antoni-m-alcover-i-la-llengua-catalana-2\/","eventAttendanceMode":"https:\/\/schema.org\/OfflineEventAttendanceMode","eventStatus":"https:\/\/schema.org\/EventScheduled","startDate":"2023-01-30T19:00:00+00:00","endDate":"2023-01-30T20:00:00+00:00","location":{"@type":"Place","name":"Museu d\u2019Art Sacre de Mallorca","description":"","url":"","address":{"@type":"PostalAddress","streetAddress":"Carrer del Mirador, 5","addressLocality":"Palma","addressRegion":"Illes Balears","postalCode":"07001","addressCountry":"Espa\u00f1a"},"telephone":"+34 971 713 133","sameAs":"www.museuartsacredemallorca.org"},"performer":"Organization"}}