{"id":34041,"global_id":"www.bisbatdemallorca.org\/ca?id=34041","global_id_lineage":["www.bisbatdemallorca.org\/ca?id=34041"],"author":"4","status":"publish","date":"2026-08-31 12:29:49","date_utc":"2026-08-31 10:29:49","modified":"2026-08-31 12:29:49","modified_utc":"2026-08-31 10:29:49","url":"https:\/\/www.bisbatdemallorca.org\/ca\/event\/festes-de-la-diada-de-lluc-6\/","rest_url":"https:\/\/www.bisbatdemallorca.org\/ca\/wp-json\/tribe\/events\/v1\/events\/34041","title":"Festes de la Diada de Lluc","description":"<p data-start=\"128\" data-end=\"158\"><strong data-start=\"128\" data-end=\"158\">Festes de la Diada de Lluc<\/strong><\/p>\n<h3 data-section-id=\"138a7be\" data-start=\"2730\" data-end=\"2758\">Diumenge, 13 de setembre<\/h3>\n<p data-start=\"2759\" data-end=\"2780\"><strong data-start=\"2759\" data-end=\"2780\">Festa de la Diada<\/strong><\/p>\n<ul data-start=\"2782\" data-end=\"3600\" data-is-last-node=\"\" data-is-only-node=\"\">\n<li data-section-id=\"d7b9i4\" data-start=\"2782\" data-end=\"2891\"><strong data-start=\"2784\" data-end=\"2794\">4.30 h<\/strong> \u2014 Inici de la <strong data-start=\"2809\" data-end=\"2854\">XLV Pujada a Lluc a Peu de la Part Forana<\/strong>, des de la pla\u00e7a del Bestiar d\u2019Inca.<\/li>\n<li data-section-id=\"1q0nain\" data-start=\"2892\" data-end=\"3084\"><strong data-start=\"2894\" data-end=\"2904\">6.00 h<\/strong> \u2014 Recepci\u00f3 dels pelegrins que arriben a peu, a la zona de Sa Font Coberta i Ca s\u2019Amitger. Xocolata per a tothom i lliurament de les tradicionals <em data-start=\"3050\" data-end=\"3083\">Mides de la Mare de D\u00e9u de Lluc<\/em>.<\/li>\n<li data-section-id=\"1lat90f\" data-start=\"3085\" data-end=\"3213\"><strong data-start=\"3087\" data-end=\"3097\">8.45 h<\/strong> \u2014 Benvinguda als pelegrins i ofrena dels pobles que han pujat a Lluc a peu, seguida de l\u2019Eucaristia dels pelegrins.<\/li>\n<li data-section-id=\"1yb1zag\" data-start=\"3214\" data-end=\"3366\"><strong data-start=\"3216\" data-end=\"3227\">11.00 h<\/strong> \u2014 <strong data-start=\"3230\" data-end=\"3273\">Missa solemne de la Mare de D\u00e9u de Lluc<\/strong>, amb el ball de l\u2019Oferta, presidida pel bisbe de Mallorca, Mons. Sebasti\u00e0 Taltavull Anglada.<\/li>\n<li data-section-id=\"14isexf\" data-start=\"3367\" data-end=\"3420\"><strong data-start=\"3369\" data-end=\"3380\">12.00 h<\/strong> \u2014 Ballada popular a l\u2019espai d\u2019Acollida.<\/li>\n<li data-section-id=\"1cud8dj\" data-start=\"3421\" data-end=\"3457\"><strong data-start=\"3423\" data-end=\"3434\">12.30 h<\/strong> \u2014 Missa a la Bas\u00edlica.<\/li>\n<li data-section-id=\"1n7ihxq\" data-start=\"3458\" data-end=\"3600\" data-is-last-node=\"\"><strong data-start=\"3460\" data-end=\"3481\">Durant tot el dia<\/strong> \u2014 Jornada de portes obertes per visitar la Sala dels Exvots, el Museu del Santuari i el Jard\u00ed Bot\u00e0nic del Germ\u00e0 Maci\u00e0.<\/li>\n<\/ul>","excerpt":"","slug":"festes-de-la-diada-de-lluc-6","image":false,"all_day":false,"start_date":"2026-09-13 04:30:00","start_date_details":{"year":"2026","month":"09","day":"13","hour":"04","minutes":"30","seconds":"00"},"end_date":"2026-09-13 20:30:00","end_date_details":{"year":"2026","month":"09","day":"13","hour":"20","minutes":"30","seconds":"00"},"utc_start_date":"2026-09-13 02:30:00","utc_start_date_details":{"year":"2026","month":"09","day":"13","hour":"02","minutes":"30","seconds":"00"},"utc_end_date":"2026-09-13 18:30:00","utc_end_date_details":{"year":"2026","month":"09","day":"13","hour":"18","minutes":"30","seconds":"00"},"timezone":"Europe\/Madrid","timezone_abbr":"CEST","cost":"","cost_details":{"currency_symbol":"\u20ac","currency_code":"USD","currency_position":"prefix","values":[]},"website":"","show_map":true,"show_map_link":true,"hide_from_listings":false,"sticky":false,"featured":false,"categories":[{"name":"Agenda","slug":"agenda","term_group":0,"term_taxonomy_id":36,"taxonomy":"tribe_events_cat","description":"","parent":0,"count":1547,"filter":"raw","id":36,"urls":{"self":"https:\/\/www.bisbatdemallorca.org\/ca\/wp-json\/tribe\/events\/v1\/categories\/36","collection":"https:\/\/www.bisbatdemallorca.org\/ca\/wp-json\/tribe\/events\/v1\/categories"}}],"tags":[],"venue":{"id":7431,"author":"2","status":"publish","date":"2022-05-17 10:31:09","date_utc":"2022-05-17 10:31:09","modified":"2022-05-17 10:31:09","modified_utc":"2022-05-17 10:31:09","url":"https:\/\/www.bisbatdemallorca.org\/ca\/recinte\/santuari-de-lluc\/","venue":"Santuari de Lluc","slug":"santuari-de-lluc","address":"Pla\u00e7a dels Pelegrins, 1","city":"Lluc","country":"Espa\u00f1a","province":"Illes Balears","zip":"07315","stateprovince":"Illes Balears","json_ld":{"@type":"Place","name":"Santuari de Lluc","description":"","url":"","address":{"@type":"PostalAddress","streetAddress":"Pla\u00e7a dels Pelegrins, 1","addressLocality":"Lluc","addressRegion":"Illes Balears","postalCode":"07315","addressCountry":"Espa\u00f1a"},"telephone":"","sameAs":""},"show_map":true,"show_map_link":true,"global_id":"www.bisbatdemallorca.org\/ca?id=7431","global_id_lineage":["www.bisbatdemallorca.org\/ca?id=7431"]},"organizer":[],"custom_fields":[],"json_ld":{"@context":"http:\/\/schema.org","@type":"Event","name":"Festes de la Diada de Lluc","description":"&lt;p&gt;Festes de la Diada de Lluc Diumenge, 13 de setembre  [...]&lt;\/p&gt;\\n","url":"https:\/\/www.bisbatdemallorca.org\/ca\/event\/festes-de-la-diada-de-lluc-6\/","eventAttendanceMode":"https:\/\/schema.org\/OfflineEventAttendanceMode","eventStatus":"https:\/\/schema.org\/EventScheduled","startDate":"2026-09-13T04:30:00+02:00","endDate":"2026-09-13T20:30:00+02:00","location":{"@type":"Place","name":"Santuari de Lluc","description":"","url":"","address":{"@type":"PostalAddress","streetAddress":"Pla\u00e7a dels Pelegrins, 1","addressLocality":"Lluc","addressRegion":"Illes Balears","postalCode":"07315","addressCountry":"Espa\u00f1a"},"telephone":"","sameAs":""},"performer":"Organization"}}