{"id":10694,"date":"2022-11-16T09:49:02","date_gmt":"2022-11-16T09:49:02","guid":{"rendered":"https:\/\/www.bisbatdemallorca.org\/ca\/?p=10694"},"modified":"2022-11-16T09:49:48","modified_gmt":"2022-11-16T09:49:48","slug":"presentacio-del-projecte-confrares-solidaris","status":"publish","type":"post","link":"https:\/\/www.bisbatdemallorca.org\/ca\/presentacio-del-projecte-confrares-solidaris\/","title":{"rendered":"Presentaci\u00f3 del projecte Confrares Solidaris"},"content":{"rendered":"<p>L\u2019Associaci\u00f3 de Confraries de Palma, emparada pel Bisbat de Mallorca, presenta el projecte Confrares Solidaris. Una iniciativa que sorg\u00ed durant la pand\u00e8mia de 15 confraries de Palma i amb la qual es vol ajudar les persones necessitades i desfavorides. Confrares Solidaris arranca a Palma, per\u00f2 est\u00e0 oberta a totes les Confraries de Mallorca que vulguin adherir-s\u2019hi.<\/p>\n<p>El projecte arranca el proper <strong>3 de desembre<\/strong> amb la primera de les accions que duran a terme. Es tracta d\u2019un acte de <strong>presentaci\u00f3 del projecte <\/strong>i un<strong> concert solidari<\/strong> en qu\u00e8 actuaran la Coral Sagrat Cor i la Banda de M\u00fasica del Camp Red\u00f3. Tindr\u00e0 lloc a les 20 hores a l\u2019auditori del Col\u00b7legi Santa M\u00f2nica i les entrades es podran adquirir per 5\u20ac. Tota la recaptaci\u00f3 obtinguda ser\u00e0 destinada a <strong>C\u00e0ritas Diocesana de Mallorca<\/strong>.<\/p>\n<p>El Bisbe de Mallorca, Mons. Sebasti\u00e0 Taltavull, ha donat suport a la iniciativa de l\u2019Associaci\u00f3 de Palma des de l\u2019inici i ha manifestat la seva voluntat que s\u2019estengui al conjunt de les confraries de la Di\u00f2cesi: \u201cQue b\u00e9 si totes les confraries de Mallorca s\u2019unissin compartint aquest projecte com\u00fa en b\u00e9 dels m\u00e9s pobres i deixessin de banda despeses innecess\u00e0ries! Tot un signe i un exemple\u201d. I afegeix: \u201cavui, en moments de crisi social, econ\u00f2mica i sanit\u00e0ria, <strong>la dimensi\u00f3 sociocaritativa de les confraries<\/strong> adquireix encara m\u00e9s un protagonisme extraordinari. La <strong><em>caritat<\/em><\/strong> i la <strong><em>solidaritat <\/em><\/strong>continuen essent elements imprescindibles com a grups de germans creients. Gosaria dir que pr\u00e0cticament tot confrare s\u2019hauria de distingir pel seu <strong>comprom\u00eds social<\/strong> obert a aquells camps en qu\u00e8 l\u2019Esgl\u00e9sia treballa a favor dels m\u00e9s pobres. Hauria de ser objecte de di\u00e0leg, de reflexi\u00f3 i de decisi\u00f3 sobre programes i actuacions concretes en les reunions habituals de les confraries al llarg de l\u2019any per respondre com a cristians a les exig\u00e8ncies de l\u2019Evangeli. Els m\u00e9s pobres han de ser sempre la prioritat i el punt de refer\u00e8ncia. Posem-hi <em>sensibilitat<\/em>, <em>empatia<\/em> i <em>fets concrets<\/em>. Facem que al costat de la definici\u00f3 de \u00ab<strong>confrare<\/strong>\u00bb, hi hagi el qualificatiu de \u00ab<strong>solidari<\/strong>\u00bb.<\/p>\n<p>&nbsp;<\/p>\n","protected":false},"excerpt":{"rendered":"<p>L\u2019Associaci\u00f3 de Confraries de Palma, emparada pel Bisbat de Mallorca,  [&#8230;]<\/p>\n","protected":false},"author":2,"featured_media":10695,"comment_status":"open","ping_status":"open","sticky":false,"template":"","format":"standard","meta":{"footnotes":""},"categories":[16],"tags":[],"class_list":["post-10694","post","type-post","status-publish","format-standard","has-post-thumbnail","hentry","category-agencia-baleria"],"yoast_head":"<!-- This site is optimized with the Yoast SEO plugin v27.0 - https:\/\/yoast.com\/product\/yoast-seo-wordpress\/ -->\n<title>Presentaci\u00f3 del projecte Confrares Solidaris<\/title>\n<meta name=\"robots\" content=\"index, follow, max-snippet:-1, max-image-preview:large, max-video-preview:-1\" \/>\n<link rel=\"canonical\" href=\"https:\/\/www.bisbatdemallorca.org\/ca\/presentacio-del-projecte-confrares-solidaris\/\" \/>\n<meta property=\"og:locale\" content=\"ca_ES\" \/>\n<meta property=\"og:locale:alternate\" content=\"en_US\" \/>\n<meta property=\"og:locale:alternate\" content=\"es_ES\" \/>\n<meta property=\"og:type\" content=\"article\" \/>\n<meta property=\"og:title\" content=\"Presentaci\u00f3 del projecte Confrares Solidaris\" \/>\n<meta property=\"og:description\" content=\"L\u2019Associaci\u00f3 de Confraries de Palma, emparada pel Bisbat de Mallorca, [...]\" \/>\n<meta property=\"og:url\" content=\"https:\/\/www.bisbatdemallorca.org\/ca\/presentacio-del-projecte-confrares-solidaris\/\" \/>\n<meta property=\"og:site_name\" content=\"Bisbat de Mallorca\" \/>\n<meta property=\"article:published_time\" content=\"2022-11-16T09:49:02+00:00\" \/>\n<meta property=\"article:modified_time\" content=\"2022-11-16T09:49:48+00:00\" \/>\n<meta property=\"og:image\" content=\"https:\/\/www.bisbatdemallorca.org\/wp-content\/uploads\/2022\/11\/Confrares-Solidaris.jpg\" \/>\n\t<meta property=\"og:image:width\" content=\"1132\" \/>\n\t<meta property=\"og:image:height\" content=\"1600\" \/>\n\t<meta property=\"og:image:type\" content=\"image\/jpeg\" \/>\n<meta name=\"author\" content=\"Administraci\u00f3 Bisbat de Mallorca\" \/>\n<meta name=\"twitter:card\" content=\"summary_large_image\" \/>\n<meta name=\"twitter:label1\" content=\"Escrit per\" \/>\n\t<meta name=\"twitter:data1\" content=\"Administraci\u00f3 Bisbat de Mallorca\" \/>\n\t<meta name=\"twitter:label2\" content=\"Temps estimat de lectura\" \/>\n\t<meta name=\"twitter:data2\" content=\"2 minuts\" \/>\n<script type=\"application\/ld+json\" class=\"yoast-schema-graph\">{\"@context\":\"https:\/\/schema.org\",\"@graph\":[{\"@type\":\"Article\",\"@id\":\"https:\/\/www.bisbatdemallorca.org\/presentacio-del-projecte-confrares-solidaris\/#article\",\"isPartOf\":{\"@id\":\"https:\/\/www.bisbatdemallorca.org\/presentacio-del-projecte-confrares-solidaris\/\"},\"author\":{\"name\":\"Administraci\u00f3 Bisbat de Mallorca\",\"@id\":\"https:\/\/www.bisbatdemallorca.org\/ca\/#\/schema\/person\/9d198fedaef82cec34c41260a51964a6\"},\"headline\":\"Presentaci\u00f3 del projecte Confrares Solidaris\",\"datePublished\":\"2022-11-16T09:49:02+00:00\",\"dateModified\":\"2022-11-16T09:49:48+00:00\",\"mainEntityOfPage\":{\"@id\":\"https:\/\/www.bisbatdemallorca.org\/presentacio-del-projecte-confrares-solidaris\/\"},\"wordCount\":755,\"commentCount\":0,\"publisher\":{\"@id\":\"https:\/\/www.bisbatdemallorca.org\/ca\/#organization\"},\"image\":{\"@id\":\"https:\/\/www.bisbatdemallorca.org\/presentacio-del-projecte-confrares-solidaris\/#primaryimage\"},\"thumbnailUrl\":\"https:\/\/www.bisbatdemallorca.org\/wp-content\/uploads\/2022\/11\/Confrares-Solidaris.jpg\",\"articleSection\":[\"Agencia Bal\u00e8ria\"],\"inLanguage\":\"ca\",\"potentialAction\":[{\"@type\":\"CommentAction\",\"name\":\"Comment\",\"target\":[\"https:\/\/www.bisbatdemallorca.org\/presentacio-del-projecte-confrares-solidaris\/#respond\"]}]},{\"@type\":\"WebPage\",\"@id\":\"https:\/\/www.bisbatdemallorca.org\/presentacio-del-projecte-confrares-solidaris\/\",\"url\":\"https:\/\/www.bisbatdemallorca.org\/presentacio-del-projecte-confrares-solidaris\/\",\"name\":\"Presentaci\u00f3 del projecte Confrares Solidaris\",\"isPartOf\":{\"@id\":\"https:\/\/www.bisbatdemallorca.org\/ca\/#website\"},\"primaryImageOfPage\":{\"@id\":\"https:\/\/www.bisbatdemallorca.org\/presentacio-del-projecte-confrares-solidaris\/#primaryimage\"},\"image\":{\"@id\":\"https:\/\/www.bisbatdemallorca.org\/presentacio-del-projecte-confrares-solidaris\/#primaryimage\"},\"thumbnailUrl\":\"https:\/\/www.bisbatdemallorca.org\/wp-content\/uploads\/2022\/11\/Confrares-Solidaris.jpg\",\"datePublished\":\"2022-11-16T09:49:02+00:00\",\"dateModified\":\"2022-11-16T09:49:48+00:00\",\"breadcrumb\":{\"@id\":\"https:\/\/www.bisbatdemallorca.org\/presentacio-del-projecte-confrares-solidaris\/#breadcrumb\"},\"inLanguage\":\"ca\",\"potentialAction\":[{\"@type\":\"ReadAction\",\"target\":[\"https:\/\/www.bisbatdemallorca.org\/presentacio-del-projecte-confrares-solidaris\/\"]}]},{\"@type\":\"ImageObject\",\"inLanguage\":\"ca\",\"@id\":\"https:\/\/www.bisbatdemallorca.org\/presentacio-del-projecte-confrares-solidaris\/#primaryimage\",\"url\":\"https:\/\/www.bisbatdemallorca.org\/wp-content\/uploads\/2022\/11\/Confrares-Solidaris.jpg\",\"contentUrl\":\"https:\/\/www.bisbatdemallorca.org\/wp-content\/uploads\/2022\/11\/Confrares-Solidaris.jpg\",\"width\":1132,\"height\":1600},{\"@type\":\"BreadcrumbList\",\"@id\":\"https:\/\/www.bisbatdemallorca.org\/presentacio-del-projecte-confrares-solidaris\/#breadcrumb\",\"itemListElement\":[{\"@type\":\"ListItem\",\"position\":1,\"name\":\"Portada\",\"item\":\"https:\/\/www.bisbatdemallorca.org\/ca\/\"},{\"@type\":\"ListItem\",\"position\":2,\"name\":\"Presentaci\u00f3n del proyecto Cofrades Solidarios\"}]},{\"@type\":\"WebSite\",\"@id\":\"https:\/\/www.bisbatdemallorca.org\/ca\/#website\",\"url\":\"https:\/\/www.bisbatdemallorca.org\/ca\/\",\"name\":\"Bisbat de Mallorca\",\"description\":\"Just another WordPress site\",\"publisher\":{\"@id\":\"https:\/\/www.bisbatdemallorca.org\/ca\/#organization\"},\"potentialAction\":[{\"@type\":\"SearchAction\",\"target\":{\"@type\":\"EntryPoint\",\"urlTemplate\":\"https:\/\/www.bisbatdemallorca.org\/ca\/?s={search_term_string}\"},\"query-input\":{\"@type\":\"PropertyValueSpecification\",\"valueRequired\":true,\"valueName\":\"search_term_string\"}}],\"inLanguage\":\"ca\"},{\"@type\":\"Organization\",\"@id\":\"https:\/\/www.bisbatdemallorca.org\/ca\/#organization\",\"name\":\"Bisbat De Mallorca\",\"url\":\"https:\/\/www.bisbatdemallorca.org\/ca\/\",\"logo\":{\"@type\":\"ImageObject\",\"inLanguage\":\"ca\",\"@id\":\"https:\/\/www.bisbatdemallorca.org\/ca\/#\/schema\/logo\/image\/\",\"url\":\"https:\/\/bisbatdemallorca.org\/wp-content\/uploads\/2022\/04\/Logo_Bisbat-de-Mallorca-scaled.jpeg\",\"contentUrl\":\"https:\/\/bisbatdemallorca.org\/wp-content\/uploads\/2022\/04\/Logo_Bisbat-de-Mallorca-scaled.jpeg\",\"width\":2560,\"height\":1810,\"caption\":\"Bisbat De Mallorca\"},\"image\":{\"@id\":\"https:\/\/www.bisbatdemallorca.org\/ca\/#\/schema\/logo\/image\/\"}},{\"@type\":\"Person\",\"@id\":\"https:\/\/www.bisbatdemallorca.org\/ca\/#\/schema\/person\/9d198fedaef82cec34c41260a51964a6\",\"name\":\"Administraci\u00f3 Bisbat de Mallorca\",\"image\":{\"@type\":\"ImageObject\",\"inLanguage\":\"ca\",\"@id\":\"https:\/\/www.bisbatdemallorca.org\/ca\/#\/schema\/person\/image\/\",\"url\":\"https:\/\/secure.gravatar.com\/avatar\/cc0dac0bd15aa6305e120ea8e5b6c12f94c8fe06a53230fa56abffe62cefceb4?s=96&d=mm&r=g\",\"contentUrl\":\"https:\/\/secure.gravatar.com\/avatar\/cc0dac0bd15aa6305e120ea8e5b6c12f94c8fe06a53230fa56abffe62cefceb4?s=96&d=mm&r=g\",\"caption\":\"Administraci\u00f3 Bisbat de Mallorca\"},\"sameAs\":[\"https:\/\/bisbatdemallorca.org\"],\"url\":\"https:\/\/www.bisbatdemallorca.org\/ca\/author\/administraciobisbat\/\"}]}<\/script>\n<!-- \/ Yoast SEO plugin. -->","yoast_head_json":{"title":"Presentaci\u00f3 del projecte Confrares Solidaris","robots":{"index":"index","follow":"follow","max-snippet":"max-snippet:-1","max-image-preview":"max-image-preview:large","max-video-preview":"max-video-preview:-1"},"canonical":"https:\/\/www.bisbatdemallorca.org\/ca\/presentacio-del-projecte-confrares-solidaris\/","og_locale":"ca_ES","og_type":"article","og_title":"[:ca]Presentaci\u00f3 del projecte Confrares Solidaris[:es]Presentaci\u00f3n del proyecto Cofrades Solidarios[:] - Bisbat de Mallorca","og_description":"L\u2019Associaci\u00f3 de Confraries de Palma, emparada pel Bisbat de Mallorca, [...]","og_url":"https:\/\/www.bisbatdemallorca.org\/ca\/presentacio-del-projecte-confrares-solidaris\/","og_site_name":"Bisbat de Mallorca","article_published_time":"2022-11-16T09:49:02+00:00","article_modified_time":"2022-11-16T09:49:48+00:00","og_image":[{"width":1132,"height":1600,"url":"https:\/\/www.bisbatdemallorca.org\/wp-content\/uploads\/2022\/11\/Confrares-Solidaris.jpg","type":"image\/jpeg"}],"author":"Administraci\u00f3 Bisbat de Mallorca","twitter_card":"summary_large_image","twitter_misc":{"Escrit per":"Administraci\u00f3 Bisbat de Mallorca","Temps estimat de lectura":"2 minuts"},"schema":{"@context":"https:\/\/schema.org","@graph":[{"@type":"Article","@id":"https:\/\/www.bisbatdemallorca.org\/presentacio-del-projecte-confrares-solidaris\/#article","isPartOf":{"@id":"https:\/\/www.bisbatdemallorca.org\/presentacio-del-projecte-confrares-solidaris\/"},"author":{"name":"Administraci\u00f3 Bisbat de Mallorca","@id":"https:\/\/www.bisbatdemallorca.org\/ca\/#\/schema\/person\/9d198fedaef82cec34c41260a51964a6"},"headline":"Presentaci\u00f3 del projecte Confrares Solidaris","datePublished":"2022-11-16T09:49:02+00:00","dateModified":"2022-11-16T09:49:48+00:00","mainEntityOfPage":{"@id":"https:\/\/www.bisbatdemallorca.org\/presentacio-del-projecte-confrares-solidaris\/"},"wordCount":755,"commentCount":0,"publisher":{"@id":"https:\/\/www.bisbatdemallorca.org\/ca\/#organization"},"image":{"@id":"https:\/\/www.bisbatdemallorca.org\/presentacio-del-projecte-confrares-solidaris\/#primaryimage"},"thumbnailUrl":"https:\/\/www.bisbatdemallorca.org\/wp-content\/uploads\/2022\/11\/Confrares-Solidaris.jpg","articleSection":["Agencia Bal\u00e8ria"],"inLanguage":"ca","potentialAction":[{"@type":"CommentAction","name":"Comment","target":["https:\/\/www.bisbatdemallorca.org\/presentacio-del-projecte-confrares-solidaris\/#respond"]}]},{"@type":"WebPage","@id":"https:\/\/www.bisbatdemallorca.org\/presentacio-del-projecte-confrares-solidaris\/","url":"https:\/\/www.bisbatdemallorca.org\/presentacio-del-projecte-confrares-solidaris\/","name":"Presentaci\u00f3 del projecte Confrares Solidaris","isPartOf":{"@id":"https:\/\/www.bisbatdemallorca.org\/ca\/#website"},"primaryImageOfPage":{"@id":"https:\/\/www.bisbatdemallorca.org\/presentacio-del-projecte-confrares-solidaris\/#primaryimage"},"image":{"@id":"https:\/\/www.bisbatdemallorca.org\/presentacio-del-projecte-confrares-solidaris\/#primaryimage"},"thumbnailUrl":"https:\/\/www.bisbatdemallorca.org\/wp-content\/uploads\/2022\/11\/Confrares-Solidaris.jpg","datePublished":"2022-11-16T09:49:02+00:00","dateModified":"2022-11-16T09:49:48+00:00","breadcrumb":{"@id":"https:\/\/www.bisbatdemallorca.org\/presentacio-del-projecte-confrares-solidaris\/#breadcrumb"},"inLanguage":"ca","potentialAction":[{"@type":"ReadAction","target":["https:\/\/www.bisbatdemallorca.org\/presentacio-del-projecte-confrares-solidaris\/"]}]},{"@type":"ImageObject","inLanguage":"ca","@id":"https:\/\/www.bisbatdemallorca.org\/presentacio-del-projecte-confrares-solidaris\/#primaryimage","url":"https:\/\/www.bisbatdemallorca.org\/wp-content\/uploads\/2022\/11\/Confrares-Solidaris.jpg","contentUrl":"https:\/\/www.bisbatdemallorca.org\/wp-content\/uploads\/2022\/11\/Confrares-Solidaris.jpg","width":1132,"height":1600},{"@type":"BreadcrumbList","@id":"https:\/\/www.bisbatdemallorca.org\/presentacio-del-projecte-confrares-solidaris\/#breadcrumb","itemListElement":[{"@type":"ListItem","position":1,"name":"Portada","item":"https:\/\/www.bisbatdemallorca.org\/ca\/"},{"@type":"ListItem","position":2,"name":"Presentaci\u00f3n del proyecto Cofrades Solidarios"}]},{"@type":"WebSite","@id":"https:\/\/www.bisbatdemallorca.org\/ca\/#website","url":"https:\/\/www.bisbatdemallorca.org\/ca\/","name":"Bisbat de Mallorca","description":"Just another WordPress site","publisher":{"@id":"https:\/\/www.bisbatdemallorca.org\/ca\/#organization"},"potentialAction":[{"@type":"SearchAction","target":{"@type":"EntryPoint","urlTemplate":"https:\/\/www.bisbatdemallorca.org\/ca\/?s={search_term_string}"},"query-input":{"@type":"PropertyValueSpecification","valueRequired":true,"valueName":"search_term_string"}}],"inLanguage":"ca"},{"@type":"Organization","@id":"https:\/\/www.bisbatdemallorca.org\/ca\/#organization","name":"Bisbat De Mallorca","url":"https:\/\/www.bisbatdemallorca.org\/ca\/","logo":{"@type":"ImageObject","inLanguage":"ca","@id":"https:\/\/www.bisbatdemallorca.org\/ca\/#\/schema\/logo\/image\/","url":"https:\/\/bisbatdemallorca.org\/wp-content\/uploads\/2022\/04\/Logo_Bisbat-de-Mallorca-scaled.jpeg","contentUrl":"https:\/\/bisbatdemallorca.org\/wp-content\/uploads\/2022\/04\/Logo_Bisbat-de-Mallorca-scaled.jpeg","width":2560,"height":1810,"caption":"Bisbat De Mallorca"},"image":{"@id":"https:\/\/www.bisbatdemallorca.org\/ca\/#\/schema\/logo\/image\/"}},{"@type":"Person","@id":"https:\/\/www.bisbatdemallorca.org\/ca\/#\/schema\/person\/9d198fedaef82cec34c41260a51964a6","name":"Administraci\u00f3 Bisbat de Mallorca","image":{"@type":"ImageObject","inLanguage":"ca","@id":"https:\/\/www.bisbatdemallorca.org\/ca\/#\/schema\/person\/image\/","url":"https:\/\/secure.gravatar.com\/avatar\/cc0dac0bd15aa6305e120ea8e5b6c12f94c8fe06a53230fa56abffe62cefceb4?s=96&d=mm&r=g","contentUrl":"https:\/\/secure.gravatar.com\/avatar\/cc0dac0bd15aa6305e120ea8e5b6c12f94c8fe06a53230fa56abffe62cefceb4?s=96&d=mm&r=g","caption":"Administraci\u00f3 Bisbat de Mallorca"},"sameAs":["https:\/\/bisbatdemallorca.org"],"url":"https:\/\/www.bisbatdemallorca.org\/ca\/author\/administraciobisbat\/"}]}},"_links":{"self":[{"href":"https:\/\/www.bisbatdemallorca.org\/ca\/wp-json\/wp\/v2\/posts\/10694","targetHints":{"allow":["GET"]}}],"collection":[{"href":"https:\/\/www.bisbatdemallorca.org\/ca\/wp-json\/wp\/v2\/posts"}],"about":[{"href":"https:\/\/www.bisbatdemallorca.org\/ca\/wp-json\/wp\/v2\/types\/post"}],"author":[{"embeddable":true,"href":"https:\/\/www.bisbatdemallorca.org\/ca\/wp-json\/wp\/v2\/users\/2"}],"replies":[{"embeddable":true,"href":"https:\/\/www.bisbatdemallorca.org\/ca\/wp-json\/wp\/v2\/comments?post=10694"}],"version-history":[{"count":0,"href":"https:\/\/www.bisbatdemallorca.org\/ca\/wp-json\/wp\/v2\/posts\/10694\/revisions"}],"wp:featuredmedia":[{"embeddable":true,"href":"https:\/\/www.bisbatdemallorca.org\/ca\/wp-json\/wp\/v2\/media\/10695"}],"wp:attachment":[{"href":"https:\/\/www.bisbatdemallorca.org\/ca\/wp-json\/wp\/v2\/media?parent=10694"}],"wp:term":[{"taxonomy":"category","embeddable":true,"href":"https:\/\/www.bisbatdemallorca.org\/ca\/wp-json\/wp\/v2\/categories?post=10694"},{"taxonomy":"post_tag","embeddable":true,"href":"https:\/\/www.bisbatdemallorca.org\/ca\/wp-json\/wp\/v2\/tags?post=10694"}],"curies":[{"name":"wp","href":"https:\/\/api.w.org\/{rel}","templated":true}]}}