{"id":18384,"date":"2024-02-26T09:59:58","date_gmt":"2024-02-26T09:59:58","guid":{"rendered":"https:\/\/www.bisbatdemallorca.org\/ca\/?p=18384"},"modified":"2024-02-26T16:04:34","modified_gmt":"2024-02-26T16:04:34","slug":"aibei-nova-associacio-dempreses-dinsercio-de-les-illes-balears","status":"publish","type":"post","link":"https:\/\/www.bisbatdemallorca.org\/ca\/aibei-nova-associacio-dempreses-dinsercio-de-les-illes-balears\/","title":{"rendered":"AIBEI, nova Associaci\u00f3 d\u2019empreses d\u2019inserci\u00f3 de les Illes Balears"},"content":{"rendered":"<p>L\u2019Associaci\u00f3 Illes Balears Empreses d\u2019Inserci\u00f3 (AIBEI) agrupa cinc empreses d\u2019inserci\u00f3 i d\u2019economia solid\u00e0ria de les Illes Balears, amb la missi\u00f3 de representar-les, defensar els seus interessos i donar-les visibilitat.<\/p>\n<p>Es pret\u00e9n aix\u00ed d\u2019afavorir la tasca de les empreses d\u2019inserci\u00f3 en favor de la inserci\u00f3 sociolaboral de persones en situaci\u00f3 o risc d\u2019exclusi\u00f3 social a trav\u00e9s de la realitzaci\u00f3 d\u2019activitats econ\u00f2miques en el marc de l\u2019economia solid\u00e0ria.<\/p>\n<p>Les empreses d\u2019inserci\u00f3 associades a AIBEI compleixen els seg\u00fcents requisits:<\/p>\n<ul>\n<li>Estar creades a les Illes Balears, inscrites en el registre i complir amb les seves obligacions legals<\/li>\n<li>Assumir els principis de l\u2019economia solid\u00e0ria i realitzar una auditoria social<\/li>\n<li>Estar promogudes per entitats no lucratives del Tercer Sector Social i revertir la totalitat dels beneficis en l\u2019activitat<\/li>\n<li>Desenvolupar itineraris d\u2019inserci\u00f3 sociolaboral, amb mesures de formaci\u00f3 i acompanyament.<\/li>\n<\/ul>\n<p>Actualment AIBEI compta amb els socis seg\u00fcents:<\/p>\n<ul>\n<li><strong>Benfet Serveis i Manteniment<\/strong>. Entitat promotora: Projecte Home Balears<\/li>\n<li><strong>Deixalles Inserci\u00f3 i Triatge<\/strong>. Entitat promotora: Fundaci\u00f3 Deixalles<\/li>\n<li><strong>Deixalles Serveis Ambientals<\/strong>. Entitat promotora: Fundaci\u00f3 Deixalles<\/li>\n<li><strong>Eines x Inserci\u00f3<\/strong>. Entitat promotora: C\u00e0ritas Diocesana de Mallorca<\/li>\n<li><strong>Mestral Inserci\u00f3 i Medi Ambient<\/strong>. Entitat promotora: C\u00e0ritas Diocesana de Menorca<\/li>\n<\/ul>\n<p>En conjunt, les cinc empreses d\u2019inserci\u00f3 associades varen tenir en 2022 un volum d\u2019ingressos de 4.475.589 \u20ac, dels quals el 87% varen procedir de la facturaci\u00f3 per serveis contractats, i varen generar conjuntament un retorn econ\u00f2mic a les administracions de 1.387.881 \u20ac gr\u00e0cies als estalvis en prestacions i ingressos pels impostos i cotitzacions generats per les persones amb contracte d\u2019inserci\u00f3.<\/p>\n<p>Aix\u00ed mateix, en total varen tenir 201 persones contractades (a jornada completa\/any), de les quals 125 ho varen ser amb un contracte d\u2019inserci\u00f3. D\u2019aquestes, 35 persones varen finalitzar l\u2019itinerari d\u2019inserci\u00f3, i 21 varen trobar feina en el mercat laboral ordinari.<\/p>\n<p>AIBEI est\u00e0 integrada com a s\u00f2cia territorial a FAEDEI, la <em>Federaci\u00f3n de Asociaciones Empresariales de Empresas de Inserci\u00f3n<\/em>. FAEDEI, creada en 2007, agrupa a 15 associacions auton\u00f2miques d\u2019empreses d\u2019inserci\u00f3 que representen 260 empreses d\u2019inserci\u00f3 amb 9.570 persones treballadores, el 63% amb contractes d\u2019inserci\u00f3.<\/p>\n<p>FAEDEI treballa en favor de la consolidaci\u00f3 del model de les empreses d\u2019inserci\u00f3 a Espanya, com a eina per a la inclusi\u00f3 i inserci\u00f3 en el mercat laboral de les persones en situaci\u00f3 o risc d\u2019exclusi\u00f3 social. Antoni Aguil\u00f3, president d\u2019AIBEI \u00e9s el representant de les empreses d\u2019inserci\u00f3 de les Illes Balears a la junta de FAEDEI.<\/p>\n<p>A m\u00e9s de la participaci\u00f3 estatal, un objectiu fonamental d\u2019AIBEI \u00e9s donar visibilitat a les empreses d\u2019inserci\u00f3 i defensar el seu paper davant la societat: administracions p\u00fabliques, agents socials, institucions i organitzacions p\u00fabiques i privades. \u00c9s per aix\u00f2 que per donar a con\u00e8ixer la seva tasca, AIBEI estrena la p\u00e0gina web<\/p>\n<p><a href=\"https:\/\/empresesinserciobalears.org\/\">https:\/\/empresesinserciobalears.org\/<\/a><\/p>\n<p>Aquesta p\u00e0gina web cont\u00e9 informaci\u00f3 sobre l\u2019associaci\u00f3, els seus socis i els serveis que ofereixen, aix\u00ed com seccions de not\u00edcies i documents.<\/p>\n","protected":false},"excerpt":{"rendered":"<p>L\u2019Associaci\u00f3 Illes Balears Empreses d\u2019Inserci\u00f3 (AIBEI) agrupa cinc empreses d\u2019inserci\u00f3  [&#8230;]<\/p>\n","protected":false},"author":2,"featured_media":18385,"comment_status":"open","ping_status":"open","sticky":false,"template":"","format":"standard","meta":{"footnotes":""},"categories":[16],"tags":[82],"class_list":["post-18384","post","type-post","status-publish","format-standard","has-post-thumbnail","hentry","category-agencia-baleria","tag-caritas-mallorca"],"yoast_head":"<!-- This site is optimized with the Yoast SEO plugin v27.0 - https:\/\/yoast.com\/product\/yoast-seo-wordpress\/ -->\n<title>AIBEI, nova Associaci\u00f3 d\u2019empreses d\u2019inserci\u00f3 de les Illes Balears<\/title>\n<meta name=\"robots\" content=\"index, follow, max-snippet:-1, max-image-preview:large, max-video-preview:-1\" \/>\n<link rel=\"canonical\" href=\"https:\/\/www.bisbatdemallorca.org\/ca\/aibei-nova-associacio-dempreses-dinsercio-de-les-illes-balears\/\" \/>\n<meta property=\"og:locale\" content=\"ca_ES\" \/>\n<meta property=\"og:locale:alternate\" content=\"en_US\" \/>\n<meta property=\"og:locale:alternate\" content=\"es_ES\" \/>\n<meta property=\"og:type\" content=\"article\" \/>\n<meta property=\"og:title\" content=\"AIBEI, nova Associaci\u00f3 d\u2019empreses d\u2019inserci\u00f3 de les Illes Balears\" \/>\n<meta property=\"og:description\" content=\"L\u2019Associaci\u00f3 Illes Balears Empreses d\u2019Inserci\u00f3 (AIBEI) agrupa cinc empreses d\u2019inserci\u00f3 [...]\" \/>\n<meta property=\"og:url\" content=\"https:\/\/www.bisbatdemallorca.org\/ca\/aibei-nova-associacio-dempreses-dinsercio-de-les-illes-balears\/\" \/>\n<meta property=\"og:site_name\" content=\"Bisbat de Mallorca\" \/>\n<meta property=\"article:published_time\" content=\"2024-02-26T09:59:58+00:00\" \/>\n<meta property=\"article:modified_time\" content=\"2024-02-26T16:04:34+00:00\" \/>\n<meta property=\"og:image\" content=\"https:\/\/www.bisbatdemallorca.org\/wp-content\/uploads\/2024\/02\/WhatsApp-Image-2024-02-23-at-12.38.52-e1708688880780.jpeg\" \/>\n\t<meta property=\"og:image:width\" content=\"1540\" \/>\n\t<meta property=\"og:image:height\" content=\"720\" \/>\n\t<meta property=\"og:image:type\" content=\"image\/jpeg\" \/>\n<meta name=\"author\" content=\"Administraci\u00f3 Bisbat de Mallorca\" \/>\n<meta name=\"twitter:card\" content=\"summary_large_image\" \/>\n<meta name=\"twitter:label1\" content=\"Escrit per\" \/>\n\t<meta name=\"twitter:data1\" content=\"Administraci\u00f3 Bisbat de Mallorca\" \/>\n\t<meta name=\"twitter:label2\" content=\"Temps estimat de lectura\" \/>\n\t<meta name=\"twitter:data2\" content=\"5 minuts\" \/>\n<script type=\"application\/ld+json\" class=\"yoast-schema-graph\">{\"@context\":\"https:\/\/schema.org\",\"@graph\":[{\"@type\":\"Article\",\"@id\":\"https:\/\/www.bisbatdemallorca.org\/ca\/aibei-nova-associacio-dempreses-dinsercio-de-les-illes-balears\/#article\",\"isPartOf\":{\"@id\":\"https:\/\/www.bisbatdemallorca.org\/ca\/aibei-nova-associacio-dempreses-dinsercio-de-les-illes-balears\/\"},\"author\":{\"name\":\"Administraci\u00f3 Bisbat de Mallorca\",\"@id\":\"https:\/\/www.bisbatdemallorca.org\/ca\/#\/schema\/person\/9d198fedaef82cec34c41260a51964a6\"},\"headline\":\"AIBEI, nova Associaci\u00f3 d\u2019empreses d\u2019inserci\u00f3 de les Illes Balears\",\"datePublished\":\"2024-02-26T09:59:58+00:00\",\"dateModified\":\"2024-02-26T16:04:34+00:00\",\"mainEntityOfPage\":{\"@id\":\"https:\/\/www.bisbatdemallorca.org\/ca\/aibei-nova-associacio-dempreses-dinsercio-de-les-illes-balears\/\"},\"wordCount\":1039,\"commentCount\":0,\"publisher\":{\"@id\":\"https:\/\/www.bisbatdemallorca.org\/ca\/#organization\"},\"image\":{\"@id\":\"https:\/\/www.bisbatdemallorca.org\/ca\/aibei-nova-associacio-dempreses-dinsercio-de-les-illes-balears\/#primaryimage\"},\"thumbnailUrl\":\"https:\/\/www.bisbatdemallorca.org\/wp-content\/uploads\/2024\/02\/WhatsApp-Image-2024-02-23-at-12.38.52-e1708688880780.jpeg\",\"keywords\":[\"C\u00e0ritas Mallorca\"],\"articleSection\":[\"Agencia Bal\u00e8ria\"],\"inLanguage\":\"ca\",\"potentialAction\":[{\"@type\":\"CommentAction\",\"name\":\"Comment\",\"target\":[\"https:\/\/www.bisbatdemallorca.org\/ca\/aibei-nova-associacio-dempreses-dinsercio-de-les-illes-balears\/#respond\"]}]},{\"@type\":\"WebPage\",\"@id\":\"https:\/\/www.bisbatdemallorca.org\/ca\/aibei-nova-associacio-dempreses-dinsercio-de-les-illes-balears\/\",\"url\":\"https:\/\/www.bisbatdemallorca.org\/ca\/aibei-nova-associacio-dempreses-dinsercio-de-les-illes-balears\/\",\"name\":\"AIBEI, nova Associaci\u00f3 d\u2019empreses d\u2019inserci\u00f3 de les Illes Balears\",\"isPartOf\":{\"@id\":\"https:\/\/www.bisbatdemallorca.org\/ca\/#website\"},\"primaryImageOfPage\":{\"@id\":\"https:\/\/www.bisbatdemallorca.org\/ca\/aibei-nova-associacio-dempreses-dinsercio-de-les-illes-balears\/#primaryimage\"},\"image\":{\"@id\":\"https:\/\/www.bisbatdemallorca.org\/ca\/aibei-nova-associacio-dempreses-dinsercio-de-les-illes-balears\/#primaryimage\"},\"thumbnailUrl\":\"https:\/\/www.bisbatdemallorca.org\/wp-content\/uploads\/2024\/02\/WhatsApp-Image-2024-02-23-at-12.38.52-e1708688880780.jpeg\",\"datePublished\":\"2024-02-26T09:59:58+00:00\",\"dateModified\":\"2024-02-26T16:04:34+00:00\",\"breadcrumb\":{\"@id\":\"https:\/\/www.bisbatdemallorca.org\/ca\/aibei-nova-associacio-dempreses-dinsercio-de-les-illes-balears\/#breadcrumb\"},\"inLanguage\":\"ca\",\"potentialAction\":[{\"@type\":\"ReadAction\",\"target\":[\"https:\/\/www.bisbatdemallorca.org\/ca\/aibei-nova-associacio-dempreses-dinsercio-de-les-illes-balears\/\"]}]},{\"@type\":\"ImageObject\",\"inLanguage\":\"ca\",\"@id\":\"https:\/\/www.bisbatdemallorca.org\/ca\/aibei-nova-associacio-dempreses-dinsercio-de-les-illes-balears\/#primaryimage\",\"url\":\"https:\/\/www.bisbatdemallorca.org\/wp-content\/uploads\/2024\/02\/WhatsApp-Image-2024-02-23-at-12.38.52-e1708688880780.jpeg\",\"contentUrl\":\"https:\/\/www.bisbatdemallorca.org\/wp-content\/uploads\/2024\/02\/WhatsApp-Image-2024-02-23-at-12.38.52-e1708688880780.jpeg\",\"width\":1540,\"height\":720},{\"@type\":\"BreadcrumbList\",\"@id\":\"https:\/\/www.bisbatdemallorca.org\/ca\/aibei-nova-associacio-dempreses-dinsercio-de-les-illes-balears\/#breadcrumb\",\"itemListElement\":[{\"@type\":\"ListItem\",\"position\":1,\"name\":\"Portada\",\"item\":\"https:\/\/www.bisbatdemallorca.org\/ca\/\"},{\"@type\":\"ListItem\",\"position\":2,\"name\":\"AIBEI, nova Associaci\u00f3 d\u2019empreses d\u2019inserci\u00f3 de les Illes Balears\"}]},{\"@type\":\"WebSite\",\"@id\":\"https:\/\/www.bisbatdemallorca.org\/ca\/#website\",\"url\":\"https:\/\/www.bisbatdemallorca.org\/ca\/\",\"name\":\"Bisbat de Mallorca\",\"description\":\"Just another WordPress site\",\"publisher\":{\"@id\":\"https:\/\/www.bisbatdemallorca.org\/ca\/#organization\"},\"potentialAction\":[{\"@type\":\"SearchAction\",\"target\":{\"@type\":\"EntryPoint\",\"urlTemplate\":\"https:\/\/www.bisbatdemallorca.org\/ca\/?s={search_term_string}\"},\"query-input\":{\"@type\":\"PropertyValueSpecification\",\"valueRequired\":true,\"valueName\":\"search_term_string\"}}],\"inLanguage\":\"ca\"},{\"@type\":\"Organization\",\"@id\":\"https:\/\/www.bisbatdemallorca.org\/ca\/#organization\",\"name\":\"Bisbat De Mallorca\",\"url\":\"https:\/\/www.bisbatdemallorca.org\/ca\/\",\"logo\":{\"@type\":\"ImageObject\",\"inLanguage\":\"ca\",\"@id\":\"https:\/\/www.bisbatdemallorca.org\/ca\/#\/schema\/logo\/image\/\",\"url\":\"https:\/\/bisbatdemallorca.org\/wp-content\/uploads\/2022\/04\/Logo_Bisbat-de-Mallorca-scaled.jpeg\",\"contentUrl\":\"https:\/\/bisbatdemallorca.org\/wp-content\/uploads\/2022\/04\/Logo_Bisbat-de-Mallorca-scaled.jpeg\",\"width\":2560,\"height\":1810,\"caption\":\"Bisbat De Mallorca\"},\"image\":{\"@id\":\"https:\/\/www.bisbatdemallorca.org\/ca\/#\/schema\/logo\/image\/\"}},{\"@type\":\"Person\",\"@id\":\"https:\/\/www.bisbatdemallorca.org\/ca\/#\/schema\/person\/9d198fedaef82cec34c41260a51964a6\",\"name\":\"Administraci\u00f3 Bisbat de Mallorca\",\"image\":{\"@type\":\"ImageObject\",\"inLanguage\":\"ca\",\"@id\":\"https:\/\/www.bisbatdemallorca.org\/ca\/#\/schema\/person\/image\/\",\"url\":\"https:\/\/secure.gravatar.com\/avatar\/cc0dac0bd15aa6305e120ea8e5b6c12f94c8fe06a53230fa56abffe62cefceb4?s=96&d=mm&r=g\",\"contentUrl\":\"https:\/\/secure.gravatar.com\/avatar\/cc0dac0bd15aa6305e120ea8e5b6c12f94c8fe06a53230fa56abffe62cefceb4?s=96&d=mm&r=g\",\"caption\":\"Administraci\u00f3 Bisbat de Mallorca\"},\"sameAs\":[\"https:\/\/bisbatdemallorca.org\"],\"url\":\"https:\/\/www.bisbatdemallorca.org\/ca\/author\/administraciobisbat\/\"}]}<\/script>\n<!-- \/ Yoast SEO plugin. -->","yoast_head_json":{"title":"AIBEI, nova Associaci\u00f3 d\u2019empreses d\u2019inserci\u00f3 de les Illes Balears","robots":{"index":"index","follow":"follow","max-snippet":"max-snippet:-1","max-image-preview":"max-image-preview:large","max-video-preview":"max-video-preview:-1"},"canonical":"https:\/\/www.bisbatdemallorca.org\/ca\/aibei-nova-associacio-dempreses-dinsercio-de-les-illes-balears\/","og_locale":"ca_ES","og_type":"article","og_title":"[:ca]AIBEI, nova Associaci\u00f3 d\u2019empreses d\u2019inserci\u00f3 de les Illes Balears[:es]AIBEI, nueva asociaci\u00f3n de empresas de inserci\u00f3n de las Islas Baleares[:] - Bisbat de Mallorca","og_description":"L\u2019Associaci\u00f3 Illes Balears Empreses d\u2019Inserci\u00f3 (AIBEI) agrupa cinc empreses d\u2019inserci\u00f3 [...]","og_url":"https:\/\/www.bisbatdemallorca.org\/ca\/aibei-nova-associacio-dempreses-dinsercio-de-les-illes-balears\/","og_site_name":"Bisbat de Mallorca","article_published_time":"2024-02-26T09:59:58+00:00","article_modified_time":"2024-02-26T16:04:34+00:00","og_image":[{"width":1540,"height":720,"url":"https:\/\/www.bisbatdemallorca.org\/wp-content\/uploads\/2024\/02\/WhatsApp-Image-2024-02-23-at-12.38.52-e1708688880780.jpeg","type":"image\/jpeg"}],"author":"Administraci\u00f3 Bisbat de Mallorca","twitter_card":"summary_large_image","twitter_misc":{"Escrit per":"Administraci\u00f3 Bisbat de Mallorca","Temps estimat de lectura":"5 minuts"},"schema":{"@context":"https:\/\/schema.org","@graph":[{"@type":"Article","@id":"https:\/\/www.bisbatdemallorca.org\/ca\/aibei-nova-associacio-dempreses-dinsercio-de-les-illes-balears\/#article","isPartOf":{"@id":"https:\/\/www.bisbatdemallorca.org\/ca\/aibei-nova-associacio-dempreses-dinsercio-de-les-illes-balears\/"},"author":{"name":"Administraci\u00f3 Bisbat de Mallorca","@id":"https:\/\/www.bisbatdemallorca.org\/ca\/#\/schema\/person\/9d198fedaef82cec34c41260a51964a6"},"headline":"AIBEI, nova Associaci\u00f3 d\u2019empreses d\u2019inserci\u00f3 de les Illes Balears","datePublished":"2024-02-26T09:59:58+00:00","dateModified":"2024-02-26T16:04:34+00:00","mainEntityOfPage":{"@id":"https:\/\/www.bisbatdemallorca.org\/ca\/aibei-nova-associacio-dempreses-dinsercio-de-les-illes-balears\/"},"wordCount":1039,"commentCount":0,"publisher":{"@id":"https:\/\/www.bisbatdemallorca.org\/ca\/#organization"},"image":{"@id":"https:\/\/www.bisbatdemallorca.org\/ca\/aibei-nova-associacio-dempreses-dinsercio-de-les-illes-balears\/#primaryimage"},"thumbnailUrl":"https:\/\/www.bisbatdemallorca.org\/wp-content\/uploads\/2024\/02\/WhatsApp-Image-2024-02-23-at-12.38.52-e1708688880780.jpeg","keywords":["C\u00e0ritas Mallorca"],"articleSection":["Agencia Bal\u00e8ria"],"inLanguage":"ca","potentialAction":[{"@type":"CommentAction","name":"Comment","target":["https:\/\/www.bisbatdemallorca.org\/ca\/aibei-nova-associacio-dempreses-dinsercio-de-les-illes-balears\/#respond"]}]},{"@type":"WebPage","@id":"https:\/\/www.bisbatdemallorca.org\/ca\/aibei-nova-associacio-dempreses-dinsercio-de-les-illes-balears\/","url":"https:\/\/www.bisbatdemallorca.org\/ca\/aibei-nova-associacio-dempreses-dinsercio-de-les-illes-balears\/","name":"AIBEI, nova Associaci\u00f3 d\u2019empreses d\u2019inserci\u00f3 de les Illes Balears","isPartOf":{"@id":"https:\/\/www.bisbatdemallorca.org\/ca\/#website"},"primaryImageOfPage":{"@id":"https:\/\/www.bisbatdemallorca.org\/ca\/aibei-nova-associacio-dempreses-dinsercio-de-les-illes-balears\/#primaryimage"},"image":{"@id":"https:\/\/www.bisbatdemallorca.org\/ca\/aibei-nova-associacio-dempreses-dinsercio-de-les-illes-balears\/#primaryimage"},"thumbnailUrl":"https:\/\/www.bisbatdemallorca.org\/wp-content\/uploads\/2024\/02\/WhatsApp-Image-2024-02-23-at-12.38.52-e1708688880780.jpeg","datePublished":"2024-02-26T09:59:58+00:00","dateModified":"2024-02-26T16:04:34+00:00","breadcrumb":{"@id":"https:\/\/www.bisbatdemallorca.org\/ca\/aibei-nova-associacio-dempreses-dinsercio-de-les-illes-balears\/#breadcrumb"},"inLanguage":"ca","potentialAction":[{"@type":"ReadAction","target":["https:\/\/www.bisbatdemallorca.org\/ca\/aibei-nova-associacio-dempreses-dinsercio-de-les-illes-balears\/"]}]},{"@type":"ImageObject","inLanguage":"ca","@id":"https:\/\/www.bisbatdemallorca.org\/ca\/aibei-nova-associacio-dempreses-dinsercio-de-les-illes-balears\/#primaryimage","url":"https:\/\/www.bisbatdemallorca.org\/wp-content\/uploads\/2024\/02\/WhatsApp-Image-2024-02-23-at-12.38.52-e1708688880780.jpeg","contentUrl":"https:\/\/www.bisbatdemallorca.org\/wp-content\/uploads\/2024\/02\/WhatsApp-Image-2024-02-23-at-12.38.52-e1708688880780.jpeg","width":1540,"height":720},{"@type":"BreadcrumbList","@id":"https:\/\/www.bisbatdemallorca.org\/ca\/aibei-nova-associacio-dempreses-dinsercio-de-les-illes-balears\/#breadcrumb","itemListElement":[{"@type":"ListItem","position":1,"name":"Portada","item":"https:\/\/www.bisbatdemallorca.org\/ca\/"},{"@type":"ListItem","position":2,"name":"AIBEI, nova Associaci\u00f3 d\u2019empreses d\u2019inserci\u00f3 de les Illes Balears"}]},{"@type":"WebSite","@id":"https:\/\/www.bisbatdemallorca.org\/ca\/#website","url":"https:\/\/www.bisbatdemallorca.org\/ca\/","name":"Bisbat de Mallorca","description":"Just another WordPress site","publisher":{"@id":"https:\/\/www.bisbatdemallorca.org\/ca\/#organization"},"potentialAction":[{"@type":"SearchAction","target":{"@type":"EntryPoint","urlTemplate":"https:\/\/www.bisbatdemallorca.org\/ca\/?s={search_term_string}"},"query-input":{"@type":"PropertyValueSpecification","valueRequired":true,"valueName":"search_term_string"}}],"inLanguage":"ca"},{"@type":"Organization","@id":"https:\/\/www.bisbatdemallorca.org\/ca\/#organization","name":"Bisbat De Mallorca","url":"https:\/\/www.bisbatdemallorca.org\/ca\/","logo":{"@type":"ImageObject","inLanguage":"ca","@id":"https:\/\/www.bisbatdemallorca.org\/ca\/#\/schema\/logo\/image\/","url":"https:\/\/bisbatdemallorca.org\/wp-content\/uploads\/2022\/04\/Logo_Bisbat-de-Mallorca-scaled.jpeg","contentUrl":"https:\/\/bisbatdemallorca.org\/wp-content\/uploads\/2022\/04\/Logo_Bisbat-de-Mallorca-scaled.jpeg","width":2560,"height":1810,"caption":"Bisbat De Mallorca"},"image":{"@id":"https:\/\/www.bisbatdemallorca.org\/ca\/#\/schema\/logo\/image\/"}},{"@type":"Person","@id":"https:\/\/www.bisbatdemallorca.org\/ca\/#\/schema\/person\/9d198fedaef82cec34c41260a51964a6","name":"Administraci\u00f3 Bisbat de Mallorca","image":{"@type":"ImageObject","inLanguage":"ca","@id":"https:\/\/www.bisbatdemallorca.org\/ca\/#\/schema\/person\/image\/","url":"https:\/\/secure.gravatar.com\/avatar\/cc0dac0bd15aa6305e120ea8e5b6c12f94c8fe06a53230fa56abffe62cefceb4?s=96&d=mm&r=g","contentUrl":"https:\/\/secure.gravatar.com\/avatar\/cc0dac0bd15aa6305e120ea8e5b6c12f94c8fe06a53230fa56abffe62cefceb4?s=96&d=mm&r=g","caption":"Administraci\u00f3 Bisbat de Mallorca"},"sameAs":["https:\/\/bisbatdemallorca.org"],"url":"https:\/\/www.bisbatdemallorca.org\/ca\/author\/administraciobisbat\/"}]}},"_links":{"self":[{"href":"https:\/\/www.bisbatdemallorca.org\/ca\/wp-json\/wp\/v2\/posts\/18384","targetHints":{"allow":["GET"]}}],"collection":[{"href":"https:\/\/www.bisbatdemallorca.org\/ca\/wp-json\/wp\/v2\/posts"}],"about":[{"href":"https:\/\/www.bisbatdemallorca.org\/ca\/wp-json\/wp\/v2\/types\/post"}],"author":[{"embeddable":true,"href":"https:\/\/www.bisbatdemallorca.org\/ca\/wp-json\/wp\/v2\/users\/2"}],"replies":[{"embeddable":true,"href":"https:\/\/www.bisbatdemallorca.org\/ca\/wp-json\/wp\/v2\/comments?post=18384"}],"version-history":[{"count":0,"href":"https:\/\/www.bisbatdemallorca.org\/ca\/wp-json\/wp\/v2\/posts\/18384\/revisions"}],"wp:featuredmedia":[{"embeddable":true,"href":"https:\/\/www.bisbatdemallorca.org\/ca\/wp-json\/wp\/v2\/media\/18385"}],"wp:attachment":[{"href":"https:\/\/www.bisbatdemallorca.org\/ca\/wp-json\/wp\/v2\/media?parent=18384"}],"wp:term":[{"taxonomy":"category","embeddable":true,"href":"https:\/\/www.bisbatdemallorca.org\/ca\/wp-json\/wp\/v2\/categories?post=18384"},{"taxonomy":"post_tag","embeddable":true,"href":"https:\/\/www.bisbatdemallorca.org\/ca\/wp-json\/wp\/v2\/tags?post=18384"}],"curies":[{"name":"wp","href":"https:\/\/api.w.org\/{rel}","templated":true}]}}