{"id":22831,"date":"2024-11-22T09:49:20","date_gmt":"2024-11-22T09:49:20","guid":{"rendered":"https:\/\/www.bisbatdemallorca.org\/ca\/?p=22831"},"modified":"2025-02-27T12:03:53","modified_gmt":"2025-02-27T12:03:53","slug":"xerrada-sobre-lany-jubilar-a-vida-creixent","status":"publish","type":"post","link":"https:\/\/www.bisbatdemallorca.org\/ca\/xerrada-sobre-lany-jubilar-a-vida-creixent\/","title":{"rendered":"Xerrada sobre l\u2019Any Jubilar a Vida Creixent"},"content":{"rendered":"<p>Dimecres 20 de novembre, els animadors de Vida Creixent i altres membres es reuniren a la parr\u00f2quia de Sta. Maria la Major d\u2019Inca per esser informats sobre l\u2019Any Sant Jubilar, com ser\u00e0 tot l\u2019any 2025. Despr\u00e9s de la salutaci\u00f3 de la presidenta, Sra. Catalina Moll, i de l\u2019oraci\u00f3 preparada pel consiliari, Mn. Miquel Mulet, el Sr. Jordi Llabr\u00e9s, delegat dioces\u00e0 per dur a terme les activitats pr\u00f2pies de l\u2019Any Sant que hem de comen\u00e7ar, fou l\u2019encarregat d\u2019explicar als assistents tot el que s\u2019hi refereix.<\/p>\n<p>Ho explic\u00e0 tenint present la carta que el Papa escriv\u00ed al cardenal Rino Fisichella, president del Pontifici Consell per la Promoci\u00f3 de la Nova Evangelitzaci\u00f3 i, per aix\u00f2, l\u2019encarregat de dur a terme tota l\u2019organitzaci\u00f3 dels actes que ompliran tot aquest Any Sant. El Papa hi posa de relleu el principal objectiu a aconseguir: \u201c<em>Confio a VE, estimat germ\u00e0, la responsabilitat de trobar les maneres apropiades perqu\u00e8 l\u2019Any Sant es prepari i se celebri amb fe intensa, esperan\u00e7a viva i caritat operant<\/em>\u201d. Aix\u00ed, el centre de l\u2019Any Sant \u00e9s Jesucrist, que el conferenciant continu\u00e0 explicant amb el logotip que l\u2019anuncia: la creu amb \u00e0ncora a la qual s\u2019aferren totes les persones de les distintes races de la terra. O amb la inscripci\u00f3 que ell mateix trob\u00e0 a una esgl\u00e9sia d\u2019un monestir, que posava a l\u2019entrada: \u201cLa porta es troba dedins\u201d, fent refer\u00e8ncia a la porta que obrir\u00e0 l\u2019Any Sant: que no ens quedem a l\u2019exterior, sin\u00f3 que entrem dedins, on trobarem l\u2019espai lit\u00fargic per fer present Jes\u00fas, la comunitat i poder celebrar la reconciliaci\u00f3. Endem\u00e9s de les quatre portes que s\u2019obriran a les quatre bas\u00edliques de Roma, se n\u2019obrir\u00e0 una de nova a una de les presons, donant aix\u00ed el sentit de llibertat que dona l\u2019Any Sant. Pogu\u00e9rem saber a qu\u00e8 estaran dedicats cada un dels dies i com des de Mallorca ja s\u2019estan preparant per fer-s\u2019hi presents.<\/p>\n<p>Acabada l\u2019exposici\u00f3 i aclarides les preguntes, ens dispos\u00e0rem a celebrar l\u2019Eucaristia, presidida per Mn. Carles Segu\u00ed, que anim\u00e0 els presents a seguir oberts al creixement hum\u00e0 i espiritual. La trobada acab\u00e0 amb el dinar de germanor en el centre dels majors, on tamb\u00e9 celebr\u00e0rem els 94 anys de Catalina Scap i on, tamb\u00e9, cada un dels presents va rebre un regal d\u2019una senalleta amb productes d\u2019Agromallorca.<\/p>\n","protected":false},"excerpt":{"rendered":"<p>Dimecres 20 de novembre, els animadors de Vida Creixent i  [&#8230;]<\/p>\n","protected":false},"author":2,"featured_media":22833,"comment_status":"open","ping_status":"open","sticky":false,"template":"","format":"standard","meta":{"footnotes":""},"categories":[16,1000],"tags":[],"class_list":["post-22831","post","type-post","status-publish","format-standard","has-post-thumbnail","hentry","category-agencia-baleria","category-jubileu"],"yoast_head":"<!-- This site is optimized with the Yoast SEO plugin v27.0 - https:\/\/yoast.com\/product\/yoast-seo-wordpress\/ -->\n<title>Xerrada sobre l\u2019Any Jubilar a Vida Creixent<\/title>\n<meta name=\"robots\" content=\"index, follow, max-snippet:-1, max-image-preview:large, max-video-preview:-1\" \/>\n<link rel=\"canonical\" href=\"https:\/\/www.bisbatdemallorca.org\/ca\/xerrada-sobre-lany-jubilar-a-vida-creixent\/\" \/>\n<meta property=\"og:locale\" content=\"ca_ES\" \/>\n<meta property=\"og:locale:alternate\" content=\"en_US\" \/>\n<meta property=\"og:locale:alternate\" content=\"es_ES\" \/>\n<meta property=\"og:type\" content=\"article\" \/>\n<meta property=\"og:title\" content=\"Xerrada sobre l\u2019Any Jubilar a Vida Creixent\" \/>\n<meta property=\"og:description\" content=\"Dimecres 20 de novembre, els animadors de Vida Creixent i [...]\" \/>\n<meta property=\"og:url\" content=\"https:\/\/www.bisbatdemallorca.org\/ca\/xerrada-sobre-lany-jubilar-a-vida-creixent\/\" \/>\n<meta property=\"og:site_name\" content=\"Bisbat de Mallorca\" \/>\n<meta property=\"article:published_time\" content=\"2024-11-22T09:49:20+00:00\" \/>\n<meta property=\"article:modified_time\" content=\"2025-02-27T12:03:53+00:00\" \/>\n<meta property=\"og:image\" content=\"https:\/\/www.bisbatdemallorca.org\/wp-content\/uploads\/2024\/11\/WhatsApp-Image-2024-11-25-at-10.38.01.jpeg\" \/>\n\t<meta property=\"og:image:width\" content=\"1600\" \/>\n\t<meta property=\"og:image:height\" content=\"1200\" \/>\n\t<meta property=\"og:image:type\" content=\"image\/jpeg\" \/>\n<meta name=\"author\" content=\"Administraci\u00f3 Bisbat de Mallorca\" \/>\n<meta name=\"twitter:card\" content=\"summary_large_image\" \/>\n<meta name=\"twitter:label1\" content=\"Escrit per\" \/>\n\t<meta name=\"twitter:data1\" content=\"Administraci\u00f3 Bisbat de Mallorca\" \/>\n\t<meta name=\"twitter:label2\" content=\"Temps estimat de lectura\" \/>\n\t<meta name=\"twitter:data2\" content=\"4 minuts\" \/>\n<script type=\"application\/ld+json\" class=\"yoast-schema-graph\">{\"@context\":\"https:\/\/schema.org\",\"@graph\":[{\"@type\":\"Article\",\"@id\":\"https:\/\/www.bisbatdemallorca.org\/xerrada-sobre-lany-jubilar-a-vida-creixent\/#article\",\"isPartOf\":{\"@id\":\"https:\/\/www.bisbatdemallorca.org\/xerrada-sobre-lany-jubilar-a-vida-creixent\/\"},\"author\":{\"name\":\"Administraci\u00f3 Bisbat de Mallorca\",\"@id\":\"https:\/\/www.bisbatdemallorca.org\/ca\/#\/schema\/person\/9d198fedaef82cec34c41260a51964a6\"},\"headline\":\"Xerrada sobre l\u2019Any Jubilar a Vida Creixent\",\"datePublished\":\"2024-11-22T09:49:20+00:00\",\"dateModified\":\"2025-02-27T12:03:53+00:00\",\"mainEntityOfPage\":{\"@id\":\"https:\/\/www.bisbatdemallorca.org\/xerrada-sobre-lany-jubilar-a-vida-creixent\/\"},\"wordCount\":880,\"commentCount\":0,\"publisher\":{\"@id\":\"https:\/\/www.bisbatdemallorca.org\/ca\/#organization\"},\"image\":{\"@id\":\"https:\/\/www.bisbatdemallorca.org\/xerrada-sobre-lany-jubilar-a-vida-creixent\/#primaryimage\"},\"thumbnailUrl\":\"https:\/\/www.bisbatdemallorca.org\/wp-content\/uploads\/2024\/11\/WhatsApp-Image-2024-11-22-at-10.48.27.jpeg\",\"articleSection\":[\"Agencia Bal\u00e8ria\",\"Jubileu\"],\"inLanguage\":\"ca\",\"potentialAction\":[{\"@type\":\"CommentAction\",\"name\":\"Comment\",\"target\":[\"https:\/\/www.bisbatdemallorca.org\/xerrada-sobre-lany-jubilar-a-vida-creixent\/#respond\"]}]},{\"@type\":\"WebPage\",\"@id\":\"https:\/\/www.bisbatdemallorca.org\/xerrada-sobre-lany-jubilar-a-vida-creixent\/\",\"url\":\"https:\/\/www.bisbatdemallorca.org\/xerrada-sobre-lany-jubilar-a-vida-creixent\/\",\"name\":\"Xerrada sobre l\u2019Any Jubilar a Vida Creixent\",\"isPartOf\":{\"@id\":\"https:\/\/www.bisbatdemallorca.org\/ca\/#website\"},\"primaryImageOfPage\":{\"@id\":\"https:\/\/www.bisbatdemallorca.org\/xerrada-sobre-lany-jubilar-a-vida-creixent\/#primaryimage\"},\"image\":{\"@id\":\"https:\/\/www.bisbatdemallorca.org\/xerrada-sobre-lany-jubilar-a-vida-creixent\/#primaryimage\"},\"thumbnailUrl\":\"https:\/\/www.bisbatdemallorca.org\/wp-content\/uploads\/2024\/11\/WhatsApp-Image-2024-11-22-at-10.48.27.jpeg\",\"datePublished\":\"2024-11-22T09:49:20+00:00\",\"dateModified\":\"2025-02-27T12:03:53+00:00\",\"breadcrumb\":{\"@id\":\"https:\/\/www.bisbatdemallorca.org\/xerrada-sobre-lany-jubilar-a-vida-creixent\/#breadcrumb\"},\"inLanguage\":\"ca\",\"potentialAction\":[{\"@type\":\"ReadAction\",\"target\":[\"https:\/\/www.bisbatdemallorca.org\/xerrada-sobre-lany-jubilar-a-vida-creixent\/\"]}]},{\"@type\":\"ImageObject\",\"inLanguage\":\"ca\",\"@id\":\"https:\/\/www.bisbatdemallorca.org\/xerrada-sobre-lany-jubilar-a-vida-creixent\/#primaryimage\",\"url\":\"https:\/\/www.bisbatdemallorca.org\/wp-content\/uploads\/2024\/11\/WhatsApp-Image-2024-11-22-at-10.48.27.jpeg\",\"contentUrl\":\"https:\/\/www.bisbatdemallorca.org\/wp-content\/uploads\/2024\/11\/WhatsApp-Image-2024-11-22-at-10.48.27.jpeg\",\"width\":837,\"height\":886},{\"@type\":\"BreadcrumbList\",\"@id\":\"https:\/\/www.bisbatdemallorca.org\/xerrada-sobre-lany-jubilar-a-vida-creixent\/#breadcrumb\",\"itemListElement\":[{\"@type\":\"ListItem\",\"position\":1,\"name\":\"Portada\",\"item\":\"https:\/\/www.bisbatdemallorca.org\/ca\/\"},{\"@type\":\"ListItem\",\"position\":2,\"name\":\"Charla sobre el A\u00f1o Jubilar en Vida Creixent\"}]},{\"@type\":\"WebSite\",\"@id\":\"https:\/\/www.bisbatdemallorca.org\/ca\/#website\",\"url\":\"https:\/\/www.bisbatdemallorca.org\/ca\/\",\"name\":\"Bisbat de Mallorca\",\"description\":\"Just another WordPress site\",\"publisher\":{\"@id\":\"https:\/\/www.bisbatdemallorca.org\/ca\/#organization\"},\"potentialAction\":[{\"@type\":\"SearchAction\",\"target\":{\"@type\":\"EntryPoint\",\"urlTemplate\":\"https:\/\/www.bisbatdemallorca.org\/ca\/?s={search_term_string}\"},\"query-input\":{\"@type\":\"PropertyValueSpecification\",\"valueRequired\":true,\"valueName\":\"search_term_string\"}}],\"inLanguage\":\"ca\"},{\"@type\":\"Organization\",\"@id\":\"https:\/\/www.bisbatdemallorca.org\/ca\/#organization\",\"name\":\"Bisbat De Mallorca\",\"url\":\"https:\/\/www.bisbatdemallorca.org\/ca\/\",\"logo\":{\"@type\":\"ImageObject\",\"inLanguage\":\"ca\",\"@id\":\"https:\/\/www.bisbatdemallorca.org\/ca\/#\/schema\/logo\/image\/\",\"url\":\"https:\/\/bisbatdemallorca.org\/wp-content\/uploads\/2022\/04\/Logo_Bisbat-de-Mallorca-scaled.jpeg\",\"contentUrl\":\"https:\/\/bisbatdemallorca.org\/wp-content\/uploads\/2022\/04\/Logo_Bisbat-de-Mallorca-scaled.jpeg\",\"width\":2560,\"height\":1810,\"caption\":\"Bisbat De Mallorca\"},\"image\":{\"@id\":\"https:\/\/www.bisbatdemallorca.org\/ca\/#\/schema\/logo\/image\/\"}},{\"@type\":\"Person\",\"@id\":\"https:\/\/www.bisbatdemallorca.org\/ca\/#\/schema\/person\/9d198fedaef82cec34c41260a51964a6\",\"name\":\"Administraci\u00f3 Bisbat de Mallorca\",\"image\":{\"@type\":\"ImageObject\",\"inLanguage\":\"ca\",\"@id\":\"https:\/\/www.bisbatdemallorca.org\/ca\/#\/schema\/person\/image\/\",\"url\":\"https:\/\/secure.gravatar.com\/avatar\/cc0dac0bd15aa6305e120ea8e5b6c12f94c8fe06a53230fa56abffe62cefceb4?s=96&d=mm&r=g\",\"contentUrl\":\"https:\/\/secure.gravatar.com\/avatar\/cc0dac0bd15aa6305e120ea8e5b6c12f94c8fe06a53230fa56abffe62cefceb4?s=96&d=mm&r=g\",\"caption\":\"Administraci\u00f3 Bisbat de Mallorca\"},\"sameAs\":[\"https:\/\/bisbatdemallorca.org\"],\"url\":\"https:\/\/www.bisbatdemallorca.org\/ca\/author\/administraciobisbat\/\"}]}<\/script>\n<!-- \/ Yoast SEO plugin. -->","yoast_head_json":{"title":"Xerrada sobre l\u2019Any Jubilar a Vida Creixent","robots":{"index":"index","follow":"follow","max-snippet":"max-snippet:-1","max-image-preview":"max-image-preview:large","max-video-preview":"max-video-preview:-1"},"canonical":"https:\/\/www.bisbatdemallorca.org\/ca\/xerrada-sobre-lany-jubilar-a-vida-creixent\/","og_locale":"ca_ES","og_type":"article","og_title":"[:ca]Xerrada sobre l\u2019Any Jubilar a Vida Creixent[:es]Charla sobre el A\u00f1o Jubilar en Vida Creixent[:] - Bisbat de Mallorca","og_description":"Dimecres 20 de novembre, els animadors de Vida Creixent i [...]","og_url":"https:\/\/www.bisbatdemallorca.org\/ca\/xerrada-sobre-lany-jubilar-a-vida-creixent\/","og_site_name":"Bisbat de Mallorca","article_published_time":"2024-11-22T09:49:20+00:00","article_modified_time":"2025-02-27T12:03:53+00:00","og_image":[{"width":1600,"height":1200,"url":"https:\/\/www.bisbatdemallorca.org\/wp-content\/uploads\/2024\/11\/WhatsApp-Image-2024-11-25-at-10.38.01.jpeg","type":"image\/jpeg"}],"author":"Administraci\u00f3 Bisbat de Mallorca","twitter_card":"summary_large_image","twitter_misc":{"Escrit per":"Administraci\u00f3 Bisbat de Mallorca","Temps estimat de lectura":"4 minuts"},"schema":{"@context":"https:\/\/schema.org","@graph":[{"@type":"Article","@id":"https:\/\/www.bisbatdemallorca.org\/xerrada-sobre-lany-jubilar-a-vida-creixent\/#article","isPartOf":{"@id":"https:\/\/www.bisbatdemallorca.org\/xerrada-sobre-lany-jubilar-a-vida-creixent\/"},"author":{"name":"Administraci\u00f3 Bisbat de Mallorca","@id":"https:\/\/www.bisbatdemallorca.org\/ca\/#\/schema\/person\/9d198fedaef82cec34c41260a51964a6"},"headline":"Xerrada sobre l\u2019Any Jubilar a Vida Creixent","datePublished":"2024-11-22T09:49:20+00:00","dateModified":"2025-02-27T12:03:53+00:00","mainEntityOfPage":{"@id":"https:\/\/www.bisbatdemallorca.org\/xerrada-sobre-lany-jubilar-a-vida-creixent\/"},"wordCount":880,"commentCount":0,"publisher":{"@id":"https:\/\/www.bisbatdemallorca.org\/ca\/#organization"},"image":{"@id":"https:\/\/www.bisbatdemallorca.org\/xerrada-sobre-lany-jubilar-a-vida-creixent\/#primaryimage"},"thumbnailUrl":"https:\/\/www.bisbatdemallorca.org\/wp-content\/uploads\/2024\/11\/WhatsApp-Image-2024-11-22-at-10.48.27.jpeg","articleSection":["Agencia Bal\u00e8ria","Jubileu"],"inLanguage":"ca","potentialAction":[{"@type":"CommentAction","name":"Comment","target":["https:\/\/www.bisbatdemallorca.org\/xerrada-sobre-lany-jubilar-a-vida-creixent\/#respond"]}]},{"@type":"WebPage","@id":"https:\/\/www.bisbatdemallorca.org\/xerrada-sobre-lany-jubilar-a-vida-creixent\/","url":"https:\/\/www.bisbatdemallorca.org\/xerrada-sobre-lany-jubilar-a-vida-creixent\/","name":"Xerrada sobre l\u2019Any Jubilar a Vida Creixent","isPartOf":{"@id":"https:\/\/www.bisbatdemallorca.org\/ca\/#website"},"primaryImageOfPage":{"@id":"https:\/\/www.bisbatdemallorca.org\/xerrada-sobre-lany-jubilar-a-vida-creixent\/#primaryimage"},"image":{"@id":"https:\/\/www.bisbatdemallorca.org\/xerrada-sobre-lany-jubilar-a-vida-creixent\/#primaryimage"},"thumbnailUrl":"https:\/\/www.bisbatdemallorca.org\/wp-content\/uploads\/2024\/11\/WhatsApp-Image-2024-11-22-at-10.48.27.jpeg","datePublished":"2024-11-22T09:49:20+00:00","dateModified":"2025-02-27T12:03:53+00:00","breadcrumb":{"@id":"https:\/\/www.bisbatdemallorca.org\/xerrada-sobre-lany-jubilar-a-vida-creixent\/#breadcrumb"},"inLanguage":"ca","potentialAction":[{"@type":"ReadAction","target":["https:\/\/www.bisbatdemallorca.org\/xerrada-sobre-lany-jubilar-a-vida-creixent\/"]}]},{"@type":"ImageObject","inLanguage":"ca","@id":"https:\/\/www.bisbatdemallorca.org\/xerrada-sobre-lany-jubilar-a-vida-creixent\/#primaryimage","url":"https:\/\/www.bisbatdemallorca.org\/wp-content\/uploads\/2024\/11\/WhatsApp-Image-2024-11-22-at-10.48.27.jpeg","contentUrl":"https:\/\/www.bisbatdemallorca.org\/wp-content\/uploads\/2024\/11\/WhatsApp-Image-2024-11-22-at-10.48.27.jpeg","width":837,"height":886},{"@type":"BreadcrumbList","@id":"https:\/\/www.bisbatdemallorca.org\/xerrada-sobre-lany-jubilar-a-vida-creixent\/#breadcrumb","itemListElement":[{"@type":"ListItem","position":1,"name":"Portada","item":"https:\/\/www.bisbatdemallorca.org\/ca\/"},{"@type":"ListItem","position":2,"name":"Charla sobre el A\u00f1o Jubilar en Vida Creixent"}]},{"@type":"WebSite","@id":"https:\/\/www.bisbatdemallorca.org\/ca\/#website","url":"https:\/\/www.bisbatdemallorca.org\/ca\/","name":"Bisbat de Mallorca","description":"Just another WordPress site","publisher":{"@id":"https:\/\/www.bisbatdemallorca.org\/ca\/#organization"},"potentialAction":[{"@type":"SearchAction","target":{"@type":"EntryPoint","urlTemplate":"https:\/\/www.bisbatdemallorca.org\/ca\/?s={search_term_string}"},"query-input":{"@type":"PropertyValueSpecification","valueRequired":true,"valueName":"search_term_string"}}],"inLanguage":"ca"},{"@type":"Organization","@id":"https:\/\/www.bisbatdemallorca.org\/ca\/#organization","name":"Bisbat De Mallorca","url":"https:\/\/www.bisbatdemallorca.org\/ca\/","logo":{"@type":"ImageObject","inLanguage":"ca","@id":"https:\/\/www.bisbatdemallorca.org\/ca\/#\/schema\/logo\/image\/","url":"https:\/\/bisbatdemallorca.org\/wp-content\/uploads\/2022\/04\/Logo_Bisbat-de-Mallorca-scaled.jpeg","contentUrl":"https:\/\/bisbatdemallorca.org\/wp-content\/uploads\/2022\/04\/Logo_Bisbat-de-Mallorca-scaled.jpeg","width":2560,"height":1810,"caption":"Bisbat De Mallorca"},"image":{"@id":"https:\/\/www.bisbatdemallorca.org\/ca\/#\/schema\/logo\/image\/"}},{"@type":"Person","@id":"https:\/\/www.bisbatdemallorca.org\/ca\/#\/schema\/person\/9d198fedaef82cec34c41260a51964a6","name":"Administraci\u00f3 Bisbat de Mallorca","image":{"@type":"ImageObject","inLanguage":"ca","@id":"https:\/\/www.bisbatdemallorca.org\/ca\/#\/schema\/person\/image\/","url":"https:\/\/secure.gravatar.com\/avatar\/cc0dac0bd15aa6305e120ea8e5b6c12f94c8fe06a53230fa56abffe62cefceb4?s=96&d=mm&r=g","contentUrl":"https:\/\/secure.gravatar.com\/avatar\/cc0dac0bd15aa6305e120ea8e5b6c12f94c8fe06a53230fa56abffe62cefceb4?s=96&d=mm&r=g","caption":"Administraci\u00f3 Bisbat de Mallorca"},"sameAs":["https:\/\/bisbatdemallorca.org"],"url":"https:\/\/www.bisbatdemallorca.org\/ca\/author\/administraciobisbat\/"}]}},"_links":{"self":[{"href":"https:\/\/www.bisbatdemallorca.org\/ca\/wp-json\/wp\/v2\/posts\/22831","targetHints":{"allow":["GET"]}}],"collection":[{"href":"https:\/\/www.bisbatdemallorca.org\/ca\/wp-json\/wp\/v2\/posts"}],"about":[{"href":"https:\/\/www.bisbatdemallorca.org\/ca\/wp-json\/wp\/v2\/types\/post"}],"author":[{"embeddable":true,"href":"https:\/\/www.bisbatdemallorca.org\/ca\/wp-json\/wp\/v2\/users\/2"}],"replies":[{"embeddable":true,"href":"https:\/\/www.bisbatdemallorca.org\/ca\/wp-json\/wp\/v2\/comments?post=22831"}],"version-history":[{"count":0,"href":"https:\/\/www.bisbatdemallorca.org\/ca\/wp-json\/wp\/v2\/posts\/22831\/revisions"}],"wp:featuredmedia":[{"embeddable":true,"href":"https:\/\/www.bisbatdemallorca.org\/ca\/wp-json\/wp\/v2\/media\/22833"}],"wp:attachment":[{"href":"https:\/\/www.bisbatdemallorca.org\/ca\/wp-json\/wp\/v2\/media?parent=22831"}],"wp:term":[{"taxonomy":"category","embeddable":true,"href":"https:\/\/www.bisbatdemallorca.org\/ca\/wp-json\/wp\/v2\/categories?post=22831"},{"taxonomy":"post_tag","embeddable":true,"href":"https:\/\/www.bisbatdemallorca.org\/ca\/wp-json\/wp\/v2\/tags?post=22831"}],"curies":[{"name":"wp","href":"https:\/\/api.w.org\/{rel}","templated":true}]}}