{"id":23261,"date":"2024-12-10T10:41:42","date_gmt":"2024-12-10T10:41:42","guid":{"rendered":"https:\/\/www.bisbatdemallorca.org\/ca\/?p=23261"},"modified":"2025-02-27T12:03:53","modified_gmt":"2025-02-27T12:03:53","slug":"papa-francesc-convida-a-pregar-perque-el-proper-jubileu-ens-enforteixi-en-la-fe","status":"publish","type":"post","link":"https:\/\/www.bisbatdemallorca.org\/ca\/papa-francesc-convida-a-pregar-perque-el-proper-jubileu-ens-enforteixi-en-la-fe\/","title":{"rendered":"Papa Francesc convida a pregar perqu\u00e8 \u00abel proper Jubileu ens enforteixi en la fe\u00bb"},"content":{"rendered":"<p data-pm-slice=\"1 1 []\">Papa Francesc ha elegit la intenci\u00f3 de preg\u00e0ria per al mes de desembre sota el lema \u00abPels pelegrins de l\u2019esperan\u00e7a\u00bb, en el context de la preparaci\u00f3 per al Jubileu 2025. A trav\u00e9s del seu missatge, Francesc fa una crida als fidels que preguen \u201cperqu\u00e8 aquest Jubileu ens enforteixi en la fe, ens ajudi a recon\u00e8ixer Crist ressuscitat enmig de les nostres vides, i ens transformi en pelegrins de l\u00b4esperan\u00e7a cristiana\u00bb.<\/p>\n<p>Al v\u00eddeo mensual del Papa, dif\u00f3s a trav\u00e9s de la Xarxa Mundial d\u2019Oraci\u00f3 del Papa, el Sant Pare reflexiona sobre un dels pilars del seu pontificat: l\u2019esperan\u00e7a cristiana. En un m\u00f3n marcat per la desesperaci\u00f3 i la desconfian\u00e7a, Francesc convida a els fidels a ser testimonis de l\u2019esperan\u00e7a, un regal de D\u00e9u que omple de joia la vida humana. \u201cAvui, m\u00e9s que mai, el m\u00f3n necessita esperan\u00e7a\u201d, expressa. el Papa, tot destacant que l\u2019esperan\u00e7a cristiana \u00e9s essencial per enfrontar els desafiaments del m\u00f3n actual. Utilitzant la met\u00e0fora de la barca enmig de la tempesta, el Sant Pare recorda la import\u00e0ncia d\u2019aferrar-se a l\u2019\u00e0ncora de l\u2019esperan\u00e7a.<\/p>\n<p>El Papa tamb\u00e9 rememora l\u2019exemple d\u2019Abraham, l\u2019esperan\u00e7a del qual el va impulsar a confiar en l\u2019impossible, i anima els fidels a seguir el seu exemple. El v\u00eddeo presenta dues persones que, com Abraham, troben consol i suport en altres \u201cpelegrins de l\u2019esperan\u00e7a\u201d en el seu cam\u00ed.<\/p>\n<h4><strong>Jubileu 2025: Una crida a caminar amb esperan\u00e7a<\/strong><\/h4>\n<p>El Jubileu 2025, el tema del qual \u00e9s \u201cPelegrins de l\u2019esperan\u00e7a\u201d, es perfila com un esdeveniment de celebraci\u00f3 i reflexi\u00f3 profunda per a tota l\u2019Esgl\u00e9sia. una oportunitat per enfortir i mantenir viva la flama de lesperan\u00e7a.<\/p>\n<p>El Papa conclou el seu missatge convidant tothom a omplir el dia a dia amb el do de l\u2019esperan\u00e7a. portadors d\u2019esperan\u00e7a en un m\u00f3n que, m\u00e9s que mai, necessita la llum que nom\u00e9s Crist pot oferir.<\/p>\n<p><iframe title=\"Por los peregrinos de la esperanza \u2013 El Video del Papa 12 \u2013 Diciembre 2024\" src=\"https:\/\/www.youtube.com\/embed\/u4wr-ySLA0E?feature=oembed\" width=\"1020\" height=\"574\" frameborder=\"0\" allowfullscreen=\"allowfullscreen\" data-mce-fragment=\"1\"><\/iframe><\/p>\n<div class=\"col medium-7 small-12 large-7\">\n<article id=\"post-193213\" class=\"post-193213 actualitat type-actualitat status-publish format-standard has-post-thumbnail hentry categoria-actualitat-esglesia-de-barcelona categoria-actualitat-noticies\">\n<div class=\"actualitat-post-content\">\n<div class=\"share text-center\">\n<div class=\"social-icons share-icons share-row relative\"><\/div>\n<div id=\"id7449\" class=\"printomatic pom-small-white \" data-print_target=\"article\"><\/div>\n<\/div>\n<\/div>\n<\/article>\n<\/div>\n<div class=\"container section-title-container\">\n<h3 class=\"section-title section-title-normal\"><\/h3>\n<\/div>\n","protected":false},"excerpt":{"rendered":"<p>Papa Francesc ha elegit la intenci\u00f3 de preg\u00e0ria per al  [&#8230;]<\/p>\n","protected":false},"author":2,"featured_media":23263,"comment_status":"open","ping_status":"open","sticky":false,"template":"","format":"standard","meta":{"footnotes":""},"categories":[16,1000],"tags":[],"class_list":["post-23261","post","type-post","status-publish","format-standard","has-post-thumbnail","hentry","category-agencia-baleria","category-jubileu"],"yoast_head":"<!-- This site is optimized with the Yoast SEO plugin v27.0 - https:\/\/yoast.com\/product\/yoast-seo-wordpress\/ -->\n<title>Papa Francesc convida a pregar perqu\u00e8 \u00abel proper Jubileu ens enforteixi en la fe\u00bb<\/title>\n<meta name=\"robots\" content=\"index, follow, max-snippet:-1, max-image-preview:large, max-video-preview:-1\" \/>\n<link rel=\"canonical\" href=\"https:\/\/www.bisbatdemallorca.org\/ca\/papa-francesc-convida-a-pregar-perque-el-proper-jubileu-ens-enforteixi-en-la-fe\/\" \/>\n<meta property=\"og:locale\" content=\"ca_ES\" \/>\n<meta property=\"og:locale:alternate\" content=\"en_US\" \/>\n<meta property=\"og:locale:alternate\" content=\"es_ES\" \/>\n<meta property=\"og:type\" content=\"article\" \/>\n<meta property=\"og:title\" content=\"Papa Francesc convida a pregar perqu\u00e8 \u00abel proper Jubileu ens enforteixi en la fe\u00bb\" \/>\n<meta property=\"og:description\" content=\"Papa Francesc ha elegit la intenci\u00f3 de preg\u00e0ria per al [...]\" \/>\n<meta property=\"og:url\" content=\"https:\/\/www.bisbatdemallorca.org\/ca\/papa-francesc-convida-a-pregar-perque-el-proper-jubileu-ens-enforteixi-en-la-fe\/\" \/>\n<meta property=\"og:site_name\" content=\"Bisbat de Mallorca\" \/>\n<meta property=\"article:published_time\" content=\"2024-12-10T10:41:42+00:00\" \/>\n<meta property=\"article:modified_time\" content=\"2025-02-27T12:03:53+00:00\" \/>\n<meta property=\"og:image\" content=\"https:\/\/www.bisbatdemallorca.org\/wp-content\/uploads\/2024\/12\/Captura-de-pantalla-2024-12-04-132501.png\" \/>\n\t<meta property=\"og:image:width\" content=\"698\" \/>\n\t<meta property=\"og:image:height\" content=\"377\" \/>\n\t<meta property=\"og:image:type\" content=\"image\/png\" \/>\n<meta name=\"author\" content=\"Administraci\u00f3 Bisbat de Mallorca\" \/>\n<meta name=\"twitter:card\" content=\"summary_large_image\" \/>\n<meta name=\"twitter:label1\" content=\"Escrit per\" \/>\n\t<meta name=\"twitter:data1\" content=\"Administraci\u00f3 Bisbat de Mallorca\" \/>\n\t<meta name=\"twitter:label2\" content=\"Temps estimat de lectura\" \/>\n\t<meta name=\"twitter:data2\" content=\"4 minuts\" \/>\n<script type=\"application\/ld+json\" class=\"yoast-schema-graph\">{\"@context\":\"https:\/\/schema.org\",\"@graph\":[{\"@type\":\"Article\",\"@id\":\"https:\/\/www.bisbatdemallorca.org\/ca\/papa-francesc-convida-a-pregar-perque-el-proper-jubileu-ens-enforteixi-en-la-fe\/#article\",\"isPartOf\":{\"@id\":\"https:\/\/www.bisbatdemallorca.org\/ca\/papa-francesc-convida-a-pregar-perque-el-proper-jubileu-ens-enforteixi-en-la-fe\/\"},\"author\":{\"name\":\"Administraci\u00f3 Bisbat de Mallorca\",\"@id\":\"https:\/\/www.bisbatdemallorca.org\/ca\/#\/schema\/person\/9d198fedaef82cec34c41260a51964a6\"},\"headline\":\"Papa Francesc convida a pregar perqu\u00e8 \u00abel proper Jubileu ens enforteixi en la fe\u00bb\",\"datePublished\":\"2024-12-10T10:41:42+00:00\",\"dateModified\":\"2025-02-27T12:03:53+00:00\",\"mainEntityOfPage\":{\"@id\":\"https:\/\/www.bisbatdemallorca.org\/ca\/papa-francesc-convida-a-pregar-perque-el-proper-jubileu-ens-enforteixi-en-la-fe\/\"},\"wordCount\":764,\"commentCount\":0,\"publisher\":{\"@id\":\"https:\/\/www.bisbatdemallorca.org\/ca\/#organization\"},\"image\":{\"@id\":\"https:\/\/www.bisbatdemallorca.org\/ca\/papa-francesc-convida-a-pregar-perque-el-proper-jubileu-ens-enforteixi-en-la-fe\/#primaryimage\"},\"thumbnailUrl\":\"https:\/\/www.bisbatdemallorca.org\/wp-content\/uploads\/2024\/12\/Captura-de-pantalla-2024-12-04-132501.png\",\"articleSection\":[\"Agencia Bal\u00e8ria\",\"Jubileu\"],\"inLanguage\":\"ca\",\"potentialAction\":[{\"@type\":\"CommentAction\",\"name\":\"Comment\",\"target\":[\"https:\/\/www.bisbatdemallorca.org\/ca\/papa-francesc-convida-a-pregar-perque-el-proper-jubileu-ens-enforteixi-en-la-fe\/#respond\"]}]},{\"@type\":\"WebPage\",\"@id\":\"https:\/\/www.bisbatdemallorca.org\/ca\/papa-francesc-convida-a-pregar-perque-el-proper-jubileu-ens-enforteixi-en-la-fe\/\",\"url\":\"https:\/\/www.bisbatdemallorca.org\/ca\/papa-francesc-convida-a-pregar-perque-el-proper-jubileu-ens-enforteixi-en-la-fe\/\",\"name\":\"Papa Francesc convida a pregar perqu\u00e8 \u00abel proper Jubileu ens enforteixi en la fe\u00bb\",\"isPartOf\":{\"@id\":\"https:\/\/www.bisbatdemallorca.org\/ca\/#website\"},\"primaryImageOfPage\":{\"@id\":\"https:\/\/www.bisbatdemallorca.org\/ca\/papa-francesc-convida-a-pregar-perque-el-proper-jubileu-ens-enforteixi-en-la-fe\/#primaryimage\"},\"image\":{\"@id\":\"https:\/\/www.bisbatdemallorca.org\/ca\/papa-francesc-convida-a-pregar-perque-el-proper-jubileu-ens-enforteixi-en-la-fe\/#primaryimage\"},\"thumbnailUrl\":\"https:\/\/www.bisbatdemallorca.org\/wp-content\/uploads\/2024\/12\/Captura-de-pantalla-2024-12-04-132501.png\",\"datePublished\":\"2024-12-10T10:41:42+00:00\",\"dateModified\":\"2025-02-27T12:03:53+00:00\",\"breadcrumb\":{\"@id\":\"https:\/\/www.bisbatdemallorca.org\/ca\/papa-francesc-convida-a-pregar-perque-el-proper-jubileu-ens-enforteixi-en-la-fe\/#breadcrumb\"},\"inLanguage\":\"ca\",\"potentialAction\":[{\"@type\":\"ReadAction\",\"target\":[\"https:\/\/www.bisbatdemallorca.org\/ca\/papa-francesc-convida-a-pregar-perque-el-proper-jubileu-ens-enforteixi-en-la-fe\/\"]}]},{\"@type\":\"ImageObject\",\"inLanguage\":\"ca\",\"@id\":\"https:\/\/www.bisbatdemallorca.org\/ca\/papa-francesc-convida-a-pregar-perque-el-proper-jubileu-ens-enforteixi-en-la-fe\/#primaryimage\",\"url\":\"https:\/\/www.bisbatdemallorca.org\/wp-content\/uploads\/2024\/12\/Captura-de-pantalla-2024-12-04-132501.png\",\"contentUrl\":\"https:\/\/www.bisbatdemallorca.org\/wp-content\/uploads\/2024\/12\/Captura-de-pantalla-2024-12-04-132501.png\",\"width\":698,\"height\":377},{\"@type\":\"BreadcrumbList\",\"@id\":\"https:\/\/www.bisbatdemallorca.org\/ca\/papa-francesc-convida-a-pregar-perque-el-proper-jubileu-ens-enforteixi-en-la-fe\/#breadcrumb\",\"itemListElement\":[{\"@type\":\"ListItem\",\"position\":1,\"name\":\"Portada\",\"item\":\"https:\/\/www.bisbatdemallorca.org\/ca\/\"},{\"@type\":\"ListItem\",\"position\":2,\"name\":\"Papa Francesc convida a pregar perqu\u00e8 \u00abel proper Jubileu ens enforteixi en la fe\u00bb\"}]},{\"@type\":\"WebSite\",\"@id\":\"https:\/\/www.bisbatdemallorca.org\/ca\/#website\",\"url\":\"https:\/\/www.bisbatdemallorca.org\/ca\/\",\"name\":\"Bisbat de Mallorca\",\"description\":\"Just another WordPress site\",\"publisher\":{\"@id\":\"https:\/\/www.bisbatdemallorca.org\/ca\/#organization\"},\"potentialAction\":[{\"@type\":\"SearchAction\",\"target\":{\"@type\":\"EntryPoint\",\"urlTemplate\":\"https:\/\/www.bisbatdemallorca.org\/ca\/?s={search_term_string}\"},\"query-input\":{\"@type\":\"PropertyValueSpecification\",\"valueRequired\":true,\"valueName\":\"search_term_string\"}}],\"inLanguage\":\"ca\"},{\"@type\":\"Organization\",\"@id\":\"https:\/\/www.bisbatdemallorca.org\/ca\/#organization\",\"name\":\"Bisbat De Mallorca\",\"url\":\"https:\/\/www.bisbatdemallorca.org\/ca\/\",\"logo\":{\"@type\":\"ImageObject\",\"inLanguage\":\"ca\",\"@id\":\"https:\/\/www.bisbatdemallorca.org\/ca\/#\/schema\/logo\/image\/\",\"url\":\"https:\/\/bisbatdemallorca.org\/wp-content\/uploads\/2022\/04\/Logo_Bisbat-de-Mallorca-scaled.jpeg\",\"contentUrl\":\"https:\/\/bisbatdemallorca.org\/wp-content\/uploads\/2022\/04\/Logo_Bisbat-de-Mallorca-scaled.jpeg\",\"width\":2560,\"height\":1810,\"caption\":\"Bisbat De Mallorca\"},\"image\":{\"@id\":\"https:\/\/www.bisbatdemallorca.org\/ca\/#\/schema\/logo\/image\/\"}},{\"@type\":\"Person\",\"@id\":\"https:\/\/www.bisbatdemallorca.org\/ca\/#\/schema\/person\/9d198fedaef82cec34c41260a51964a6\",\"name\":\"Administraci\u00f3 Bisbat de Mallorca\",\"image\":{\"@type\":\"ImageObject\",\"inLanguage\":\"ca\",\"@id\":\"https:\/\/www.bisbatdemallorca.org\/ca\/#\/schema\/person\/image\/\",\"url\":\"https:\/\/secure.gravatar.com\/avatar\/cc0dac0bd15aa6305e120ea8e5b6c12f94c8fe06a53230fa56abffe62cefceb4?s=96&d=mm&r=g\",\"contentUrl\":\"https:\/\/secure.gravatar.com\/avatar\/cc0dac0bd15aa6305e120ea8e5b6c12f94c8fe06a53230fa56abffe62cefceb4?s=96&d=mm&r=g\",\"caption\":\"Administraci\u00f3 Bisbat de Mallorca\"},\"sameAs\":[\"https:\/\/bisbatdemallorca.org\"],\"url\":\"https:\/\/www.bisbatdemallorca.org\/ca\/author\/administraciobisbat\/\"}]}<\/script>\n<!-- \/ Yoast SEO plugin. -->","yoast_head_json":{"title":"Papa Francesc convida a pregar perqu\u00e8 \u00abel proper Jubileu ens enforteixi en la fe\u00bb","robots":{"index":"index","follow":"follow","max-snippet":"max-snippet:-1","max-image-preview":"max-image-preview:large","max-video-preview":"max-video-preview:-1"},"canonical":"https:\/\/www.bisbatdemallorca.org\/ca\/papa-francesc-convida-a-pregar-perque-el-proper-jubileu-ens-enforteixi-en-la-fe\/","og_locale":"ca_ES","og_type":"article","og_title":"[:ca]Papa Francesc convida a pregar perqu\u00e8 \u00abel proper Jubileu ens enforteixi en la fe\u00bb[:es]Papa Francisco invita a rezar para que \u00abel pr\u00f3ximo Jubileo nos fortalezca en la fe\u00bb[:] - Bisbat de Mallorca","og_description":"Papa Francesc ha elegit la intenci\u00f3 de preg\u00e0ria per al [...]","og_url":"https:\/\/www.bisbatdemallorca.org\/ca\/papa-francesc-convida-a-pregar-perque-el-proper-jubileu-ens-enforteixi-en-la-fe\/","og_site_name":"Bisbat de Mallorca","article_published_time":"2024-12-10T10:41:42+00:00","article_modified_time":"2025-02-27T12:03:53+00:00","og_image":[{"width":698,"height":377,"url":"https:\/\/www.bisbatdemallorca.org\/wp-content\/uploads\/2024\/12\/Captura-de-pantalla-2024-12-04-132501.png","type":"image\/png"}],"author":"Administraci\u00f3 Bisbat de Mallorca","twitter_card":"summary_large_image","twitter_misc":{"Escrit per":"Administraci\u00f3 Bisbat de Mallorca","Temps estimat de lectura":"4 minuts"},"schema":{"@context":"https:\/\/schema.org","@graph":[{"@type":"Article","@id":"https:\/\/www.bisbatdemallorca.org\/ca\/papa-francesc-convida-a-pregar-perque-el-proper-jubileu-ens-enforteixi-en-la-fe\/#article","isPartOf":{"@id":"https:\/\/www.bisbatdemallorca.org\/ca\/papa-francesc-convida-a-pregar-perque-el-proper-jubileu-ens-enforteixi-en-la-fe\/"},"author":{"name":"Administraci\u00f3 Bisbat de Mallorca","@id":"https:\/\/www.bisbatdemallorca.org\/ca\/#\/schema\/person\/9d198fedaef82cec34c41260a51964a6"},"headline":"Papa Francesc convida a pregar perqu\u00e8 \u00abel proper Jubileu ens enforteixi en la fe\u00bb","datePublished":"2024-12-10T10:41:42+00:00","dateModified":"2025-02-27T12:03:53+00:00","mainEntityOfPage":{"@id":"https:\/\/www.bisbatdemallorca.org\/ca\/papa-francesc-convida-a-pregar-perque-el-proper-jubileu-ens-enforteixi-en-la-fe\/"},"wordCount":764,"commentCount":0,"publisher":{"@id":"https:\/\/www.bisbatdemallorca.org\/ca\/#organization"},"image":{"@id":"https:\/\/www.bisbatdemallorca.org\/ca\/papa-francesc-convida-a-pregar-perque-el-proper-jubileu-ens-enforteixi-en-la-fe\/#primaryimage"},"thumbnailUrl":"https:\/\/www.bisbatdemallorca.org\/wp-content\/uploads\/2024\/12\/Captura-de-pantalla-2024-12-04-132501.png","articleSection":["Agencia Bal\u00e8ria","Jubileu"],"inLanguage":"ca","potentialAction":[{"@type":"CommentAction","name":"Comment","target":["https:\/\/www.bisbatdemallorca.org\/ca\/papa-francesc-convida-a-pregar-perque-el-proper-jubileu-ens-enforteixi-en-la-fe\/#respond"]}]},{"@type":"WebPage","@id":"https:\/\/www.bisbatdemallorca.org\/ca\/papa-francesc-convida-a-pregar-perque-el-proper-jubileu-ens-enforteixi-en-la-fe\/","url":"https:\/\/www.bisbatdemallorca.org\/ca\/papa-francesc-convida-a-pregar-perque-el-proper-jubileu-ens-enforteixi-en-la-fe\/","name":"Papa Francesc convida a pregar perqu\u00e8 \u00abel proper Jubileu ens enforteixi en la fe\u00bb","isPartOf":{"@id":"https:\/\/www.bisbatdemallorca.org\/ca\/#website"},"primaryImageOfPage":{"@id":"https:\/\/www.bisbatdemallorca.org\/ca\/papa-francesc-convida-a-pregar-perque-el-proper-jubileu-ens-enforteixi-en-la-fe\/#primaryimage"},"image":{"@id":"https:\/\/www.bisbatdemallorca.org\/ca\/papa-francesc-convida-a-pregar-perque-el-proper-jubileu-ens-enforteixi-en-la-fe\/#primaryimage"},"thumbnailUrl":"https:\/\/www.bisbatdemallorca.org\/wp-content\/uploads\/2024\/12\/Captura-de-pantalla-2024-12-04-132501.png","datePublished":"2024-12-10T10:41:42+00:00","dateModified":"2025-02-27T12:03:53+00:00","breadcrumb":{"@id":"https:\/\/www.bisbatdemallorca.org\/ca\/papa-francesc-convida-a-pregar-perque-el-proper-jubileu-ens-enforteixi-en-la-fe\/#breadcrumb"},"inLanguage":"ca","potentialAction":[{"@type":"ReadAction","target":["https:\/\/www.bisbatdemallorca.org\/ca\/papa-francesc-convida-a-pregar-perque-el-proper-jubileu-ens-enforteixi-en-la-fe\/"]}]},{"@type":"ImageObject","inLanguage":"ca","@id":"https:\/\/www.bisbatdemallorca.org\/ca\/papa-francesc-convida-a-pregar-perque-el-proper-jubileu-ens-enforteixi-en-la-fe\/#primaryimage","url":"https:\/\/www.bisbatdemallorca.org\/wp-content\/uploads\/2024\/12\/Captura-de-pantalla-2024-12-04-132501.png","contentUrl":"https:\/\/www.bisbatdemallorca.org\/wp-content\/uploads\/2024\/12\/Captura-de-pantalla-2024-12-04-132501.png","width":698,"height":377},{"@type":"BreadcrumbList","@id":"https:\/\/www.bisbatdemallorca.org\/ca\/papa-francesc-convida-a-pregar-perque-el-proper-jubileu-ens-enforteixi-en-la-fe\/#breadcrumb","itemListElement":[{"@type":"ListItem","position":1,"name":"Portada","item":"https:\/\/www.bisbatdemallorca.org\/ca\/"},{"@type":"ListItem","position":2,"name":"Papa Francesc convida a pregar perqu\u00e8 \u00abel proper Jubileu ens enforteixi en la fe\u00bb"}]},{"@type":"WebSite","@id":"https:\/\/www.bisbatdemallorca.org\/ca\/#website","url":"https:\/\/www.bisbatdemallorca.org\/ca\/","name":"Bisbat de Mallorca","description":"Just another WordPress site","publisher":{"@id":"https:\/\/www.bisbatdemallorca.org\/ca\/#organization"},"potentialAction":[{"@type":"SearchAction","target":{"@type":"EntryPoint","urlTemplate":"https:\/\/www.bisbatdemallorca.org\/ca\/?s={search_term_string}"},"query-input":{"@type":"PropertyValueSpecification","valueRequired":true,"valueName":"search_term_string"}}],"inLanguage":"ca"},{"@type":"Organization","@id":"https:\/\/www.bisbatdemallorca.org\/ca\/#organization","name":"Bisbat De Mallorca","url":"https:\/\/www.bisbatdemallorca.org\/ca\/","logo":{"@type":"ImageObject","inLanguage":"ca","@id":"https:\/\/www.bisbatdemallorca.org\/ca\/#\/schema\/logo\/image\/","url":"https:\/\/bisbatdemallorca.org\/wp-content\/uploads\/2022\/04\/Logo_Bisbat-de-Mallorca-scaled.jpeg","contentUrl":"https:\/\/bisbatdemallorca.org\/wp-content\/uploads\/2022\/04\/Logo_Bisbat-de-Mallorca-scaled.jpeg","width":2560,"height":1810,"caption":"Bisbat De Mallorca"},"image":{"@id":"https:\/\/www.bisbatdemallorca.org\/ca\/#\/schema\/logo\/image\/"}},{"@type":"Person","@id":"https:\/\/www.bisbatdemallorca.org\/ca\/#\/schema\/person\/9d198fedaef82cec34c41260a51964a6","name":"Administraci\u00f3 Bisbat de Mallorca","image":{"@type":"ImageObject","inLanguage":"ca","@id":"https:\/\/www.bisbatdemallorca.org\/ca\/#\/schema\/person\/image\/","url":"https:\/\/secure.gravatar.com\/avatar\/cc0dac0bd15aa6305e120ea8e5b6c12f94c8fe06a53230fa56abffe62cefceb4?s=96&d=mm&r=g","contentUrl":"https:\/\/secure.gravatar.com\/avatar\/cc0dac0bd15aa6305e120ea8e5b6c12f94c8fe06a53230fa56abffe62cefceb4?s=96&d=mm&r=g","caption":"Administraci\u00f3 Bisbat de Mallorca"},"sameAs":["https:\/\/bisbatdemallorca.org"],"url":"https:\/\/www.bisbatdemallorca.org\/ca\/author\/administraciobisbat\/"}]}},"_links":{"self":[{"href":"https:\/\/www.bisbatdemallorca.org\/ca\/wp-json\/wp\/v2\/posts\/23261","targetHints":{"allow":["GET"]}}],"collection":[{"href":"https:\/\/www.bisbatdemallorca.org\/ca\/wp-json\/wp\/v2\/posts"}],"about":[{"href":"https:\/\/www.bisbatdemallorca.org\/ca\/wp-json\/wp\/v2\/types\/post"}],"author":[{"embeddable":true,"href":"https:\/\/www.bisbatdemallorca.org\/ca\/wp-json\/wp\/v2\/users\/2"}],"replies":[{"embeddable":true,"href":"https:\/\/www.bisbatdemallorca.org\/ca\/wp-json\/wp\/v2\/comments?post=23261"}],"version-history":[{"count":0,"href":"https:\/\/www.bisbatdemallorca.org\/ca\/wp-json\/wp\/v2\/posts\/23261\/revisions"}],"wp:featuredmedia":[{"embeddable":true,"href":"https:\/\/www.bisbatdemallorca.org\/ca\/wp-json\/wp\/v2\/media\/23263"}],"wp:attachment":[{"href":"https:\/\/www.bisbatdemallorca.org\/ca\/wp-json\/wp\/v2\/media?parent=23261"}],"wp:term":[{"taxonomy":"category","embeddable":true,"href":"https:\/\/www.bisbatdemallorca.org\/ca\/wp-json\/wp\/v2\/categories?post=23261"},{"taxonomy":"post_tag","embeddable":true,"href":"https:\/\/www.bisbatdemallorca.org\/ca\/wp-json\/wp\/v2\/tags?post=23261"}],"curies":[{"name":"wp","href":"https:\/\/api.w.org\/{rel}","templated":true}]}}