{"id":23593,"date":"2024-12-30T11:01:41","date_gmt":"2024-12-30T11:01:41","guid":{"rendered":"https:\/\/www.bisbatdemallorca.org\/ca\/?p=23593"},"modified":"2025-02-27T12:03:53","modified_gmt":"2025-02-27T12:03:53","slug":"obertura-del-jubileu-de-lesperanca-a-lesglesia-de-mallorca","status":"publish","type":"post","link":"https:\/\/www.bisbatdemallorca.org\/ca\/obertura-del-jubileu-de-lesperanca-a-lesglesia-de-mallorca\/","title":{"rendered":"Obertura del Jubileu de l&#8217;Esperan\u00e7a a l&#8217;Esgl\u00e9sia de Mallorca"},"content":{"rendered":"<p>Ahir diumenge, dia 29 de desembre, les di\u00f2cesis de tot el m\u00f3n, en comuni\u00f3 amb el papa Francesc, donaren inici a l&#8217;Any Sant 2025. Aix\u00ed, l&#8217;Esgl\u00e9sia de Mallorca tamb\u00e9 celebr\u00e0 aquesta obertura amb la celebraci\u00f3 solemne de l&#8217;Eucaristia a la Catedral, presidida pel nostre bisbe, Mons. Sebasti\u00e0 Taltavull. A les 10h del mat\u00ed la nau anomenada del Corpus Christi era ocupada per un gran nombre de fidels que, encap\u00e7alats per la imatge de Crist Crucificat, despr\u00e9s d&#8217;escoltar la Paraula de D\u00e9u i d&#8217;una preg\u00e0ria introduct\u00f2ria, es disposava a posar-se en cam\u00ed com a vertaders &#8220;Pelegrins d&#8217;Esperan\u00e7a&#8221;. El seguici va transc\u00f3rrer per dins la Seu, mentre la Capella interpretava, per primera vegada, una versi\u00f3 mallorquina de l&#8217;Himne del Jubileu i, amb una aturada en el baptisteri, segu\u00ed el ritu inicial amb l\u2019aspersi\u00f3 de l&#8217;aigua bene\u00efda damunt tots els fidels.<\/p>\n<p>Seguidament la celebraci\u00f3 es desenvolup\u00e0 amb l&#8217;escolta dels textos b\u00edblics propis del dia de la festa de la Sagrada Fam\u00edlia i l\u2019homilia de Mons. Sebasti\u00e0. En aquest punt ens record\u00e0 que \u201ccalen pares cristians que visquin amb amor, fidelitat i entrega la seva pr\u00f2pia vocaci\u00f3 matrimonial, i siguin exemple de la import\u00e0ncia del discerniment que cal fer en tot moment per descobrir, des de la preg\u00e0ria i el di\u00e0leg, qu\u00e8 vol D\u00e9u de cada membre que forma part de la comunitat familiar. Una societat a mesura de la fam\u00edlia \u00e9s la millor garantia contra tota tend\u00e8ncia de tipus <em>individualista<\/em>, perqu\u00e8 en ella la persona \u00e9s sempre el centre de l\u2019atenci\u00f3 com a fi i mai com a mitj\u00e0\u201d.<\/p>\n<p>En relaci\u00f3 a l\u2019obertura de l\u2019Any Jubilar, el Bisbe va afirmar que \u00e9s una \u201cocasi\u00f3 privilegiada de reconciliaci\u00f3 i de perd\u00f3 ens dona la possibilitat de refer moltes coses, comen\u00e7ant per un mateix. Nom\u00e9s aix\u00ed podem esperar dels altres un canvi. El Jubileu s\u2019obre perqu\u00e8 a tots ens sigui donada l\u2019esperan\u00e7a\u201d.<\/p>\n<p>Cada una de les intencions que presentaren els lectors s&#8217;anava simbolitzant amb l&#8217;encesa del ciri que perllongaria la preg\u00e0ria davant les imatges escult\u00f2riques del misteri del D\u00e9u fet Home, situades davall la trona major del temple catedralici. Llavors, la lit\u00fargia de l&#8217;Eucaristia i la benedicci\u00f3 del final esdevindrien un impuls per a tots aquells que es posaran en marxa en el cam\u00ed jubilar.<\/p>\n<p>Mons. Sebasti\u00e0 Taltavull aprofit\u00e0 l&#8217;avinentesa per anunciar que els mallorquins que ho desitgin podran participar en una Peregrinaci\u00f3 Diocesana a Roma que s&#8217;est\u00e0 organitzant per al proper mes de novembre. Tamb\u00e9 que s\u2019 ha decretat que la mateixa Catedral de Mallorca, la bas\u00edlica de Sant Miquel de Palma i la bas\u00edlica del Santuari de Lluc siguin els temples jubilars on tamb\u00e9 podran acudir els mallorquins per obtenir les gr\u00e0cies d&#8217;aquest nou Any Sant.<\/p>\n","protected":false},"excerpt":{"rendered":"<p>Ahir diumenge, dia 29 de desembre, les di\u00f2cesis de tot  [&#8230;]<\/p>\n","protected":false},"author":2,"featured_media":23600,"comment_status":"open","ping_status":"open","sticky":false,"template":"","format":"standard","meta":{"footnotes":""},"categories":[16,1000],"tags":[],"class_list":["post-23593","post","type-post","status-publish","format-standard","has-post-thumbnail","hentry","category-agencia-baleria","category-jubileu"],"yoast_head":"<!-- This site is optimized with the Yoast SEO plugin v27.0 - https:\/\/yoast.com\/product\/yoast-seo-wordpress\/ -->\n<title>Obertura del Jubileu de l&#039;Esperan\u00e7a a l&#039;Esgl\u00e9sia de Mallorca<\/title>\n<meta name=\"robots\" content=\"index, follow, max-snippet:-1, max-image-preview:large, max-video-preview:-1\" \/>\n<link rel=\"canonical\" href=\"https:\/\/www.bisbatdemallorca.org\/ca\/obertura-del-jubileu-de-lesperanca-a-lesglesia-de-mallorca\/\" \/>\n<meta property=\"og:locale\" content=\"ca_ES\" \/>\n<meta property=\"og:locale:alternate\" content=\"en_US\" \/>\n<meta property=\"og:locale:alternate\" content=\"es_ES\" \/>\n<meta property=\"og:type\" content=\"article\" \/>\n<meta property=\"og:title\" content=\"Obertura del Jubileu de l&#039;Esperan\u00e7a a l&#039;Esgl\u00e9sia de Mallorca\" \/>\n<meta property=\"og:description\" content=\"Ahir diumenge, dia 29 de desembre, les di\u00f2cesis de tot [...]\" \/>\n<meta property=\"og:url\" content=\"https:\/\/www.bisbatdemallorca.org\/ca\/obertura-del-jubileu-de-lesperanca-a-lesglesia-de-mallorca\/\" \/>\n<meta property=\"og:site_name\" content=\"Bisbat de Mallorca\" \/>\n<meta property=\"article:published_time\" content=\"2024-12-30T11:01:41+00:00\" \/>\n<meta property=\"article:modified_time\" content=\"2025-02-27T12:03:53+00:00\" \/>\n<meta property=\"og:image\" content=\"https:\/\/www.bisbatdemallorca.org\/wp-content\/uploads\/2024\/12\/WhatsApp-Image-2024-12-30-at-08.59.18.jpeg\" \/>\n\t<meta property=\"og:image:width\" content=\"1536\" \/>\n\t<meta property=\"og:image:height\" content=\"2048\" \/>\n\t<meta property=\"og:image:type\" content=\"image\/jpeg\" \/>\n<meta name=\"author\" content=\"Administraci\u00f3 Bisbat de Mallorca\" \/>\n<meta name=\"twitter:card\" content=\"summary_large_image\" \/>\n<meta name=\"twitter:label1\" content=\"Escrit per\" \/>\n\t<meta name=\"twitter:data1\" content=\"Administraci\u00f3 Bisbat de Mallorca\" \/>\n\t<meta name=\"twitter:label2\" content=\"Temps estimat de lectura\" \/>\n\t<meta name=\"twitter:data2\" content=\"5 minuts\" \/>\n<script type=\"application\/ld+json\" class=\"yoast-schema-graph\">{\"@context\":\"https:\/\/schema.org\",\"@graph\":[{\"@type\":\"Article\",\"@id\":\"https:\/\/www.bisbatdemallorca.org\/obertura-del-jubileu-de-lesperanca-a-lesglesia-de-mallorca\/#article\",\"isPartOf\":{\"@id\":\"https:\/\/www.bisbatdemallorca.org\/obertura-del-jubileu-de-lesperanca-a-lesglesia-de-mallorca\/\"},\"author\":{\"name\":\"Administraci\u00f3 Bisbat de Mallorca\",\"@id\":\"https:\/\/www.bisbatdemallorca.org\/ca\/#\/schema\/person\/9d198fedaef82cec34c41260a51964a6\"},\"headline\":\"Obertura del Jubileu de l&#8217;Esperan\u00e7a a l&#8217;Esgl\u00e9sia de Mallorca\",\"datePublished\":\"2024-12-30T11:01:41+00:00\",\"dateModified\":\"2025-02-27T12:03:53+00:00\",\"mainEntityOfPage\":{\"@id\":\"https:\/\/www.bisbatdemallorca.org\/obertura-del-jubileu-de-lesperanca-a-lesglesia-de-mallorca\/\"},\"wordCount\":1028,\"commentCount\":0,\"publisher\":{\"@id\":\"https:\/\/www.bisbatdemallorca.org\/ca\/#organization\"},\"image\":{\"@id\":\"https:\/\/www.bisbatdemallorca.org\/obertura-del-jubileu-de-lesperanca-a-lesglesia-de-mallorca\/#primaryimage\"},\"thumbnailUrl\":\"https:\/\/www.bisbatdemallorca.org\/wp-content\/uploads\/2024\/12\/WhatsApp-Image-2024-12-30-at-08.59.18.jpeg\",\"articleSection\":[\"Agencia Bal\u00e8ria\",\"Jubileu\"],\"inLanguage\":\"ca\",\"potentialAction\":[{\"@type\":\"CommentAction\",\"name\":\"Comment\",\"target\":[\"https:\/\/www.bisbatdemallorca.org\/obertura-del-jubileu-de-lesperanca-a-lesglesia-de-mallorca\/#respond\"]}]},{\"@type\":\"WebPage\",\"@id\":\"https:\/\/www.bisbatdemallorca.org\/obertura-del-jubileu-de-lesperanca-a-lesglesia-de-mallorca\/\",\"url\":\"https:\/\/www.bisbatdemallorca.org\/obertura-del-jubileu-de-lesperanca-a-lesglesia-de-mallorca\/\",\"name\":\"Obertura del Jubileu de l'Esperan\u00e7a a l'Esgl\u00e9sia de Mallorca\",\"isPartOf\":{\"@id\":\"https:\/\/www.bisbatdemallorca.org\/ca\/#website\"},\"primaryImageOfPage\":{\"@id\":\"https:\/\/www.bisbatdemallorca.org\/obertura-del-jubileu-de-lesperanca-a-lesglesia-de-mallorca\/#primaryimage\"},\"image\":{\"@id\":\"https:\/\/www.bisbatdemallorca.org\/obertura-del-jubileu-de-lesperanca-a-lesglesia-de-mallorca\/#primaryimage\"},\"thumbnailUrl\":\"https:\/\/www.bisbatdemallorca.org\/wp-content\/uploads\/2024\/12\/WhatsApp-Image-2024-12-30-at-08.59.18.jpeg\",\"datePublished\":\"2024-12-30T11:01:41+00:00\",\"dateModified\":\"2025-02-27T12:03:53+00:00\",\"breadcrumb\":{\"@id\":\"https:\/\/www.bisbatdemallorca.org\/obertura-del-jubileu-de-lesperanca-a-lesglesia-de-mallorca\/#breadcrumb\"},\"inLanguage\":\"ca\",\"potentialAction\":[{\"@type\":\"ReadAction\",\"target\":[\"https:\/\/www.bisbatdemallorca.org\/obertura-del-jubileu-de-lesperanca-a-lesglesia-de-mallorca\/\"]}]},{\"@type\":\"ImageObject\",\"inLanguage\":\"ca\",\"@id\":\"https:\/\/www.bisbatdemallorca.org\/obertura-del-jubileu-de-lesperanca-a-lesglesia-de-mallorca\/#primaryimage\",\"url\":\"https:\/\/www.bisbatdemallorca.org\/wp-content\/uploads\/2024\/12\/WhatsApp-Image-2024-12-30-at-08.59.18.jpeg\",\"contentUrl\":\"https:\/\/www.bisbatdemallorca.org\/wp-content\/uploads\/2024\/12\/WhatsApp-Image-2024-12-30-at-08.59.18.jpeg\",\"width\":1536,\"height\":2048},{\"@type\":\"BreadcrumbList\",\"@id\":\"https:\/\/www.bisbatdemallorca.org\/obertura-del-jubileu-de-lesperanca-a-lesglesia-de-mallorca\/#breadcrumb\",\"itemListElement\":[{\"@type\":\"ListItem\",\"position\":1,\"name\":\"Portada\",\"item\":\"https:\/\/www.bisbatdemallorca.org\/ca\/\"},{\"@type\":\"ListItem\",\"position\":2,\"name\":\"Apertura del Jubileo de la Esperanza en la Iglesia de Mallorca\"}]},{\"@type\":\"WebSite\",\"@id\":\"https:\/\/www.bisbatdemallorca.org\/ca\/#website\",\"url\":\"https:\/\/www.bisbatdemallorca.org\/ca\/\",\"name\":\"Bisbat de Mallorca\",\"description\":\"Just another WordPress site\",\"publisher\":{\"@id\":\"https:\/\/www.bisbatdemallorca.org\/ca\/#organization\"},\"potentialAction\":[{\"@type\":\"SearchAction\",\"target\":{\"@type\":\"EntryPoint\",\"urlTemplate\":\"https:\/\/www.bisbatdemallorca.org\/ca\/?s={search_term_string}\"},\"query-input\":{\"@type\":\"PropertyValueSpecification\",\"valueRequired\":true,\"valueName\":\"search_term_string\"}}],\"inLanguage\":\"ca\"},{\"@type\":\"Organization\",\"@id\":\"https:\/\/www.bisbatdemallorca.org\/ca\/#organization\",\"name\":\"Bisbat De Mallorca\",\"url\":\"https:\/\/www.bisbatdemallorca.org\/ca\/\",\"logo\":{\"@type\":\"ImageObject\",\"inLanguage\":\"ca\",\"@id\":\"https:\/\/www.bisbatdemallorca.org\/ca\/#\/schema\/logo\/image\/\",\"url\":\"https:\/\/bisbatdemallorca.org\/wp-content\/uploads\/2022\/04\/Logo_Bisbat-de-Mallorca-scaled.jpeg\",\"contentUrl\":\"https:\/\/bisbatdemallorca.org\/wp-content\/uploads\/2022\/04\/Logo_Bisbat-de-Mallorca-scaled.jpeg\",\"width\":2560,\"height\":1810,\"caption\":\"Bisbat De Mallorca\"},\"image\":{\"@id\":\"https:\/\/www.bisbatdemallorca.org\/ca\/#\/schema\/logo\/image\/\"}},{\"@type\":\"Person\",\"@id\":\"https:\/\/www.bisbatdemallorca.org\/ca\/#\/schema\/person\/9d198fedaef82cec34c41260a51964a6\",\"name\":\"Administraci\u00f3 Bisbat de Mallorca\",\"image\":{\"@type\":\"ImageObject\",\"inLanguage\":\"ca\",\"@id\":\"https:\/\/www.bisbatdemallorca.org\/ca\/#\/schema\/person\/image\/\",\"url\":\"https:\/\/secure.gravatar.com\/avatar\/cc0dac0bd15aa6305e120ea8e5b6c12f94c8fe06a53230fa56abffe62cefceb4?s=96&d=mm&r=g\",\"contentUrl\":\"https:\/\/secure.gravatar.com\/avatar\/cc0dac0bd15aa6305e120ea8e5b6c12f94c8fe06a53230fa56abffe62cefceb4?s=96&d=mm&r=g\",\"caption\":\"Administraci\u00f3 Bisbat de Mallorca\"},\"sameAs\":[\"https:\/\/bisbatdemallorca.org\"],\"url\":\"https:\/\/www.bisbatdemallorca.org\/ca\/author\/administraciobisbat\/\"}]}<\/script>\n<!-- \/ Yoast SEO plugin. -->","yoast_head_json":{"title":"Obertura del Jubileu de l'Esperan\u00e7a a l'Esgl\u00e9sia de Mallorca","robots":{"index":"index","follow":"follow","max-snippet":"max-snippet:-1","max-image-preview":"max-image-preview:large","max-video-preview":"max-video-preview:-1"},"canonical":"https:\/\/www.bisbatdemallorca.org\/ca\/obertura-del-jubileu-de-lesperanca-a-lesglesia-de-mallorca\/","og_locale":"ca_ES","og_type":"article","og_title":"[:ca]Obertura del Jubileu de l'Esperan\u00e7a a l'Esgl\u00e9sia de Mallorca[:es]Apertura del Jubileo de la Esperanza en la Iglesia de Mallorca[:] - Bisbat de Mallorca","og_description":"Ahir diumenge, dia 29 de desembre, les di\u00f2cesis de tot [...]","og_url":"https:\/\/www.bisbatdemallorca.org\/ca\/obertura-del-jubileu-de-lesperanca-a-lesglesia-de-mallorca\/","og_site_name":"Bisbat de Mallorca","article_published_time":"2024-12-30T11:01:41+00:00","article_modified_time":"2025-02-27T12:03:53+00:00","og_image":[{"width":1536,"height":2048,"url":"https:\/\/www.bisbatdemallorca.org\/wp-content\/uploads\/2024\/12\/WhatsApp-Image-2024-12-30-at-08.59.18.jpeg","type":"image\/jpeg"}],"author":"Administraci\u00f3 Bisbat de Mallorca","twitter_card":"summary_large_image","twitter_misc":{"Escrit per":"Administraci\u00f3 Bisbat de Mallorca","Temps estimat de lectura":"5 minuts"},"schema":{"@context":"https:\/\/schema.org","@graph":[{"@type":"Article","@id":"https:\/\/www.bisbatdemallorca.org\/obertura-del-jubileu-de-lesperanca-a-lesglesia-de-mallorca\/#article","isPartOf":{"@id":"https:\/\/www.bisbatdemallorca.org\/obertura-del-jubileu-de-lesperanca-a-lesglesia-de-mallorca\/"},"author":{"name":"Administraci\u00f3 Bisbat de Mallorca","@id":"https:\/\/www.bisbatdemallorca.org\/ca\/#\/schema\/person\/9d198fedaef82cec34c41260a51964a6"},"headline":"Obertura del Jubileu de l&#8217;Esperan\u00e7a a l&#8217;Esgl\u00e9sia de Mallorca","datePublished":"2024-12-30T11:01:41+00:00","dateModified":"2025-02-27T12:03:53+00:00","mainEntityOfPage":{"@id":"https:\/\/www.bisbatdemallorca.org\/obertura-del-jubileu-de-lesperanca-a-lesglesia-de-mallorca\/"},"wordCount":1028,"commentCount":0,"publisher":{"@id":"https:\/\/www.bisbatdemallorca.org\/ca\/#organization"},"image":{"@id":"https:\/\/www.bisbatdemallorca.org\/obertura-del-jubileu-de-lesperanca-a-lesglesia-de-mallorca\/#primaryimage"},"thumbnailUrl":"https:\/\/www.bisbatdemallorca.org\/wp-content\/uploads\/2024\/12\/WhatsApp-Image-2024-12-30-at-08.59.18.jpeg","articleSection":["Agencia Bal\u00e8ria","Jubileu"],"inLanguage":"ca","potentialAction":[{"@type":"CommentAction","name":"Comment","target":["https:\/\/www.bisbatdemallorca.org\/obertura-del-jubileu-de-lesperanca-a-lesglesia-de-mallorca\/#respond"]}]},{"@type":"WebPage","@id":"https:\/\/www.bisbatdemallorca.org\/obertura-del-jubileu-de-lesperanca-a-lesglesia-de-mallorca\/","url":"https:\/\/www.bisbatdemallorca.org\/obertura-del-jubileu-de-lesperanca-a-lesglesia-de-mallorca\/","name":"Obertura del Jubileu de l'Esperan\u00e7a a l'Esgl\u00e9sia de Mallorca","isPartOf":{"@id":"https:\/\/www.bisbatdemallorca.org\/ca\/#website"},"primaryImageOfPage":{"@id":"https:\/\/www.bisbatdemallorca.org\/obertura-del-jubileu-de-lesperanca-a-lesglesia-de-mallorca\/#primaryimage"},"image":{"@id":"https:\/\/www.bisbatdemallorca.org\/obertura-del-jubileu-de-lesperanca-a-lesglesia-de-mallorca\/#primaryimage"},"thumbnailUrl":"https:\/\/www.bisbatdemallorca.org\/wp-content\/uploads\/2024\/12\/WhatsApp-Image-2024-12-30-at-08.59.18.jpeg","datePublished":"2024-12-30T11:01:41+00:00","dateModified":"2025-02-27T12:03:53+00:00","breadcrumb":{"@id":"https:\/\/www.bisbatdemallorca.org\/obertura-del-jubileu-de-lesperanca-a-lesglesia-de-mallorca\/#breadcrumb"},"inLanguage":"ca","potentialAction":[{"@type":"ReadAction","target":["https:\/\/www.bisbatdemallorca.org\/obertura-del-jubileu-de-lesperanca-a-lesglesia-de-mallorca\/"]}]},{"@type":"ImageObject","inLanguage":"ca","@id":"https:\/\/www.bisbatdemallorca.org\/obertura-del-jubileu-de-lesperanca-a-lesglesia-de-mallorca\/#primaryimage","url":"https:\/\/www.bisbatdemallorca.org\/wp-content\/uploads\/2024\/12\/WhatsApp-Image-2024-12-30-at-08.59.18.jpeg","contentUrl":"https:\/\/www.bisbatdemallorca.org\/wp-content\/uploads\/2024\/12\/WhatsApp-Image-2024-12-30-at-08.59.18.jpeg","width":1536,"height":2048},{"@type":"BreadcrumbList","@id":"https:\/\/www.bisbatdemallorca.org\/obertura-del-jubileu-de-lesperanca-a-lesglesia-de-mallorca\/#breadcrumb","itemListElement":[{"@type":"ListItem","position":1,"name":"Portada","item":"https:\/\/www.bisbatdemallorca.org\/ca\/"},{"@type":"ListItem","position":2,"name":"Apertura del Jubileo de la Esperanza en la Iglesia de Mallorca"}]},{"@type":"WebSite","@id":"https:\/\/www.bisbatdemallorca.org\/ca\/#website","url":"https:\/\/www.bisbatdemallorca.org\/ca\/","name":"Bisbat de Mallorca","description":"Just another WordPress site","publisher":{"@id":"https:\/\/www.bisbatdemallorca.org\/ca\/#organization"},"potentialAction":[{"@type":"SearchAction","target":{"@type":"EntryPoint","urlTemplate":"https:\/\/www.bisbatdemallorca.org\/ca\/?s={search_term_string}"},"query-input":{"@type":"PropertyValueSpecification","valueRequired":true,"valueName":"search_term_string"}}],"inLanguage":"ca"},{"@type":"Organization","@id":"https:\/\/www.bisbatdemallorca.org\/ca\/#organization","name":"Bisbat De Mallorca","url":"https:\/\/www.bisbatdemallorca.org\/ca\/","logo":{"@type":"ImageObject","inLanguage":"ca","@id":"https:\/\/www.bisbatdemallorca.org\/ca\/#\/schema\/logo\/image\/","url":"https:\/\/bisbatdemallorca.org\/wp-content\/uploads\/2022\/04\/Logo_Bisbat-de-Mallorca-scaled.jpeg","contentUrl":"https:\/\/bisbatdemallorca.org\/wp-content\/uploads\/2022\/04\/Logo_Bisbat-de-Mallorca-scaled.jpeg","width":2560,"height":1810,"caption":"Bisbat De Mallorca"},"image":{"@id":"https:\/\/www.bisbatdemallorca.org\/ca\/#\/schema\/logo\/image\/"}},{"@type":"Person","@id":"https:\/\/www.bisbatdemallorca.org\/ca\/#\/schema\/person\/9d198fedaef82cec34c41260a51964a6","name":"Administraci\u00f3 Bisbat de Mallorca","image":{"@type":"ImageObject","inLanguage":"ca","@id":"https:\/\/www.bisbatdemallorca.org\/ca\/#\/schema\/person\/image\/","url":"https:\/\/secure.gravatar.com\/avatar\/cc0dac0bd15aa6305e120ea8e5b6c12f94c8fe06a53230fa56abffe62cefceb4?s=96&d=mm&r=g","contentUrl":"https:\/\/secure.gravatar.com\/avatar\/cc0dac0bd15aa6305e120ea8e5b6c12f94c8fe06a53230fa56abffe62cefceb4?s=96&d=mm&r=g","caption":"Administraci\u00f3 Bisbat de Mallorca"},"sameAs":["https:\/\/bisbatdemallorca.org"],"url":"https:\/\/www.bisbatdemallorca.org\/ca\/author\/administraciobisbat\/"}]}},"_links":{"self":[{"href":"https:\/\/www.bisbatdemallorca.org\/ca\/wp-json\/wp\/v2\/posts\/23593","targetHints":{"allow":["GET"]}}],"collection":[{"href":"https:\/\/www.bisbatdemallorca.org\/ca\/wp-json\/wp\/v2\/posts"}],"about":[{"href":"https:\/\/www.bisbatdemallorca.org\/ca\/wp-json\/wp\/v2\/types\/post"}],"author":[{"embeddable":true,"href":"https:\/\/www.bisbatdemallorca.org\/ca\/wp-json\/wp\/v2\/users\/2"}],"replies":[{"embeddable":true,"href":"https:\/\/www.bisbatdemallorca.org\/ca\/wp-json\/wp\/v2\/comments?post=23593"}],"version-history":[{"count":0,"href":"https:\/\/www.bisbatdemallorca.org\/ca\/wp-json\/wp\/v2\/posts\/23593\/revisions"}],"wp:featuredmedia":[{"embeddable":true,"href":"https:\/\/www.bisbatdemallorca.org\/ca\/wp-json\/wp\/v2\/media\/23600"}],"wp:attachment":[{"href":"https:\/\/www.bisbatdemallorca.org\/ca\/wp-json\/wp\/v2\/media?parent=23593"}],"wp:term":[{"taxonomy":"category","embeddable":true,"href":"https:\/\/www.bisbatdemallorca.org\/ca\/wp-json\/wp\/v2\/categories?post=23593"},{"taxonomy":"post_tag","embeddable":true,"href":"https:\/\/www.bisbatdemallorca.org\/ca\/wp-json\/wp\/v2\/tags?post=23593"}],"curies":[{"name":"wp","href":"https:\/\/api.w.org\/{rel}","templated":true}]}}