{"id":23738,"date":"2025-01-13T13:41:30","date_gmt":"2025-01-13T13:41:30","guid":{"rendered":"https:\/\/www.bisbatdemallorca.org\/ca\/?p=23738"},"modified":"2025-02-27T12:03:53","modified_gmt":"2025-02-27T12:03:53","slug":"obertura-del-jubileu-a-lluc","status":"publish","type":"post","link":"https:\/\/www.bisbatdemallorca.org\/ca\/obertura-del-jubileu-a-lluc\/","title":{"rendered":"Obertura del Jubileu a Lluc"},"content":{"rendered":"<p>Recentment el Bisbe de Mallorca design\u00e0 la bas\u00edlica de la Mare de D\u00e9u de Lluc com un dels tres temples jubilars on els cristians de Mallorca es podran adre\u00e7ar, durant tot aquest 2025, per tal d&#8217;obtenir les gr\u00e0cies de l&#8217;Any Sant. D&#8217;aquesta manera el passat dia 12 de gener, el mateix Santuari acoll\u00ed la gran celebraci\u00f3 de la seva particular obertura del Jubileu. Presid\u00ed Mons. Sebasti\u00e0 Taltavull, comptant amb la participaci\u00f3 del vicari general de la Di\u00f2cesi, de l&#8217;equip pastoral de Lluc, d&#8217;altres preveres que tamb\u00e9 hi concelebraren, del delegat episcopal per al Jubileu, de l&#8217;escolania de Blauets, dels seminaristes i de nombrosa representaci\u00f3 del Poble de D\u00e9u. La lit\u00fargia s&#8217;inici\u00e0 a la pla\u00e7a del Bisbe Campins amb unes paraules d&#8217;introducci\u00f3 i la lectura de l&#8217;Evangeli de Sant Joan que ens recorda que a la Casa del Pare hi ha estada per a tots, l&#8217;aspersi\u00f3 amb aigua bene\u00efda recordant el baptisme de tots els presents i la process\u00f3 fins a la Bas\u00edlica. Aquesta era presidida per la &#8220;Creu dels Pelegrins de Lluc&#8221;, donada al Santuari l&#8217;any 1984 pels malalts de Mallorca i que de llavors en\u00e7\u00e0 ha esdevingut icona per a tots els romeus que pugen fins a la Santa Casa. En aquest moment els Blauets cantaren l&#8217;Himne del Jubileu. Llavors la missa segu\u00ed amb la festa lit\u00fargica pr\u00f2pia del dia (Baptisme del Senyor) i amb el temple repl\u00e8 de fidels. A l&#8217;homilia, el Sr. Bisbe record\u00e0 que els cristians sempre hem d&#8217;estar en actitud de pelegrinatge, empesos per la for\u00e7a del propi Baptisme i units en una mateixa &#8220;barca&#8221; que, en el nostre cas, \u00e9s l&#8217;Esgl\u00e9sia de Mallorca.<\/p>\n<p>Tots els presents varen rebre una estampa en qu\u00e8 apareix impresa l&#8217;oraci\u00f3 composta pel papa Francesc amb motiu d&#8217;aquest Jubileu i la figura de la Mare de D\u00e9u de Lluc, la qual s&#8217;ofereix per acompanyar-nos en aquest Pelegrinatge d&#8217;Esperan\u00e7a, al qual tots som convidats.<\/p>\n<p>Cal apuntar que, amb motiu de l&#8217;obertura del Jubileu a Lluc, ja s&#8217;hi ha inaugurat l&#8217;allau de romiatges que hi han d&#8217;arribar. El primer l&#8217;han format una ampla representaci\u00f3 de l&#8217;\u00c0rea Caritativa de l&#8217;Esgl\u00e9sia de Mallorca formada, en aquesta ocasi\u00f3, per membres de Pastoral Penitenci\u00e0ria, Pastoral de la Salut, Fundaci\u00f3 La Sapi\u00e8ncia i C\u00e0ritas. Tamb\u00e9 s&#8217;hi han fet presents membres de Vida Consagrada, representants de les Associacions de Gent Gran de la Part Forana i dels Col\u00b7legis Diocesans.<\/p>\n","protected":false},"excerpt":{"rendered":"<p>Recentment el Bisbe de Mallorca design\u00e0 la bas\u00edlica de la  [&#8230;]<\/p>\n","protected":false},"author":2,"featured_media":23739,"comment_status":"open","ping_status":"open","sticky":false,"template":"","format":"standard","meta":{"footnotes":""},"categories":[16,1000],"tags":[],"class_list":["post-23738","post","type-post","status-publish","format-standard","has-post-thumbnail","hentry","category-agencia-baleria","category-jubileu"],"yoast_head":"<!-- This site is optimized with the Yoast SEO plugin v27.0 - https:\/\/yoast.com\/product\/yoast-seo-wordpress\/ -->\n<title>Obertura del Jubileu a Lluc<\/title>\n<meta name=\"robots\" content=\"index, follow, max-snippet:-1, max-image-preview:large, max-video-preview:-1\" \/>\n<link rel=\"canonical\" href=\"https:\/\/www.bisbatdemallorca.org\/ca\/obertura-del-jubileu-a-lluc\/\" \/>\n<meta property=\"og:locale\" content=\"ca_ES\" \/>\n<meta property=\"og:locale:alternate\" content=\"en_US\" \/>\n<meta property=\"og:locale:alternate\" content=\"es_ES\" \/>\n<meta property=\"og:type\" content=\"article\" \/>\n<meta property=\"og:title\" content=\"Obertura del Jubileu a Lluc\" \/>\n<meta property=\"og:description\" content=\"Recentment el Bisbe de Mallorca design\u00e0 la bas\u00edlica de la [...]\" \/>\n<meta property=\"og:url\" content=\"https:\/\/www.bisbatdemallorca.org\/ca\/obertura-del-jubileu-a-lluc\/\" \/>\n<meta property=\"og:site_name\" content=\"Bisbat de Mallorca\" \/>\n<meta property=\"article:published_time\" content=\"2025-01-13T13:41:30+00:00\" \/>\n<meta property=\"article:modified_time\" content=\"2025-02-27T12:03:53+00:00\" \/>\n<meta property=\"og:image\" content=\"https:\/\/www.bisbatdemallorca.org\/wp-content\/uploads\/2025\/01\/WhatsApp-Image-2025-01-12-at-16.59.38.jpeg\" \/>\n\t<meta property=\"og:image:width\" content=\"1600\" \/>\n\t<meta property=\"og:image:height\" content=\"1069\" \/>\n\t<meta property=\"og:image:type\" content=\"image\/jpeg\" \/>\n<meta name=\"author\" content=\"Administraci\u00f3 Bisbat de Mallorca\" \/>\n<meta name=\"twitter:card\" content=\"summary_large_image\" \/>\n<meta name=\"twitter:label1\" content=\"Escrit per\" \/>\n\t<meta name=\"twitter:data1\" content=\"Administraci\u00f3 Bisbat de Mallorca\" \/>\n\t<meta name=\"twitter:label2\" content=\"Temps estimat de lectura\" \/>\n\t<meta name=\"twitter:data2\" content=\"4 minuts\" \/>\n<script type=\"application\/ld+json\" class=\"yoast-schema-graph\">{\"@context\":\"https:\/\/schema.org\",\"@graph\":[{\"@type\":\"Article\",\"@id\":\"https:\/\/www.bisbatdemallorca.org\/ca\/obertura-del-jubileu-a-lluc\/#article\",\"isPartOf\":{\"@id\":\"https:\/\/www.bisbatdemallorca.org\/ca\/obertura-del-jubileu-a-lluc\/\"},\"author\":{\"name\":\"Administraci\u00f3 Bisbat de Mallorca\",\"@id\":\"https:\/\/www.bisbatdemallorca.org\/ca\/#\/schema\/person\/9d198fedaef82cec34c41260a51964a6\"},\"headline\":\"Obertura del Jubileu a Lluc\",\"datePublished\":\"2025-01-13T13:41:30+00:00\",\"dateModified\":\"2025-02-27T12:03:53+00:00\",\"mainEntityOfPage\":{\"@id\":\"https:\/\/www.bisbatdemallorca.org\/ca\/obertura-del-jubileu-a-lluc\/\"},\"wordCount\":876,\"commentCount\":0,\"publisher\":{\"@id\":\"https:\/\/www.bisbatdemallorca.org\/ca\/#organization\"},\"image\":{\"@id\":\"https:\/\/www.bisbatdemallorca.org\/ca\/obertura-del-jubileu-a-lluc\/#primaryimage\"},\"thumbnailUrl\":\"https:\/\/www.bisbatdemallorca.org\/wp-content\/uploads\/2025\/01\/WhatsApp-Image-2025-01-12-at-16.59.38.jpeg\",\"articleSection\":[\"Agencia Bal\u00e8ria\",\"Jubileu\"],\"inLanguage\":\"ca\",\"potentialAction\":[{\"@type\":\"CommentAction\",\"name\":\"Comment\",\"target\":[\"https:\/\/www.bisbatdemallorca.org\/ca\/obertura-del-jubileu-a-lluc\/#respond\"]}]},{\"@type\":\"WebPage\",\"@id\":\"https:\/\/www.bisbatdemallorca.org\/ca\/obertura-del-jubileu-a-lluc\/\",\"url\":\"https:\/\/www.bisbatdemallorca.org\/ca\/obertura-del-jubileu-a-lluc\/\",\"name\":\"Obertura del Jubileu a Lluc\",\"isPartOf\":{\"@id\":\"https:\/\/www.bisbatdemallorca.org\/ca\/#website\"},\"primaryImageOfPage\":{\"@id\":\"https:\/\/www.bisbatdemallorca.org\/ca\/obertura-del-jubileu-a-lluc\/#primaryimage\"},\"image\":{\"@id\":\"https:\/\/www.bisbatdemallorca.org\/ca\/obertura-del-jubileu-a-lluc\/#primaryimage\"},\"thumbnailUrl\":\"https:\/\/www.bisbatdemallorca.org\/wp-content\/uploads\/2025\/01\/WhatsApp-Image-2025-01-12-at-16.59.38.jpeg\",\"datePublished\":\"2025-01-13T13:41:30+00:00\",\"dateModified\":\"2025-02-27T12:03:53+00:00\",\"breadcrumb\":{\"@id\":\"https:\/\/www.bisbatdemallorca.org\/ca\/obertura-del-jubileu-a-lluc\/#breadcrumb\"},\"inLanguage\":\"ca\",\"potentialAction\":[{\"@type\":\"ReadAction\",\"target\":[\"https:\/\/www.bisbatdemallorca.org\/ca\/obertura-del-jubileu-a-lluc\/\"]}]},{\"@type\":\"ImageObject\",\"inLanguage\":\"ca\",\"@id\":\"https:\/\/www.bisbatdemallorca.org\/ca\/obertura-del-jubileu-a-lluc\/#primaryimage\",\"url\":\"https:\/\/www.bisbatdemallorca.org\/wp-content\/uploads\/2025\/01\/WhatsApp-Image-2025-01-12-at-16.59.38.jpeg\",\"contentUrl\":\"https:\/\/www.bisbatdemallorca.org\/wp-content\/uploads\/2025\/01\/WhatsApp-Image-2025-01-12-at-16.59.38.jpeg\",\"width\":1600,\"height\":1069},{\"@type\":\"BreadcrumbList\",\"@id\":\"https:\/\/www.bisbatdemallorca.org\/ca\/obertura-del-jubileu-a-lluc\/#breadcrumb\",\"itemListElement\":[{\"@type\":\"ListItem\",\"position\":1,\"name\":\"Portada\",\"item\":\"https:\/\/www.bisbatdemallorca.org\/ca\/\"},{\"@type\":\"ListItem\",\"position\":2,\"name\":\"Obertura del Jubileu a Lluc\"}]},{\"@type\":\"WebSite\",\"@id\":\"https:\/\/www.bisbatdemallorca.org\/ca\/#website\",\"url\":\"https:\/\/www.bisbatdemallorca.org\/ca\/\",\"name\":\"Bisbat de Mallorca\",\"description\":\"Just another WordPress site\",\"publisher\":{\"@id\":\"https:\/\/www.bisbatdemallorca.org\/ca\/#organization\"},\"potentialAction\":[{\"@type\":\"SearchAction\",\"target\":{\"@type\":\"EntryPoint\",\"urlTemplate\":\"https:\/\/www.bisbatdemallorca.org\/ca\/?s={search_term_string}\"},\"query-input\":{\"@type\":\"PropertyValueSpecification\",\"valueRequired\":true,\"valueName\":\"search_term_string\"}}],\"inLanguage\":\"ca\"},{\"@type\":\"Organization\",\"@id\":\"https:\/\/www.bisbatdemallorca.org\/ca\/#organization\",\"name\":\"Bisbat De Mallorca\",\"url\":\"https:\/\/www.bisbatdemallorca.org\/ca\/\",\"logo\":{\"@type\":\"ImageObject\",\"inLanguage\":\"ca\",\"@id\":\"https:\/\/www.bisbatdemallorca.org\/ca\/#\/schema\/logo\/image\/\",\"url\":\"https:\/\/bisbatdemallorca.org\/wp-content\/uploads\/2022\/04\/Logo_Bisbat-de-Mallorca-scaled.jpeg\",\"contentUrl\":\"https:\/\/bisbatdemallorca.org\/wp-content\/uploads\/2022\/04\/Logo_Bisbat-de-Mallorca-scaled.jpeg\",\"width\":2560,\"height\":1810,\"caption\":\"Bisbat De Mallorca\"},\"image\":{\"@id\":\"https:\/\/www.bisbatdemallorca.org\/ca\/#\/schema\/logo\/image\/\"}},{\"@type\":\"Person\",\"@id\":\"https:\/\/www.bisbatdemallorca.org\/ca\/#\/schema\/person\/9d198fedaef82cec34c41260a51964a6\",\"name\":\"Administraci\u00f3 Bisbat de Mallorca\",\"image\":{\"@type\":\"ImageObject\",\"inLanguage\":\"ca\",\"@id\":\"https:\/\/www.bisbatdemallorca.org\/ca\/#\/schema\/person\/image\/\",\"url\":\"https:\/\/secure.gravatar.com\/avatar\/cc0dac0bd15aa6305e120ea8e5b6c12f94c8fe06a53230fa56abffe62cefceb4?s=96&d=mm&r=g\",\"contentUrl\":\"https:\/\/secure.gravatar.com\/avatar\/cc0dac0bd15aa6305e120ea8e5b6c12f94c8fe06a53230fa56abffe62cefceb4?s=96&d=mm&r=g\",\"caption\":\"Administraci\u00f3 Bisbat de Mallorca\"},\"sameAs\":[\"https:\/\/bisbatdemallorca.org\"],\"url\":\"https:\/\/www.bisbatdemallorca.org\/ca\/author\/administraciobisbat\/\"}]}<\/script>\n<!-- \/ Yoast SEO plugin. -->","yoast_head_json":{"title":"Obertura del Jubileu a Lluc","robots":{"index":"index","follow":"follow","max-snippet":"max-snippet:-1","max-image-preview":"max-image-preview:large","max-video-preview":"max-video-preview:-1"},"canonical":"https:\/\/www.bisbatdemallorca.org\/ca\/obertura-del-jubileu-a-lluc\/","og_locale":"ca_ES","og_type":"article","og_title":"[:ca]Obertura del Jubileu a Lluc[:es]Apertura del Jubileo en Lluc[:] - Bisbat de Mallorca","og_description":"Recentment el Bisbe de Mallorca design\u00e0 la bas\u00edlica de la [...]","og_url":"https:\/\/www.bisbatdemallorca.org\/ca\/obertura-del-jubileu-a-lluc\/","og_site_name":"Bisbat de Mallorca","article_published_time":"2025-01-13T13:41:30+00:00","article_modified_time":"2025-02-27T12:03:53+00:00","og_image":[{"width":1600,"height":1069,"url":"https:\/\/www.bisbatdemallorca.org\/wp-content\/uploads\/2025\/01\/WhatsApp-Image-2025-01-12-at-16.59.38.jpeg","type":"image\/jpeg"}],"author":"Administraci\u00f3 Bisbat de Mallorca","twitter_card":"summary_large_image","twitter_misc":{"Escrit per":"Administraci\u00f3 Bisbat de Mallorca","Temps estimat de lectura":"4 minuts"},"schema":{"@context":"https:\/\/schema.org","@graph":[{"@type":"Article","@id":"https:\/\/www.bisbatdemallorca.org\/ca\/obertura-del-jubileu-a-lluc\/#article","isPartOf":{"@id":"https:\/\/www.bisbatdemallorca.org\/ca\/obertura-del-jubileu-a-lluc\/"},"author":{"name":"Administraci\u00f3 Bisbat de Mallorca","@id":"https:\/\/www.bisbatdemallorca.org\/ca\/#\/schema\/person\/9d198fedaef82cec34c41260a51964a6"},"headline":"Obertura del Jubileu a Lluc","datePublished":"2025-01-13T13:41:30+00:00","dateModified":"2025-02-27T12:03:53+00:00","mainEntityOfPage":{"@id":"https:\/\/www.bisbatdemallorca.org\/ca\/obertura-del-jubileu-a-lluc\/"},"wordCount":876,"commentCount":0,"publisher":{"@id":"https:\/\/www.bisbatdemallorca.org\/ca\/#organization"},"image":{"@id":"https:\/\/www.bisbatdemallorca.org\/ca\/obertura-del-jubileu-a-lluc\/#primaryimage"},"thumbnailUrl":"https:\/\/www.bisbatdemallorca.org\/wp-content\/uploads\/2025\/01\/WhatsApp-Image-2025-01-12-at-16.59.38.jpeg","articleSection":["Agencia Bal\u00e8ria","Jubileu"],"inLanguage":"ca","potentialAction":[{"@type":"CommentAction","name":"Comment","target":["https:\/\/www.bisbatdemallorca.org\/ca\/obertura-del-jubileu-a-lluc\/#respond"]}]},{"@type":"WebPage","@id":"https:\/\/www.bisbatdemallorca.org\/ca\/obertura-del-jubileu-a-lluc\/","url":"https:\/\/www.bisbatdemallorca.org\/ca\/obertura-del-jubileu-a-lluc\/","name":"Obertura del Jubileu a Lluc","isPartOf":{"@id":"https:\/\/www.bisbatdemallorca.org\/ca\/#website"},"primaryImageOfPage":{"@id":"https:\/\/www.bisbatdemallorca.org\/ca\/obertura-del-jubileu-a-lluc\/#primaryimage"},"image":{"@id":"https:\/\/www.bisbatdemallorca.org\/ca\/obertura-del-jubileu-a-lluc\/#primaryimage"},"thumbnailUrl":"https:\/\/www.bisbatdemallorca.org\/wp-content\/uploads\/2025\/01\/WhatsApp-Image-2025-01-12-at-16.59.38.jpeg","datePublished":"2025-01-13T13:41:30+00:00","dateModified":"2025-02-27T12:03:53+00:00","breadcrumb":{"@id":"https:\/\/www.bisbatdemallorca.org\/ca\/obertura-del-jubileu-a-lluc\/#breadcrumb"},"inLanguage":"ca","potentialAction":[{"@type":"ReadAction","target":["https:\/\/www.bisbatdemallorca.org\/ca\/obertura-del-jubileu-a-lluc\/"]}]},{"@type":"ImageObject","inLanguage":"ca","@id":"https:\/\/www.bisbatdemallorca.org\/ca\/obertura-del-jubileu-a-lluc\/#primaryimage","url":"https:\/\/www.bisbatdemallorca.org\/wp-content\/uploads\/2025\/01\/WhatsApp-Image-2025-01-12-at-16.59.38.jpeg","contentUrl":"https:\/\/www.bisbatdemallorca.org\/wp-content\/uploads\/2025\/01\/WhatsApp-Image-2025-01-12-at-16.59.38.jpeg","width":1600,"height":1069},{"@type":"BreadcrumbList","@id":"https:\/\/www.bisbatdemallorca.org\/ca\/obertura-del-jubileu-a-lluc\/#breadcrumb","itemListElement":[{"@type":"ListItem","position":1,"name":"Portada","item":"https:\/\/www.bisbatdemallorca.org\/ca\/"},{"@type":"ListItem","position":2,"name":"Obertura del Jubileu a Lluc"}]},{"@type":"WebSite","@id":"https:\/\/www.bisbatdemallorca.org\/ca\/#website","url":"https:\/\/www.bisbatdemallorca.org\/ca\/","name":"Bisbat de Mallorca","description":"Just another WordPress site","publisher":{"@id":"https:\/\/www.bisbatdemallorca.org\/ca\/#organization"},"potentialAction":[{"@type":"SearchAction","target":{"@type":"EntryPoint","urlTemplate":"https:\/\/www.bisbatdemallorca.org\/ca\/?s={search_term_string}"},"query-input":{"@type":"PropertyValueSpecification","valueRequired":true,"valueName":"search_term_string"}}],"inLanguage":"ca"},{"@type":"Organization","@id":"https:\/\/www.bisbatdemallorca.org\/ca\/#organization","name":"Bisbat De Mallorca","url":"https:\/\/www.bisbatdemallorca.org\/ca\/","logo":{"@type":"ImageObject","inLanguage":"ca","@id":"https:\/\/www.bisbatdemallorca.org\/ca\/#\/schema\/logo\/image\/","url":"https:\/\/bisbatdemallorca.org\/wp-content\/uploads\/2022\/04\/Logo_Bisbat-de-Mallorca-scaled.jpeg","contentUrl":"https:\/\/bisbatdemallorca.org\/wp-content\/uploads\/2022\/04\/Logo_Bisbat-de-Mallorca-scaled.jpeg","width":2560,"height":1810,"caption":"Bisbat De Mallorca"},"image":{"@id":"https:\/\/www.bisbatdemallorca.org\/ca\/#\/schema\/logo\/image\/"}},{"@type":"Person","@id":"https:\/\/www.bisbatdemallorca.org\/ca\/#\/schema\/person\/9d198fedaef82cec34c41260a51964a6","name":"Administraci\u00f3 Bisbat de Mallorca","image":{"@type":"ImageObject","inLanguage":"ca","@id":"https:\/\/www.bisbatdemallorca.org\/ca\/#\/schema\/person\/image\/","url":"https:\/\/secure.gravatar.com\/avatar\/cc0dac0bd15aa6305e120ea8e5b6c12f94c8fe06a53230fa56abffe62cefceb4?s=96&d=mm&r=g","contentUrl":"https:\/\/secure.gravatar.com\/avatar\/cc0dac0bd15aa6305e120ea8e5b6c12f94c8fe06a53230fa56abffe62cefceb4?s=96&d=mm&r=g","caption":"Administraci\u00f3 Bisbat de Mallorca"},"sameAs":["https:\/\/bisbatdemallorca.org"],"url":"https:\/\/www.bisbatdemallorca.org\/ca\/author\/administraciobisbat\/"}]}},"_links":{"self":[{"href":"https:\/\/www.bisbatdemallorca.org\/ca\/wp-json\/wp\/v2\/posts\/23738","targetHints":{"allow":["GET"]}}],"collection":[{"href":"https:\/\/www.bisbatdemallorca.org\/ca\/wp-json\/wp\/v2\/posts"}],"about":[{"href":"https:\/\/www.bisbatdemallorca.org\/ca\/wp-json\/wp\/v2\/types\/post"}],"author":[{"embeddable":true,"href":"https:\/\/www.bisbatdemallorca.org\/ca\/wp-json\/wp\/v2\/users\/2"}],"replies":[{"embeddable":true,"href":"https:\/\/www.bisbatdemallorca.org\/ca\/wp-json\/wp\/v2\/comments?post=23738"}],"version-history":[{"count":0,"href":"https:\/\/www.bisbatdemallorca.org\/ca\/wp-json\/wp\/v2\/posts\/23738\/revisions"}],"wp:featuredmedia":[{"embeddable":true,"href":"https:\/\/www.bisbatdemallorca.org\/ca\/wp-json\/wp\/v2\/media\/23739"}],"wp:attachment":[{"href":"https:\/\/www.bisbatdemallorca.org\/ca\/wp-json\/wp\/v2\/media?parent=23738"}],"wp:term":[{"taxonomy":"category","embeddable":true,"href":"https:\/\/www.bisbatdemallorca.org\/ca\/wp-json\/wp\/v2\/categories?post=23738"},{"taxonomy":"post_tag","embeddable":true,"href":"https:\/\/www.bisbatdemallorca.org\/ca\/wp-json\/wp\/v2\/tags?post=23738"}],"curies":[{"name":"wp","href":"https:\/\/api.w.org\/{rel}","templated":true}]}}