{"id":24027,"date":"2025-01-25T11:04:10","date_gmt":"2025-01-25T11:04:10","guid":{"rendered":"https:\/\/www.bisbatdemallorca.org\/ca\/?p=24027"},"modified":"2025-02-27T12:03:53","modified_gmt":"2025-02-27T12:03:53","slug":"la-diocesi-de-mallorca-participa-en-lassemblea-de-delegats-de-mitjans-de-comunicacio-social-reunida-a-roma-pel-jubileu-2025","status":"publish","type":"post","link":"https:\/\/www.bisbatdemallorca.org\/ca\/la-diocesi-de-mallorca-participa-en-lassemblea-de-delegats-de-mitjans-de-comunicacio-social-reunida-a-roma-pel-jubileu-2025\/","title":{"rendered":"La Di\u00f2cesi de Mallorca participa en l\u2019Assemblea de delegats de Mitjans de Comunicaci\u00f3 Social reunida a Roma pel Jubileu 2025"},"content":{"rendered":"<p class=\"p1\"><span class=\"s1\">L\u2019Assemblea\u00a0de\u00a0delegats diocesans per a les Comunicacions Socials\u00a0t\u00e9 lloc enguany a Roma amb motiu del\u00a0<span class=\"s2\">Jubileu 2025<\/span><span class=\"s3\">.<\/span>\u00a0El bisbe de Mallorca, Mons. Sebasti\u00e0 Taltavull, que \u00e9s membre de la Comissi\u00f3 Episcopal per a les Comunicacions Socials de la Confer\u00e8ncia Episcopal, i la responsable de Comunicaci\u00f3 del Bisbat de Mallorca, hi estan participant des del divendres 24, festivitat de\u00a0Sant Francesc de Sales, patr\u00f3 dels periodistes i comunicadors, i es perllongar\u00e0 fins el diumenge 26.<\/span><\/p>\n<p class=\"p1\"><span class=\"s1\"><b>Visites a la Sala Stampa i a l\u2019Ambaixada davant la Santa Seu<\/b><\/span><\/p>\n<p class=\"p1\"><span class=\"s1\">La sessi\u00f3 inaugural tingu\u00e9 lloc ahir divendres a la Sala Stampa (oficina de premsa del Vatic\u00e0) amb les paraules Mons<strong>. Salvador Gim\u00e9nez<\/strong>, Bisbe de Lleida, que va fer una breu reflexi\u00f3 sobre el Missatge per a la Jornada Mundial de les Comunicacions Socials (1r de juny) que el papa Francesc va fer p\u00fablic el mateix dia amb el tema, \u201cCompartiu amb mansuetud l\u2019esperan\u00e7a que hi ha als vostres cors\u201d.<\/span><\/p>\n<p class=\"p1\"><span class=\"s1\">Despr\u00e9s hi hagu\u00e9 una\u00a0xerrada amb el director de la\u00a0Sala Stampa,\u00a0Matteo Bruni,\u00a0que explic\u00e0 com \u00e9s la feina de l\u2019Oficina que dirigeix. A continuaci\u00f3, els delegats de Mitjans visitaren\u00a0les instal\u00b7lacions de la sala de premsa vaticana.\u00a0D\u2019all\u00e0 es traslladaren fins a l\u2019Ambaixada d\u2019Espanya davant la Santa Seu, on mantingueren una trobada amb l\u2019ambaixadora, Isabel Cela\u00e1.<\/span><\/p>\n<p class=\"p1\"><span class=\"s1\">El primer dia d\u2019aquestes Jornades finalitz\u00e0 a la Bas\u00edlica de Sant Joan del Later\u00e0, on participaren en la celebraci\u00f3 de l\u2019eucaristia internacional presidida pel papa Francesc amb motiu de la festa de Sant Francesc de Sales.<\/span><\/p>\n<p class=\"p1\"><span class=\"s1\"><b>Els delegats de Mitjans en el Jubileu de la Comunicaci\u00f3<\/b><\/span><\/p>\n<p class=\"p1\"><span class=\"s1\">Per a dissabte 25 de gener, s\u2019havia \u00a0programat la peregrinaci\u00f3 jubilar. Els delegats han sortit de l\u2019Esgl\u00e9sia Nacional Espanyola de Santa Maria de Montserrat fins a la Ciutat del Vatic\u00e0 per travessar la Porta Santa de la Bas\u00edlica de Sant Pere (s&#8217;adjunten fotos), on Mons. Lorca ha presidit l\u2019Eucaristia. Despr\u00e9s s\u2019han unit a la resta de periodistes de tot el m\u00f3n en la trobada amb el Sant Pare, a l\u2019Aula Pau VI.<\/span><\/p>\n<p class=\"p1\"><span class=\"s1\">Continuant amb la programaci\u00f3 del Jubileu, dissabte horabaixa assistiran a la\u00a0trobada \u201cContar l\u2019Esgl\u00e9sia des de Roma\u201d, que tindr\u00e0 lloc a l\u2019Aula Giubileo de la Universitat\u00a0LUMSA. En aquest acte, els delegats podran escoltar els\u00a0periodistes de llengua espanyola\u00a0acreditats davant la Santa Seu i dialogar-hi.<\/span><\/p>\n<p class=\"p1\"><span class=\"s1\">Finalment, el\u00a0diumenge 26 de gener, la peregrinaci\u00f3 espanyola dels delegats diocesans de Mitjans\u00a0assistir\u00e0 a la\u00a0Santa Missa del\u00a0<span class=\"s4\">Diumenge de la Paraula de D<\/span><\/span><span class=\"s5\">\u00e9u<\/span><span class=\"s1\">,\u00a0presidida pel\u00a0papa Francesc, amb la qual es clausura el\u00a0jubileu per a la Comunicaci\u00f3\u00a0amb motiu de l\u2019Any Sant\u00a02025.<\/span><\/p>\n","protected":false},"excerpt":{"rendered":"<p>L\u2019Assemblea\u00a0de\u00a0delegats diocesans per a les Comunicacions Socials\u00a0t\u00e9 lloc enguany a  [&#8230;]<\/p>\n","protected":false},"author":2,"featured_media":24033,"comment_status":"open","ping_status":"open","sticky":false,"template":"","format":"standard","meta":{"footnotes":""},"categories":[16,1000],"tags":[],"class_list":["post-24027","post","type-post","status-publish","format-standard","has-post-thumbnail","hentry","category-agencia-baleria","category-jubileu"],"yoast_head":"<!-- This site is optimized with the Yoast SEO plugin v27.0 - https:\/\/yoast.com\/product\/yoast-seo-wordpress\/ -->\n<title>La Di\u00f2cesi de Mallorca participa en l\u2019Assemblea de delegats de Mitjans de Comunicaci\u00f3 Social reunida a Roma pel Jubileu 2025<\/title>\n<meta name=\"robots\" content=\"index, follow, max-snippet:-1, max-image-preview:large, max-video-preview:-1\" \/>\n<link rel=\"canonical\" href=\"https:\/\/www.bisbatdemallorca.org\/ca\/la-diocesi-de-mallorca-participa-en-lassemblea-de-delegats-de-mitjans-de-comunicacio-social-reunida-a-roma-pel-jubileu-2025\/\" \/>\n<meta property=\"og:locale\" content=\"ca_ES\" \/>\n<meta property=\"og:locale:alternate\" content=\"en_US\" \/>\n<meta property=\"og:locale:alternate\" content=\"es_ES\" \/>\n<meta property=\"og:type\" content=\"article\" \/>\n<meta property=\"og:title\" content=\"La Di\u00f2cesi de Mallorca participa en l\u2019Assemblea de delegats de Mitjans de Comunicaci\u00f3 Social reunida a Roma pel Jubileu 2025\" \/>\n<meta property=\"og:description\" content=\"L\u2019Assemblea\u00a0de\u00a0delegats diocesans per a les Comunicacions Socials\u00a0t\u00e9 lloc enguany a [...]\" \/>\n<meta property=\"og:url\" content=\"https:\/\/www.bisbatdemallorca.org\/ca\/la-diocesi-de-mallorca-participa-en-lassemblea-de-delegats-de-mitjans-de-comunicacio-social-reunida-a-roma-pel-jubileu-2025\/\" \/>\n<meta property=\"og:site_name\" content=\"Bisbat de Mallorca\" \/>\n<meta property=\"article:published_time\" content=\"2025-01-25T11:04:10+00:00\" \/>\n<meta property=\"article:modified_time\" content=\"2025-02-27T12:03:53+00:00\" \/>\n<meta property=\"og:image\" content=\"https:\/\/www.bisbatdemallorca.org\/wp-content\/uploads\/2025\/01\/WhatsApp-Image-2025-01-25-at-11.45.45.jpeg\" \/>\n\t<meta property=\"og:image:width\" content=\"1600\" \/>\n\t<meta property=\"og:image:height\" content=\"1200\" \/>\n\t<meta property=\"og:image:type\" content=\"image\/jpeg\" \/>\n<meta name=\"author\" content=\"Administraci\u00f3 Bisbat de Mallorca\" \/>\n<meta name=\"twitter:card\" content=\"summary_large_image\" \/>\n<meta name=\"twitter:label1\" content=\"Escrit per\" \/>\n\t<meta name=\"twitter:data1\" content=\"Administraci\u00f3 Bisbat de Mallorca\" \/>\n\t<meta name=\"twitter:label2\" content=\"Temps estimat de lectura\" \/>\n\t<meta name=\"twitter:data2\" content=\"5 minuts\" \/>\n<script type=\"application\/ld+json\" class=\"yoast-schema-graph\">{\"@context\":\"https:\/\/schema.org\",\"@graph\":[{\"@type\":\"Article\",\"@id\":\"https:\/\/www.bisbatdemallorca.org\/ca\/la-diocesi-de-mallorca-participa-en-lassemblea-de-delegats-de-mitjans-de-comunicacio-social-reunida-a-roma-pel-jubileu-2025\/#article\",\"isPartOf\":{\"@id\":\"https:\/\/www.bisbatdemallorca.org\/ca\/la-diocesi-de-mallorca-participa-en-lassemblea-de-delegats-de-mitjans-de-comunicacio-social-reunida-a-roma-pel-jubileu-2025\/\"},\"author\":{\"name\":\"Administraci\u00f3 Bisbat de Mallorca\",\"@id\":\"https:\/\/www.bisbatdemallorca.org\/ca\/#\/schema\/person\/9d198fedaef82cec34c41260a51964a6\"},\"headline\":\"La Di\u00f2cesi de Mallorca participa en l\u2019Assemblea de delegats de Mitjans de Comunicaci\u00f3 Social reunida a Roma pel Jubileu 2025\",\"datePublished\":\"2025-01-25T11:04:10+00:00\",\"dateModified\":\"2025-02-27T12:03:53+00:00\",\"mainEntityOfPage\":{\"@id\":\"https:\/\/www.bisbatdemallorca.org\/ca\/la-diocesi-de-mallorca-participa-en-lassemblea-de-delegats-de-mitjans-de-comunicacio-social-reunida-a-roma-pel-jubileu-2025\/\"},\"wordCount\":968,\"commentCount\":0,\"publisher\":{\"@id\":\"https:\/\/www.bisbatdemallorca.org\/ca\/#organization\"},\"image\":{\"@id\":\"https:\/\/www.bisbatdemallorca.org\/ca\/la-diocesi-de-mallorca-participa-en-lassemblea-de-delegats-de-mitjans-de-comunicacio-social-reunida-a-roma-pel-jubileu-2025\/#primaryimage\"},\"thumbnailUrl\":\"https:\/\/www.bisbatdemallorca.org\/wp-content\/uploads\/2025\/01\/WhatsApp-Image-2025-01-25-at-11.45.45.jpeg\",\"articleSection\":[\"Agencia Bal\u00e8ria\",\"Jubileu\"],\"inLanguage\":\"ca\",\"potentialAction\":[{\"@type\":\"CommentAction\",\"name\":\"Comment\",\"target\":[\"https:\/\/www.bisbatdemallorca.org\/ca\/la-diocesi-de-mallorca-participa-en-lassemblea-de-delegats-de-mitjans-de-comunicacio-social-reunida-a-roma-pel-jubileu-2025\/#respond\"]}]},{\"@type\":\"WebPage\",\"@id\":\"https:\/\/www.bisbatdemallorca.org\/ca\/la-diocesi-de-mallorca-participa-en-lassemblea-de-delegats-de-mitjans-de-comunicacio-social-reunida-a-roma-pel-jubileu-2025\/\",\"url\":\"https:\/\/www.bisbatdemallorca.org\/ca\/la-diocesi-de-mallorca-participa-en-lassemblea-de-delegats-de-mitjans-de-comunicacio-social-reunida-a-roma-pel-jubileu-2025\/\",\"name\":\"La Di\u00f2cesi de Mallorca participa en l\u2019Assemblea de delegats de Mitjans de Comunicaci\u00f3 Social reunida a Roma pel Jubileu 2025\",\"isPartOf\":{\"@id\":\"https:\/\/www.bisbatdemallorca.org\/ca\/#website\"},\"primaryImageOfPage\":{\"@id\":\"https:\/\/www.bisbatdemallorca.org\/ca\/la-diocesi-de-mallorca-participa-en-lassemblea-de-delegats-de-mitjans-de-comunicacio-social-reunida-a-roma-pel-jubileu-2025\/#primaryimage\"},\"image\":{\"@id\":\"https:\/\/www.bisbatdemallorca.org\/ca\/la-diocesi-de-mallorca-participa-en-lassemblea-de-delegats-de-mitjans-de-comunicacio-social-reunida-a-roma-pel-jubileu-2025\/#primaryimage\"},\"thumbnailUrl\":\"https:\/\/www.bisbatdemallorca.org\/wp-content\/uploads\/2025\/01\/WhatsApp-Image-2025-01-25-at-11.45.45.jpeg\",\"datePublished\":\"2025-01-25T11:04:10+00:00\",\"dateModified\":\"2025-02-27T12:03:53+00:00\",\"breadcrumb\":{\"@id\":\"https:\/\/www.bisbatdemallorca.org\/ca\/la-diocesi-de-mallorca-participa-en-lassemblea-de-delegats-de-mitjans-de-comunicacio-social-reunida-a-roma-pel-jubileu-2025\/#breadcrumb\"},\"inLanguage\":\"ca\",\"potentialAction\":[{\"@type\":\"ReadAction\",\"target\":[\"https:\/\/www.bisbatdemallorca.org\/ca\/la-diocesi-de-mallorca-participa-en-lassemblea-de-delegats-de-mitjans-de-comunicacio-social-reunida-a-roma-pel-jubileu-2025\/\"]}]},{\"@type\":\"ImageObject\",\"inLanguage\":\"ca\",\"@id\":\"https:\/\/www.bisbatdemallorca.org\/ca\/la-diocesi-de-mallorca-participa-en-lassemblea-de-delegats-de-mitjans-de-comunicacio-social-reunida-a-roma-pel-jubileu-2025\/#primaryimage\",\"url\":\"https:\/\/www.bisbatdemallorca.org\/wp-content\/uploads\/2025\/01\/WhatsApp-Image-2025-01-25-at-11.45.45.jpeg\",\"contentUrl\":\"https:\/\/www.bisbatdemallorca.org\/wp-content\/uploads\/2025\/01\/WhatsApp-Image-2025-01-25-at-11.45.45.jpeg\",\"width\":1600,\"height\":1200},{\"@type\":\"BreadcrumbList\",\"@id\":\"https:\/\/www.bisbatdemallorca.org\/ca\/la-diocesi-de-mallorca-participa-en-lassemblea-de-delegats-de-mitjans-de-comunicacio-social-reunida-a-roma-pel-jubileu-2025\/#breadcrumb\",\"itemListElement\":[{\"@type\":\"ListItem\",\"position\":1,\"name\":\"Portada\",\"item\":\"https:\/\/www.bisbatdemallorca.org\/ca\/\"},{\"@type\":\"ListItem\",\"position\":2,\"name\":\"La Di\u00f2cesi de Mallorca participa en l\u2019Assemblea de delegats de Mitjans de Comunicaci\u00f3 Social reunida a Roma pel Jubileu 2025\"}]},{\"@type\":\"WebSite\",\"@id\":\"https:\/\/www.bisbatdemallorca.org\/ca\/#website\",\"url\":\"https:\/\/www.bisbatdemallorca.org\/ca\/\",\"name\":\"Bisbat de Mallorca\",\"description\":\"Just another WordPress site\",\"publisher\":{\"@id\":\"https:\/\/www.bisbatdemallorca.org\/ca\/#organization\"},\"potentialAction\":[{\"@type\":\"SearchAction\",\"target\":{\"@type\":\"EntryPoint\",\"urlTemplate\":\"https:\/\/www.bisbatdemallorca.org\/ca\/?s={search_term_string}\"},\"query-input\":{\"@type\":\"PropertyValueSpecification\",\"valueRequired\":true,\"valueName\":\"search_term_string\"}}],\"inLanguage\":\"ca\"},{\"@type\":\"Organization\",\"@id\":\"https:\/\/www.bisbatdemallorca.org\/ca\/#organization\",\"name\":\"Bisbat De Mallorca\",\"url\":\"https:\/\/www.bisbatdemallorca.org\/ca\/\",\"logo\":{\"@type\":\"ImageObject\",\"inLanguage\":\"ca\",\"@id\":\"https:\/\/www.bisbatdemallorca.org\/ca\/#\/schema\/logo\/image\/\",\"url\":\"https:\/\/bisbatdemallorca.org\/wp-content\/uploads\/2022\/04\/Logo_Bisbat-de-Mallorca-scaled.jpeg\",\"contentUrl\":\"https:\/\/bisbatdemallorca.org\/wp-content\/uploads\/2022\/04\/Logo_Bisbat-de-Mallorca-scaled.jpeg\",\"width\":2560,\"height\":1810,\"caption\":\"Bisbat De Mallorca\"},\"image\":{\"@id\":\"https:\/\/www.bisbatdemallorca.org\/ca\/#\/schema\/logo\/image\/\"}},{\"@type\":\"Person\",\"@id\":\"https:\/\/www.bisbatdemallorca.org\/ca\/#\/schema\/person\/9d198fedaef82cec34c41260a51964a6\",\"name\":\"Administraci\u00f3 Bisbat de Mallorca\",\"image\":{\"@type\":\"ImageObject\",\"inLanguage\":\"ca\",\"@id\":\"https:\/\/www.bisbatdemallorca.org\/ca\/#\/schema\/person\/image\/\",\"url\":\"https:\/\/secure.gravatar.com\/avatar\/cc0dac0bd15aa6305e120ea8e5b6c12f94c8fe06a53230fa56abffe62cefceb4?s=96&d=mm&r=g\",\"contentUrl\":\"https:\/\/secure.gravatar.com\/avatar\/cc0dac0bd15aa6305e120ea8e5b6c12f94c8fe06a53230fa56abffe62cefceb4?s=96&d=mm&r=g\",\"caption\":\"Administraci\u00f3 Bisbat de Mallorca\"},\"sameAs\":[\"https:\/\/bisbatdemallorca.org\"],\"url\":\"https:\/\/www.bisbatdemallorca.org\/ca\/author\/administraciobisbat\/\"}]}<\/script>\n<!-- \/ Yoast SEO plugin. -->","yoast_head_json":{"title":"La Di\u00f2cesi de Mallorca participa en l\u2019Assemblea de delegats de Mitjans de Comunicaci\u00f3 Social reunida a Roma pel Jubileu 2025","robots":{"index":"index","follow":"follow","max-snippet":"max-snippet:-1","max-image-preview":"max-image-preview:large","max-video-preview":"max-video-preview:-1"},"canonical":"https:\/\/www.bisbatdemallorca.org\/ca\/la-diocesi-de-mallorca-participa-en-lassemblea-de-delegats-de-mitjans-de-comunicacio-social-reunida-a-roma-pel-jubileu-2025\/","og_locale":"ca_ES","og_type":"article","og_title":"[:ca]La Di\u00f2cesi de Mallorca participa en l\u2019Assemblea de delegats de Mitjans de Comunicaci\u00f3 Social reunida a Roma pel Jubileu 2025[:es]La Di\u00f3cesis de Mallorca participa en la Asamblea de delegados de Medios de Comunicaci\u00f3n Social reunida en Roma por el Jubileo 2025[:] - Bisbat de Mallorca","og_description":"L\u2019Assemblea\u00a0de\u00a0delegats diocesans per a les Comunicacions Socials\u00a0t\u00e9 lloc enguany a [...]","og_url":"https:\/\/www.bisbatdemallorca.org\/ca\/la-diocesi-de-mallorca-participa-en-lassemblea-de-delegats-de-mitjans-de-comunicacio-social-reunida-a-roma-pel-jubileu-2025\/","og_site_name":"Bisbat de Mallorca","article_published_time":"2025-01-25T11:04:10+00:00","article_modified_time":"2025-02-27T12:03:53+00:00","og_image":[{"width":1600,"height":1200,"url":"https:\/\/www.bisbatdemallorca.org\/wp-content\/uploads\/2025\/01\/WhatsApp-Image-2025-01-25-at-11.45.45.jpeg","type":"image\/jpeg"}],"author":"Administraci\u00f3 Bisbat de Mallorca","twitter_card":"summary_large_image","twitter_misc":{"Escrit per":"Administraci\u00f3 Bisbat de Mallorca","Temps estimat de lectura":"5 minuts"},"schema":{"@context":"https:\/\/schema.org","@graph":[{"@type":"Article","@id":"https:\/\/www.bisbatdemallorca.org\/ca\/la-diocesi-de-mallorca-participa-en-lassemblea-de-delegats-de-mitjans-de-comunicacio-social-reunida-a-roma-pel-jubileu-2025\/#article","isPartOf":{"@id":"https:\/\/www.bisbatdemallorca.org\/ca\/la-diocesi-de-mallorca-participa-en-lassemblea-de-delegats-de-mitjans-de-comunicacio-social-reunida-a-roma-pel-jubileu-2025\/"},"author":{"name":"Administraci\u00f3 Bisbat de Mallorca","@id":"https:\/\/www.bisbatdemallorca.org\/ca\/#\/schema\/person\/9d198fedaef82cec34c41260a51964a6"},"headline":"La Di\u00f2cesi de Mallorca participa en l\u2019Assemblea de delegats de Mitjans de Comunicaci\u00f3 Social reunida a Roma pel Jubileu 2025","datePublished":"2025-01-25T11:04:10+00:00","dateModified":"2025-02-27T12:03:53+00:00","mainEntityOfPage":{"@id":"https:\/\/www.bisbatdemallorca.org\/ca\/la-diocesi-de-mallorca-participa-en-lassemblea-de-delegats-de-mitjans-de-comunicacio-social-reunida-a-roma-pel-jubileu-2025\/"},"wordCount":968,"commentCount":0,"publisher":{"@id":"https:\/\/www.bisbatdemallorca.org\/ca\/#organization"},"image":{"@id":"https:\/\/www.bisbatdemallorca.org\/ca\/la-diocesi-de-mallorca-participa-en-lassemblea-de-delegats-de-mitjans-de-comunicacio-social-reunida-a-roma-pel-jubileu-2025\/#primaryimage"},"thumbnailUrl":"https:\/\/www.bisbatdemallorca.org\/wp-content\/uploads\/2025\/01\/WhatsApp-Image-2025-01-25-at-11.45.45.jpeg","articleSection":["Agencia Bal\u00e8ria","Jubileu"],"inLanguage":"ca","potentialAction":[{"@type":"CommentAction","name":"Comment","target":["https:\/\/www.bisbatdemallorca.org\/ca\/la-diocesi-de-mallorca-participa-en-lassemblea-de-delegats-de-mitjans-de-comunicacio-social-reunida-a-roma-pel-jubileu-2025\/#respond"]}]},{"@type":"WebPage","@id":"https:\/\/www.bisbatdemallorca.org\/ca\/la-diocesi-de-mallorca-participa-en-lassemblea-de-delegats-de-mitjans-de-comunicacio-social-reunida-a-roma-pel-jubileu-2025\/","url":"https:\/\/www.bisbatdemallorca.org\/ca\/la-diocesi-de-mallorca-participa-en-lassemblea-de-delegats-de-mitjans-de-comunicacio-social-reunida-a-roma-pel-jubileu-2025\/","name":"La Di\u00f2cesi de Mallorca participa en l\u2019Assemblea de delegats de Mitjans de Comunicaci\u00f3 Social reunida a Roma pel Jubileu 2025","isPartOf":{"@id":"https:\/\/www.bisbatdemallorca.org\/ca\/#website"},"primaryImageOfPage":{"@id":"https:\/\/www.bisbatdemallorca.org\/ca\/la-diocesi-de-mallorca-participa-en-lassemblea-de-delegats-de-mitjans-de-comunicacio-social-reunida-a-roma-pel-jubileu-2025\/#primaryimage"},"image":{"@id":"https:\/\/www.bisbatdemallorca.org\/ca\/la-diocesi-de-mallorca-participa-en-lassemblea-de-delegats-de-mitjans-de-comunicacio-social-reunida-a-roma-pel-jubileu-2025\/#primaryimage"},"thumbnailUrl":"https:\/\/www.bisbatdemallorca.org\/wp-content\/uploads\/2025\/01\/WhatsApp-Image-2025-01-25-at-11.45.45.jpeg","datePublished":"2025-01-25T11:04:10+00:00","dateModified":"2025-02-27T12:03:53+00:00","breadcrumb":{"@id":"https:\/\/www.bisbatdemallorca.org\/ca\/la-diocesi-de-mallorca-participa-en-lassemblea-de-delegats-de-mitjans-de-comunicacio-social-reunida-a-roma-pel-jubileu-2025\/#breadcrumb"},"inLanguage":"ca","potentialAction":[{"@type":"ReadAction","target":["https:\/\/www.bisbatdemallorca.org\/ca\/la-diocesi-de-mallorca-participa-en-lassemblea-de-delegats-de-mitjans-de-comunicacio-social-reunida-a-roma-pel-jubileu-2025\/"]}]},{"@type":"ImageObject","inLanguage":"ca","@id":"https:\/\/www.bisbatdemallorca.org\/ca\/la-diocesi-de-mallorca-participa-en-lassemblea-de-delegats-de-mitjans-de-comunicacio-social-reunida-a-roma-pel-jubileu-2025\/#primaryimage","url":"https:\/\/www.bisbatdemallorca.org\/wp-content\/uploads\/2025\/01\/WhatsApp-Image-2025-01-25-at-11.45.45.jpeg","contentUrl":"https:\/\/www.bisbatdemallorca.org\/wp-content\/uploads\/2025\/01\/WhatsApp-Image-2025-01-25-at-11.45.45.jpeg","width":1600,"height":1200},{"@type":"BreadcrumbList","@id":"https:\/\/www.bisbatdemallorca.org\/ca\/la-diocesi-de-mallorca-participa-en-lassemblea-de-delegats-de-mitjans-de-comunicacio-social-reunida-a-roma-pel-jubileu-2025\/#breadcrumb","itemListElement":[{"@type":"ListItem","position":1,"name":"Portada","item":"https:\/\/www.bisbatdemallorca.org\/ca\/"},{"@type":"ListItem","position":2,"name":"La Di\u00f2cesi de Mallorca participa en l\u2019Assemblea de delegats de Mitjans de Comunicaci\u00f3 Social reunida a Roma pel Jubileu 2025"}]},{"@type":"WebSite","@id":"https:\/\/www.bisbatdemallorca.org\/ca\/#website","url":"https:\/\/www.bisbatdemallorca.org\/ca\/","name":"Bisbat de Mallorca","description":"Just another WordPress site","publisher":{"@id":"https:\/\/www.bisbatdemallorca.org\/ca\/#organization"},"potentialAction":[{"@type":"SearchAction","target":{"@type":"EntryPoint","urlTemplate":"https:\/\/www.bisbatdemallorca.org\/ca\/?s={search_term_string}"},"query-input":{"@type":"PropertyValueSpecification","valueRequired":true,"valueName":"search_term_string"}}],"inLanguage":"ca"},{"@type":"Organization","@id":"https:\/\/www.bisbatdemallorca.org\/ca\/#organization","name":"Bisbat De Mallorca","url":"https:\/\/www.bisbatdemallorca.org\/ca\/","logo":{"@type":"ImageObject","inLanguage":"ca","@id":"https:\/\/www.bisbatdemallorca.org\/ca\/#\/schema\/logo\/image\/","url":"https:\/\/bisbatdemallorca.org\/wp-content\/uploads\/2022\/04\/Logo_Bisbat-de-Mallorca-scaled.jpeg","contentUrl":"https:\/\/bisbatdemallorca.org\/wp-content\/uploads\/2022\/04\/Logo_Bisbat-de-Mallorca-scaled.jpeg","width":2560,"height":1810,"caption":"Bisbat De Mallorca"},"image":{"@id":"https:\/\/www.bisbatdemallorca.org\/ca\/#\/schema\/logo\/image\/"}},{"@type":"Person","@id":"https:\/\/www.bisbatdemallorca.org\/ca\/#\/schema\/person\/9d198fedaef82cec34c41260a51964a6","name":"Administraci\u00f3 Bisbat de Mallorca","image":{"@type":"ImageObject","inLanguage":"ca","@id":"https:\/\/www.bisbatdemallorca.org\/ca\/#\/schema\/person\/image\/","url":"https:\/\/secure.gravatar.com\/avatar\/cc0dac0bd15aa6305e120ea8e5b6c12f94c8fe06a53230fa56abffe62cefceb4?s=96&d=mm&r=g","contentUrl":"https:\/\/secure.gravatar.com\/avatar\/cc0dac0bd15aa6305e120ea8e5b6c12f94c8fe06a53230fa56abffe62cefceb4?s=96&d=mm&r=g","caption":"Administraci\u00f3 Bisbat de Mallorca"},"sameAs":["https:\/\/bisbatdemallorca.org"],"url":"https:\/\/www.bisbatdemallorca.org\/ca\/author\/administraciobisbat\/"}]}},"_links":{"self":[{"href":"https:\/\/www.bisbatdemallorca.org\/ca\/wp-json\/wp\/v2\/posts\/24027","targetHints":{"allow":["GET"]}}],"collection":[{"href":"https:\/\/www.bisbatdemallorca.org\/ca\/wp-json\/wp\/v2\/posts"}],"about":[{"href":"https:\/\/www.bisbatdemallorca.org\/ca\/wp-json\/wp\/v2\/types\/post"}],"author":[{"embeddable":true,"href":"https:\/\/www.bisbatdemallorca.org\/ca\/wp-json\/wp\/v2\/users\/2"}],"replies":[{"embeddable":true,"href":"https:\/\/www.bisbatdemallorca.org\/ca\/wp-json\/wp\/v2\/comments?post=24027"}],"version-history":[{"count":0,"href":"https:\/\/www.bisbatdemallorca.org\/ca\/wp-json\/wp\/v2\/posts\/24027\/revisions"}],"wp:featuredmedia":[{"embeddable":true,"href":"https:\/\/www.bisbatdemallorca.org\/ca\/wp-json\/wp\/v2\/media\/24033"}],"wp:attachment":[{"href":"https:\/\/www.bisbatdemallorca.org\/ca\/wp-json\/wp\/v2\/media?parent=24027"}],"wp:term":[{"taxonomy":"category","embeddable":true,"href":"https:\/\/www.bisbatdemallorca.org\/ca\/wp-json\/wp\/v2\/categories?post=24027"},{"taxonomy":"post_tag","embeddable":true,"href":"https:\/\/www.bisbatdemallorca.org\/ca\/wp-json\/wp\/v2\/tags?post=24027"}],"curies":[{"name":"wp","href":"https:\/\/api.w.org\/{rel}","templated":true}]}}