{"id":24915,"date":"2025-03-18T12:13:22","date_gmt":"2025-03-18T12:13:22","guid":{"rendered":"https:\/\/www.bisbatdemallorca.org\/ca\/?p=24915"},"modified":"2025-04-10T06:22:19","modified_gmt":"2025-04-10T06:22:19","slug":"la-familia-missionera-verbum-dei-celebra-el-jubileu-a-la-seu","status":"publish","type":"post","link":"https:\/\/www.bisbatdemallorca.org\/ca\/la-familia-missionera-verbum-dei-celebra-el-jubileu-a-la-seu\/","title":{"rendered":"La Fam\u00edlia Missionera Verbum Dei celebra el Jubileu a la Seu"},"content":{"rendered":"<p>El dissabte 15 de mar\u00e7, la Catedral de Mallorca acoll\u00ed un grup de la Fam\u00edlia Missionera Verbum Dei que havia peregrinat fins aquest temple jubilar per guanyar la indulg\u00e8ncia plen\u00e0ria. Foren rebuts i acompanyats pel deg\u00e0 de la Seu, Mn. Antoni Vera, i el canonge Mn. Pere Oliver, els quals impartiren una catequesi sobre el Jubileu i confessaren els participants abans de la celebraci\u00f3 eucar\u00edstica.<\/p>\n<p>Per guanyar el Jubileu, cal visitar durant l\u2019Any Sant algun dels temples designats per la Di\u00f2cesi, en el nostre cas la Seu, la bas\u00edlica de Sant Miquel a Palma o el Santuari de Lluc, participar-hi en qualque acte de culte o fer-hi oraci\u00f3 personal i resar alguna oraci\u00f3 per les intencions del Papa, aix\u00ed com confessar-se i combregar qualsevol dia compr\u00e8s entre els 15 dies anteriors o posteriors a la visita.<\/p>\n<p>L\u2019Any jubilar 2025, convocat pel papa Francesc amb el lema \u2018Pelegrins d\u2019Esperan\u00e7a\u2019, es perllonga al llarg de tot l\u2019any i conclour\u00e0 a Roma el 6 de gener de 2026, a les altres di\u00f2cesis el 28 de desembre de 2025. Els anys jubilars representen un per\u00edode de gr\u00e0cia i reconciliaci\u00f3 dins l\u2019Esgl\u00e9sia cat\u00f2lica, una oportunitat d\u2019enfortir la fe i treballar tots plegats per un m\u00f3n m\u00e9s just i solidari.<\/p>\n","protected":false},"excerpt":{"rendered":"<p>El dissabte 15 de mar\u00e7, la Catedral de Mallorca acoll\u00ed  [&#8230;]<\/p>\n","protected":false},"author":2,"featured_media":24916,"comment_status":"open","ping_status":"open","sticky":false,"template":"","format":"standard","meta":{"footnotes":""},"categories":[16,1000],"tags":[],"class_list":["post-24915","post","type-post","status-publish","format-standard","has-post-thumbnail","hentry","category-agencia-baleria","category-jubileu"],"yoast_head":"<!-- This site is optimized with the Yoast SEO plugin v27.0 - https:\/\/yoast.com\/product\/yoast-seo-wordpress\/ -->\n<title>La Fam\u00edlia Missionera Verbum Dei celebra el Jubileu a la Seu<\/title>\n<meta name=\"robots\" content=\"index, follow, max-snippet:-1, max-image-preview:large, max-video-preview:-1\" \/>\n<link rel=\"canonical\" href=\"https:\/\/www.bisbatdemallorca.org\/ca\/la-familia-missionera-verbum-dei-celebra-el-jubileu-a-la-seu\/\" \/>\n<meta property=\"og:locale\" content=\"ca_ES\" \/>\n<meta property=\"og:locale:alternate\" content=\"en_US\" \/>\n<meta property=\"og:locale:alternate\" content=\"es_ES\" \/>\n<meta property=\"og:type\" content=\"article\" \/>\n<meta property=\"og:title\" content=\"La Fam\u00edlia Missionera Verbum Dei celebra el Jubileu a la Seu\" \/>\n<meta property=\"og:description\" content=\"El dissabte 15 de mar\u00e7, la Catedral de Mallorca acoll\u00ed [...]\" \/>\n<meta property=\"og:url\" content=\"https:\/\/www.bisbatdemallorca.org\/ca\/la-familia-missionera-verbum-dei-celebra-el-jubileu-a-la-seu\/\" \/>\n<meta property=\"og:site_name\" content=\"Bisbat de Mallorca\" \/>\n<meta property=\"article:published_time\" content=\"2025-03-18T12:13:22+00:00\" \/>\n<meta property=\"article:modified_time\" content=\"2025-04-10T06:22:19+00:00\" \/>\n<meta property=\"og:image\" content=\"https:\/\/www.bisbatdemallorca.org\/wp-content\/uploads\/2025\/03\/Jubileo-Familia-Misionera-Verbum-Dei.jpg\" \/>\n\t<meta property=\"og:image:width\" content=\"1600\" \/>\n\t<meta property=\"og:image:height\" content=\"1200\" \/>\n\t<meta property=\"og:image:type\" content=\"image\/jpeg\" \/>\n<meta name=\"author\" content=\"Administraci\u00f3 Bisbat de Mallorca\" \/>\n<meta name=\"twitter:card\" content=\"summary_large_image\" \/>\n<meta name=\"twitter:label1\" content=\"Escrit per\" \/>\n\t<meta name=\"twitter:data1\" content=\"Administraci\u00f3 Bisbat de Mallorca\" \/>\n\t<meta name=\"twitter:label2\" content=\"Temps estimat de lectura\" \/>\n\t<meta name=\"twitter:data2\" content=\"2 minuts\" \/>\n<script type=\"application\/ld+json\" class=\"yoast-schema-graph\">{\"@context\":\"https:\/\/schema.org\",\"@graph\":[{\"@type\":\"Article\",\"@id\":\"https:\/\/www.bisbatdemallorca.org\/la-familia-missionera-verbum-dei-celebra-el-jubileu-a-la-seu\/#article\",\"isPartOf\":{\"@id\":\"https:\/\/www.bisbatdemallorca.org\/la-familia-missionera-verbum-dei-celebra-el-jubileu-a-la-seu\/\"},\"author\":{\"name\":\"Administraci\u00f3 Bisbat de Mallorca\",\"@id\":\"https:\/\/www.bisbatdemallorca.org\/ca\/#\/schema\/person\/9d198fedaef82cec34c41260a51964a6\"},\"headline\":\"La Fam\u00edlia Missionera Verbum Dei celebra el Jubileu a la Seu\",\"datePublished\":\"2025-03-18T12:13:22+00:00\",\"dateModified\":\"2025-04-10T06:22:19+00:00\",\"mainEntityOfPage\":{\"@id\":\"https:\/\/www.bisbatdemallorca.org\/la-familia-missionera-verbum-dei-celebra-el-jubileu-a-la-seu\/\"},\"wordCount\":481,\"commentCount\":0,\"publisher\":{\"@id\":\"https:\/\/www.bisbatdemallorca.org\/ca\/#organization\"},\"image\":{\"@id\":\"https:\/\/www.bisbatdemallorca.org\/la-familia-missionera-verbum-dei-celebra-el-jubileu-a-la-seu\/#primaryimage\"},\"thumbnailUrl\":\"https:\/\/www.bisbatdemallorca.org\/wp-content\/uploads\/2025\/03\/Jubileo-Familia-Misionera-Verbum-Dei.jpg\",\"articleSection\":[\"Agencia Bal\u00e8ria\",\"Jubileu\"],\"inLanguage\":\"ca\",\"potentialAction\":[{\"@type\":\"CommentAction\",\"name\":\"Comment\",\"target\":[\"https:\/\/www.bisbatdemallorca.org\/la-familia-missionera-verbum-dei-celebra-el-jubileu-a-la-seu\/#respond\"]}]},{\"@type\":\"WebPage\",\"@id\":\"https:\/\/www.bisbatdemallorca.org\/la-familia-missionera-verbum-dei-celebra-el-jubileu-a-la-seu\/\",\"url\":\"https:\/\/www.bisbatdemallorca.org\/la-familia-missionera-verbum-dei-celebra-el-jubileu-a-la-seu\/\",\"name\":\"La Fam\u00edlia Missionera Verbum Dei celebra el Jubileu a la Seu\",\"isPartOf\":{\"@id\":\"https:\/\/www.bisbatdemallorca.org\/ca\/#website\"},\"primaryImageOfPage\":{\"@id\":\"https:\/\/www.bisbatdemallorca.org\/la-familia-missionera-verbum-dei-celebra-el-jubileu-a-la-seu\/#primaryimage\"},\"image\":{\"@id\":\"https:\/\/www.bisbatdemallorca.org\/la-familia-missionera-verbum-dei-celebra-el-jubileu-a-la-seu\/#primaryimage\"},\"thumbnailUrl\":\"https:\/\/www.bisbatdemallorca.org\/wp-content\/uploads\/2025\/03\/Jubileo-Familia-Misionera-Verbum-Dei.jpg\",\"datePublished\":\"2025-03-18T12:13:22+00:00\",\"dateModified\":\"2025-04-10T06:22:19+00:00\",\"breadcrumb\":{\"@id\":\"https:\/\/www.bisbatdemallorca.org\/la-familia-missionera-verbum-dei-celebra-el-jubileu-a-la-seu\/#breadcrumb\"},\"inLanguage\":\"ca\",\"potentialAction\":[{\"@type\":\"ReadAction\",\"target\":[\"https:\/\/www.bisbatdemallorca.org\/la-familia-missionera-verbum-dei-celebra-el-jubileu-a-la-seu\/\"]}]},{\"@type\":\"ImageObject\",\"inLanguage\":\"ca\",\"@id\":\"https:\/\/www.bisbatdemallorca.org\/la-familia-missionera-verbum-dei-celebra-el-jubileu-a-la-seu\/#primaryimage\",\"url\":\"https:\/\/www.bisbatdemallorca.org\/wp-content\/uploads\/2025\/03\/Jubileo-Familia-Misionera-Verbum-Dei.jpg\",\"contentUrl\":\"https:\/\/www.bisbatdemallorca.org\/wp-content\/uploads\/2025\/03\/Jubileo-Familia-Misionera-Verbum-Dei.jpg\",\"width\":1600,\"height\":1200},{\"@type\":\"BreadcrumbList\",\"@id\":\"https:\/\/www.bisbatdemallorca.org\/la-familia-missionera-verbum-dei-celebra-el-jubileu-a-la-seu\/#breadcrumb\",\"itemListElement\":[{\"@type\":\"ListItem\",\"position\":1,\"name\":\"Portada\",\"item\":\"https:\/\/www.bisbatdemallorca.org\/ca\/\"},{\"@type\":\"ListItem\",\"position\":2,\"name\":\"La Familia Misionera Verbum Dei celebra el Jubileo en la Catedral\"}]},{\"@type\":\"WebSite\",\"@id\":\"https:\/\/www.bisbatdemallorca.org\/ca\/#website\",\"url\":\"https:\/\/www.bisbatdemallorca.org\/ca\/\",\"name\":\"Bisbat de Mallorca\",\"description\":\"Just another WordPress site\",\"publisher\":{\"@id\":\"https:\/\/www.bisbatdemallorca.org\/ca\/#organization\"},\"potentialAction\":[{\"@type\":\"SearchAction\",\"target\":{\"@type\":\"EntryPoint\",\"urlTemplate\":\"https:\/\/www.bisbatdemallorca.org\/ca\/?s={search_term_string}\"},\"query-input\":{\"@type\":\"PropertyValueSpecification\",\"valueRequired\":true,\"valueName\":\"search_term_string\"}}],\"inLanguage\":\"ca\"},{\"@type\":\"Organization\",\"@id\":\"https:\/\/www.bisbatdemallorca.org\/ca\/#organization\",\"name\":\"Bisbat De Mallorca\",\"url\":\"https:\/\/www.bisbatdemallorca.org\/ca\/\",\"logo\":{\"@type\":\"ImageObject\",\"inLanguage\":\"ca\",\"@id\":\"https:\/\/www.bisbatdemallorca.org\/ca\/#\/schema\/logo\/image\/\",\"url\":\"https:\/\/bisbatdemallorca.org\/wp-content\/uploads\/2022\/04\/Logo_Bisbat-de-Mallorca-scaled.jpeg\",\"contentUrl\":\"https:\/\/bisbatdemallorca.org\/wp-content\/uploads\/2022\/04\/Logo_Bisbat-de-Mallorca-scaled.jpeg\",\"width\":2560,\"height\":1810,\"caption\":\"Bisbat De Mallorca\"},\"image\":{\"@id\":\"https:\/\/www.bisbatdemallorca.org\/ca\/#\/schema\/logo\/image\/\"}},{\"@type\":\"Person\",\"@id\":\"https:\/\/www.bisbatdemallorca.org\/ca\/#\/schema\/person\/9d198fedaef82cec34c41260a51964a6\",\"name\":\"Administraci\u00f3 Bisbat de Mallorca\",\"image\":{\"@type\":\"ImageObject\",\"inLanguage\":\"ca\",\"@id\":\"https:\/\/www.bisbatdemallorca.org\/ca\/#\/schema\/person\/image\/\",\"url\":\"https:\/\/secure.gravatar.com\/avatar\/cc0dac0bd15aa6305e120ea8e5b6c12f94c8fe06a53230fa56abffe62cefceb4?s=96&d=mm&r=g\",\"contentUrl\":\"https:\/\/secure.gravatar.com\/avatar\/cc0dac0bd15aa6305e120ea8e5b6c12f94c8fe06a53230fa56abffe62cefceb4?s=96&d=mm&r=g\",\"caption\":\"Administraci\u00f3 Bisbat de Mallorca\"},\"sameAs\":[\"https:\/\/bisbatdemallorca.org\"],\"url\":\"https:\/\/www.bisbatdemallorca.org\/ca\/author\/administraciobisbat\/\"}]}<\/script>\n<!-- \/ Yoast SEO plugin. -->","yoast_head_json":{"title":"La Fam\u00edlia Missionera Verbum Dei celebra el Jubileu a la Seu","robots":{"index":"index","follow":"follow","max-snippet":"max-snippet:-1","max-image-preview":"max-image-preview:large","max-video-preview":"max-video-preview:-1"},"canonical":"https:\/\/www.bisbatdemallorca.org\/ca\/la-familia-missionera-verbum-dei-celebra-el-jubileu-a-la-seu\/","og_locale":"ca_ES","og_type":"article","og_title":"[:ca]La Fam\u00edlia Missionera Verbum Dei celebra el Jubileu a la Seu[:es]La Familia Misionera Verbum Dei celebra el Jubileo en la Catedral[:] - Bisbat de Mallorca","og_description":"El dissabte 15 de mar\u00e7, la Catedral de Mallorca acoll\u00ed [...]","og_url":"https:\/\/www.bisbatdemallorca.org\/ca\/la-familia-missionera-verbum-dei-celebra-el-jubileu-a-la-seu\/","og_site_name":"Bisbat de Mallorca","article_published_time":"2025-03-18T12:13:22+00:00","article_modified_time":"2025-04-10T06:22:19+00:00","og_image":[{"width":1600,"height":1200,"url":"https:\/\/www.bisbatdemallorca.org\/wp-content\/uploads\/2025\/03\/Jubileo-Familia-Misionera-Verbum-Dei.jpg","type":"image\/jpeg"}],"author":"Administraci\u00f3 Bisbat de Mallorca","twitter_card":"summary_large_image","twitter_misc":{"Escrit per":"Administraci\u00f3 Bisbat de Mallorca","Temps estimat de lectura":"2 minuts"},"schema":{"@context":"https:\/\/schema.org","@graph":[{"@type":"Article","@id":"https:\/\/www.bisbatdemallorca.org\/la-familia-missionera-verbum-dei-celebra-el-jubileu-a-la-seu\/#article","isPartOf":{"@id":"https:\/\/www.bisbatdemallorca.org\/la-familia-missionera-verbum-dei-celebra-el-jubileu-a-la-seu\/"},"author":{"name":"Administraci\u00f3 Bisbat de Mallorca","@id":"https:\/\/www.bisbatdemallorca.org\/ca\/#\/schema\/person\/9d198fedaef82cec34c41260a51964a6"},"headline":"La Fam\u00edlia Missionera Verbum Dei celebra el Jubileu a la Seu","datePublished":"2025-03-18T12:13:22+00:00","dateModified":"2025-04-10T06:22:19+00:00","mainEntityOfPage":{"@id":"https:\/\/www.bisbatdemallorca.org\/la-familia-missionera-verbum-dei-celebra-el-jubileu-a-la-seu\/"},"wordCount":481,"commentCount":0,"publisher":{"@id":"https:\/\/www.bisbatdemallorca.org\/ca\/#organization"},"image":{"@id":"https:\/\/www.bisbatdemallorca.org\/la-familia-missionera-verbum-dei-celebra-el-jubileu-a-la-seu\/#primaryimage"},"thumbnailUrl":"https:\/\/www.bisbatdemallorca.org\/wp-content\/uploads\/2025\/03\/Jubileo-Familia-Misionera-Verbum-Dei.jpg","articleSection":["Agencia Bal\u00e8ria","Jubileu"],"inLanguage":"ca","potentialAction":[{"@type":"CommentAction","name":"Comment","target":["https:\/\/www.bisbatdemallorca.org\/la-familia-missionera-verbum-dei-celebra-el-jubileu-a-la-seu\/#respond"]}]},{"@type":"WebPage","@id":"https:\/\/www.bisbatdemallorca.org\/la-familia-missionera-verbum-dei-celebra-el-jubileu-a-la-seu\/","url":"https:\/\/www.bisbatdemallorca.org\/la-familia-missionera-verbum-dei-celebra-el-jubileu-a-la-seu\/","name":"La Fam\u00edlia Missionera Verbum Dei celebra el Jubileu a la Seu","isPartOf":{"@id":"https:\/\/www.bisbatdemallorca.org\/ca\/#website"},"primaryImageOfPage":{"@id":"https:\/\/www.bisbatdemallorca.org\/la-familia-missionera-verbum-dei-celebra-el-jubileu-a-la-seu\/#primaryimage"},"image":{"@id":"https:\/\/www.bisbatdemallorca.org\/la-familia-missionera-verbum-dei-celebra-el-jubileu-a-la-seu\/#primaryimage"},"thumbnailUrl":"https:\/\/www.bisbatdemallorca.org\/wp-content\/uploads\/2025\/03\/Jubileo-Familia-Misionera-Verbum-Dei.jpg","datePublished":"2025-03-18T12:13:22+00:00","dateModified":"2025-04-10T06:22:19+00:00","breadcrumb":{"@id":"https:\/\/www.bisbatdemallorca.org\/la-familia-missionera-verbum-dei-celebra-el-jubileu-a-la-seu\/#breadcrumb"},"inLanguage":"ca","potentialAction":[{"@type":"ReadAction","target":["https:\/\/www.bisbatdemallorca.org\/la-familia-missionera-verbum-dei-celebra-el-jubileu-a-la-seu\/"]}]},{"@type":"ImageObject","inLanguage":"ca","@id":"https:\/\/www.bisbatdemallorca.org\/la-familia-missionera-verbum-dei-celebra-el-jubileu-a-la-seu\/#primaryimage","url":"https:\/\/www.bisbatdemallorca.org\/wp-content\/uploads\/2025\/03\/Jubileo-Familia-Misionera-Verbum-Dei.jpg","contentUrl":"https:\/\/www.bisbatdemallorca.org\/wp-content\/uploads\/2025\/03\/Jubileo-Familia-Misionera-Verbum-Dei.jpg","width":1600,"height":1200},{"@type":"BreadcrumbList","@id":"https:\/\/www.bisbatdemallorca.org\/la-familia-missionera-verbum-dei-celebra-el-jubileu-a-la-seu\/#breadcrumb","itemListElement":[{"@type":"ListItem","position":1,"name":"Portada","item":"https:\/\/www.bisbatdemallorca.org\/ca\/"},{"@type":"ListItem","position":2,"name":"La Familia Misionera Verbum Dei celebra el Jubileo en la Catedral"}]},{"@type":"WebSite","@id":"https:\/\/www.bisbatdemallorca.org\/ca\/#website","url":"https:\/\/www.bisbatdemallorca.org\/ca\/","name":"Bisbat de Mallorca","description":"Just another WordPress site","publisher":{"@id":"https:\/\/www.bisbatdemallorca.org\/ca\/#organization"},"potentialAction":[{"@type":"SearchAction","target":{"@type":"EntryPoint","urlTemplate":"https:\/\/www.bisbatdemallorca.org\/ca\/?s={search_term_string}"},"query-input":{"@type":"PropertyValueSpecification","valueRequired":true,"valueName":"search_term_string"}}],"inLanguage":"ca"},{"@type":"Organization","@id":"https:\/\/www.bisbatdemallorca.org\/ca\/#organization","name":"Bisbat De Mallorca","url":"https:\/\/www.bisbatdemallorca.org\/ca\/","logo":{"@type":"ImageObject","inLanguage":"ca","@id":"https:\/\/www.bisbatdemallorca.org\/ca\/#\/schema\/logo\/image\/","url":"https:\/\/bisbatdemallorca.org\/wp-content\/uploads\/2022\/04\/Logo_Bisbat-de-Mallorca-scaled.jpeg","contentUrl":"https:\/\/bisbatdemallorca.org\/wp-content\/uploads\/2022\/04\/Logo_Bisbat-de-Mallorca-scaled.jpeg","width":2560,"height":1810,"caption":"Bisbat De Mallorca"},"image":{"@id":"https:\/\/www.bisbatdemallorca.org\/ca\/#\/schema\/logo\/image\/"}},{"@type":"Person","@id":"https:\/\/www.bisbatdemallorca.org\/ca\/#\/schema\/person\/9d198fedaef82cec34c41260a51964a6","name":"Administraci\u00f3 Bisbat de Mallorca","image":{"@type":"ImageObject","inLanguage":"ca","@id":"https:\/\/www.bisbatdemallorca.org\/ca\/#\/schema\/person\/image\/","url":"https:\/\/secure.gravatar.com\/avatar\/cc0dac0bd15aa6305e120ea8e5b6c12f94c8fe06a53230fa56abffe62cefceb4?s=96&d=mm&r=g","contentUrl":"https:\/\/secure.gravatar.com\/avatar\/cc0dac0bd15aa6305e120ea8e5b6c12f94c8fe06a53230fa56abffe62cefceb4?s=96&d=mm&r=g","caption":"Administraci\u00f3 Bisbat de Mallorca"},"sameAs":["https:\/\/bisbatdemallorca.org"],"url":"https:\/\/www.bisbatdemallorca.org\/ca\/author\/administraciobisbat\/"}]}},"_links":{"self":[{"href":"https:\/\/www.bisbatdemallorca.org\/ca\/wp-json\/wp\/v2\/posts\/24915","targetHints":{"allow":["GET"]}}],"collection":[{"href":"https:\/\/www.bisbatdemallorca.org\/ca\/wp-json\/wp\/v2\/posts"}],"about":[{"href":"https:\/\/www.bisbatdemallorca.org\/ca\/wp-json\/wp\/v2\/types\/post"}],"author":[{"embeddable":true,"href":"https:\/\/www.bisbatdemallorca.org\/ca\/wp-json\/wp\/v2\/users\/2"}],"replies":[{"embeddable":true,"href":"https:\/\/www.bisbatdemallorca.org\/ca\/wp-json\/wp\/v2\/comments?post=24915"}],"version-history":[{"count":0,"href":"https:\/\/www.bisbatdemallorca.org\/ca\/wp-json\/wp\/v2\/posts\/24915\/revisions"}],"wp:featuredmedia":[{"embeddable":true,"href":"https:\/\/www.bisbatdemallorca.org\/ca\/wp-json\/wp\/v2\/media\/24916"}],"wp:attachment":[{"href":"https:\/\/www.bisbatdemallorca.org\/ca\/wp-json\/wp\/v2\/media?parent=24915"}],"wp:term":[{"taxonomy":"category","embeddable":true,"href":"https:\/\/www.bisbatdemallorca.org\/ca\/wp-json\/wp\/v2\/categories?post=24915"},{"taxonomy":"post_tag","embeddable":true,"href":"https:\/\/www.bisbatdemallorca.org\/ca\/wp-json\/wp\/v2\/tags?post=24915"}],"curies":[{"name":"wp","href":"https:\/\/api.w.org\/{rel}","templated":true}]}}