{"id":26436,"date":"2025-05-18T10:06:20","date_gmt":"2025-05-18T10:06:20","guid":{"rendered":"https:\/\/www.bisbatdemallorca.org\/ca\/?p=26436"},"modified":"2025-05-15T10:07:36","modified_gmt":"2025-05-15T10:07:36","slug":"lleo-xiv-proposa-treballar-la-pau-sense-armament","status":"publish","type":"post","link":"https:\/\/www.bisbatdemallorca.org\/ca\/lleo-xiv-proposa-treballar-la-pau-sense-armament\/","title":{"rendered":"Lle\u00f3 XIV proposa treballar la pau sense armament"},"content":{"rendered":"<p>\u00ab<strong><em>La pau sigui amb tots vosaltres!<\/em><\/strong><em> Voldria que aquesta salutaci\u00f3 de pau entr\u00e0s en el vostre cor, un\u00eds les vostres fam\u00edlies, totes les persones, onsevulla que siguin, tots els pobles, tota la terra <\/em>[&#8230;]<em> D\u00e9u ens vol b\u00e9, D\u00e9u ens estima a tots, el mal no prevaldr\u00e0. Tots estam en mans de D\u00e9u. Per tant, sense por, units m\u00e0 a m\u00e0 amb D\u00e9u i entre nosaltres, caminem endavant!<\/em>\u00bb<\/p>\n<p>Aquestes s\u00f3n les primeres paraules pronunciades pel nou papa Lle\u00f3 XIV dirigides no sols a l\u2019Esgl\u00e9sia, sin\u00f3 a tota la humanitat i que ja assenyalen l\u2019inici d\u2019un cam\u00ed el qual som convidats a compartir, seguint -com ell mateix ha dit- la traject\u00f2ria tra\u00e7ada pel papa Francesc, al qual ha fet refer\u00e8ncia. La pau ha estat la paraula clau. Ens afecta i afecta tot el m\u00f3n en un moment delicat i d\u2019incertesa. Una <em>pau<\/em> que, perqu\u00e8 sigui duradora, ha de ser <em>desarmada i desarmant<\/em>.<\/p>\n<p><strong>Lle\u00f3 XIV<\/strong>, nom que ha escollit el cardenal Robert Francesc Prevost una vegada elegit, connecta amb algunes prefer\u00e8ncies com les de Lle\u00f3 XIII, el Papa que va obrir l\u2019Esgl\u00e9sia al m\u00f3n social i va situar la <em>dignitat de la persona<\/em> per damunt de tot, sobretot en la defensa dels <em>drets dels treballadors<\/em>, reivindicant <em>salaris justs<\/em>, <em>condicions laborals segures<\/em> i la <em>creaci\u00f3 de sindicats<\/em>. La doctrina social de l\u2019Esgl\u00e9sia assenyala un cam\u00ed de <em>credibilitat<\/em> que la situa en el cor de la nostra societat, tan necessitada de <strong>regeneraci\u00f3 \u00e8tica<\/strong>.<\/p>\n<p><strong>El nou Papa<\/strong> t\u00e9 un <em>curriculum vitae<\/em> en el qual domina la seva <strong>vocaci\u00f3 missionera<\/strong>, dimensi\u00f3 religiosa i humanit\u00e0ria exercida a Am\u00e8rica Llatina, on t\u00e9 un llarg recorregut com a capell\u00e0 i com a bisbe, sempre al costat dels qui m\u00e9s necessiten l\u2019anunci alliberador de l\u2019Evangeli i fent-se present en les capes m\u00e9s humils d\u2019aquells pobles assedegats de just\u00edcia, de solidaritat i d\u2019amor. Tant aquest aspecte com el servei pastoral han conflu\u00eft en la necessitat de <em>caminar junts<\/em>, essent una <strong>Esgl\u00e9sia sinodal<\/strong>, en la qual tots ens necessitam els uns als altres. Lle\u00f3 XIV ha viscut identificat amb el tarann\u00e0 del papa Francesc, amb qui ha treballat estretament per enc\u00e0rrec seu en la responsabilitat de prefecte del Dicasteri dels Bisbes.<\/p>\n<p>Haurem de seguir aprenent moltes coses d\u2019aquest nou Papa que el Senyor ens ha concedit per guiar-nos en el cam\u00ed de <strong>fidelitat a Jes\u00fas<\/strong>, assumint l\u2019<strong>estil de l\u2019Evangeli<\/strong>, mitjan\u00e7ant el <em>di\u00e0leg<\/em>, la <em>discreci\u00f3<\/em>, la <em>humilitat<\/em>, la <em>inclusi\u00f3<\/em> i <em>integraci\u00f3<\/em> dels migrants i descartats&#8230;, un servei que, des de les actituds evang\u00e8liques de la <em>miseric\u00f2rdia<\/em> i la <em>compassi\u00f3,<\/em> hem de fer que entre nosaltres tengui carta de ciutadania.<\/p>\n<p>Tot aix\u00f2 ha de ser possible -ens ha dit des del comen\u00e7ament- des d\u2019<strong>una Esgl\u00e9sia que posa D\u00e9u en el seu centre<\/strong> i <strong>viu la unitat interna com a testimoni perqu\u00e8 el m\u00f3n cregui<\/strong>, per aix\u00f2 hem d\u2019<em>edificar ponts<\/em> que afavoresquin noves relacions entre les persones, i <em>enderrocar els murs<\/em> que encara les separen. Hem d\u2019entendre que nom\u00e9s una Esgl\u00e9sia aix\u00ed formada per cristians que ho viuen pot dir una paraula convincent als altres. Us convid que <strong>preguem<\/strong>: <em>Oh D\u00e9u, pastor i guia de tots els fidels, mirau propici el vostre servent Lle\u00f3, que heu posat com a pastor de la vostra Esgl\u00e9sia, feis que vicari com \u00e9s de Crist a la terra, confirmi en la fe els seus germans, i que tota l\u2019Esgl\u00e9sia es mantengui en comuni\u00f3 amb ell pels lligams de la unitat, de l\u2019amor i de la pau. Am\u00e9n. <\/em><\/p>\n","protected":false},"excerpt":{"rendered":"<p>\u00abLa pau sigui amb tots vosaltres! Voldria que aquesta salutaci\u00f3  [&#8230;]<\/p>\n","protected":false},"author":2,"featured_media":0,"comment_status":"open","ping_status":"open","sticky":false,"template":"","format":"standard","meta":{"footnotes":""},"categories":[39],"tags":[],"class_list":["post-26436","post","type-post","status-publish","format-standard","hentry","category-articles-del-bisbe"],"yoast_head":"<!-- This site is optimized with the Yoast SEO plugin v27.0 - https:\/\/yoast.com\/product\/yoast-seo-wordpress\/ -->\n<title>Lle\u00f3 XIV proposa treballar la pau sense armament<\/title>\n<meta name=\"robots\" content=\"index, follow, max-snippet:-1, max-image-preview:large, max-video-preview:-1\" \/>\n<link rel=\"canonical\" href=\"https:\/\/www.bisbatdemallorca.org\/ca\/lleo-xiv-proposa-treballar-la-pau-sense-armament\/\" \/>\n<meta property=\"og:locale\" content=\"ca_ES\" \/>\n<meta property=\"og:locale:alternate\" content=\"en_US\" \/>\n<meta property=\"og:locale:alternate\" content=\"es_ES\" \/>\n<meta property=\"og:type\" content=\"article\" \/>\n<meta property=\"og:title\" content=\"Lle\u00f3 XIV proposa treballar la pau sense armament\" \/>\n<meta property=\"og:description\" content=\"\u00abLa pau sigui amb tots vosaltres! Voldria que aquesta salutaci\u00f3 [...]\" \/>\n<meta property=\"og:url\" content=\"https:\/\/www.bisbatdemallorca.org\/ca\/lleo-xiv-proposa-treballar-la-pau-sense-armament\/\" \/>\n<meta property=\"og:site_name\" content=\"Bisbat de Mallorca\" \/>\n<meta property=\"article:published_time\" content=\"2025-05-18T10:06:20+00:00\" \/>\n<meta name=\"author\" content=\"Administraci\u00f3 Bisbat de Mallorca\" \/>\n<meta name=\"twitter:card\" content=\"summary_large_image\" \/>\n<meta name=\"twitter:label1\" content=\"Escrit per\" \/>\n\t<meta name=\"twitter:data1\" content=\"Administraci\u00f3 Bisbat de Mallorca\" \/>\n\t<meta name=\"twitter:label2\" content=\"Temps estimat de lectura\" \/>\n\t<meta name=\"twitter:data2\" content=\"6 minuts\" \/>\n<script type=\"application\/ld+json\" class=\"yoast-schema-graph\">{\"@context\":\"https:\/\/schema.org\",\"@graph\":[{\"@type\":\"Article\",\"@id\":\"https:\/\/www.bisbatdemallorca.org\/ca\/lleo-xiv-proposa-treballar-la-pau-sense-armament\/#article\",\"isPartOf\":{\"@id\":\"https:\/\/www.bisbatdemallorca.org\/ca\/lleo-xiv-proposa-treballar-la-pau-sense-armament\/\"},\"author\":{\"name\":\"Administraci\u00f3 Bisbat de Mallorca\",\"@id\":\"https:\/\/www.bisbatdemallorca.org\/ca\/#\/schema\/person\/9d198fedaef82cec34c41260a51964a6\"},\"headline\":\"Lle\u00f3 XIV proposa treballar la pau sense armament\",\"datePublished\":\"2025-05-18T10:06:20+00:00\",\"mainEntityOfPage\":{\"@id\":\"https:\/\/www.bisbatdemallorca.org\/ca\/lleo-xiv-proposa-treballar-la-pau-sense-armament\/\"},\"wordCount\":1271,\"commentCount\":0,\"publisher\":{\"@id\":\"https:\/\/www.bisbatdemallorca.org\/ca\/#organization\"},\"articleSection\":[\"Articles del Bisbe\"],\"inLanguage\":\"ca\",\"potentialAction\":[{\"@type\":\"CommentAction\",\"name\":\"Comment\",\"target\":[\"https:\/\/www.bisbatdemallorca.org\/ca\/lleo-xiv-proposa-treballar-la-pau-sense-armament\/#respond\"]}]},{\"@type\":\"WebPage\",\"@id\":\"https:\/\/www.bisbatdemallorca.org\/ca\/lleo-xiv-proposa-treballar-la-pau-sense-armament\/\",\"url\":\"https:\/\/www.bisbatdemallorca.org\/ca\/lleo-xiv-proposa-treballar-la-pau-sense-armament\/\",\"name\":\"Lle\u00f3 XIV proposa treballar la pau sense armament\",\"isPartOf\":{\"@id\":\"https:\/\/www.bisbatdemallorca.org\/ca\/#website\"},\"datePublished\":\"2025-05-18T10:06:20+00:00\",\"breadcrumb\":{\"@id\":\"https:\/\/www.bisbatdemallorca.org\/ca\/lleo-xiv-proposa-treballar-la-pau-sense-armament\/#breadcrumb\"},\"inLanguage\":\"ca\",\"potentialAction\":[{\"@type\":\"ReadAction\",\"target\":[\"https:\/\/www.bisbatdemallorca.org\/ca\/lleo-xiv-proposa-treballar-la-pau-sense-armament\/\"]}]},{\"@type\":\"BreadcrumbList\",\"@id\":\"https:\/\/www.bisbatdemallorca.org\/ca\/lleo-xiv-proposa-treballar-la-pau-sense-armament\/#breadcrumb\",\"itemListElement\":[{\"@type\":\"ListItem\",\"position\":1,\"name\":\"Portada\",\"item\":\"https:\/\/www.bisbatdemallorca.org\/ca\/\"},{\"@type\":\"ListItem\",\"position\":2,\"name\":\"Lle\u00f3 XIV proposa treballar la pau sense armament\"}]},{\"@type\":\"WebSite\",\"@id\":\"https:\/\/www.bisbatdemallorca.org\/ca\/#website\",\"url\":\"https:\/\/www.bisbatdemallorca.org\/ca\/\",\"name\":\"Bisbat de Mallorca\",\"description\":\"Just another WordPress site\",\"publisher\":{\"@id\":\"https:\/\/www.bisbatdemallorca.org\/ca\/#organization\"},\"potentialAction\":[{\"@type\":\"SearchAction\",\"target\":{\"@type\":\"EntryPoint\",\"urlTemplate\":\"https:\/\/www.bisbatdemallorca.org\/ca\/?s={search_term_string}\"},\"query-input\":{\"@type\":\"PropertyValueSpecification\",\"valueRequired\":true,\"valueName\":\"search_term_string\"}}],\"inLanguage\":\"ca\"},{\"@type\":\"Organization\",\"@id\":\"https:\/\/www.bisbatdemallorca.org\/ca\/#organization\",\"name\":\"Bisbat De Mallorca\",\"url\":\"https:\/\/www.bisbatdemallorca.org\/ca\/\",\"logo\":{\"@type\":\"ImageObject\",\"inLanguage\":\"ca\",\"@id\":\"https:\/\/www.bisbatdemallorca.org\/ca\/#\/schema\/logo\/image\/\",\"url\":\"https:\/\/bisbatdemallorca.org\/wp-content\/uploads\/2022\/04\/Logo_Bisbat-de-Mallorca-scaled.jpeg\",\"contentUrl\":\"https:\/\/bisbatdemallorca.org\/wp-content\/uploads\/2022\/04\/Logo_Bisbat-de-Mallorca-scaled.jpeg\",\"width\":2560,\"height\":1810,\"caption\":\"Bisbat De Mallorca\"},\"image\":{\"@id\":\"https:\/\/www.bisbatdemallorca.org\/ca\/#\/schema\/logo\/image\/\"}},{\"@type\":\"Person\",\"@id\":\"https:\/\/www.bisbatdemallorca.org\/ca\/#\/schema\/person\/9d198fedaef82cec34c41260a51964a6\",\"name\":\"Administraci\u00f3 Bisbat de Mallorca\",\"image\":{\"@type\":\"ImageObject\",\"inLanguage\":\"ca\",\"@id\":\"https:\/\/www.bisbatdemallorca.org\/ca\/#\/schema\/person\/image\/\",\"url\":\"https:\/\/secure.gravatar.com\/avatar\/cc0dac0bd15aa6305e120ea8e5b6c12f94c8fe06a53230fa56abffe62cefceb4?s=96&d=mm&r=g\",\"contentUrl\":\"https:\/\/secure.gravatar.com\/avatar\/cc0dac0bd15aa6305e120ea8e5b6c12f94c8fe06a53230fa56abffe62cefceb4?s=96&d=mm&r=g\",\"caption\":\"Administraci\u00f3 Bisbat de Mallorca\"},\"sameAs\":[\"https:\/\/bisbatdemallorca.org\"],\"url\":\"https:\/\/www.bisbatdemallorca.org\/ca\/author\/administraciobisbat\/\"}]}<\/script>\n<!-- \/ Yoast SEO plugin. -->","yoast_head_json":{"title":"Lle\u00f3 XIV proposa treballar la pau sense armament","robots":{"index":"index","follow":"follow","max-snippet":"max-snippet:-1","max-image-preview":"max-image-preview:large","max-video-preview":"max-video-preview:-1"},"canonical":"https:\/\/www.bisbatdemallorca.org\/ca\/lleo-xiv-proposa-treballar-la-pau-sense-armament\/","og_locale":"ca_ES","og_type":"article","og_title":"[:ca]Lle\u00f3 XIV proposa treballar la pau sense armament[:es]Le\u00f3n XIV propone trabajar la paz sin armamento[:] - Bisbat de Mallorca","og_description":"\u00abLa pau sigui amb tots vosaltres! Voldria que aquesta salutaci\u00f3 [...]","og_url":"https:\/\/www.bisbatdemallorca.org\/ca\/lleo-xiv-proposa-treballar-la-pau-sense-armament\/","og_site_name":"Bisbat de Mallorca","article_published_time":"2025-05-18T10:06:20+00:00","author":"Administraci\u00f3 Bisbat de Mallorca","twitter_card":"summary_large_image","twitter_misc":{"Escrit per":"Administraci\u00f3 Bisbat de Mallorca","Temps estimat de lectura":"6 minuts"},"schema":{"@context":"https:\/\/schema.org","@graph":[{"@type":"Article","@id":"https:\/\/www.bisbatdemallorca.org\/ca\/lleo-xiv-proposa-treballar-la-pau-sense-armament\/#article","isPartOf":{"@id":"https:\/\/www.bisbatdemallorca.org\/ca\/lleo-xiv-proposa-treballar-la-pau-sense-armament\/"},"author":{"name":"Administraci\u00f3 Bisbat de Mallorca","@id":"https:\/\/www.bisbatdemallorca.org\/ca\/#\/schema\/person\/9d198fedaef82cec34c41260a51964a6"},"headline":"Lle\u00f3 XIV proposa treballar la pau sense armament","datePublished":"2025-05-18T10:06:20+00:00","mainEntityOfPage":{"@id":"https:\/\/www.bisbatdemallorca.org\/ca\/lleo-xiv-proposa-treballar-la-pau-sense-armament\/"},"wordCount":1271,"commentCount":0,"publisher":{"@id":"https:\/\/www.bisbatdemallorca.org\/ca\/#organization"},"articleSection":["Articles del Bisbe"],"inLanguage":"ca","potentialAction":[{"@type":"CommentAction","name":"Comment","target":["https:\/\/www.bisbatdemallorca.org\/ca\/lleo-xiv-proposa-treballar-la-pau-sense-armament\/#respond"]}]},{"@type":"WebPage","@id":"https:\/\/www.bisbatdemallorca.org\/ca\/lleo-xiv-proposa-treballar-la-pau-sense-armament\/","url":"https:\/\/www.bisbatdemallorca.org\/ca\/lleo-xiv-proposa-treballar-la-pau-sense-armament\/","name":"Lle\u00f3 XIV proposa treballar la pau sense armament","isPartOf":{"@id":"https:\/\/www.bisbatdemallorca.org\/ca\/#website"},"datePublished":"2025-05-18T10:06:20+00:00","breadcrumb":{"@id":"https:\/\/www.bisbatdemallorca.org\/ca\/lleo-xiv-proposa-treballar-la-pau-sense-armament\/#breadcrumb"},"inLanguage":"ca","potentialAction":[{"@type":"ReadAction","target":["https:\/\/www.bisbatdemallorca.org\/ca\/lleo-xiv-proposa-treballar-la-pau-sense-armament\/"]}]},{"@type":"BreadcrumbList","@id":"https:\/\/www.bisbatdemallorca.org\/ca\/lleo-xiv-proposa-treballar-la-pau-sense-armament\/#breadcrumb","itemListElement":[{"@type":"ListItem","position":1,"name":"Portada","item":"https:\/\/www.bisbatdemallorca.org\/ca\/"},{"@type":"ListItem","position":2,"name":"Lle\u00f3 XIV proposa treballar la pau sense armament"}]},{"@type":"WebSite","@id":"https:\/\/www.bisbatdemallorca.org\/ca\/#website","url":"https:\/\/www.bisbatdemallorca.org\/ca\/","name":"Bisbat de Mallorca","description":"Just another WordPress site","publisher":{"@id":"https:\/\/www.bisbatdemallorca.org\/ca\/#organization"},"potentialAction":[{"@type":"SearchAction","target":{"@type":"EntryPoint","urlTemplate":"https:\/\/www.bisbatdemallorca.org\/ca\/?s={search_term_string}"},"query-input":{"@type":"PropertyValueSpecification","valueRequired":true,"valueName":"search_term_string"}}],"inLanguage":"ca"},{"@type":"Organization","@id":"https:\/\/www.bisbatdemallorca.org\/ca\/#organization","name":"Bisbat De Mallorca","url":"https:\/\/www.bisbatdemallorca.org\/ca\/","logo":{"@type":"ImageObject","inLanguage":"ca","@id":"https:\/\/www.bisbatdemallorca.org\/ca\/#\/schema\/logo\/image\/","url":"https:\/\/bisbatdemallorca.org\/wp-content\/uploads\/2022\/04\/Logo_Bisbat-de-Mallorca-scaled.jpeg","contentUrl":"https:\/\/bisbatdemallorca.org\/wp-content\/uploads\/2022\/04\/Logo_Bisbat-de-Mallorca-scaled.jpeg","width":2560,"height":1810,"caption":"Bisbat De Mallorca"},"image":{"@id":"https:\/\/www.bisbatdemallorca.org\/ca\/#\/schema\/logo\/image\/"}},{"@type":"Person","@id":"https:\/\/www.bisbatdemallorca.org\/ca\/#\/schema\/person\/9d198fedaef82cec34c41260a51964a6","name":"Administraci\u00f3 Bisbat de Mallorca","image":{"@type":"ImageObject","inLanguage":"ca","@id":"https:\/\/www.bisbatdemallorca.org\/ca\/#\/schema\/person\/image\/","url":"https:\/\/secure.gravatar.com\/avatar\/cc0dac0bd15aa6305e120ea8e5b6c12f94c8fe06a53230fa56abffe62cefceb4?s=96&d=mm&r=g","contentUrl":"https:\/\/secure.gravatar.com\/avatar\/cc0dac0bd15aa6305e120ea8e5b6c12f94c8fe06a53230fa56abffe62cefceb4?s=96&d=mm&r=g","caption":"Administraci\u00f3 Bisbat de Mallorca"},"sameAs":["https:\/\/bisbatdemallorca.org"],"url":"https:\/\/www.bisbatdemallorca.org\/ca\/author\/administraciobisbat\/"}]}},"_links":{"self":[{"href":"https:\/\/www.bisbatdemallorca.org\/ca\/wp-json\/wp\/v2\/posts\/26436","targetHints":{"allow":["GET"]}}],"collection":[{"href":"https:\/\/www.bisbatdemallorca.org\/ca\/wp-json\/wp\/v2\/posts"}],"about":[{"href":"https:\/\/www.bisbatdemallorca.org\/ca\/wp-json\/wp\/v2\/types\/post"}],"author":[{"embeddable":true,"href":"https:\/\/www.bisbatdemallorca.org\/ca\/wp-json\/wp\/v2\/users\/2"}],"replies":[{"embeddable":true,"href":"https:\/\/www.bisbatdemallorca.org\/ca\/wp-json\/wp\/v2\/comments?post=26436"}],"version-history":[{"count":0,"href":"https:\/\/www.bisbatdemallorca.org\/ca\/wp-json\/wp\/v2\/posts\/26436\/revisions"}],"wp:attachment":[{"href":"https:\/\/www.bisbatdemallorca.org\/ca\/wp-json\/wp\/v2\/media?parent=26436"}],"wp:term":[{"taxonomy":"category","embeddable":true,"href":"https:\/\/www.bisbatdemallorca.org\/ca\/wp-json\/wp\/v2\/categories?post=26436"},{"taxonomy":"post_tag","embeddable":true,"href":"https:\/\/www.bisbatdemallorca.org\/ca\/wp-json\/wp\/v2\/tags?post=26436"}],"curies":[{"name":"wp","href":"https:\/\/api.w.org\/{rel}","templated":true}]}}