{"id":26836,"date":"2025-06-02T11:44:22","date_gmt":"2025-06-02T11:44:22","guid":{"rendered":"https:\/\/www.bisbatdemallorca.org\/ca\/?p=26836"},"modified":"2025-06-02T11:46:05","modified_gmt":"2025-06-02T11:46:05","slug":"setmana-laudato-si-2025","status":"publish","type":"post","link":"https:\/\/www.bisbatdemallorca.org\/ca\/setmana-laudato-si-2025\/","title":{"rendered":"Setmana Laudato Si 2025"},"content":{"rendered":"<p>Dijous passat, 22 de maig, tingu\u00e9 lloc una Taula Rodona, amb el t\u00edtol <strong>\u201c10 ANYS DE LA LAUDATO SI\u2019: ON \u00c9REM I ON SOM\u201d<\/strong>, organitzada per la Delegaci\u00f3 de Pastoral de l\u2019Ecologia i cura de la Creaci\u00f3 del Bisbat de Mallorca. Hi participaren <strong>PERE SALA<\/strong>, director de l\u2019Observatori del Paisatge de Catalunya i professor de la Universitat Pompeu Fabra; <strong>PAU DE VILCHEZ<\/strong>, professor de Dret Internacional P\u00fablic de la UIB i vicepresident del Laboratori Interdisciplinari sobre el Canvi Clim\u00e0tic (LINCC); <strong>FRANCESC MACI\u00c0<\/strong>, metge epidemi\u00f2leg i membre de la Xarxa de Parr\u00f2quies i Comunitats ecosolid\u00e0ries de Just\u00edcia i Pau Barcelona. Moder\u00e0 la Taula <strong>LLU\u00cfSA DUBON<\/strong>, en representaci\u00f3 de la Delegaci\u00f3 d\u2019Ecologia. Hi assistiren unes 45 persones.<\/p>\n<p>Llu\u00efsa Dubon present\u00e0 el tema, tot recordant que en el moment de programar l\u2019acte no sab\u00edem que el papa Francesc ens deixaria; per aix\u00f2, la Taula Rodona volia ser tamb\u00e9 un reconeixement i un homenatge a la seva tasca en el camp de l\u2019ecologia i de la fraternitat humana.<\/p>\n<p>Pere Sala destac\u00e0 que la LS fa una crida a un canvi de paradigma, com a \u00fanica via per a sortir de la crisi ecol\u00f2gica, tot recordant les paraules del papa Francesc adre\u00e7ades als joves reunits a Rio de Janeiro:<em> Hagan l\u00edo<\/em>. Tamb\u00e9 feu menci\u00f3 al missatge de l\u2019enc\u00edclica que tot est\u00e0 connectat, que no hi ha dues crisis, sin\u00f3 una de sola: crisi social i ecol\u00f2gica; cal recuperar el vincle entre els homes i amb la natura. Altres aspectes que assenyal\u00e0: la LS uneix contemplaci\u00f3 amb acci\u00f3, la just\u00edcia com a generadora de bellesa i la reivindicaci\u00f3 de la saviesa dels pobles primitius.<\/p>\n<p>Pau de Vilchez comen\u00e7\u00e0 recordant que l\u2019any 2015 era un any d\u2019esperan\u00e7a: proclamaci\u00f3 dels Objectius de Desenvolupament Sostenible, cimera del clima de Par\u00eds&#8230; Malgrat tot, afirm\u00e0 que no s\u2019ha avan\u00e7at prou en aquests 10 anys, que estam superant els <em>punts d\u2019inflexi\u00f3 o de no retorn<\/em> (descongelaci\u00f3 del permagel, reducci\u00f3 de glaceres, desforestaci\u00f3 selva tropical&#8230;). Coincidint amb l\u2019afirmaci\u00f3 que tot est\u00e0 connectat, des del LINCC estan conven\u00e7uts que la situaci\u00f3 actual demanda respostes conjuntes i interdisciplin\u00e0ries. Acab\u00e0 afirmant que la LS posa el dit a la nafra de la causa global de la crisi ecol\u00f2gica: el sistema de producci\u00f3 i el consum.<\/p>\n<p>Per la seva part, Francesc Maci\u00e0 afirm\u00e0 que el papa Francesc fou una veu prof\u00e8tica en el tema ecol\u00f2gic, destacant la seva crida a una conversi\u00f3 ecol\u00f2gica integral. El projecte de Parr\u00f2quies Ecosolid\u00e0ries de Just\u00edcia i Pau Barcelona, comen\u00e7\u00e0 l\u2019any 2019 sota el lema <em>Comencem a viure diferent! <\/em>De la Xarxa de parr\u00f2quies i comunitats ecosolid\u00e0ries en destac\u00e0 el Test d\u2019Autodiagn\u00f2stic (ajuda per a identificar aquelles bones pr\u00e0ctiques que ja es porten a terme i proporcionar pistes per a poder avan\u00e7ar), les publicacions <em>\u201cLaudato Si. Reflexions per a les celebracions dominicals\u201d <\/em>(Jaume Duch i Maria Bargall\u00f3) i els eixos d\u2019acci\u00f3: una nova mirada, espiritualitat ecosocial, nous estils de vida i comprom\u00eds social.<\/p>\n<p>Davant la q\u00fcesti\u00f3 cap on hem d\u2019anar?, que plantej\u00e0 Llu\u00efsa Dubon, Pau de Vilchez afirm\u00e0 que hi som a temps, encara que no podem pretendre tornar enrere all\u00e0 on \u00e9rem. \u00c9s important deixar d\u2019empitjorar el canvi clim\u00e0tic i donar espai a la recuperaci\u00f3 de la Terra. Sense canvis pol\u00edtics no es pot assolir tota la capacitat de reducci\u00f3 d\u2019emissions. Destac\u00e0 la import\u00e0ncia de les Assemblees de Ciutats pel Canvi Clim\u00e0tic, el fet que estan augmentant les sent\u00e8ncies judicials contra els Estats per no fer prou per evitar el canvi clim\u00e0tic, la creaci\u00f3 de refugis clim\u00e0tics i la necessitat d\u2019una visi\u00f3 de treball des de l\u2019\u00f2ptica de l\u2019equitat.<\/p>\n<p>Per la seva part, Pere Sala pos\u00e0 dos exemples concrets: el Pla Clim\u00e0tic 2024-2030 de Par\u00eds i la necessitat de decr\u00e9ixer en molts d\u2019aspectes, com ha passat a l\u2019Estartit amb la reducci\u00f3 de zones urbanitzables.<\/p>\n<p>Finalment, Francesc Maci\u00e0 explic\u00e0 els diferents projectes que es duen a terme a Catalunya, destacant el de comunitats energ\u00e8tiques (instal\u00b7laci\u00f3 de plaques solars a les parr\u00f2quies), els jardins de la contemplaci\u00f3, la mostra Art Descal\u00e7 sobre la Terra, les trobades anuals, els espais de preg\u00e0ria&#8230;<\/p>\n<p>L\u2019acte acab\u00e0 amb la intervenci\u00f3 d\u2019alguns dels assistents i un petit debat.<\/p>\n","protected":false},"excerpt":{"rendered":"<p>Dijous passat, 22 de maig, tingu\u00e9 lloc una Taula Rodona,  [&#8230;]<\/p>\n","protected":false},"author":2,"featured_media":26837,"comment_status":"open","ping_status":"open","sticky":false,"template":"","format":"standard","meta":{"footnotes":""},"categories":[16],"tags":[],"class_list":["post-26836","post","type-post","status-publish","format-standard","has-post-thumbnail","hentry","category-agencia-baleria"],"yoast_head":"<!-- This site is optimized with the Yoast SEO plugin v27.0 - https:\/\/yoast.com\/product\/yoast-seo-wordpress\/ -->\n<title>Setmana Laudato Si 2025<\/title>\n<meta name=\"robots\" content=\"index, follow, max-snippet:-1, max-image-preview:large, max-video-preview:-1\" \/>\n<link rel=\"canonical\" href=\"https:\/\/www.bisbatdemallorca.org\/ca\/setmana-laudato-si-2025\/\" \/>\n<meta property=\"og:locale\" content=\"ca_ES\" \/>\n<meta property=\"og:locale:alternate\" content=\"en_US\" \/>\n<meta property=\"og:locale:alternate\" content=\"es_ES\" \/>\n<meta property=\"og:type\" content=\"article\" \/>\n<meta property=\"og:title\" content=\"Setmana Laudato Si 2025\" \/>\n<meta property=\"og:description\" content=\"Dijous passat, 22 de maig, tingu\u00e9 lloc una Taula Rodona, [...]\" \/>\n<meta property=\"og:url\" content=\"https:\/\/www.bisbatdemallorca.org\/ca\/setmana-laudato-si-2025\/\" \/>\n<meta property=\"og:site_name\" content=\"Bisbat de Mallorca\" \/>\n<meta property=\"article:published_time\" content=\"2025-06-02T11:44:22+00:00\" \/>\n<meta property=\"article:modified_time\" content=\"2025-06-02T11:46:05+00:00\" \/>\n<meta property=\"og:image\" content=\"https:\/\/www.bisbatdemallorca.org\/wp-content\/uploads\/2025\/06\/Taula-Rodona-1.jpg\" \/>\n\t<meta property=\"og:image:width\" content=\"2048\" \/>\n\t<meta property=\"og:image:height\" content=\"1536\" \/>\n\t<meta property=\"og:image:type\" content=\"image\/jpeg\" \/>\n<meta name=\"author\" content=\"Administraci\u00f3 Bisbat de Mallorca\" \/>\n<meta name=\"twitter:card\" content=\"summary_large_image\" \/>\n<meta name=\"twitter:label1\" content=\"Escrit per\" \/>\n\t<meta name=\"twitter:data1\" content=\"Administraci\u00f3 Bisbat de Mallorca\" \/>\n\t<meta name=\"twitter:label2\" content=\"Temps estimat de lectura\" \/>\n\t<meta name=\"twitter:data2\" content=\"8 minuts\" \/>\n<script type=\"application\/ld+json\" class=\"yoast-schema-graph\">{\"@context\":\"https:\/\/schema.org\",\"@graph\":[{\"@type\":\"Article\",\"@id\":\"https:\/\/www.bisbatdemallorca.org\/setmana-laudato-si-2025\/#article\",\"isPartOf\":{\"@id\":\"https:\/\/www.bisbatdemallorca.org\/setmana-laudato-si-2025\/\"},\"author\":{\"name\":\"Administraci\u00f3 Bisbat de Mallorca\",\"@id\":\"https:\/\/www.bisbatdemallorca.org\/ca\/#\/schema\/person\/9d198fedaef82cec34c41260a51964a6\"},\"headline\":\"Setmana Laudato Si 2025\",\"datePublished\":\"2025-06-02T11:44:22+00:00\",\"dateModified\":\"2025-06-02T11:46:05+00:00\",\"mainEntityOfPage\":{\"@id\":\"https:\/\/www.bisbatdemallorca.org\/setmana-laudato-si-2025\/\"},\"wordCount\":1540,\"commentCount\":0,\"publisher\":{\"@id\":\"https:\/\/www.bisbatdemallorca.org\/ca\/#organization\"},\"image\":{\"@id\":\"https:\/\/www.bisbatdemallorca.org\/setmana-laudato-si-2025\/#primaryimage\"},\"thumbnailUrl\":\"https:\/\/www.bisbatdemallorca.org\/wp-content\/uploads\/2025\/06\/Taula-Rodona-1.jpg\",\"articleSection\":[\"Agencia Bal\u00e8ria\"],\"inLanguage\":\"ca\",\"potentialAction\":[{\"@type\":\"CommentAction\",\"name\":\"Comment\",\"target\":[\"https:\/\/www.bisbatdemallorca.org\/setmana-laudato-si-2025\/#respond\"]}]},{\"@type\":\"WebPage\",\"@id\":\"https:\/\/www.bisbatdemallorca.org\/setmana-laudato-si-2025\/\",\"url\":\"https:\/\/www.bisbatdemallorca.org\/setmana-laudato-si-2025\/\",\"name\":\"Setmana Laudato Si 2025\",\"isPartOf\":{\"@id\":\"https:\/\/www.bisbatdemallorca.org\/ca\/#website\"},\"primaryImageOfPage\":{\"@id\":\"https:\/\/www.bisbatdemallorca.org\/setmana-laudato-si-2025\/#primaryimage\"},\"image\":{\"@id\":\"https:\/\/www.bisbatdemallorca.org\/setmana-laudato-si-2025\/#primaryimage\"},\"thumbnailUrl\":\"https:\/\/www.bisbatdemallorca.org\/wp-content\/uploads\/2025\/06\/Taula-Rodona-1.jpg\",\"datePublished\":\"2025-06-02T11:44:22+00:00\",\"dateModified\":\"2025-06-02T11:46:05+00:00\",\"breadcrumb\":{\"@id\":\"https:\/\/www.bisbatdemallorca.org\/setmana-laudato-si-2025\/#breadcrumb\"},\"inLanguage\":\"ca\",\"potentialAction\":[{\"@type\":\"ReadAction\",\"target\":[\"https:\/\/www.bisbatdemallorca.org\/setmana-laudato-si-2025\/\"]}]},{\"@type\":\"ImageObject\",\"inLanguage\":\"ca\",\"@id\":\"https:\/\/www.bisbatdemallorca.org\/setmana-laudato-si-2025\/#primaryimage\",\"url\":\"https:\/\/www.bisbatdemallorca.org\/wp-content\/uploads\/2025\/06\/Taula-Rodona-1.jpg\",\"contentUrl\":\"https:\/\/www.bisbatdemallorca.org\/wp-content\/uploads\/2025\/06\/Taula-Rodona-1.jpg\",\"width\":2048,\"height\":1536},{\"@type\":\"BreadcrumbList\",\"@id\":\"https:\/\/www.bisbatdemallorca.org\/setmana-laudato-si-2025\/#breadcrumb\",\"itemListElement\":[{\"@type\":\"ListItem\",\"position\":1,\"name\":\"Portada\",\"item\":\"https:\/\/www.bisbatdemallorca.org\/ca\/\"},{\"@type\":\"ListItem\",\"position\":2,\"name\":\"Semana Laudato Si 2025\"}]},{\"@type\":\"WebSite\",\"@id\":\"https:\/\/www.bisbatdemallorca.org\/ca\/#website\",\"url\":\"https:\/\/www.bisbatdemallorca.org\/ca\/\",\"name\":\"Bisbat de Mallorca\",\"description\":\"Just another WordPress site\",\"publisher\":{\"@id\":\"https:\/\/www.bisbatdemallorca.org\/ca\/#organization\"},\"potentialAction\":[{\"@type\":\"SearchAction\",\"target\":{\"@type\":\"EntryPoint\",\"urlTemplate\":\"https:\/\/www.bisbatdemallorca.org\/ca\/?s={search_term_string}\"},\"query-input\":{\"@type\":\"PropertyValueSpecification\",\"valueRequired\":true,\"valueName\":\"search_term_string\"}}],\"inLanguage\":\"ca\"},{\"@type\":\"Organization\",\"@id\":\"https:\/\/www.bisbatdemallorca.org\/ca\/#organization\",\"name\":\"Bisbat De Mallorca\",\"url\":\"https:\/\/www.bisbatdemallorca.org\/ca\/\",\"logo\":{\"@type\":\"ImageObject\",\"inLanguage\":\"ca\",\"@id\":\"https:\/\/www.bisbatdemallorca.org\/ca\/#\/schema\/logo\/image\/\",\"url\":\"https:\/\/bisbatdemallorca.org\/wp-content\/uploads\/2022\/04\/Logo_Bisbat-de-Mallorca-scaled.jpeg\",\"contentUrl\":\"https:\/\/bisbatdemallorca.org\/wp-content\/uploads\/2022\/04\/Logo_Bisbat-de-Mallorca-scaled.jpeg\",\"width\":2560,\"height\":1810,\"caption\":\"Bisbat De Mallorca\"},\"image\":{\"@id\":\"https:\/\/www.bisbatdemallorca.org\/ca\/#\/schema\/logo\/image\/\"}},{\"@type\":\"Person\",\"@id\":\"https:\/\/www.bisbatdemallorca.org\/ca\/#\/schema\/person\/9d198fedaef82cec34c41260a51964a6\",\"name\":\"Administraci\u00f3 Bisbat de Mallorca\",\"image\":{\"@type\":\"ImageObject\",\"inLanguage\":\"ca\",\"@id\":\"https:\/\/www.bisbatdemallorca.org\/ca\/#\/schema\/person\/image\/\",\"url\":\"https:\/\/secure.gravatar.com\/avatar\/cc0dac0bd15aa6305e120ea8e5b6c12f94c8fe06a53230fa56abffe62cefceb4?s=96&d=mm&r=g\",\"contentUrl\":\"https:\/\/secure.gravatar.com\/avatar\/cc0dac0bd15aa6305e120ea8e5b6c12f94c8fe06a53230fa56abffe62cefceb4?s=96&d=mm&r=g\",\"caption\":\"Administraci\u00f3 Bisbat de Mallorca\"},\"sameAs\":[\"https:\/\/bisbatdemallorca.org\"],\"url\":\"https:\/\/www.bisbatdemallorca.org\/ca\/author\/administraciobisbat\/\"}]}<\/script>\n<!-- \/ Yoast SEO plugin. -->","yoast_head_json":{"title":"Setmana Laudato Si 2025","robots":{"index":"index","follow":"follow","max-snippet":"max-snippet:-1","max-image-preview":"max-image-preview:large","max-video-preview":"max-video-preview:-1"},"canonical":"https:\/\/www.bisbatdemallorca.org\/ca\/setmana-laudato-si-2025\/","og_locale":"ca_ES","og_type":"article","og_title":"[:ca]Setmana Laudato Si 2025[:es]Semana Laudato Si 2025[:] - Bisbat de Mallorca","og_description":"Dijous passat, 22 de maig, tingu\u00e9 lloc una Taula Rodona, [...]","og_url":"https:\/\/www.bisbatdemallorca.org\/ca\/setmana-laudato-si-2025\/","og_site_name":"Bisbat de Mallorca","article_published_time":"2025-06-02T11:44:22+00:00","article_modified_time":"2025-06-02T11:46:05+00:00","og_image":[{"width":2048,"height":1536,"url":"https:\/\/www.bisbatdemallorca.org\/wp-content\/uploads\/2025\/06\/Taula-Rodona-1.jpg","type":"image\/jpeg"}],"author":"Administraci\u00f3 Bisbat de Mallorca","twitter_card":"summary_large_image","twitter_misc":{"Escrit per":"Administraci\u00f3 Bisbat de Mallorca","Temps estimat de lectura":"8 minuts"},"schema":{"@context":"https:\/\/schema.org","@graph":[{"@type":"Article","@id":"https:\/\/www.bisbatdemallorca.org\/setmana-laudato-si-2025\/#article","isPartOf":{"@id":"https:\/\/www.bisbatdemallorca.org\/setmana-laudato-si-2025\/"},"author":{"name":"Administraci\u00f3 Bisbat de Mallorca","@id":"https:\/\/www.bisbatdemallorca.org\/ca\/#\/schema\/person\/9d198fedaef82cec34c41260a51964a6"},"headline":"Setmana Laudato Si 2025","datePublished":"2025-06-02T11:44:22+00:00","dateModified":"2025-06-02T11:46:05+00:00","mainEntityOfPage":{"@id":"https:\/\/www.bisbatdemallorca.org\/setmana-laudato-si-2025\/"},"wordCount":1540,"commentCount":0,"publisher":{"@id":"https:\/\/www.bisbatdemallorca.org\/ca\/#organization"},"image":{"@id":"https:\/\/www.bisbatdemallorca.org\/setmana-laudato-si-2025\/#primaryimage"},"thumbnailUrl":"https:\/\/www.bisbatdemallorca.org\/wp-content\/uploads\/2025\/06\/Taula-Rodona-1.jpg","articleSection":["Agencia Bal\u00e8ria"],"inLanguage":"ca","potentialAction":[{"@type":"CommentAction","name":"Comment","target":["https:\/\/www.bisbatdemallorca.org\/setmana-laudato-si-2025\/#respond"]}]},{"@type":"WebPage","@id":"https:\/\/www.bisbatdemallorca.org\/setmana-laudato-si-2025\/","url":"https:\/\/www.bisbatdemallorca.org\/setmana-laudato-si-2025\/","name":"Setmana Laudato Si 2025","isPartOf":{"@id":"https:\/\/www.bisbatdemallorca.org\/ca\/#website"},"primaryImageOfPage":{"@id":"https:\/\/www.bisbatdemallorca.org\/setmana-laudato-si-2025\/#primaryimage"},"image":{"@id":"https:\/\/www.bisbatdemallorca.org\/setmana-laudato-si-2025\/#primaryimage"},"thumbnailUrl":"https:\/\/www.bisbatdemallorca.org\/wp-content\/uploads\/2025\/06\/Taula-Rodona-1.jpg","datePublished":"2025-06-02T11:44:22+00:00","dateModified":"2025-06-02T11:46:05+00:00","breadcrumb":{"@id":"https:\/\/www.bisbatdemallorca.org\/setmana-laudato-si-2025\/#breadcrumb"},"inLanguage":"ca","potentialAction":[{"@type":"ReadAction","target":["https:\/\/www.bisbatdemallorca.org\/setmana-laudato-si-2025\/"]}]},{"@type":"ImageObject","inLanguage":"ca","@id":"https:\/\/www.bisbatdemallorca.org\/setmana-laudato-si-2025\/#primaryimage","url":"https:\/\/www.bisbatdemallorca.org\/wp-content\/uploads\/2025\/06\/Taula-Rodona-1.jpg","contentUrl":"https:\/\/www.bisbatdemallorca.org\/wp-content\/uploads\/2025\/06\/Taula-Rodona-1.jpg","width":2048,"height":1536},{"@type":"BreadcrumbList","@id":"https:\/\/www.bisbatdemallorca.org\/setmana-laudato-si-2025\/#breadcrumb","itemListElement":[{"@type":"ListItem","position":1,"name":"Portada","item":"https:\/\/www.bisbatdemallorca.org\/ca\/"},{"@type":"ListItem","position":2,"name":"Semana Laudato Si 2025"}]},{"@type":"WebSite","@id":"https:\/\/www.bisbatdemallorca.org\/ca\/#website","url":"https:\/\/www.bisbatdemallorca.org\/ca\/","name":"Bisbat de Mallorca","description":"Just another WordPress site","publisher":{"@id":"https:\/\/www.bisbatdemallorca.org\/ca\/#organization"},"potentialAction":[{"@type":"SearchAction","target":{"@type":"EntryPoint","urlTemplate":"https:\/\/www.bisbatdemallorca.org\/ca\/?s={search_term_string}"},"query-input":{"@type":"PropertyValueSpecification","valueRequired":true,"valueName":"search_term_string"}}],"inLanguage":"ca"},{"@type":"Organization","@id":"https:\/\/www.bisbatdemallorca.org\/ca\/#organization","name":"Bisbat De Mallorca","url":"https:\/\/www.bisbatdemallorca.org\/ca\/","logo":{"@type":"ImageObject","inLanguage":"ca","@id":"https:\/\/www.bisbatdemallorca.org\/ca\/#\/schema\/logo\/image\/","url":"https:\/\/bisbatdemallorca.org\/wp-content\/uploads\/2022\/04\/Logo_Bisbat-de-Mallorca-scaled.jpeg","contentUrl":"https:\/\/bisbatdemallorca.org\/wp-content\/uploads\/2022\/04\/Logo_Bisbat-de-Mallorca-scaled.jpeg","width":2560,"height":1810,"caption":"Bisbat De Mallorca"},"image":{"@id":"https:\/\/www.bisbatdemallorca.org\/ca\/#\/schema\/logo\/image\/"}},{"@type":"Person","@id":"https:\/\/www.bisbatdemallorca.org\/ca\/#\/schema\/person\/9d198fedaef82cec34c41260a51964a6","name":"Administraci\u00f3 Bisbat de Mallorca","image":{"@type":"ImageObject","inLanguage":"ca","@id":"https:\/\/www.bisbatdemallorca.org\/ca\/#\/schema\/person\/image\/","url":"https:\/\/secure.gravatar.com\/avatar\/cc0dac0bd15aa6305e120ea8e5b6c12f94c8fe06a53230fa56abffe62cefceb4?s=96&d=mm&r=g","contentUrl":"https:\/\/secure.gravatar.com\/avatar\/cc0dac0bd15aa6305e120ea8e5b6c12f94c8fe06a53230fa56abffe62cefceb4?s=96&d=mm&r=g","caption":"Administraci\u00f3 Bisbat de Mallorca"},"sameAs":["https:\/\/bisbatdemallorca.org"],"url":"https:\/\/www.bisbatdemallorca.org\/ca\/author\/administraciobisbat\/"}]}},"_links":{"self":[{"href":"https:\/\/www.bisbatdemallorca.org\/ca\/wp-json\/wp\/v2\/posts\/26836","targetHints":{"allow":["GET"]}}],"collection":[{"href":"https:\/\/www.bisbatdemallorca.org\/ca\/wp-json\/wp\/v2\/posts"}],"about":[{"href":"https:\/\/www.bisbatdemallorca.org\/ca\/wp-json\/wp\/v2\/types\/post"}],"author":[{"embeddable":true,"href":"https:\/\/www.bisbatdemallorca.org\/ca\/wp-json\/wp\/v2\/users\/2"}],"replies":[{"embeddable":true,"href":"https:\/\/www.bisbatdemallorca.org\/ca\/wp-json\/wp\/v2\/comments?post=26836"}],"version-history":[{"count":0,"href":"https:\/\/www.bisbatdemallorca.org\/ca\/wp-json\/wp\/v2\/posts\/26836\/revisions"}],"wp:featuredmedia":[{"embeddable":true,"href":"https:\/\/www.bisbatdemallorca.org\/ca\/wp-json\/wp\/v2\/media\/26837"}],"wp:attachment":[{"href":"https:\/\/www.bisbatdemallorca.org\/ca\/wp-json\/wp\/v2\/media?parent=26836"}],"wp:term":[{"taxonomy":"category","embeddable":true,"href":"https:\/\/www.bisbatdemallorca.org\/ca\/wp-json\/wp\/v2\/categories?post=26836"},{"taxonomy":"post_tag","embeddable":true,"href":"https:\/\/www.bisbatdemallorca.org\/ca\/wp-json\/wp\/v2\/tags?post=26836"}],"curies":[{"name":"wp","href":"https:\/\/api.w.org\/{rel}","templated":true}]}}