{"id":28287,"date":"2025-09-09T15:07:20","date_gmt":"2025-09-09T13:07:20","guid":{"rendered":"https:\/\/www.bisbatdemallorca.org\/ca\/?p=28287"},"modified":"2025-09-10T09:34:02","modified_gmt":"2025-09-10T07:34:02","slug":"el-santuari-de-lluc-ja-esta-en-festes","status":"publish","type":"post","link":"https:\/\/www.bisbatdemallorca.org\/ca\/el-santuari-de-lluc-ja-esta-en-festes\/","title":{"rendered":"El Santuari de Lluc ja est\u00e0 en festes"},"content":{"rendered":"<p>Els dies previs a les festes de la Mare de D\u00e9u de Lluc, el seu santuari ja s\u2019hi prepara amb la il\u00b7lusi\u00f3 de cada any i oferint oportunitats de rejoveniment espiritual. D\u2019aquesta manera, el cap de setmana del 6 i 7 de setembre va tenir una significan\u00e7a ben especial.<\/p>\n<p>L\u2019horabaixa del dissabte, en el transcurs de la missa de les 19.30h, es dugu\u00e9 a terme l\u2019emotiu acte de vestici\u00f3 dels nous blauets i blauetes. Aquest curs s\u2019incorporen fins a set infants procedents dels termes de Palma, Inca, Binissalem i Escorca, d&#8217;entre 6 i 14 anys. Sens dubte, el moment m\u00e9s colpidor d\u2019aquest ritu tradicional de Lluc \u00e9s quan les mares i els pares dels novells candidats vesteixen els seus fills amb la sotana blava i el roquet blanc que identifica els cantors i, com a senyal d\u2019acollida, reben l\u2019abra\u00e7ada dels responsables de la formaci\u00f3. Llavors, tamb\u00e9, s\u2019acomiaden aquells altres que acaben la seva formaci\u00f3 acad\u00e8mica i musical a l\u2019escolania de la Santa Casa.<\/p>\n<p>L\u2019endem\u00e0, a Lluc, s\u2019hi aplegaren els responsables de l\u2019organitzaci\u00f3 de la XLIV Pujada a Peu de la Part Forana, que s\u2019ha de celebrar la nit del proper dia 14. Hi eren presents caps visibles del Consell de Mallorca, que enguany dona suport a la iniciativa, l\u2019associaci\u00f3 d\u2019Antics Blauets i els anomenats caps de poble, en els quals recau la responsabilitat de gestionar els m\u00e9s de 40 punts des d\u2019on sortiran els milers de pelegrins que s\u2019encaminaran a visitar la Mare de D\u00e9u de Lluc. En el transcurs de la missa major del mat\u00ed, el P. Prior del Santuari bene\u00ed les mides amb qu\u00e8 s\u2019obsequiar\u00e0 tothom que hi arribi caminant. Seguidament, tota aquella colla de capdavanters es reun\u00ed en una assemblea en qu\u00e8 es van transmetre informacions pr\u00e0ctiques, es concretaren detalls&#8230;, i s\u2019animaren a realitzar una nova edici\u00f3 de la Pujada amb ressons d\u2019alegria i multitud.<\/p>\n","protected":false},"excerpt":{"rendered":"<p>Els dies previs a les festes de la Mare de  [&#8230;]<\/p>\n","protected":false},"author":2,"featured_media":28302,"comment_status":"open","ping_status":"open","sticky":false,"template":"","format":"standard","meta":{"footnotes":""},"categories":[16],"tags":[],"class_list":["post-28287","post","type-post","status-publish","format-standard","has-post-thumbnail","hentry","category-agencia-baleria"],"yoast_head":"<!-- This site is optimized with the Yoast SEO plugin v27.0 - https:\/\/yoast.com\/product\/yoast-seo-wordpress\/ -->\n<title>El Santuari de Lluc ja est\u00e0 en festes<\/title>\n<meta name=\"robots\" content=\"index, follow, max-snippet:-1, max-image-preview:large, max-video-preview:-1\" \/>\n<link rel=\"canonical\" href=\"https:\/\/www.bisbatdemallorca.org\/ca\/el-santuari-de-lluc-ja-esta-en-festes\/\" \/>\n<meta property=\"og:locale\" content=\"ca_ES\" \/>\n<meta property=\"og:locale:alternate\" content=\"en_US\" \/>\n<meta property=\"og:locale:alternate\" content=\"es_ES\" \/>\n<meta property=\"og:type\" content=\"article\" \/>\n<meta property=\"og:title\" content=\"El Santuari de Lluc ja est\u00e0 en festes\" \/>\n<meta property=\"og:description\" content=\"Els dies previs a les festes de la Mare de [...]\" \/>\n<meta property=\"og:url\" content=\"https:\/\/www.bisbatdemallorca.org\/ca\/el-santuari-de-lluc-ja-esta-en-festes\/\" \/>\n<meta property=\"og:site_name\" content=\"Bisbat de Mallorca\" \/>\n<meta property=\"article:published_time\" content=\"2025-09-09T13:07:20+00:00\" \/>\n<meta property=\"article:modified_time\" content=\"2025-09-10T07:34:02+00:00\" \/>\n<meta property=\"og:image\" content=\"https:\/\/www.bisbatdemallorca.org\/wp-content\/uploads\/2025\/09\/WhatsApp-Image-2025-09-09-at-19.01.49.jpeg\" \/>\n\t<meta property=\"og:image:width\" content=\"1148\" \/>\n\t<meta property=\"og:image:height\" content=\"2040\" \/>\n\t<meta property=\"og:image:type\" content=\"image\/jpeg\" \/>\n<meta name=\"author\" content=\"Administraci\u00f3 Bisbat de Mallorca\" \/>\n<meta name=\"twitter:card\" content=\"summary_large_image\" \/>\n<meta name=\"twitter:label1\" content=\"Escrit per\" \/>\n\t<meta name=\"twitter:data1\" content=\"Administraci\u00f3 Bisbat de Mallorca\" \/>\n\t<meta name=\"twitter:label2\" content=\"Temps estimat de lectura\" \/>\n\t<meta name=\"twitter:data2\" content=\"3 minuts\" \/>\n<script type=\"application\/ld+json\" class=\"yoast-schema-graph\">{\"@context\":\"https:\/\/schema.org\",\"@graph\":[{\"@type\":\"Article\",\"@id\":\"https:\/\/www.bisbatdemallorca.org\/ca\/el-santuari-de-lluc-ja-esta-en-festes\/#article\",\"isPartOf\":{\"@id\":\"https:\/\/www.bisbatdemallorca.org\/ca\/el-santuari-de-lluc-ja-esta-en-festes\/\"},\"author\":{\"name\":\"Administraci\u00f3 Bisbat de Mallorca\",\"@id\":\"https:\/\/www.bisbatdemallorca.org\/ca\/#\/schema\/person\/9d198fedaef82cec34c41260a51964a6\"},\"headline\":\"El Santuari de Lluc ja est\u00e0 en festes\",\"datePublished\":\"2025-09-09T13:07:20+00:00\",\"dateModified\":\"2025-09-10T07:34:02+00:00\",\"mainEntityOfPage\":{\"@id\":\"https:\/\/www.bisbatdemallorca.org\/ca\/el-santuari-de-lluc-ja-esta-en-festes\/\"},\"wordCount\":708,\"commentCount\":0,\"publisher\":{\"@id\":\"https:\/\/www.bisbatdemallorca.org\/ca\/#organization\"},\"image\":{\"@id\":\"https:\/\/www.bisbatdemallorca.org\/ca\/el-santuari-de-lluc-ja-esta-en-festes\/#primaryimage\"},\"thumbnailUrl\":\"https:\/\/www.bisbatdemallorca.org\/wp-content\/uploads\/2025\/09\/WhatsApp-Image-2025-09-09-at-19.01.49.jpeg\",\"articleSection\":[\"Agencia Bal\u00e8ria\"],\"inLanguage\":\"ca\",\"potentialAction\":[{\"@type\":\"CommentAction\",\"name\":\"Comment\",\"target\":[\"https:\/\/www.bisbatdemallorca.org\/ca\/el-santuari-de-lluc-ja-esta-en-festes\/#respond\"]}]},{\"@type\":\"WebPage\",\"@id\":\"https:\/\/www.bisbatdemallorca.org\/ca\/el-santuari-de-lluc-ja-esta-en-festes\/\",\"url\":\"https:\/\/www.bisbatdemallorca.org\/ca\/el-santuari-de-lluc-ja-esta-en-festes\/\",\"name\":\"El Santuari de Lluc ja est\u00e0 en festes\",\"isPartOf\":{\"@id\":\"https:\/\/www.bisbatdemallorca.org\/ca\/#website\"},\"primaryImageOfPage\":{\"@id\":\"https:\/\/www.bisbatdemallorca.org\/ca\/el-santuari-de-lluc-ja-esta-en-festes\/#primaryimage\"},\"image\":{\"@id\":\"https:\/\/www.bisbatdemallorca.org\/ca\/el-santuari-de-lluc-ja-esta-en-festes\/#primaryimage\"},\"thumbnailUrl\":\"https:\/\/www.bisbatdemallorca.org\/wp-content\/uploads\/2025\/09\/WhatsApp-Image-2025-09-09-at-19.01.49.jpeg\",\"datePublished\":\"2025-09-09T13:07:20+00:00\",\"dateModified\":\"2025-09-10T07:34:02+00:00\",\"breadcrumb\":{\"@id\":\"https:\/\/www.bisbatdemallorca.org\/ca\/el-santuari-de-lluc-ja-esta-en-festes\/#breadcrumb\"},\"inLanguage\":\"ca\",\"potentialAction\":[{\"@type\":\"ReadAction\",\"target\":[\"https:\/\/www.bisbatdemallorca.org\/ca\/el-santuari-de-lluc-ja-esta-en-festes\/\"]}]},{\"@type\":\"ImageObject\",\"inLanguage\":\"ca\",\"@id\":\"https:\/\/www.bisbatdemallorca.org\/ca\/el-santuari-de-lluc-ja-esta-en-festes\/#primaryimage\",\"url\":\"https:\/\/www.bisbatdemallorca.org\/wp-content\/uploads\/2025\/09\/WhatsApp-Image-2025-09-09-at-19.01.49.jpeg\",\"contentUrl\":\"https:\/\/www.bisbatdemallorca.org\/wp-content\/uploads\/2025\/09\/WhatsApp-Image-2025-09-09-at-19.01.49.jpeg\",\"width\":1148,\"height\":2040},{\"@type\":\"BreadcrumbList\",\"@id\":\"https:\/\/www.bisbatdemallorca.org\/ca\/el-santuari-de-lluc-ja-esta-en-festes\/#breadcrumb\",\"itemListElement\":[{\"@type\":\"ListItem\",\"position\":1,\"name\":\"Portada\",\"item\":\"https:\/\/www.bisbatdemallorca.org\/ca\/\"},{\"@type\":\"ListItem\",\"position\":2,\"name\":\"El Santuari de Lluc ja est\u00e0 en festes\"}]},{\"@type\":\"WebSite\",\"@id\":\"https:\/\/www.bisbatdemallorca.org\/ca\/#website\",\"url\":\"https:\/\/www.bisbatdemallorca.org\/ca\/\",\"name\":\"Bisbat de Mallorca\",\"description\":\"Just another WordPress site\",\"publisher\":{\"@id\":\"https:\/\/www.bisbatdemallorca.org\/ca\/#organization\"},\"potentialAction\":[{\"@type\":\"SearchAction\",\"target\":{\"@type\":\"EntryPoint\",\"urlTemplate\":\"https:\/\/www.bisbatdemallorca.org\/ca\/?s={search_term_string}\"},\"query-input\":{\"@type\":\"PropertyValueSpecification\",\"valueRequired\":true,\"valueName\":\"search_term_string\"}}],\"inLanguage\":\"ca\"},{\"@type\":\"Organization\",\"@id\":\"https:\/\/www.bisbatdemallorca.org\/ca\/#organization\",\"name\":\"Bisbat De Mallorca\",\"url\":\"https:\/\/www.bisbatdemallorca.org\/ca\/\",\"logo\":{\"@type\":\"ImageObject\",\"inLanguage\":\"ca\",\"@id\":\"https:\/\/www.bisbatdemallorca.org\/ca\/#\/schema\/logo\/image\/\",\"url\":\"https:\/\/bisbatdemallorca.org\/wp-content\/uploads\/2022\/04\/Logo_Bisbat-de-Mallorca-scaled.jpeg\",\"contentUrl\":\"https:\/\/bisbatdemallorca.org\/wp-content\/uploads\/2022\/04\/Logo_Bisbat-de-Mallorca-scaled.jpeg\",\"width\":2560,\"height\":1810,\"caption\":\"Bisbat De Mallorca\"},\"image\":{\"@id\":\"https:\/\/www.bisbatdemallorca.org\/ca\/#\/schema\/logo\/image\/\"}},{\"@type\":\"Person\",\"@id\":\"https:\/\/www.bisbatdemallorca.org\/ca\/#\/schema\/person\/9d198fedaef82cec34c41260a51964a6\",\"name\":\"Administraci\u00f3 Bisbat de Mallorca\",\"image\":{\"@type\":\"ImageObject\",\"inLanguage\":\"ca\",\"@id\":\"https:\/\/www.bisbatdemallorca.org\/ca\/#\/schema\/person\/image\/\",\"url\":\"https:\/\/secure.gravatar.com\/avatar\/cc0dac0bd15aa6305e120ea8e5b6c12f94c8fe06a53230fa56abffe62cefceb4?s=96&d=mm&r=g\",\"contentUrl\":\"https:\/\/secure.gravatar.com\/avatar\/cc0dac0bd15aa6305e120ea8e5b6c12f94c8fe06a53230fa56abffe62cefceb4?s=96&d=mm&r=g\",\"caption\":\"Administraci\u00f3 Bisbat de Mallorca\"},\"sameAs\":[\"https:\/\/bisbatdemallorca.org\"],\"url\":\"https:\/\/www.bisbatdemallorca.org\/ca\/author\/administraciobisbat\/\"}]}<\/script>\n<!-- \/ Yoast SEO plugin. -->","yoast_head_json":{"title":"El Santuari de Lluc ja est\u00e0 en festes","robots":{"index":"index","follow":"follow","max-snippet":"max-snippet:-1","max-image-preview":"max-image-preview:large","max-video-preview":"max-video-preview:-1"},"canonical":"https:\/\/www.bisbatdemallorca.org\/ca\/el-santuari-de-lluc-ja-esta-en-festes\/","og_locale":"ca_ES","og_type":"article","og_title":"[:ca]El Santuari de Lluc ja est\u00e0 en festes[:es]El Santuario de Lluc ya est\u00e1 en fiestas[:] - Bisbat de Mallorca","og_description":"Els dies previs a les festes de la Mare de [...]","og_url":"https:\/\/www.bisbatdemallorca.org\/ca\/el-santuari-de-lluc-ja-esta-en-festes\/","og_site_name":"Bisbat de Mallorca","article_published_time":"2025-09-09T13:07:20+00:00","article_modified_time":"2025-09-10T07:34:02+00:00","og_image":[{"width":1148,"height":2040,"url":"https:\/\/www.bisbatdemallorca.org\/wp-content\/uploads\/2025\/09\/WhatsApp-Image-2025-09-09-at-19.01.49.jpeg","type":"image\/jpeg"}],"author":"Administraci\u00f3 Bisbat de Mallorca","twitter_card":"summary_large_image","twitter_misc":{"Escrit per":"Administraci\u00f3 Bisbat de Mallorca","Temps estimat de lectura":"3 minuts"},"schema":{"@context":"https:\/\/schema.org","@graph":[{"@type":"Article","@id":"https:\/\/www.bisbatdemallorca.org\/ca\/el-santuari-de-lluc-ja-esta-en-festes\/#article","isPartOf":{"@id":"https:\/\/www.bisbatdemallorca.org\/ca\/el-santuari-de-lluc-ja-esta-en-festes\/"},"author":{"name":"Administraci\u00f3 Bisbat de Mallorca","@id":"https:\/\/www.bisbatdemallorca.org\/ca\/#\/schema\/person\/9d198fedaef82cec34c41260a51964a6"},"headline":"El Santuari de Lluc ja est\u00e0 en festes","datePublished":"2025-09-09T13:07:20+00:00","dateModified":"2025-09-10T07:34:02+00:00","mainEntityOfPage":{"@id":"https:\/\/www.bisbatdemallorca.org\/ca\/el-santuari-de-lluc-ja-esta-en-festes\/"},"wordCount":708,"commentCount":0,"publisher":{"@id":"https:\/\/www.bisbatdemallorca.org\/ca\/#organization"},"image":{"@id":"https:\/\/www.bisbatdemallorca.org\/ca\/el-santuari-de-lluc-ja-esta-en-festes\/#primaryimage"},"thumbnailUrl":"https:\/\/www.bisbatdemallorca.org\/wp-content\/uploads\/2025\/09\/WhatsApp-Image-2025-09-09-at-19.01.49.jpeg","articleSection":["Agencia Bal\u00e8ria"],"inLanguage":"ca","potentialAction":[{"@type":"CommentAction","name":"Comment","target":["https:\/\/www.bisbatdemallorca.org\/ca\/el-santuari-de-lluc-ja-esta-en-festes\/#respond"]}]},{"@type":"WebPage","@id":"https:\/\/www.bisbatdemallorca.org\/ca\/el-santuari-de-lluc-ja-esta-en-festes\/","url":"https:\/\/www.bisbatdemallorca.org\/ca\/el-santuari-de-lluc-ja-esta-en-festes\/","name":"El Santuari de Lluc ja est\u00e0 en festes","isPartOf":{"@id":"https:\/\/www.bisbatdemallorca.org\/ca\/#website"},"primaryImageOfPage":{"@id":"https:\/\/www.bisbatdemallorca.org\/ca\/el-santuari-de-lluc-ja-esta-en-festes\/#primaryimage"},"image":{"@id":"https:\/\/www.bisbatdemallorca.org\/ca\/el-santuari-de-lluc-ja-esta-en-festes\/#primaryimage"},"thumbnailUrl":"https:\/\/www.bisbatdemallorca.org\/wp-content\/uploads\/2025\/09\/WhatsApp-Image-2025-09-09-at-19.01.49.jpeg","datePublished":"2025-09-09T13:07:20+00:00","dateModified":"2025-09-10T07:34:02+00:00","breadcrumb":{"@id":"https:\/\/www.bisbatdemallorca.org\/ca\/el-santuari-de-lluc-ja-esta-en-festes\/#breadcrumb"},"inLanguage":"ca","potentialAction":[{"@type":"ReadAction","target":["https:\/\/www.bisbatdemallorca.org\/ca\/el-santuari-de-lluc-ja-esta-en-festes\/"]}]},{"@type":"ImageObject","inLanguage":"ca","@id":"https:\/\/www.bisbatdemallorca.org\/ca\/el-santuari-de-lluc-ja-esta-en-festes\/#primaryimage","url":"https:\/\/www.bisbatdemallorca.org\/wp-content\/uploads\/2025\/09\/WhatsApp-Image-2025-09-09-at-19.01.49.jpeg","contentUrl":"https:\/\/www.bisbatdemallorca.org\/wp-content\/uploads\/2025\/09\/WhatsApp-Image-2025-09-09-at-19.01.49.jpeg","width":1148,"height":2040},{"@type":"BreadcrumbList","@id":"https:\/\/www.bisbatdemallorca.org\/ca\/el-santuari-de-lluc-ja-esta-en-festes\/#breadcrumb","itemListElement":[{"@type":"ListItem","position":1,"name":"Portada","item":"https:\/\/www.bisbatdemallorca.org\/ca\/"},{"@type":"ListItem","position":2,"name":"El Santuari de Lluc ja est\u00e0 en festes"}]},{"@type":"WebSite","@id":"https:\/\/www.bisbatdemallorca.org\/ca\/#website","url":"https:\/\/www.bisbatdemallorca.org\/ca\/","name":"Bisbat de Mallorca","description":"Just another WordPress site","publisher":{"@id":"https:\/\/www.bisbatdemallorca.org\/ca\/#organization"},"potentialAction":[{"@type":"SearchAction","target":{"@type":"EntryPoint","urlTemplate":"https:\/\/www.bisbatdemallorca.org\/ca\/?s={search_term_string}"},"query-input":{"@type":"PropertyValueSpecification","valueRequired":true,"valueName":"search_term_string"}}],"inLanguage":"ca"},{"@type":"Organization","@id":"https:\/\/www.bisbatdemallorca.org\/ca\/#organization","name":"Bisbat De Mallorca","url":"https:\/\/www.bisbatdemallorca.org\/ca\/","logo":{"@type":"ImageObject","inLanguage":"ca","@id":"https:\/\/www.bisbatdemallorca.org\/ca\/#\/schema\/logo\/image\/","url":"https:\/\/bisbatdemallorca.org\/wp-content\/uploads\/2022\/04\/Logo_Bisbat-de-Mallorca-scaled.jpeg","contentUrl":"https:\/\/bisbatdemallorca.org\/wp-content\/uploads\/2022\/04\/Logo_Bisbat-de-Mallorca-scaled.jpeg","width":2560,"height":1810,"caption":"Bisbat De Mallorca"},"image":{"@id":"https:\/\/www.bisbatdemallorca.org\/ca\/#\/schema\/logo\/image\/"}},{"@type":"Person","@id":"https:\/\/www.bisbatdemallorca.org\/ca\/#\/schema\/person\/9d198fedaef82cec34c41260a51964a6","name":"Administraci\u00f3 Bisbat de Mallorca","image":{"@type":"ImageObject","inLanguage":"ca","@id":"https:\/\/www.bisbatdemallorca.org\/ca\/#\/schema\/person\/image\/","url":"https:\/\/secure.gravatar.com\/avatar\/cc0dac0bd15aa6305e120ea8e5b6c12f94c8fe06a53230fa56abffe62cefceb4?s=96&d=mm&r=g","contentUrl":"https:\/\/secure.gravatar.com\/avatar\/cc0dac0bd15aa6305e120ea8e5b6c12f94c8fe06a53230fa56abffe62cefceb4?s=96&d=mm&r=g","caption":"Administraci\u00f3 Bisbat de Mallorca"},"sameAs":["https:\/\/bisbatdemallorca.org"],"url":"https:\/\/www.bisbatdemallorca.org\/ca\/author\/administraciobisbat\/"}]}},"_links":{"self":[{"href":"https:\/\/www.bisbatdemallorca.org\/ca\/wp-json\/wp\/v2\/posts\/28287","targetHints":{"allow":["GET"]}}],"collection":[{"href":"https:\/\/www.bisbatdemallorca.org\/ca\/wp-json\/wp\/v2\/posts"}],"about":[{"href":"https:\/\/www.bisbatdemallorca.org\/ca\/wp-json\/wp\/v2\/types\/post"}],"author":[{"embeddable":true,"href":"https:\/\/www.bisbatdemallorca.org\/ca\/wp-json\/wp\/v2\/users\/2"}],"replies":[{"embeddable":true,"href":"https:\/\/www.bisbatdemallorca.org\/ca\/wp-json\/wp\/v2\/comments?post=28287"}],"version-history":[{"count":0,"href":"https:\/\/www.bisbatdemallorca.org\/ca\/wp-json\/wp\/v2\/posts\/28287\/revisions"}],"wp:featuredmedia":[{"embeddable":true,"href":"https:\/\/www.bisbatdemallorca.org\/ca\/wp-json\/wp\/v2\/media\/28302"}],"wp:attachment":[{"href":"https:\/\/www.bisbatdemallorca.org\/ca\/wp-json\/wp\/v2\/media?parent=28287"}],"wp:term":[{"taxonomy":"category","embeddable":true,"href":"https:\/\/www.bisbatdemallorca.org\/ca\/wp-json\/wp\/v2\/categories?post=28287"},{"taxonomy":"post_tag","embeddable":true,"href":"https:\/\/www.bisbatdemallorca.org\/ca\/wp-json\/wp\/v2\/tags?post=28287"}],"curies":[{"name":"wp","href":"https:\/\/api.w.org\/{rel}","templated":true}]}}