{"id":31057,"date":"2026-02-13T12:39:29","date_gmt":"2026-02-13T11:39:29","guid":{"rendered":"https:\/\/www.bisbatdemallorca.org\/ca\/?p=31057"},"modified":"2026-02-13T12:40:37","modified_gmt":"2026-02-13T11:40:37","slug":"festa-de-lourdes-a-loratori-de-sant-felip-neri-de-palma","status":"publish","type":"post","link":"https:\/\/www.bisbatdemallorca.org\/ca\/festa-de-lourdes-a-loratori-de-sant-felip-neri-de-palma\/","title":{"rendered":"Festa de Lourdes a l\u2019Oratori de Sant Felip Neri de Palma"},"content":{"rendered":"<p>Fervor, solemnitat i una gran concurr\u00e8ncia, potser siguin els trets m\u00e9s caracter\u00edstics de la festa que l\u2019Oratori de Sant Felip Neri de Palma ha dedicat un any m\u00e9s, a la Mare de D\u00e9u de Lourdes. Despr\u00e9s d\u2019una molt participada quinzena preparat\u00f2ria, el passat dia 11 de febrer, l\u2019esgl\u00e9sia de la Congregaci\u00f3 s\u2019ompl\u00ed de gom a gom. La nau central i les capelles laterals van quedar completament ocupades. Tothom es feia ress\u00f2 d\u2019un considerable augment respecte dels anys anteriors.<\/p>\n<p>La capella de Lourdes, que durant tot el dia no havia deixat de rebre un incessant flux de visites, per a l\u2019ocasi\u00f3 llu\u00efa m\u00e9s bella que mai. Plena de ciris votius, de flors ofrenades pels seus devots i inundada per la lluminositat de la recent restauraci\u00f3 de les imatges de la Mare de D\u00e9u i de Santa Bernadeta. Vora l\u2019altar major llu\u00efa l\u2019estendard de la puixant Hospitalitat de Nostra Senyora de Lourdes a Mallorca, senya inequ\u00edvoca de la gran representaci\u00f3 d\u2019hospitalers que hi era present i de la seva implicaci\u00f3 per aidar a mantenir aquesta devoci\u00f3 a la nostra terra.<\/p>\n<p>Presid\u00ed la celebraci\u00f3 de l\u2019Eucaristia el P. Antoni Ca\u00f1ellas, prep\u00f2sit de la Congregaci\u00f3 de Sant Felip Neri, el qual, durant els ritus inicials, asperg\u00ed l\u2019assemblea amb aigua bene\u00efda portada de la font del Santuari de Lourdes. En el moment de l\u2019homilia record\u00e0 els pares oratorians que fomentaren el culte a la Immaculada de Lourdes en aquella esgl\u00e9sia, i tants de confrares i devots que al seu red\u00f3s han experimentat la protecci\u00f3 de Maria. El cant lit\u00fargic an\u00e0 a c\u00e0rrec de la Capella Oratoriana i del Cor Philippus Nerius. Acabada la missa, com cada any, s\u2019organitz\u00e0 la process\u00f3 de les torxes que va rec\u00f3rrer les galeries del claustre conventual i acab\u00e0 davant la mateixa capella de la Mare de D\u00e9u. Durant tot el recorregut, no deixaren de ressonar les cobles mallorquines del popular Avemaria de Lourdes. Aquesta versi\u00f3 fa m\u00e9s de cent anys fou cantada per primera vegada en aquesta esgl\u00e9sia.<\/p>\n<p>L\u2019hospitalitat de la Mare de D\u00e9u de Lourdes a Mallorca aprofit\u00e0 l\u2019avinentesa per anunciar a tothom la peregrinaci\u00f3 d\u2019aquest any al santuari del Pirineu occit\u00e0 franc\u00e8s. Ser\u00e0 entre els propers 29 de juny i 2 de juliol. Tamb\u00e9 cal apuntar que, durant aquesta jornada festiva, s\u2019intensificaren les visites a l\u2019exposici\u00f3 \u201cLa Mare de D\u00e9u de Lourdes a Mallorca. La hist\u00f2ria d\u2019una devoci\u00f3\u201d, organitzada en el mateix Oratori de Sant Felip Neri i que romandr\u00e0 oberta fins el proper mes d\u2019abril.<\/p>\n","protected":false},"excerpt":{"rendered":"<p>Fervor, solemnitat i una gran concurr\u00e8ncia, potser siguin els trets  [&#8230;]<\/p>\n","protected":false},"author":2,"featured_media":31061,"comment_status":"closed","ping_status":"open","sticky":false,"template":"","format":"standard","meta":{"footnotes":""},"categories":[16],"tags":[],"class_list":["post-31057","post","type-post","status-publish","format-standard","has-post-thumbnail","hentry","category-agencia-baleria"],"yoast_head":"<!-- This site is optimized with the Yoast SEO plugin v28.3 - https:\/\/yoast.com\/product\/yoast-seo-wordpress\/ -->\n<title>Festa de Lourdes a l\u2019Oratori de Sant Felip Neri de Palma<\/title>\n<meta name=\"robots\" content=\"index, follow, max-snippet:-1, max-image-preview:large, max-video-preview:-1\" \/>\n<link rel=\"canonical\" href=\"https:\/\/www.bisbatdemallorca.org\/ca\/festa-de-lourdes-a-loratori-de-sant-felip-neri-de-palma\/\" \/>\n<meta property=\"og:locale\" content=\"ca_ES\" \/>\n<meta property=\"og:locale:alternate\" content=\"es_ES\" \/>\n<meta property=\"og:type\" content=\"article\" \/>\n<meta property=\"og:title\" content=\"Festa de Lourdes a l\u2019Oratori de Sant Felip Neri de Palma\" \/>\n<meta property=\"og:description\" content=\"Fervor, solemnitat i una gran concurr\u00e8ncia, potser siguin els trets [...]\" \/>\n<meta property=\"og:url\" content=\"https:\/\/www.bisbatdemallorca.org\/ca\/festa-de-lourdes-a-loratori-de-sant-felip-neri-de-palma\/\" \/>\n<meta property=\"og:site_name\" content=\"Bisbat de Mallorca\" \/>\n<meta property=\"article:published_time\" content=\"2026-02-13T11:39:29+00:00\" \/>\n<meta property=\"article:modified_time\" content=\"2026-02-13T11:40:37+00:00\" \/>\n<meta property=\"og:image\" content=\"https:\/\/www.bisbatdemallorca.org\/wp-content\/uploads\/2026\/02\/WhatsApp-Image-2026-02-13-at-12.37.01.jpeg\" \/>\n\t<meta property=\"og:image:width\" content=\"1600\" \/>\n\t<meta property=\"og:image:height\" content=\"1200\" \/>\n\t<meta property=\"og:image:type\" content=\"image\/jpeg\" \/>\n<meta name=\"author\" content=\"Administraci\u00f3 Bisbat de Mallorca\" \/>\n<meta name=\"twitter:card\" content=\"summary_large_image\" \/>\n<meta name=\"twitter:label1\" content=\"Escrit per\" \/>\n\t<meta name=\"twitter:data1\" content=\"Administraci\u00f3 Bisbat de Mallorca\" \/>\n\t<meta name=\"twitter:label2\" content=\"Temps estimat de lectura\" \/>\n\t<meta name=\"twitter:data2\" content=\"3 minuts\" \/>\n<script type=\"application\/ld+json\" class=\"yoast-schema-graph\">{\"@context\":\"https:\\\/\\\/schema.org\",\"@graph\":[{\"@type\":\"Article\",\"@id\":\"https:\\\/\\\/www.bisbatdemallorca.org\\\/festa-de-lourdes-a-loratori-de-sant-felip-neri-de-palma\\\/#article\",\"isPartOf\":{\"@id\":\"https:\\\/\\\/www.bisbatdemallorca.org\\\/festa-de-lourdes-a-loratori-de-sant-felip-neri-de-palma\\\/\"},\"author\":{\"name\":\"Administraci\u00f3 Bisbat de Mallorca\",\"@id\":\"https:\\\/\\\/www.bisbatdemallorca.org\\\/ca\\\/#\\\/schema\\\/person\\\/707406c1bcc9a7cf23a0bf50ff2dacd1\"},\"headline\":\"Festa de Lourdes a l\u2019Oratori de Sant Felip Neri de Palma\",\"datePublished\":\"2026-02-13T11:39:29+00:00\",\"dateModified\":\"2026-02-13T11:40:37+00:00\",\"mainEntityOfPage\":{\"@id\":\"https:\\\/\\\/www.bisbatdemallorca.org\\\/festa-de-lourdes-a-loratori-de-sant-felip-neri-de-palma\\\/\"},\"wordCount\":945,\"publisher\":{\"@id\":\"https:\\\/\\\/www.bisbatdemallorca.org\\\/ca\\\/#organization\"},\"image\":{\"@id\":\"https:\\\/\\\/www.bisbatdemallorca.org\\\/festa-de-lourdes-a-loratori-de-sant-felip-neri-de-palma\\\/#primaryimage\"},\"thumbnailUrl\":\"https:\\\/\\\/www.bisbatdemallorca.org\\\/wp-content\\\/uploads\\\/2026\\\/02\\\/WhatsApp-Image-2026-02-13-at-12.37.01.jpeg\",\"articleSection\":[\"Agencia Bal\u00e8ria\"],\"inLanguage\":\"ca\"},{\"@type\":\"WebPage\",\"@id\":\"https:\\\/\\\/www.bisbatdemallorca.org\\\/festa-de-lourdes-a-loratori-de-sant-felip-neri-de-palma\\\/\",\"url\":\"https:\\\/\\\/www.bisbatdemallorca.org\\\/festa-de-lourdes-a-loratori-de-sant-felip-neri-de-palma\\\/\",\"name\":\"Festa de Lourdes a l\u2019Oratori de Sant Felip Neri de Palma\",\"isPartOf\":{\"@id\":\"https:\\\/\\\/www.bisbatdemallorca.org\\\/ca\\\/#website\"},\"primaryImageOfPage\":{\"@id\":\"https:\\\/\\\/www.bisbatdemallorca.org\\\/festa-de-lourdes-a-loratori-de-sant-felip-neri-de-palma\\\/#primaryimage\"},\"image\":{\"@id\":\"https:\\\/\\\/www.bisbatdemallorca.org\\\/festa-de-lourdes-a-loratori-de-sant-felip-neri-de-palma\\\/#primaryimage\"},\"thumbnailUrl\":\"https:\\\/\\\/www.bisbatdemallorca.org\\\/wp-content\\\/uploads\\\/2026\\\/02\\\/WhatsApp-Image-2026-02-13-at-12.37.01.jpeg\",\"datePublished\":\"2026-02-13T11:39:29+00:00\",\"dateModified\":\"2026-02-13T11:40:37+00:00\",\"breadcrumb\":{\"@id\":\"https:\\\/\\\/www.bisbatdemallorca.org\\\/festa-de-lourdes-a-loratori-de-sant-felip-neri-de-palma\\\/#breadcrumb\"},\"inLanguage\":\"ca\",\"potentialAction\":[{\"@type\":\"ReadAction\",\"target\":[\"https:\\\/\\\/www.bisbatdemallorca.org\\\/festa-de-lourdes-a-loratori-de-sant-felip-neri-de-palma\\\/\"]}]},{\"@type\":\"ImageObject\",\"inLanguage\":\"ca\",\"@id\":\"https:\\\/\\\/www.bisbatdemallorca.org\\\/festa-de-lourdes-a-loratori-de-sant-felip-neri-de-palma\\\/#primaryimage\",\"url\":\"https:\\\/\\\/www.bisbatdemallorca.org\\\/wp-content\\\/uploads\\\/2026\\\/02\\\/WhatsApp-Image-2026-02-13-at-12.37.01.jpeg\",\"contentUrl\":\"https:\\\/\\\/www.bisbatdemallorca.org\\\/wp-content\\\/uploads\\\/2026\\\/02\\\/WhatsApp-Image-2026-02-13-at-12.37.01.jpeg\",\"width\":1600,\"height\":1200},{\"@type\":\"BreadcrumbList\",\"@id\":\"https:\\\/\\\/www.bisbatdemallorca.org\\\/festa-de-lourdes-a-loratori-de-sant-felip-neri-de-palma\\\/#breadcrumb\",\"itemListElement\":[{\"@type\":\"ListItem\",\"position\":1,\"name\":\"Portada\",\"item\":\"https:\\\/\\\/www.bisbatdemallorca.org\\\/ca\\\/\"},{\"@type\":\"ListItem\",\"position\":2,\"name\":\"Fiesta de Lourdes en el Oratorio de Sant Felip Neri de Palma\"}]},{\"@type\":\"WebSite\",\"@id\":\"https:\\\/\\\/www.bisbatdemallorca.org\\\/ca\\\/#website\",\"url\":\"https:\\\/\\\/www.bisbatdemallorca.org\\\/ca\\\/\",\"name\":\"Bisbat de Mallorca\",\"description\":\"Just another WordPress site\",\"publisher\":{\"@id\":\"https:\\\/\\\/www.bisbatdemallorca.org\\\/ca\\\/#organization\"},\"potentialAction\":[{\"@type\":\"SearchAction\",\"target\":{\"@type\":\"EntryPoint\",\"urlTemplate\":\"https:\\\/\\\/www.bisbatdemallorca.org\\\/ca\\\/?s={search_term_string}\"},\"query-input\":{\"@type\":\"PropertyValueSpecification\",\"valueRequired\":true,\"valueName\":\"search_term_string\"}}],\"inLanguage\":\"ca\"},{\"@type\":\"Organization\",\"@id\":\"https:\\\/\\\/www.bisbatdemallorca.org\\\/ca\\\/#organization\",\"name\":\"Bisbat De Mallorca\",\"url\":\"https:\\\/\\\/www.bisbatdemallorca.org\\\/ca\\\/\",\"logo\":{\"@type\":\"ImageObject\",\"inLanguage\":\"ca\",\"@id\":\"https:\\\/\\\/www.bisbatdemallorca.org\\\/ca\\\/#\\\/schema\\\/logo\\\/image\\\/\",\"url\":\"https:\\\/\\\/bisbatdemallorca.org\\\/wp-content\\\/uploads\\\/2022\\\/04\\\/Logo_Bisbat-de-Mallorca-scaled.jpeg\",\"contentUrl\":\"https:\\\/\\\/bisbatdemallorca.org\\\/wp-content\\\/uploads\\\/2022\\\/04\\\/Logo_Bisbat-de-Mallorca-scaled.jpeg\",\"width\":2560,\"height\":1810,\"caption\":\"Bisbat De Mallorca\"},\"image\":{\"@id\":\"https:\\\/\\\/www.bisbatdemallorca.org\\\/ca\\\/#\\\/schema\\\/logo\\\/image\\\/\"}},{\"@type\":\"Person\",\"@id\":\"https:\\\/\\\/www.bisbatdemallorca.org\\\/ca\\\/#\\\/schema\\\/person\\\/707406c1bcc9a7cf23a0bf50ff2dacd1\",\"name\":\"Administraci\u00f3 Bisbat de Mallorca\",\"image\":{\"@type\":\"ImageObject\",\"inLanguage\":\"ca\",\"@id\":\"https:\\\/\\\/secure.gravatar.com\\\/avatar\\\/cc0dac0bd15aa6305e120ea8e5b6c12f94c8fe06a53230fa56abffe62cefceb4?s=96&d=mm&r=g\",\"url\":\"https:\\\/\\\/secure.gravatar.com\\\/avatar\\\/cc0dac0bd15aa6305e120ea8e5b6c12f94c8fe06a53230fa56abffe62cefceb4?s=96&d=mm&r=g\",\"contentUrl\":\"https:\\\/\\\/secure.gravatar.com\\\/avatar\\\/cc0dac0bd15aa6305e120ea8e5b6c12f94c8fe06a53230fa56abffe62cefceb4?s=96&d=mm&r=g\",\"caption\":\"Administraci\u00f3 Bisbat de Mallorca\"},\"sameAs\":[\"https:\\\/\\\/bisbatdemallorca.org\"],\"url\":\"https:\\\/\\\/www.bisbatdemallorca.org\\\/ca\\\/author\\\/administraciobisbat\\\/\"}]}<\/script>\n<!-- \/ Yoast SEO plugin. -->","yoast_head_json":{"title":"Festa de Lourdes a l\u2019Oratori de Sant Felip Neri de Palma","robots":{"index":"index","follow":"follow","max-snippet":"max-snippet:-1","max-image-preview":"max-image-preview:large","max-video-preview":"max-video-preview:-1"},"canonical":"https:\/\/www.bisbatdemallorca.org\/ca\/festa-de-lourdes-a-loratori-de-sant-felip-neri-de-palma\/","og_locale":"ca_ES","og_type":"article","og_title":"[:ca]Festa de Lourdes a l\u2019Oratori de Sant Felip Neri de Palma[:es]Fiesta de Lourdes en el Oratorio de Sant Felip Neri de Palma[:] - Bisbat de Mallorca","og_description":"Fervor, solemnitat i una gran concurr\u00e8ncia, potser siguin els trets [...]","og_url":"https:\/\/www.bisbatdemallorca.org\/ca\/festa-de-lourdes-a-loratori-de-sant-felip-neri-de-palma\/","og_site_name":"Bisbat de Mallorca","article_published_time":"2026-02-13T11:39:29+00:00","article_modified_time":"2026-02-13T11:40:37+00:00","og_image":[{"width":1600,"height":1200,"url":"https:\/\/www.bisbatdemallorca.org\/wp-content\/uploads\/2026\/02\/WhatsApp-Image-2026-02-13-at-12.37.01.jpeg","type":"image\/jpeg"}],"author":"Administraci\u00f3 Bisbat de Mallorca","twitter_card":"summary_large_image","twitter_misc":{"Escrit per":"Administraci\u00f3 Bisbat de Mallorca","Temps estimat de lectura":"3 minuts"},"schema":{"@context":"https:\/\/schema.org","@graph":[{"@type":"Article","@id":"https:\/\/www.bisbatdemallorca.org\/festa-de-lourdes-a-loratori-de-sant-felip-neri-de-palma\/#article","isPartOf":{"@id":"https:\/\/www.bisbatdemallorca.org\/festa-de-lourdes-a-loratori-de-sant-felip-neri-de-palma\/"},"author":{"name":"Administraci\u00f3 Bisbat de Mallorca","@id":"https:\/\/www.bisbatdemallorca.org\/ca\/#\/schema\/person\/707406c1bcc9a7cf23a0bf50ff2dacd1"},"headline":"Festa de Lourdes a l\u2019Oratori de Sant Felip Neri de Palma","datePublished":"2026-02-13T11:39:29+00:00","dateModified":"2026-02-13T11:40:37+00:00","mainEntityOfPage":{"@id":"https:\/\/www.bisbatdemallorca.org\/festa-de-lourdes-a-loratori-de-sant-felip-neri-de-palma\/"},"wordCount":945,"publisher":{"@id":"https:\/\/www.bisbatdemallorca.org\/ca\/#organization"},"image":{"@id":"https:\/\/www.bisbatdemallorca.org\/festa-de-lourdes-a-loratori-de-sant-felip-neri-de-palma\/#primaryimage"},"thumbnailUrl":"https:\/\/www.bisbatdemallorca.org\/wp-content\/uploads\/2026\/02\/WhatsApp-Image-2026-02-13-at-12.37.01.jpeg","articleSection":["Agencia Bal\u00e8ria"],"inLanguage":"ca"},{"@type":"WebPage","@id":"https:\/\/www.bisbatdemallorca.org\/festa-de-lourdes-a-loratori-de-sant-felip-neri-de-palma\/","url":"https:\/\/www.bisbatdemallorca.org\/festa-de-lourdes-a-loratori-de-sant-felip-neri-de-palma\/","name":"Festa de Lourdes a l\u2019Oratori de Sant Felip Neri de Palma","isPartOf":{"@id":"https:\/\/www.bisbatdemallorca.org\/ca\/#website"},"primaryImageOfPage":{"@id":"https:\/\/www.bisbatdemallorca.org\/festa-de-lourdes-a-loratori-de-sant-felip-neri-de-palma\/#primaryimage"},"image":{"@id":"https:\/\/www.bisbatdemallorca.org\/festa-de-lourdes-a-loratori-de-sant-felip-neri-de-palma\/#primaryimage"},"thumbnailUrl":"https:\/\/www.bisbatdemallorca.org\/wp-content\/uploads\/2026\/02\/WhatsApp-Image-2026-02-13-at-12.37.01.jpeg","datePublished":"2026-02-13T11:39:29+00:00","dateModified":"2026-02-13T11:40:37+00:00","breadcrumb":{"@id":"https:\/\/www.bisbatdemallorca.org\/festa-de-lourdes-a-loratori-de-sant-felip-neri-de-palma\/#breadcrumb"},"inLanguage":"ca","potentialAction":[{"@type":"ReadAction","target":["https:\/\/www.bisbatdemallorca.org\/festa-de-lourdes-a-loratori-de-sant-felip-neri-de-palma\/"]}]},{"@type":"ImageObject","inLanguage":"ca","@id":"https:\/\/www.bisbatdemallorca.org\/festa-de-lourdes-a-loratori-de-sant-felip-neri-de-palma\/#primaryimage","url":"https:\/\/www.bisbatdemallorca.org\/wp-content\/uploads\/2026\/02\/WhatsApp-Image-2026-02-13-at-12.37.01.jpeg","contentUrl":"https:\/\/www.bisbatdemallorca.org\/wp-content\/uploads\/2026\/02\/WhatsApp-Image-2026-02-13-at-12.37.01.jpeg","width":1600,"height":1200},{"@type":"BreadcrumbList","@id":"https:\/\/www.bisbatdemallorca.org\/festa-de-lourdes-a-loratori-de-sant-felip-neri-de-palma\/#breadcrumb","itemListElement":[{"@type":"ListItem","position":1,"name":"Portada","item":"https:\/\/www.bisbatdemallorca.org\/ca\/"},{"@type":"ListItem","position":2,"name":"Fiesta de Lourdes en el Oratorio de Sant Felip Neri de Palma"}]},{"@type":"WebSite","@id":"https:\/\/www.bisbatdemallorca.org\/ca\/#website","url":"https:\/\/www.bisbatdemallorca.org\/ca\/","name":"Bisbat de Mallorca","description":"Just another WordPress site","publisher":{"@id":"https:\/\/www.bisbatdemallorca.org\/ca\/#organization"},"potentialAction":[{"@type":"SearchAction","target":{"@type":"EntryPoint","urlTemplate":"https:\/\/www.bisbatdemallorca.org\/ca\/?s={search_term_string}"},"query-input":{"@type":"PropertyValueSpecification","valueRequired":true,"valueName":"search_term_string"}}],"inLanguage":"ca"},{"@type":"Organization","@id":"https:\/\/www.bisbatdemallorca.org\/ca\/#organization","name":"Bisbat De Mallorca","url":"https:\/\/www.bisbatdemallorca.org\/ca\/","logo":{"@type":"ImageObject","inLanguage":"ca","@id":"https:\/\/www.bisbatdemallorca.org\/ca\/#\/schema\/logo\/image\/","url":"https:\/\/bisbatdemallorca.org\/wp-content\/uploads\/2022\/04\/Logo_Bisbat-de-Mallorca-scaled.jpeg","contentUrl":"https:\/\/bisbatdemallorca.org\/wp-content\/uploads\/2022\/04\/Logo_Bisbat-de-Mallorca-scaled.jpeg","width":2560,"height":1810,"caption":"Bisbat De Mallorca"},"image":{"@id":"https:\/\/www.bisbatdemallorca.org\/ca\/#\/schema\/logo\/image\/"}},{"@type":"Person","@id":"https:\/\/www.bisbatdemallorca.org\/ca\/#\/schema\/person\/707406c1bcc9a7cf23a0bf50ff2dacd1","name":"Administraci\u00f3 Bisbat de Mallorca","image":{"@type":"ImageObject","inLanguage":"ca","@id":"https:\/\/secure.gravatar.com\/avatar\/cc0dac0bd15aa6305e120ea8e5b6c12f94c8fe06a53230fa56abffe62cefceb4?s=96&d=mm&r=g","url":"https:\/\/secure.gravatar.com\/avatar\/cc0dac0bd15aa6305e120ea8e5b6c12f94c8fe06a53230fa56abffe62cefceb4?s=96&d=mm&r=g","contentUrl":"https:\/\/secure.gravatar.com\/avatar\/cc0dac0bd15aa6305e120ea8e5b6c12f94c8fe06a53230fa56abffe62cefceb4?s=96&d=mm&r=g","caption":"Administraci\u00f3 Bisbat de Mallorca"},"sameAs":["https:\/\/bisbatdemallorca.org"],"url":"https:\/\/www.bisbatdemallorca.org\/ca\/author\/administraciobisbat\/"}]}},"_links":{"self":[{"href":"https:\/\/www.bisbatdemallorca.org\/ca\/wp-json\/wp\/v2\/posts\/31057","targetHints":{"allow":["GET"]}}],"collection":[{"href":"https:\/\/www.bisbatdemallorca.org\/ca\/wp-json\/wp\/v2\/posts"}],"about":[{"href":"https:\/\/www.bisbatdemallorca.org\/ca\/wp-json\/wp\/v2\/types\/post"}],"author":[{"embeddable":true,"href":"https:\/\/www.bisbatdemallorca.org\/ca\/wp-json\/wp\/v2\/users\/2"}],"replies":[{"embeddable":true,"href":"https:\/\/www.bisbatdemallorca.org\/ca\/wp-json\/wp\/v2\/comments?post=31057"}],"version-history":[{"count":0,"href":"https:\/\/www.bisbatdemallorca.org\/ca\/wp-json\/wp\/v2\/posts\/31057\/revisions"}],"wp:featuredmedia":[{"embeddable":true,"href":"https:\/\/www.bisbatdemallorca.org\/ca\/wp-json\/wp\/v2\/media\/31061"}],"wp:attachment":[{"href":"https:\/\/www.bisbatdemallorca.org\/ca\/wp-json\/wp\/v2\/media?parent=31057"}],"wp:term":[{"taxonomy":"category","embeddable":true,"href":"https:\/\/www.bisbatdemallorca.org\/ca\/wp-json\/wp\/v2\/categories?post=31057"},{"taxonomy":"post_tag","embeddable":true,"href":"https:\/\/www.bisbatdemallorca.org\/ca\/wp-json\/wp\/v2\/tags?post=31057"}],"curies":[{"name":"wp","href":"https:\/\/api.w.org\/{rel}","templated":true}]}}