{"id":31113,"date":"2026-02-19T13:32:09","date_gmt":"2026-02-19T12:32:09","guid":{"rendered":"https:\/\/www.bisbatdemallorca.org\/ca\/?p=31113"},"modified":"2026-02-19T13:52:35","modified_gmt":"2026-02-19T12:52:35","slug":"comunicat-de-premsa-sobre-la-situacio-al-local-ubicat-al-santuari-de-na-burguesa","status":"publish","type":"post","link":"https:\/\/www.bisbatdemallorca.org\/ca\/comunicat-de-premsa-sobre-la-situacio-al-local-ubicat-al-santuari-de-na-burguesa\/","title":{"rendered":"Comunicat de premsa sobre la situaci\u00f3 al local ubicat al Santuari de Na Burguesa"},"content":{"rendered":"<p data-start=\"120\" data-end=\"694\">El Bisbat de Mallorca desitja reiterar el seu comprom\u00eds permanent d\u2019oferir ajuda a les persones que es troben en situaci\u00f3 de vulnerabilitat, posant a la seva disposici\u00f3 els recursos i mitjans que la Di\u00f2cesi t\u00e9 al servei de qui els necessita, en col\u00b7laboraci\u00f3 amb els diferents serveis socials i altres entitats socials de l\u2019Esgl\u00e9sia. Aix\u00ed mateix, el Bisbat vol subratllar que tota actuaci\u00f3 en aquest \u00e0mbit es duu a terme vetllant per la protecci\u00f3, la seguretat i la dignitat de les persones ateses, cosa que implica tamb\u00e9 el respecte a la seva confidencialitat i privacitat.<\/p>\n<p data-start=\"696\" data-end=\"1544\">En relaci\u00f3 amb la situaci\u00f3 informada per un mitj\u00e0 de comunicaci\u00f3 sobre la pres\u00e8ncia de persones residint en un local \u2014un restaurant en des\u00fas des de fa diversos anys\u2014 situat a l\u2019entorn del santuari del barri de G\u00e8nova, propietat de la Parr\u00f2quia de la Transfiguraci\u00f3 del Senyor de G\u00e8nova, el Bisbat vol precisar que aquest immoble forma part d\u2019un conjunt religi\u00f3s protegit, que inclou un santuari, una capella i la imatge venerada de la Mare de D\u00e9u, constituint un lloc de culte i d\u2019especial significat espiritual per a la comunitat i per al ve\u00efnat. Des del Bisbat, en col\u00b7laboraci\u00f3 amb els serveis municipals, es treballa activament en la conservaci\u00f3 i preservaci\u00f3 d\u2019aquest espai, aix\u00ed com en l\u2019estudi d\u2019alternatives que permetin recuperar l\u2019\u00fas adequat del local, d\u2019acord amb la seva naturalesa i en coher\u00e8ncia amb l\u2019entorn religi\u00f3s al qual pertany.<\/p>\n<p data-start=\"1546\" data-end=\"1918\">Des del moment en qu\u00e8 es va tenir coneixement de la pres\u00e8ncia d\u2019aquestes persones, que varen accedir a l\u2019immoble malgrat trobar-se degudament tancat i delimitat, es va establir comunicaci\u00f3 regular amb elles i s\u2019ha anat realitzant un seguiment continu, a trav\u00e9s dels serveis socials diocesans, intentant atendre la seva situaci\u00f3 concreta amb sensibilitat i responsabilitat.<\/p>\n<p data-start=\"1920\" data-end=\"2557\">Es tracta d\u2019un immoble\/local que no reuneix els requisits b\u00e0sics exigits per ser utilitzat com a habitatge: no disposa d\u2019instal\u00b7lacions sanit\u00e0ries adequades, manca de condicions estructurals m\u00ednimes d\u2019habitabilitat i de serveis essencials que garanteixin la salut i la seguretat de les persones que hi es troben. Aix\u00ed mateix, en les seves immediacions hi ha infraestructures t\u00e8cniques \u2014com l\u00ednies i equips el\u00e8ctrics d\u2019alta tensi\u00f3 i cablejats auxiliars\u2014 que no s\u00f3n compatibles amb l\u2019\u00fas residencial i que, per la seva naturalesa, poden comportar riscos per a la integritat f\u00edsica de les persones, especialment dels menors d\u2019edat implicats.<\/p>\n<p data-start=\"2559\" data-end=\"2918\">Malauradament, malgrat les propostes alternatives i les solucions ofertes de manera reiterada per les autoritats competents i pels equips socials del Bisbat, la persona adulta responsable de l\u2019ocupaci\u00f3 no ha acceptat les opcions d\u2019acompanyament ni de reubicaci\u00f3 plantejades, comprometent de manera evident el benestar i la seguretat dels menors al seu c\u00e0rrec.<\/p>\n<p data-start=\"2920\" data-end=\"3398\">Per aquest motiu, davant una situaci\u00f3 que \u00e9s, en el seu conjunt, indigna per a qui l\u2019ha viscuda, potencialment insegura i clarament inadequada per a menors d\u2019edat, el Bisbat de Mallorca ha considerat necessari rec\u00f3rrer als canals judicials competents, sol\u00b7licitant la intervenci\u00f3 de la just\u00edcia amb la finalitat de posar fi a una situaci\u00f3 que no nom\u00e9s manca de garanties, sin\u00f3 que entra en conflicte amb les normes de protecci\u00f3 i amb el deure de cura envers els m\u00e9s vulnerables.<\/p>\n<p data-start=\"3400\" data-end=\"3881\" data-is-last-node=\"\" data-is-only-node=\"\">El Bisbat reitera que aquesta actuaci\u00f3 no suposa cap ren\u00fancia al comprom\u00eds d\u2019ajuda i acompanyament. Ben al contrari, continuar\u00e0 treballant, juntament amb els serveis socials i les administracions p\u00fabliques, perqu\u00e8 aquestes persones puguin trobar solucions dignes i estables, acompanyant-les en tot el proc\u00e9s i facilitant la integraci\u00f3 de tots els recursos possibles, d\u2019acord amb els principis de just\u00edcia, caritat i respecte a la dignitat humana que inspiren l\u2019acci\u00f3 de l\u2019Esgl\u00e9sia.<\/p>\n","protected":false},"excerpt":{"rendered":"<p>El Bisbat de Mallorca desitja reiterar el seu comprom\u00eds permanent  [&#8230;]<\/p>\n","protected":false},"author":2,"featured_media":5344,"comment_status":"closed","ping_status":"open","sticky":false,"template":"","format":"standard","meta":{"footnotes":""},"categories":[16],"tags":[],"class_list":["post-31113","post","type-post","status-publish","format-standard","has-post-thumbnail","hentry","category-agencia-baleria"],"yoast_head":"<!-- This site is optimized with the Yoast SEO plugin v27.0 - https:\/\/yoast.com\/product\/yoast-seo-wordpress\/ -->\n<title>Comunicat de premsa sobre la situaci\u00f3 al local ubicat al Santuari de Na Burguesa<\/title>\n<meta name=\"robots\" content=\"index, follow, max-snippet:-1, max-image-preview:large, max-video-preview:-1\" \/>\n<link rel=\"canonical\" href=\"https:\/\/www.bisbatdemallorca.org\/ca\/comunicat-de-premsa-sobre-la-situacio-al-local-ubicat-al-santuari-de-na-burguesa\/\" \/>\n<meta property=\"og:locale\" content=\"ca_ES\" \/>\n<meta property=\"og:locale:alternate\" content=\"en_US\" \/>\n<meta property=\"og:locale:alternate\" content=\"es_ES\" \/>\n<meta property=\"og:type\" content=\"article\" \/>\n<meta property=\"og:title\" content=\"Comunicat de premsa sobre la situaci\u00f3 al local ubicat al Santuari de Na Burguesa\" \/>\n<meta property=\"og:description\" content=\"El Bisbat de Mallorca desitja reiterar el seu comprom\u00eds permanent [...]\" \/>\n<meta property=\"og:url\" content=\"https:\/\/www.bisbatdemallorca.org\/ca\/comunicat-de-premsa-sobre-la-situacio-al-local-ubicat-al-santuari-de-na-burguesa\/\" \/>\n<meta property=\"og:site_name\" content=\"Bisbat de Mallorca\" \/>\n<meta property=\"article:published_time\" content=\"2026-02-19T12:32:09+00:00\" \/>\n<meta property=\"article:modified_time\" content=\"2026-02-19T12:52:35+00:00\" \/>\n<meta property=\"og:image\" content=\"https:\/\/www.bisbatdemallorca.org\/wp-content\/uploads\/2022\/04\/Logo_Bisbat-de-Mallorca-scaled.jpeg\" \/>\n\t<meta property=\"og:image:width\" content=\"2560\" \/>\n\t<meta property=\"og:image:height\" content=\"1810\" \/>\n\t<meta property=\"og:image:type\" content=\"image\/jpeg\" \/>\n<meta name=\"author\" content=\"Administraci\u00f3 Bisbat de Mallorca\" \/>\n<meta name=\"twitter:card\" content=\"summary_large_image\" \/>\n<meta name=\"twitter:label1\" content=\"Escrit per\" \/>\n\t<meta name=\"twitter:data1\" content=\"Administraci\u00f3 Bisbat de Mallorca\" \/>\n\t<meta name=\"twitter:label2\" content=\"Temps estimat de lectura\" \/>\n\t<meta name=\"twitter:data2\" content=\"3 minuts\" \/>\n<script type=\"application\/ld+json\" class=\"yoast-schema-graph\">{\"@context\":\"https:\/\/schema.org\",\"@graph\":[{\"@type\":\"Article\",\"@id\":\"https:\/\/www.bisbatdemallorca.org\/comunicat-de-premsa-sobre-la-situacio-al-local-ubicat-al-santuari-de-na-burguesa\/#article\",\"isPartOf\":{\"@id\":\"https:\/\/www.bisbatdemallorca.org\/comunicat-de-premsa-sobre-la-situacio-al-local-ubicat-al-santuari-de-na-burguesa\/\"},\"author\":{\"name\":\"Administraci\u00f3 Bisbat de Mallorca\",\"@id\":\"https:\/\/www.bisbatdemallorca.org\/ca\/#\/schema\/person\/9d198fedaef82cec34c41260a51964a6\"},\"headline\":\"Comunicat de premsa sobre la situaci\u00f3 al local ubicat al Santuari de Na Burguesa\",\"datePublished\":\"2026-02-19T12:32:09+00:00\",\"dateModified\":\"2026-02-19T12:52:35+00:00\",\"mainEntityOfPage\":{\"@id\":\"https:\/\/www.bisbatdemallorca.org\/comunicat-de-premsa-sobre-la-situacio-al-local-ubicat-al-santuari-de-na-burguesa\/\"},\"wordCount\":1330,\"publisher\":{\"@id\":\"https:\/\/www.bisbatdemallorca.org\/ca\/#organization\"},\"image\":{\"@id\":\"https:\/\/www.bisbatdemallorca.org\/comunicat-de-premsa-sobre-la-situacio-al-local-ubicat-al-santuari-de-na-burguesa\/#primaryimage\"},\"thumbnailUrl\":\"https:\/\/www.bisbatdemallorca.org\/wp-content\/uploads\/2022\/04\/Logo_Bisbat-de-Mallorca-scaled.jpeg\",\"articleSection\":[\"Agencia Bal\u00e8ria\"],\"inLanguage\":\"ca\"},{\"@type\":\"WebPage\",\"@id\":\"https:\/\/www.bisbatdemallorca.org\/comunicat-de-premsa-sobre-la-situacio-al-local-ubicat-al-santuari-de-na-burguesa\/\",\"url\":\"https:\/\/www.bisbatdemallorca.org\/comunicat-de-premsa-sobre-la-situacio-al-local-ubicat-al-santuari-de-na-burguesa\/\",\"name\":\"Comunicat de premsa sobre la situaci\u00f3 al local ubicat al Santuari de Na Burguesa\",\"isPartOf\":{\"@id\":\"https:\/\/www.bisbatdemallorca.org\/ca\/#website\"},\"primaryImageOfPage\":{\"@id\":\"https:\/\/www.bisbatdemallorca.org\/comunicat-de-premsa-sobre-la-situacio-al-local-ubicat-al-santuari-de-na-burguesa\/#primaryimage\"},\"image\":{\"@id\":\"https:\/\/www.bisbatdemallorca.org\/comunicat-de-premsa-sobre-la-situacio-al-local-ubicat-al-santuari-de-na-burguesa\/#primaryimage\"},\"thumbnailUrl\":\"https:\/\/www.bisbatdemallorca.org\/wp-content\/uploads\/2022\/04\/Logo_Bisbat-de-Mallorca-scaled.jpeg\",\"datePublished\":\"2026-02-19T12:32:09+00:00\",\"dateModified\":\"2026-02-19T12:52:35+00:00\",\"breadcrumb\":{\"@id\":\"https:\/\/www.bisbatdemallorca.org\/comunicat-de-premsa-sobre-la-situacio-al-local-ubicat-al-santuari-de-na-burguesa\/#breadcrumb\"},\"inLanguage\":\"ca\",\"potentialAction\":[{\"@type\":\"ReadAction\",\"target\":[\"https:\/\/www.bisbatdemallorca.org\/comunicat-de-premsa-sobre-la-situacio-al-local-ubicat-al-santuari-de-na-burguesa\/\"]}]},{\"@type\":\"ImageObject\",\"inLanguage\":\"ca\",\"@id\":\"https:\/\/www.bisbatdemallorca.org\/comunicat-de-premsa-sobre-la-situacio-al-local-ubicat-al-santuari-de-na-burguesa\/#primaryimage\",\"url\":\"https:\/\/www.bisbatdemallorca.org\/wp-content\/uploads\/2022\/04\/Logo_Bisbat-de-Mallorca-scaled.jpeg\",\"contentUrl\":\"https:\/\/www.bisbatdemallorca.org\/wp-content\/uploads\/2022\/04\/Logo_Bisbat-de-Mallorca-scaled.jpeg\",\"width\":2560,\"height\":1810},{\"@type\":\"BreadcrumbList\",\"@id\":\"https:\/\/www.bisbatdemallorca.org\/comunicat-de-premsa-sobre-la-situacio-al-local-ubicat-al-santuari-de-na-burguesa\/#breadcrumb\",\"itemListElement\":[{\"@type\":\"ListItem\",\"position\":1,\"name\":\"Portada\",\"item\":\"https:\/\/www.bisbatdemallorca.org\/ca\/\"},{\"@type\":\"ListItem\",\"position\":2,\"name\":\"Comunicado de prensa sobre la situaci\u00f3n del local ubicado en el Santuario de Na Burguesa\"}]},{\"@type\":\"WebSite\",\"@id\":\"https:\/\/www.bisbatdemallorca.org\/ca\/#website\",\"url\":\"https:\/\/www.bisbatdemallorca.org\/ca\/\",\"name\":\"Bisbat de Mallorca\",\"description\":\"Just another WordPress site\",\"publisher\":{\"@id\":\"https:\/\/www.bisbatdemallorca.org\/ca\/#organization\"},\"potentialAction\":[{\"@type\":\"SearchAction\",\"target\":{\"@type\":\"EntryPoint\",\"urlTemplate\":\"https:\/\/www.bisbatdemallorca.org\/ca\/?s={search_term_string}\"},\"query-input\":{\"@type\":\"PropertyValueSpecification\",\"valueRequired\":true,\"valueName\":\"search_term_string\"}}],\"inLanguage\":\"ca\"},{\"@type\":\"Organization\",\"@id\":\"https:\/\/www.bisbatdemallorca.org\/ca\/#organization\",\"name\":\"Bisbat De Mallorca\",\"url\":\"https:\/\/www.bisbatdemallorca.org\/ca\/\",\"logo\":{\"@type\":\"ImageObject\",\"inLanguage\":\"ca\",\"@id\":\"https:\/\/www.bisbatdemallorca.org\/ca\/#\/schema\/logo\/image\/\",\"url\":\"https:\/\/bisbatdemallorca.org\/wp-content\/uploads\/2022\/04\/Logo_Bisbat-de-Mallorca-scaled.jpeg\",\"contentUrl\":\"https:\/\/bisbatdemallorca.org\/wp-content\/uploads\/2022\/04\/Logo_Bisbat-de-Mallorca-scaled.jpeg\",\"width\":2560,\"height\":1810,\"caption\":\"Bisbat De Mallorca\"},\"image\":{\"@id\":\"https:\/\/www.bisbatdemallorca.org\/ca\/#\/schema\/logo\/image\/\"}},{\"@type\":\"Person\",\"@id\":\"https:\/\/www.bisbatdemallorca.org\/ca\/#\/schema\/person\/9d198fedaef82cec34c41260a51964a6\",\"name\":\"Administraci\u00f3 Bisbat de Mallorca\",\"image\":{\"@type\":\"ImageObject\",\"inLanguage\":\"ca\",\"@id\":\"https:\/\/www.bisbatdemallorca.org\/ca\/#\/schema\/person\/image\/\",\"url\":\"https:\/\/secure.gravatar.com\/avatar\/cc0dac0bd15aa6305e120ea8e5b6c12f94c8fe06a53230fa56abffe62cefceb4?s=96&d=mm&r=g\",\"contentUrl\":\"https:\/\/secure.gravatar.com\/avatar\/cc0dac0bd15aa6305e120ea8e5b6c12f94c8fe06a53230fa56abffe62cefceb4?s=96&d=mm&r=g\",\"caption\":\"Administraci\u00f3 Bisbat de Mallorca\"},\"sameAs\":[\"https:\/\/bisbatdemallorca.org\"],\"url\":\"https:\/\/www.bisbatdemallorca.org\/ca\/author\/administraciobisbat\/\"}]}<\/script>\n<!-- \/ Yoast SEO plugin. -->","yoast_head_json":{"title":"Comunicat de premsa sobre la situaci\u00f3 al local ubicat al Santuari de Na Burguesa","robots":{"index":"index","follow":"follow","max-snippet":"max-snippet:-1","max-image-preview":"max-image-preview:large","max-video-preview":"max-video-preview:-1"},"canonical":"https:\/\/www.bisbatdemallorca.org\/ca\/comunicat-de-premsa-sobre-la-situacio-al-local-ubicat-al-santuari-de-na-burguesa\/","og_locale":"ca_ES","og_type":"article","og_title":"[:ca]Comunicat de premsa sobre la situaci\u00f3 al local ubicat al Santuari de Na Burguesa[:es]Comunicado de prensa sobre la situaci\u00f3n del local ubicado en el Santuario de Na Burguesa[:] - Bisbat de Mallorca","og_description":"El Bisbat de Mallorca desitja reiterar el seu comprom\u00eds permanent [...]","og_url":"https:\/\/www.bisbatdemallorca.org\/ca\/comunicat-de-premsa-sobre-la-situacio-al-local-ubicat-al-santuari-de-na-burguesa\/","og_site_name":"Bisbat de Mallorca","article_published_time":"2026-02-19T12:32:09+00:00","article_modified_time":"2026-02-19T12:52:35+00:00","og_image":[{"width":2560,"height":1810,"url":"https:\/\/www.bisbatdemallorca.org\/wp-content\/uploads\/2022\/04\/Logo_Bisbat-de-Mallorca-scaled.jpeg","type":"image\/jpeg"}],"author":"Administraci\u00f3 Bisbat de Mallorca","twitter_card":"summary_large_image","twitter_misc":{"Escrit per":"Administraci\u00f3 Bisbat de Mallorca","Temps estimat de lectura":"3 minuts"},"schema":{"@context":"https:\/\/schema.org","@graph":[{"@type":"Article","@id":"https:\/\/www.bisbatdemallorca.org\/comunicat-de-premsa-sobre-la-situacio-al-local-ubicat-al-santuari-de-na-burguesa\/#article","isPartOf":{"@id":"https:\/\/www.bisbatdemallorca.org\/comunicat-de-premsa-sobre-la-situacio-al-local-ubicat-al-santuari-de-na-burguesa\/"},"author":{"name":"Administraci\u00f3 Bisbat de Mallorca","@id":"https:\/\/www.bisbatdemallorca.org\/ca\/#\/schema\/person\/9d198fedaef82cec34c41260a51964a6"},"headline":"Comunicat de premsa sobre la situaci\u00f3 al local ubicat al Santuari de Na Burguesa","datePublished":"2026-02-19T12:32:09+00:00","dateModified":"2026-02-19T12:52:35+00:00","mainEntityOfPage":{"@id":"https:\/\/www.bisbatdemallorca.org\/comunicat-de-premsa-sobre-la-situacio-al-local-ubicat-al-santuari-de-na-burguesa\/"},"wordCount":1330,"publisher":{"@id":"https:\/\/www.bisbatdemallorca.org\/ca\/#organization"},"image":{"@id":"https:\/\/www.bisbatdemallorca.org\/comunicat-de-premsa-sobre-la-situacio-al-local-ubicat-al-santuari-de-na-burguesa\/#primaryimage"},"thumbnailUrl":"https:\/\/www.bisbatdemallorca.org\/wp-content\/uploads\/2022\/04\/Logo_Bisbat-de-Mallorca-scaled.jpeg","articleSection":["Agencia Bal\u00e8ria"],"inLanguage":"ca"},{"@type":"WebPage","@id":"https:\/\/www.bisbatdemallorca.org\/comunicat-de-premsa-sobre-la-situacio-al-local-ubicat-al-santuari-de-na-burguesa\/","url":"https:\/\/www.bisbatdemallorca.org\/comunicat-de-premsa-sobre-la-situacio-al-local-ubicat-al-santuari-de-na-burguesa\/","name":"Comunicat de premsa sobre la situaci\u00f3 al local ubicat al Santuari de Na Burguesa","isPartOf":{"@id":"https:\/\/www.bisbatdemallorca.org\/ca\/#website"},"primaryImageOfPage":{"@id":"https:\/\/www.bisbatdemallorca.org\/comunicat-de-premsa-sobre-la-situacio-al-local-ubicat-al-santuari-de-na-burguesa\/#primaryimage"},"image":{"@id":"https:\/\/www.bisbatdemallorca.org\/comunicat-de-premsa-sobre-la-situacio-al-local-ubicat-al-santuari-de-na-burguesa\/#primaryimage"},"thumbnailUrl":"https:\/\/www.bisbatdemallorca.org\/wp-content\/uploads\/2022\/04\/Logo_Bisbat-de-Mallorca-scaled.jpeg","datePublished":"2026-02-19T12:32:09+00:00","dateModified":"2026-02-19T12:52:35+00:00","breadcrumb":{"@id":"https:\/\/www.bisbatdemallorca.org\/comunicat-de-premsa-sobre-la-situacio-al-local-ubicat-al-santuari-de-na-burguesa\/#breadcrumb"},"inLanguage":"ca","potentialAction":[{"@type":"ReadAction","target":["https:\/\/www.bisbatdemallorca.org\/comunicat-de-premsa-sobre-la-situacio-al-local-ubicat-al-santuari-de-na-burguesa\/"]}]},{"@type":"ImageObject","inLanguage":"ca","@id":"https:\/\/www.bisbatdemallorca.org\/comunicat-de-premsa-sobre-la-situacio-al-local-ubicat-al-santuari-de-na-burguesa\/#primaryimage","url":"https:\/\/www.bisbatdemallorca.org\/wp-content\/uploads\/2022\/04\/Logo_Bisbat-de-Mallorca-scaled.jpeg","contentUrl":"https:\/\/www.bisbatdemallorca.org\/wp-content\/uploads\/2022\/04\/Logo_Bisbat-de-Mallorca-scaled.jpeg","width":2560,"height":1810},{"@type":"BreadcrumbList","@id":"https:\/\/www.bisbatdemallorca.org\/comunicat-de-premsa-sobre-la-situacio-al-local-ubicat-al-santuari-de-na-burguesa\/#breadcrumb","itemListElement":[{"@type":"ListItem","position":1,"name":"Portada","item":"https:\/\/www.bisbatdemallorca.org\/ca\/"},{"@type":"ListItem","position":2,"name":"Comunicado de prensa sobre la situaci\u00f3n del local ubicado en el Santuario de Na Burguesa"}]},{"@type":"WebSite","@id":"https:\/\/www.bisbatdemallorca.org\/ca\/#website","url":"https:\/\/www.bisbatdemallorca.org\/ca\/","name":"Bisbat de Mallorca","description":"Just another WordPress site","publisher":{"@id":"https:\/\/www.bisbatdemallorca.org\/ca\/#organization"},"potentialAction":[{"@type":"SearchAction","target":{"@type":"EntryPoint","urlTemplate":"https:\/\/www.bisbatdemallorca.org\/ca\/?s={search_term_string}"},"query-input":{"@type":"PropertyValueSpecification","valueRequired":true,"valueName":"search_term_string"}}],"inLanguage":"ca"},{"@type":"Organization","@id":"https:\/\/www.bisbatdemallorca.org\/ca\/#organization","name":"Bisbat De Mallorca","url":"https:\/\/www.bisbatdemallorca.org\/ca\/","logo":{"@type":"ImageObject","inLanguage":"ca","@id":"https:\/\/www.bisbatdemallorca.org\/ca\/#\/schema\/logo\/image\/","url":"https:\/\/bisbatdemallorca.org\/wp-content\/uploads\/2022\/04\/Logo_Bisbat-de-Mallorca-scaled.jpeg","contentUrl":"https:\/\/bisbatdemallorca.org\/wp-content\/uploads\/2022\/04\/Logo_Bisbat-de-Mallorca-scaled.jpeg","width":2560,"height":1810,"caption":"Bisbat De Mallorca"},"image":{"@id":"https:\/\/www.bisbatdemallorca.org\/ca\/#\/schema\/logo\/image\/"}},{"@type":"Person","@id":"https:\/\/www.bisbatdemallorca.org\/ca\/#\/schema\/person\/9d198fedaef82cec34c41260a51964a6","name":"Administraci\u00f3 Bisbat de Mallorca","image":{"@type":"ImageObject","inLanguage":"ca","@id":"https:\/\/www.bisbatdemallorca.org\/ca\/#\/schema\/person\/image\/","url":"https:\/\/secure.gravatar.com\/avatar\/cc0dac0bd15aa6305e120ea8e5b6c12f94c8fe06a53230fa56abffe62cefceb4?s=96&d=mm&r=g","contentUrl":"https:\/\/secure.gravatar.com\/avatar\/cc0dac0bd15aa6305e120ea8e5b6c12f94c8fe06a53230fa56abffe62cefceb4?s=96&d=mm&r=g","caption":"Administraci\u00f3 Bisbat de Mallorca"},"sameAs":["https:\/\/bisbatdemallorca.org"],"url":"https:\/\/www.bisbatdemallorca.org\/ca\/author\/administraciobisbat\/"}]}},"_links":{"self":[{"href":"https:\/\/www.bisbatdemallorca.org\/ca\/wp-json\/wp\/v2\/posts\/31113","targetHints":{"allow":["GET"]}}],"collection":[{"href":"https:\/\/www.bisbatdemallorca.org\/ca\/wp-json\/wp\/v2\/posts"}],"about":[{"href":"https:\/\/www.bisbatdemallorca.org\/ca\/wp-json\/wp\/v2\/types\/post"}],"author":[{"embeddable":true,"href":"https:\/\/www.bisbatdemallorca.org\/ca\/wp-json\/wp\/v2\/users\/2"}],"replies":[{"embeddable":true,"href":"https:\/\/www.bisbatdemallorca.org\/ca\/wp-json\/wp\/v2\/comments?post=31113"}],"version-history":[{"count":0,"href":"https:\/\/www.bisbatdemallorca.org\/ca\/wp-json\/wp\/v2\/posts\/31113\/revisions"}],"wp:featuredmedia":[{"embeddable":true,"href":"https:\/\/www.bisbatdemallorca.org\/ca\/wp-json\/wp\/v2\/media\/5344"}],"wp:attachment":[{"href":"https:\/\/www.bisbatdemallorca.org\/ca\/wp-json\/wp\/v2\/media?parent=31113"}],"wp:term":[{"taxonomy":"category","embeddable":true,"href":"https:\/\/www.bisbatdemallorca.org\/ca\/wp-json\/wp\/v2\/categories?post=31113"},{"taxonomy":"post_tag","embeddable":true,"href":"https:\/\/www.bisbatdemallorca.org\/ca\/wp-json\/wp\/v2\/tags?post=31113"}],"curies":[{"name":"wp","href":"https:\/\/api.w.org\/{rel}","templated":true}]}}