{"id":31483,"date":"2026-03-04T09:27:49","date_gmt":"2026-03-04T08:27:49","guid":{"rendered":"https:\/\/www.bisbatdemallorca.org\/ca\/?p=31483"},"modified":"2026-03-04T09:28:59","modified_gmt":"2026-03-04T08:28:59","slug":"presentacio-del-llibre-pregaries-dahir-i-davui","status":"publish","type":"post","link":"https:\/\/www.bisbatdemallorca.org\/ca\/presentacio-del-llibre-pregaries-dahir-i-davui\/","title":{"rendered":"Presentaci\u00f3 del llibre Preg\u00e0ries d\u2019ahir i d\u2019avui"},"content":{"rendered":"<p>El passat dijous 26 de febrer de 2026, l\u2019esgl\u00e9sia de Sant Felip Neri de Palma va acollir la presentaci\u00f3 del llibre <em>Preg\u00e0ries d\u2019ahir i d\u2019avui. Una tria<\/em>, editat per Domingo Mateu i publicat per Lleonard Muntaner, Editor, patrocinat per la Fundaci\u00f3 Parresia.<\/p>\n<p>L\u2019acte, que va reunir un p\u00fablic nombr\u00f3s, es va desenvolupar en un ambient proper i reflexiu, fidel a l\u2019esperit de l\u2019obra. La sessi\u00f3 fou moderada per Joan Bauz\u00e0 Bauz\u00e0, vicepresident de la Fundaci\u00f3 Parresia, que va obrir l\u2019acte amb paraules d\u2019agra\u00efment a la comunitat de Sant Felip Neri per la cessi\u00f3 de l\u2019espai, als assistents per la seva pres\u00e8ncia i a l\u2019editorial per fer-ne possible la publicaci\u00f3. Tamb\u00e9 va recordar la tasca cultural i espiritual de la Fundaci\u00f3, aix\u00ed com les seves col\u00b7leccions Tornaveu i Arcbotant.<\/p>\n<p>Tot seguit, Gabriel Amengual Coll, president de la Fundaci\u00f3 Parresia, va oferir una primera aproximaci\u00f3 al llibre, destacant el valor de la preg\u00e0ria com a expressi\u00f3 viva de la fe i com a pont entre generacions. Per la seva banda, Domingo Mateu va compartir el proc\u00e9s de selecci\u00f3 dels textos i el sentit d\u2019aquesta tria, que vol recollir veus diverses i moments diferents de la tradici\u00f3 espiritual.<\/p>\n<p>Un dels moments m\u00e9s significatius de l\u2019acte fou l\u2019espai dedicat a la lectura de diverses preg\u00e0ries incloses en el volum, que varen ser compartides per diferents participants. Aquest moment, que s\u2019inici\u00e0 amb el cant\u00a0del\u00a0<em>Veni Creator<\/em>, va aportar un to \u00edntim i comunitari a la presentaci\u00f3, permetent als assistents experimentar directament la riquesa espiritual del llibre.<\/p>\n<p>L\u2019acte es va cloure amb unes paraules finals d\u2019agra\u00efment i amb la invitaci\u00f3 a adquirir l\u2019obra, que molts dels presents pogueren endur-se signada per l\u2019editor.<\/p>\n<p>Amb aquesta presentaci\u00f3, la Fundaci\u00f3 Parresia i Lleonard Muntaner, Editor consoliden el seu comprom\u00eds amb la difusi\u00f3 del pensament i l\u2019espiritualitat, oferint una obra que vol ser companya de cam\u00ed dels qui cerquen en la preg\u00e0ria una paraula que il\u00b7lumini el present.<\/p>\n","protected":false},"excerpt":{"rendered":"<p>El passat dijous 26 de febrer de 2026, l\u2019esgl\u00e9sia de  [&#8230;]<\/p>\n","protected":false},"author":2,"featured_media":31485,"comment_status":"closed","ping_status":"open","sticky":false,"template":"","format":"standard","meta":{"footnotes":""},"categories":[16],"tags":[],"class_list":["post-31483","post","type-post","status-publish","format-standard","has-post-thumbnail","hentry","category-agencia-baleria"],"yoast_head":"<!-- This site is optimized with the Yoast SEO plugin v27.0 - https:\/\/yoast.com\/product\/yoast-seo-wordpress\/ -->\n<title>Presentaci\u00f3 del llibre Preg\u00e0ries d\u2019ahir i d\u2019avui<\/title>\n<meta name=\"robots\" content=\"index, follow, max-snippet:-1, max-image-preview:large, max-video-preview:-1\" \/>\n<link rel=\"canonical\" href=\"https:\/\/www.bisbatdemallorca.org\/ca\/presentacio-del-llibre-pregaries-dahir-i-davui\/\" \/>\n<meta property=\"og:locale\" content=\"ca_ES\" \/>\n<meta property=\"og:locale:alternate\" content=\"en_US\" \/>\n<meta property=\"og:locale:alternate\" content=\"es_ES\" \/>\n<meta property=\"og:type\" content=\"article\" \/>\n<meta property=\"og:title\" content=\"Presentaci\u00f3 del llibre Preg\u00e0ries d\u2019ahir i d\u2019avui\" \/>\n<meta property=\"og:description\" content=\"El passat dijous 26 de febrer de 2026, l\u2019esgl\u00e9sia de [...]\" \/>\n<meta property=\"og:url\" content=\"https:\/\/www.bisbatdemallorca.org\/ca\/presentacio-del-llibre-pregaries-dahir-i-davui\/\" \/>\n<meta property=\"og:site_name\" content=\"Bisbat de Mallorca\" \/>\n<meta property=\"article:published_time\" content=\"2026-03-04T08:27:49+00:00\" \/>\n<meta property=\"article:modified_time\" content=\"2026-03-04T08:28:59+00:00\" \/>\n<meta property=\"og:image\" content=\"https:\/\/www.bisbatdemallorca.org\/wp-content\/uploads\/2026\/03\/664dedb9-076f-429d-b18d-03e337504799.jpg\" \/>\n\t<meta property=\"og:image:width\" content=\"2000\" \/>\n\t<meta property=\"og:image:height\" content=\"1126\" \/>\n\t<meta property=\"og:image:type\" content=\"image\/jpeg\" \/>\n<meta name=\"author\" content=\"Administraci\u00f3 Bisbat de Mallorca\" \/>\n<meta name=\"twitter:card\" content=\"summary_large_image\" \/>\n<meta name=\"twitter:label1\" content=\"Escrit per\" \/>\n\t<meta name=\"twitter:data1\" content=\"Administraci\u00f3 Bisbat de Mallorca\" \/>\n\t<meta name=\"twitter:label2\" content=\"Temps estimat de lectura\" \/>\n\t<meta name=\"twitter:data2\" content=\"1 minut\" \/>\n<script type=\"application\/ld+json\" class=\"yoast-schema-graph\">{\"@context\":\"https:\/\/schema.org\",\"@graph\":[{\"@type\":\"Article\",\"@id\":\"https:\/\/www.bisbatdemallorca.org\/presentacio-del-llibre-pregaries-dahir-i-davui\/#article\",\"isPartOf\":{\"@id\":\"https:\/\/www.bisbatdemallorca.org\/presentacio-del-llibre-pregaries-dahir-i-davui\/\"},\"author\":{\"name\":\"Administraci\u00f3 Bisbat de Mallorca\",\"@id\":\"https:\/\/www.bisbatdemallorca.org\/ca\/#\/schema\/person\/9d198fedaef82cec34c41260a51964a6\"},\"headline\":\"Presentaci\u00f3 del llibre Preg\u00e0ries d\u2019ahir i d\u2019avui\",\"datePublished\":\"2026-03-04T08:27:49+00:00\",\"dateModified\":\"2026-03-04T08:28:59+00:00\",\"mainEntityOfPage\":{\"@id\":\"https:\/\/www.bisbatdemallorca.org\/presentacio-del-llibre-pregaries-dahir-i-davui\/\"},\"wordCount\":720,\"publisher\":{\"@id\":\"https:\/\/www.bisbatdemallorca.org\/ca\/#organization\"},\"image\":{\"@id\":\"https:\/\/www.bisbatdemallorca.org\/presentacio-del-llibre-pregaries-dahir-i-davui\/#primaryimage\"},\"thumbnailUrl\":\"https:\/\/www.bisbatdemallorca.org\/wp-content\/uploads\/2026\/03\/664dedb9-076f-429d-b18d-03e337504799.jpg\",\"articleSection\":[\"Agencia Bal\u00e8ria\"],\"inLanguage\":\"ca\"},{\"@type\":\"WebPage\",\"@id\":\"https:\/\/www.bisbatdemallorca.org\/presentacio-del-llibre-pregaries-dahir-i-davui\/\",\"url\":\"https:\/\/www.bisbatdemallorca.org\/presentacio-del-llibre-pregaries-dahir-i-davui\/\",\"name\":\"Presentaci\u00f3 del llibre Preg\u00e0ries d\u2019ahir i d\u2019avui\",\"isPartOf\":{\"@id\":\"https:\/\/www.bisbatdemallorca.org\/ca\/#website\"},\"primaryImageOfPage\":{\"@id\":\"https:\/\/www.bisbatdemallorca.org\/presentacio-del-llibre-pregaries-dahir-i-davui\/#primaryimage\"},\"image\":{\"@id\":\"https:\/\/www.bisbatdemallorca.org\/presentacio-del-llibre-pregaries-dahir-i-davui\/#primaryimage\"},\"thumbnailUrl\":\"https:\/\/www.bisbatdemallorca.org\/wp-content\/uploads\/2026\/03\/664dedb9-076f-429d-b18d-03e337504799.jpg\",\"datePublished\":\"2026-03-04T08:27:49+00:00\",\"dateModified\":\"2026-03-04T08:28:59+00:00\",\"breadcrumb\":{\"@id\":\"https:\/\/www.bisbatdemallorca.org\/presentacio-del-llibre-pregaries-dahir-i-davui\/#breadcrumb\"},\"inLanguage\":\"ca\",\"potentialAction\":[{\"@type\":\"ReadAction\",\"target\":[\"https:\/\/www.bisbatdemallorca.org\/presentacio-del-llibre-pregaries-dahir-i-davui\/\"]}]},{\"@type\":\"ImageObject\",\"inLanguage\":\"ca\",\"@id\":\"https:\/\/www.bisbatdemallorca.org\/presentacio-del-llibre-pregaries-dahir-i-davui\/#primaryimage\",\"url\":\"https:\/\/www.bisbatdemallorca.org\/wp-content\/uploads\/2026\/03\/664dedb9-076f-429d-b18d-03e337504799.jpg\",\"contentUrl\":\"https:\/\/www.bisbatdemallorca.org\/wp-content\/uploads\/2026\/03\/664dedb9-076f-429d-b18d-03e337504799.jpg\",\"width\":2000,\"height\":1126},{\"@type\":\"BreadcrumbList\",\"@id\":\"https:\/\/www.bisbatdemallorca.org\/presentacio-del-llibre-pregaries-dahir-i-davui\/#breadcrumb\",\"itemListElement\":[{\"@type\":\"ListItem\",\"position\":1,\"name\":\"Portada\",\"item\":\"https:\/\/www.bisbatdemallorca.org\/ca\/\"},{\"@type\":\"ListItem\",\"position\":2,\"name\":\"Presentaci\u00f3n del libro Preg\u00e0ries d\u2019ahir i d\u2019avui\"}]},{\"@type\":\"WebSite\",\"@id\":\"https:\/\/www.bisbatdemallorca.org\/ca\/#website\",\"url\":\"https:\/\/www.bisbatdemallorca.org\/ca\/\",\"name\":\"Bisbat de Mallorca\",\"description\":\"Just another WordPress site\",\"publisher\":{\"@id\":\"https:\/\/www.bisbatdemallorca.org\/ca\/#organization\"},\"potentialAction\":[{\"@type\":\"SearchAction\",\"target\":{\"@type\":\"EntryPoint\",\"urlTemplate\":\"https:\/\/www.bisbatdemallorca.org\/ca\/?s={search_term_string}\"},\"query-input\":{\"@type\":\"PropertyValueSpecification\",\"valueRequired\":true,\"valueName\":\"search_term_string\"}}],\"inLanguage\":\"ca\"},{\"@type\":\"Organization\",\"@id\":\"https:\/\/www.bisbatdemallorca.org\/ca\/#organization\",\"name\":\"Bisbat De Mallorca\",\"url\":\"https:\/\/www.bisbatdemallorca.org\/ca\/\",\"logo\":{\"@type\":\"ImageObject\",\"inLanguage\":\"ca\",\"@id\":\"https:\/\/www.bisbatdemallorca.org\/ca\/#\/schema\/logo\/image\/\",\"url\":\"https:\/\/bisbatdemallorca.org\/wp-content\/uploads\/2022\/04\/Logo_Bisbat-de-Mallorca-scaled.jpeg\",\"contentUrl\":\"https:\/\/bisbatdemallorca.org\/wp-content\/uploads\/2022\/04\/Logo_Bisbat-de-Mallorca-scaled.jpeg\",\"width\":2560,\"height\":1810,\"caption\":\"Bisbat De Mallorca\"},\"image\":{\"@id\":\"https:\/\/www.bisbatdemallorca.org\/ca\/#\/schema\/logo\/image\/\"}},{\"@type\":\"Person\",\"@id\":\"https:\/\/www.bisbatdemallorca.org\/ca\/#\/schema\/person\/9d198fedaef82cec34c41260a51964a6\",\"name\":\"Administraci\u00f3 Bisbat de Mallorca\",\"image\":{\"@type\":\"ImageObject\",\"inLanguage\":\"ca\",\"@id\":\"https:\/\/www.bisbatdemallorca.org\/ca\/#\/schema\/person\/image\/\",\"url\":\"https:\/\/secure.gravatar.com\/avatar\/cc0dac0bd15aa6305e120ea8e5b6c12f94c8fe06a53230fa56abffe62cefceb4?s=96&d=mm&r=g\",\"contentUrl\":\"https:\/\/secure.gravatar.com\/avatar\/cc0dac0bd15aa6305e120ea8e5b6c12f94c8fe06a53230fa56abffe62cefceb4?s=96&d=mm&r=g\",\"caption\":\"Administraci\u00f3 Bisbat de Mallorca\"},\"sameAs\":[\"https:\/\/bisbatdemallorca.org\"],\"url\":\"https:\/\/www.bisbatdemallorca.org\/ca\/author\/administraciobisbat\/\"}]}<\/script>\n<!-- \/ Yoast SEO plugin. -->","yoast_head_json":{"title":"Presentaci\u00f3 del llibre Preg\u00e0ries d\u2019ahir i d\u2019avui","robots":{"index":"index","follow":"follow","max-snippet":"max-snippet:-1","max-image-preview":"max-image-preview:large","max-video-preview":"max-video-preview:-1"},"canonical":"https:\/\/www.bisbatdemallorca.org\/ca\/presentacio-del-llibre-pregaries-dahir-i-davui\/","og_locale":"ca_ES","og_type":"article","og_title":"[:ca]Presentaci\u00f3 del llibre Preg\u00e0ries d\u2019ahir i d\u2019avui[:es]Presentaci\u00f3n del libro Preg\u00e0ries d\u2019ahir i d\u2019avui[:] - Bisbat de Mallorca","og_description":"El passat dijous 26 de febrer de 2026, l\u2019esgl\u00e9sia de [...]","og_url":"https:\/\/www.bisbatdemallorca.org\/ca\/presentacio-del-llibre-pregaries-dahir-i-davui\/","og_site_name":"Bisbat de Mallorca","article_published_time":"2026-03-04T08:27:49+00:00","article_modified_time":"2026-03-04T08:28:59+00:00","og_image":[{"width":2000,"height":1126,"url":"https:\/\/www.bisbatdemallorca.org\/wp-content\/uploads\/2026\/03\/664dedb9-076f-429d-b18d-03e337504799.jpg","type":"image\/jpeg"}],"author":"Administraci\u00f3 Bisbat de Mallorca","twitter_card":"summary_large_image","twitter_misc":{"Escrit per":"Administraci\u00f3 Bisbat de Mallorca","Temps estimat de lectura":"1 minut"},"schema":{"@context":"https:\/\/schema.org","@graph":[{"@type":"Article","@id":"https:\/\/www.bisbatdemallorca.org\/presentacio-del-llibre-pregaries-dahir-i-davui\/#article","isPartOf":{"@id":"https:\/\/www.bisbatdemallorca.org\/presentacio-del-llibre-pregaries-dahir-i-davui\/"},"author":{"name":"Administraci\u00f3 Bisbat de Mallorca","@id":"https:\/\/www.bisbatdemallorca.org\/ca\/#\/schema\/person\/9d198fedaef82cec34c41260a51964a6"},"headline":"Presentaci\u00f3 del llibre Preg\u00e0ries d\u2019ahir i d\u2019avui","datePublished":"2026-03-04T08:27:49+00:00","dateModified":"2026-03-04T08:28:59+00:00","mainEntityOfPage":{"@id":"https:\/\/www.bisbatdemallorca.org\/presentacio-del-llibre-pregaries-dahir-i-davui\/"},"wordCount":720,"publisher":{"@id":"https:\/\/www.bisbatdemallorca.org\/ca\/#organization"},"image":{"@id":"https:\/\/www.bisbatdemallorca.org\/presentacio-del-llibre-pregaries-dahir-i-davui\/#primaryimage"},"thumbnailUrl":"https:\/\/www.bisbatdemallorca.org\/wp-content\/uploads\/2026\/03\/664dedb9-076f-429d-b18d-03e337504799.jpg","articleSection":["Agencia Bal\u00e8ria"],"inLanguage":"ca"},{"@type":"WebPage","@id":"https:\/\/www.bisbatdemallorca.org\/presentacio-del-llibre-pregaries-dahir-i-davui\/","url":"https:\/\/www.bisbatdemallorca.org\/presentacio-del-llibre-pregaries-dahir-i-davui\/","name":"Presentaci\u00f3 del llibre Preg\u00e0ries d\u2019ahir i d\u2019avui","isPartOf":{"@id":"https:\/\/www.bisbatdemallorca.org\/ca\/#website"},"primaryImageOfPage":{"@id":"https:\/\/www.bisbatdemallorca.org\/presentacio-del-llibre-pregaries-dahir-i-davui\/#primaryimage"},"image":{"@id":"https:\/\/www.bisbatdemallorca.org\/presentacio-del-llibre-pregaries-dahir-i-davui\/#primaryimage"},"thumbnailUrl":"https:\/\/www.bisbatdemallorca.org\/wp-content\/uploads\/2026\/03\/664dedb9-076f-429d-b18d-03e337504799.jpg","datePublished":"2026-03-04T08:27:49+00:00","dateModified":"2026-03-04T08:28:59+00:00","breadcrumb":{"@id":"https:\/\/www.bisbatdemallorca.org\/presentacio-del-llibre-pregaries-dahir-i-davui\/#breadcrumb"},"inLanguage":"ca","potentialAction":[{"@type":"ReadAction","target":["https:\/\/www.bisbatdemallorca.org\/presentacio-del-llibre-pregaries-dahir-i-davui\/"]}]},{"@type":"ImageObject","inLanguage":"ca","@id":"https:\/\/www.bisbatdemallorca.org\/presentacio-del-llibre-pregaries-dahir-i-davui\/#primaryimage","url":"https:\/\/www.bisbatdemallorca.org\/wp-content\/uploads\/2026\/03\/664dedb9-076f-429d-b18d-03e337504799.jpg","contentUrl":"https:\/\/www.bisbatdemallorca.org\/wp-content\/uploads\/2026\/03\/664dedb9-076f-429d-b18d-03e337504799.jpg","width":2000,"height":1126},{"@type":"BreadcrumbList","@id":"https:\/\/www.bisbatdemallorca.org\/presentacio-del-llibre-pregaries-dahir-i-davui\/#breadcrumb","itemListElement":[{"@type":"ListItem","position":1,"name":"Portada","item":"https:\/\/www.bisbatdemallorca.org\/ca\/"},{"@type":"ListItem","position":2,"name":"Presentaci\u00f3n del libro Preg\u00e0ries d\u2019ahir i d\u2019avui"}]},{"@type":"WebSite","@id":"https:\/\/www.bisbatdemallorca.org\/ca\/#website","url":"https:\/\/www.bisbatdemallorca.org\/ca\/","name":"Bisbat de Mallorca","description":"Just another WordPress site","publisher":{"@id":"https:\/\/www.bisbatdemallorca.org\/ca\/#organization"},"potentialAction":[{"@type":"SearchAction","target":{"@type":"EntryPoint","urlTemplate":"https:\/\/www.bisbatdemallorca.org\/ca\/?s={search_term_string}"},"query-input":{"@type":"PropertyValueSpecification","valueRequired":true,"valueName":"search_term_string"}}],"inLanguage":"ca"},{"@type":"Organization","@id":"https:\/\/www.bisbatdemallorca.org\/ca\/#organization","name":"Bisbat De Mallorca","url":"https:\/\/www.bisbatdemallorca.org\/ca\/","logo":{"@type":"ImageObject","inLanguage":"ca","@id":"https:\/\/www.bisbatdemallorca.org\/ca\/#\/schema\/logo\/image\/","url":"https:\/\/bisbatdemallorca.org\/wp-content\/uploads\/2022\/04\/Logo_Bisbat-de-Mallorca-scaled.jpeg","contentUrl":"https:\/\/bisbatdemallorca.org\/wp-content\/uploads\/2022\/04\/Logo_Bisbat-de-Mallorca-scaled.jpeg","width":2560,"height":1810,"caption":"Bisbat De Mallorca"},"image":{"@id":"https:\/\/www.bisbatdemallorca.org\/ca\/#\/schema\/logo\/image\/"}},{"@type":"Person","@id":"https:\/\/www.bisbatdemallorca.org\/ca\/#\/schema\/person\/9d198fedaef82cec34c41260a51964a6","name":"Administraci\u00f3 Bisbat de Mallorca","image":{"@type":"ImageObject","inLanguage":"ca","@id":"https:\/\/www.bisbatdemallorca.org\/ca\/#\/schema\/person\/image\/","url":"https:\/\/secure.gravatar.com\/avatar\/cc0dac0bd15aa6305e120ea8e5b6c12f94c8fe06a53230fa56abffe62cefceb4?s=96&d=mm&r=g","contentUrl":"https:\/\/secure.gravatar.com\/avatar\/cc0dac0bd15aa6305e120ea8e5b6c12f94c8fe06a53230fa56abffe62cefceb4?s=96&d=mm&r=g","caption":"Administraci\u00f3 Bisbat de Mallorca"},"sameAs":["https:\/\/bisbatdemallorca.org"],"url":"https:\/\/www.bisbatdemallorca.org\/ca\/author\/administraciobisbat\/"}]}},"_links":{"self":[{"href":"https:\/\/www.bisbatdemallorca.org\/ca\/wp-json\/wp\/v2\/posts\/31483","targetHints":{"allow":["GET"]}}],"collection":[{"href":"https:\/\/www.bisbatdemallorca.org\/ca\/wp-json\/wp\/v2\/posts"}],"about":[{"href":"https:\/\/www.bisbatdemallorca.org\/ca\/wp-json\/wp\/v2\/types\/post"}],"author":[{"embeddable":true,"href":"https:\/\/www.bisbatdemallorca.org\/ca\/wp-json\/wp\/v2\/users\/2"}],"replies":[{"embeddable":true,"href":"https:\/\/www.bisbatdemallorca.org\/ca\/wp-json\/wp\/v2\/comments?post=31483"}],"version-history":[{"count":0,"href":"https:\/\/www.bisbatdemallorca.org\/ca\/wp-json\/wp\/v2\/posts\/31483\/revisions"}],"wp:featuredmedia":[{"embeddable":true,"href":"https:\/\/www.bisbatdemallorca.org\/ca\/wp-json\/wp\/v2\/media\/31485"}],"wp:attachment":[{"href":"https:\/\/www.bisbatdemallorca.org\/ca\/wp-json\/wp\/v2\/media?parent=31483"}],"wp:term":[{"taxonomy":"category","embeddable":true,"href":"https:\/\/www.bisbatdemallorca.org\/ca\/wp-json\/wp\/v2\/categories?post=31483"},{"taxonomy":"post_tag","embeddable":true,"href":"https:\/\/www.bisbatdemallorca.org\/ca\/wp-json\/wp\/v2\/tags?post=31483"}],"curies":[{"name":"wp","href":"https:\/\/api.w.org\/{rel}","templated":true}]}}