{"id":31508,"date":"2026-03-04T11:12:33","date_gmt":"2026-03-04T10:12:33","guid":{"rendered":"https:\/\/www.bisbatdemallorca.org\/ca\/?p=31508"},"modified":"2026-03-04T11:13:42","modified_gmt":"2026-03-04T10:13:42","slug":"excursio-de-la-pastoral-universitaria-a-lermita-de-maristel%c2%b7la","status":"publish","type":"post","link":"https:\/\/www.bisbatdemallorca.org\/ca\/excursio-de-la-pastoral-universitaria-a-lermita-de-maristel%c2%b7la\/","title":{"rendered":"Excursi\u00f3 de la Pastoral Universit\u00e0ria a l\u2019ermita de Maristel\u00b7la"},"content":{"rendered":"<p>Aquest cap de setmana, el grup de Pastoral Universit\u00e0ria va realitzar una excursi\u00f3 des d\u2019Esporles fins a l\u2019ermita de Maristel\u00b7la, en una jornada de conviv\u00e8ncia i fe en plena natura.<\/p>\n<p>En arribar, els estudiants varen ser acollits pels qui tenen cura de l\u2019ermita, que els convidaren a compartir una paella. Durant la trobada es va oferir una breu reflexi\u00f3 sobre la Quaresma i la conversi\u00f3, es va celebrar l\u2019Eucaristia i es va viure un ambient molt familiar i alegre.<\/p>\n<p>Els joves valoraren molt positivament l\u2019experi\u00e8ncia, tant per la bellesa del cam\u00ed com per la conviv\u00e8ncia compartida amb la comunitat que mant\u00e9 viva l\u2019ermita.<\/p>\n","protected":false},"excerpt":{"rendered":"<p>Aquest cap de setmana, el grup de Pastoral Universit\u00e0ria va  [&#8230;]<\/p>\n","protected":false},"author":2,"featured_media":31509,"comment_status":"closed","ping_status":"open","sticky":false,"template":"","format":"standard","meta":{"footnotes":""},"categories":[16],"tags":[],"class_list":["post-31508","post","type-post","status-publish","format-standard","has-post-thumbnail","hentry","category-agencia-baleria"],"yoast_head":"<!-- This site is optimized with the Yoast SEO plugin v27.0 - https:\/\/yoast.com\/product\/yoast-seo-wordpress\/ -->\n<title>Excursi\u00f3 de la Pastoral Universit\u00e0ria a l\u2019ermita de Maristel\u00b7la<\/title>\n<meta name=\"robots\" content=\"index, follow, max-snippet:-1, max-image-preview:large, max-video-preview:-1\" \/>\n<link rel=\"canonical\" href=\"https:\/\/www.bisbatdemallorca.org\/ca\/excursio-de-la-pastoral-universitaria-a-lermita-de-maristel\u00b7la\/\" \/>\n<meta property=\"og:locale\" content=\"ca_ES\" \/>\n<meta property=\"og:locale:alternate\" content=\"en_US\" \/>\n<meta property=\"og:locale:alternate\" content=\"es_ES\" \/>\n<meta property=\"og:type\" content=\"article\" \/>\n<meta property=\"og:title\" content=\"Excursi\u00f3 de la Pastoral Universit\u00e0ria a l\u2019ermita de Maristel\u00b7la\" \/>\n<meta property=\"og:description\" content=\"Aquest cap de setmana, el grup de Pastoral Universit\u00e0ria va [...]\" \/>\n<meta property=\"og:url\" content=\"https:\/\/www.bisbatdemallorca.org\/ca\/excursio-de-la-pastoral-universitaria-a-lermita-de-maristel\u00b7la\/\" \/>\n<meta property=\"og:site_name\" content=\"Bisbat de Mallorca\" \/>\n<meta property=\"article:published_time\" content=\"2026-03-04T10:12:33+00:00\" \/>\n<meta property=\"article:modified_time\" content=\"2026-03-04T10:13:42+00:00\" \/>\n<meta property=\"og:image\" content=\"https:\/\/www.bisbatdemallorca.org\/wp-content\/uploads\/2026\/03\/WhatsApp-Image-2026-03-01-at-10.53.24.jpeg\" \/>\n\t<meta property=\"og:image:width\" content=\"1600\" \/>\n\t<meta property=\"og:image:height\" content=\"1312\" \/>\n\t<meta property=\"og:image:type\" content=\"image\/jpeg\" \/>\n<meta name=\"author\" content=\"Administraci\u00f3 Bisbat de Mallorca\" \/>\n<meta name=\"twitter:card\" content=\"summary_large_image\" \/>\n<meta name=\"twitter:label1\" content=\"Escrit per\" \/>\n\t<meta name=\"twitter:data1\" content=\"Administraci\u00f3 Bisbat de Mallorca\" \/>\n\t<meta name=\"twitter:label2\" content=\"Temps estimat de lectura\" \/>\n\t<meta name=\"twitter:data2\" content=\"1 minut\" \/>\n<script type=\"application\/ld+json\" class=\"yoast-schema-graph\">{\"@context\":\"https:\/\/schema.org\",\"@graph\":[{\"@type\":\"Article\",\"@id\":\"https:\/\/www.bisbatdemallorca.org\/excursio-de-la-pastoral-universitaria-a-lermita-de-maristel%c2%b7la\/#article\",\"isPartOf\":{\"@id\":\"https:\/\/www.bisbatdemallorca.org\/excursio-de-la-pastoral-universitaria-a-lermita-de-maristel%c2%b7la\/\"},\"author\":{\"name\":\"Administraci\u00f3 Bisbat de Mallorca\",\"@id\":\"https:\/\/www.bisbatdemallorca.org\/ca\/#\/schema\/person\/9d198fedaef82cec34c41260a51964a6\"},\"headline\":\"Excursi\u00f3 de la Pastoral Universit\u00e0ria a l\u2019ermita de Maristel\u00b7la\",\"datePublished\":\"2026-03-04T10:12:33+00:00\",\"dateModified\":\"2026-03-04T10:13:42+00:00\",\"mainEntityOfPage\":{\"@id\":\"https:\/\/www.bisbatdemallorca.org\/excursio-de-la-pastoral-universitaria-a-lermita-de-maristel%c2%b7la\/\"},\"wordCount\":252,\"publisher\":{\"@id\":\"https:\/\/www.bisbatdemallorca.org\/ca\/#organization\"},\"image\":{\"@id\":\"https:\/\/www.bisbatdemallorca.org\/excursio-de-la-pastoral-universitaria-a-lermita-de-maristel%c2%b7la\/#primaryimage\"},\"thumbnailUrl\":\"https:\/\/www.bisbatdemallorca.org\/wp-content\/uploads\/2026\/03\/WhatsApp-Image-2026-03-01-at-10.53.24.jpeg\",\"articleSection\":[\"Agencia Bal\u00e8ria\"],\"inLanguage\":\"ca\"},{\"@type\":\"WebPage\",\"@id\":\"https:\/\/www.bisbatdemallorca.org\/excursio-de-la-pastoral-universitaria-a-lermita-de-maristel%c2%b7la\/\",\"url\":\"https:\/\/www.bisbatdemallorca.org\/excursio-de-la-pastoral-universitaria-a-lermita-de-maristel%c2%b7la\/\",\"name\":\"Excursi\u00f3 de la Pastoral Universit\u00e0ria a l\u2019ermita de Maristel\u00b7la\",\"isPartOf\":{\"@id\":\"https:\/\/www.bisbatdemallorca.org\/ca\/#website\"},\"primaryImageOfPage\":{\"@id\":\"https:\/\/www.bisbatdemallorca.org\/excursio-de-la-pastoral-universitaria-a-lermita-de-maristel%c2%b7la\/#primaryimage\"},\"image\":{\"@id\":\"https:\/\/www.bisbatdemallorca.org\/excursio-de-la-pastoral-universitaria-a-lermita-de-maristel%c2%b7la\/#primaryimage\"},\"thumbnailUrl\":\"https:\/\/www.bisbatdemallorca.org\/wp-content\/uploads\/2026\/03\/WhatsApp-Image-2026-03-01-at-10.53.24.jpeg\",\"datePublished\":\"2026-03-04T10:12:33+00:00\",\"dateModified\":\"2026-03-04T10:13:42+00:00\",\"breadcrumb\":{\"@id\":\"https:\/\/www.bisbatdemallorca.org\/excursio-de-la-pastoral-universitaria-a-lermita-de-maristel%c2%b7la\/#breadcrumb\"},\"inLanguage\":\"ca\",\"potentialAction\":[{\"@type\":\"ReadAction\",\"target\":[\"https:\/\/www.bisbatdemallorca.org\/excursio-de-la-pastoral-universitaria-a-lermita-de-maristel%c2%b7la\/\"]}]},{\"@type\":\"ImageObject\",\"inLanguage\":\"ca\",\"@id\":\"https:\/\/www.bisbatdemallorca.org\/excursio-de-la-pastoral-universitaria-a-lermita-de-maristel%c2%b7la\/#primaryimage\",\"url\":\"https:\/\/www.bisbatdemallorca.org\/wp-content\/uploads\/2026\/03\/WhatsApp-Image-2026-03-01-at-10.53.24.jpeg\",\"contentUrl\":\"https:\/\/www.bisbatdemallorca.org\/wp-content\/uploads\/2026\/03\/WhatsApp-Image-2026-03-01-at-10.53.24.jpeg\",\"width\":1600,\"height\":1312},{\"@type\":\"BreadcrumbList\",\"@id\":\"https:\/\/www.bisbatdemallorca.org\/excursio-de-la-pastoral-universitaria-a-lermita-de-maristel%c2%b7la\/#breadcrumb\",\"itemListElement\":[{\"@type\":\"ListItem\",\"position\":1,\"name\":\"Portada\",\"item\":\"https:\/\/www.bisbatdemallorca.org\/ca\/\"},{\"@type\":\"ListItem\",\"position\":2,\"name\":\"Excursi\u00f3n de la Pastoral Universitaria a la ermita de Maristel\u00b7la\"}]},{\"@type\":\"WebSite\",\"@id\":\"https:\/\/www.bisbatdemallorca.org\/ca\/#website\",\"url\":\"https:\/\/www.bisbatdemallorca.org\/ca\/\",\"name\":\"Bisbat de Mallorca\",\"description\":\"Just another WordPress site\",\"publisher\":{\"@id\":\"https:\/\/www.bisbatdemallorca.org\/ca\/#organization\"},\"potentialAction\":[{\"@type\":\"SearchAction\",\"target\":{\"@type\":\"EntryPoint\",\"urlTemplate\":\"https:\/\/www.bisbatdemallorca.org\/ca\/?s={search_term_string}\"},\"query-input\":{\"@type\":\"PropertyValueSpecification\",\"valueRequired\":true,\"valueName\":\"search_term_string\"}}],\"inLanguage\":\"ca\"},{\"@type\":\"Organization\",\"@id\":\"https:\/\/www.bisbatdemallorca.org\/ca\/#organization\",\"name\":\"Bisbat De Mallorca\",\"url\":\"https:\/\/www.bisbatdemallorca.org\/ca\/\",\"logo\":{\"@type\":\"ImageObject\",\"inLanguage\":\"ca\",\"@id\":\"https:\/\/www.bisbatdemallorca.org\/ca\/#\/schema\/logo\/image\/\",\"url\":\"https:\/\/bisbatdemallorca.org\/wp-content\/uploads\/2022\/04\/Logo_Bisbat-de-Mallorca-scaled.jpeg\",\"contentUrl\":\"https:\/\/bisbatdemallorca.org\/wp-content\/uploads\/2022\/04\/Logo_Bisbat-de-Mallorca-scaled.jpeg\",\"width\":2560,\"height\":1810,\"caption\":\"Bisbat De Mallorca\"},\"image\":{\"@id\":\"https:\/\/www.bisbatdemallorca.org\/ca\/#\/schema\/logo\/image\/\"}},{\"@type\":\"Person\",\"@id\":\"https:\/\/www.bisbatdemallorca.org\/ca\/#\/schema\/person\/9d198fedaef82cec34c41260a51964a6\",\"name\":\"Administraci\u00f3 Bisbat de Mallorca\",\"image\":{\"@type\":\"ImageObject\",\"inLanguage\":\"ca\",\"@id\":\"https:\/\/www.bisbatdemallorca.org\/ca\/#\/schema\/person\/image\/\",\"url\":\"https:\/\/secure.gravatar.com\/avatar\/cc0dac0bd15aa6305e120ea8e5b6c12f94c8fe06a53230fa56abffe62cefceb4?s=96&d=mm&r=g\",\"contentUrl\":\"https:\/\/secure.gravatar.com\/avatar\/cc0dac0bd15aa6305e120ea8e5b6c12f94c8fe06a53230fa56abffe62cefceb4?s=96&d=mm&r=g\",\"caption\":\"Administraci\u00f3 Bisbat de Mallorca\"},\"sameAs\":[\"https:\/\/bisbatdemallorca.org\"],\"url\":\"https:\/\/www.bisbatdemallorca.org\/ca\/author\/administraciobisbat\/\"}]}<\/script>\n<!-- \/ Yoast SEO plugin. -->","yoast_head_json":{"title":"Excursi\u00f3 de la Pastoral Universit\u00e0ria a l\u2019ermita de Maristel\u00b7la","robots":{"index":"index","follow":"follow","max-snippet":"max-snippet:-1","max-image-preview":"max-image-preview:large","max-video-preview":"max-video-preview:-1"},"canonical":"https:\/\/www.bisbatdemallorca.org\/ca\/excursio-de-la-pastoral-universitaria-a-lermita-de-maristel\u00b7la\/","og_locale":"ca_ES","og_type":"article","og_title":"[:ca]Excursi\u00f3 de la Pastoral Universit\u00e0ria a l\u2019ermita de Maristel\u00b7la[:es]Excursi\u00f3n de la Pastoral Universitaria a la ermita de Maristel\u00b7la[:] - Bisbat de Mallorca","og_description":"Aquest cap de setmana, el grup de Pastoral Universit\u00e0ria va [...]","og_url":"https:\/\/www.bisbatdemallorca.org\/ca\/excursio-de-la-pastoral-universitaria-a-lermita-de-maristel\u00b7la\/","og_site_name":"Bisbat de Mallorca","article_published_time":"2026-03-04T10:12:33+00:00","article_modified_time":"2026-03-04T10:13:42+00:00","og_image":[{"width":1600,"height":1312,"url":"https:\/\/www.bisbatdemallorca.org\/wp-content\/uploads\/2026\/03\/WhatsApp-Image-2026-03-01-at-10.53.24.jpeg","type":"image\/jpeg"}],"author":"Administraci\u00f3 Bisbat de Mallorca","twitter_card":"summary_large_image","twitter_misc":{"Escrit per":"Administraci\u00f3 Bisbat de Mallorca","Temps estimat de lectura":"1 minut"},"schema":{"@context":"https:\/\/schema.org","@graph":[{"@type":"Article","@id":"https:\/\/www.bisbatdemallorca.org\/excursio-de-la-pastoral-universitaria-a-lermita-de-maristel%c2%b7la\/#article","isPartOf":{"@id":"https:\/\/www.bisbatdemallorca.org\/excursio-de-la-pastoral-universitaria-a-lermita-de-maristel%c2%b7la\/"},"author":{"name":"Administraci\u00f3 Bisbat de Mallorca","@id":"https:\/\/www.bisbatdemallorca.org\/ca\/#\/schema\/person\/9d198fedaef82cec34c41260a51964a6"},"headline":"Excursi\u00f3 de la Pastoral Universit\u00e0ria a l\u2019ermita de Maristel\u00b7la","datePublished":"2026-03-04T10:12:33+00:00","dateModified":"2026-03-04T10:13:42+00:00","mainEntityOfPage":{"@id":"https:\/\/www.bisbatdemallorca.org\/excursio-de-la-pastoral-universitaria-a-lermita-de-maristel%c2%b7la\/"},"wordCount":252,"publisher":{"@id":"https:\/\/www.bisbatdemallorca.org\/ca\/#organization"},"image":{"@id":"https:\/\/www.bisbatdemallorca.org\/excursio-de-la-pastoral-universitaria-a-lermita-de-maristel%c2%b7la\/#primaryimage"},"thumbnailUrl":"https:\/\/www.bisbatdemallorca.org\/wp-content\/uploads\/2026\/03\/WhatsApp-Image-2026-03-01-at-10.53.24.jpeg","articleSection":["Agencia Bal\u00e8ria"],"inLanguage":"ca"},{"@type":"WebPage","@id":"https:\/\/www.bisbatdemallorca.org\/excursio-de-la-pastoral-universitaria-a-lermita-de-maristel%c2%b7la\/","url":"https:\/\/www.bisbatdemallorca.org\/excursio-de-la-pastoral-universitaria-a-lermita-de-maristel%c2%b7la\/","name":"Excursi\u00f3 de la Pastoral Universit\u00e0ria a l\u2019ermita de Maristel\u00b7la","isPartOf":{"@id":"https:\/\/www.bisbatdemallorca.org\/ca\/#website"},"primaryImageOfPage":{"@id":"https:\/\/www.bisbatdemallorca.org\/excursio-de-la-pastoral-universitaria-a-lermita-de-maristel%c2%b7la\/#primaryimage"},"image":{"@id":"https:\/\/www.bisbatdemallorca.org\/excursio-de-la-pastoral-universitaria-a-lermita-de-maristel%c2%b7la\/#primaryimage"},"thumbnailUrl":"https:\/\/www.bisbatdemallorca.org\/wp-content\/uploads\/2026\/03\/WhatsApp-Image-2026-03-01-at-10.53.24.jpeg","datePublished":"2026-03-04T10:12:33+00:00","dateModified":"2026-03-04T10:13:42+00:00","breadcrumb":{"@id":"https:\/\/www.bisbatdemallorca.org\/excursio-de-la-pastoral-universitaria-a-lermita-de-maristel%c2%b7la\/#breadcrumb"},"inLanguage":"ca","potentialAction":[{"@type":"ReadAction","target":["https:\/\/www.bisbatdemallorca.org\/excursio-de-la-pastoral-universitaria-a-lermita-de-maristel%c2%b7la\/"]}]},{"@type":"ImageObject","inLanguage":"ca","@id":"https:\/\/www.bisbatdemallorca.org\/excursio-de-la-pastoral-universitaria-a-lermita-de-maristel%c2%b7la\/#primaryimage","url":"https:\/\/www.bisbatdemallorca.org\/wp-content\/uploads\/2026\/03\/WhatsApp-Image-2026-03-01-at-10.53.24.jpeg","contentUrl":"https:\/\/www.bisbatdemallorca.org\/wp-content\/uploads\/2026\/03\/WhatsApp-Image-2026-03-01-at-10.53.24.jpeg","width":1600,"height":1312},{"@type":"BreadcrumbList","@id":"https:\/\/www.bisbatdemallorca.org\/excursio-de-la-pastoral-universitaria-a-lermita-de-maristel%c2%b7la\/#breadcrumb","itemListElement":[{"@type":"ListItem","position":1,"name":"Portada","item":"https:\/\/www.bisbatdemallorca.org\/ca\/"},{"@type":"ListItem","position":2,"name":"Excursi\u00f3n de la Pastoral Universitaria a la ermita de Maristel\u00b7la"}]},{"@type":"WebSite","@id":"https:\/\/www.bisbatdemallorca.org\/ca\/#website","url":"https:\/\/www.bisbatdemallorca.org\/ca\/","name":"Bisbat de Mallorca","description":"Just another WordPress site","publisher":{"@id":"https:\/\/www.bisbatdemallorca.org\/ca\/#organization"},"potentialAction":[{"@type":"SearchAction","target":{"@type":"EntryPoint","urlTemplate":"https:\/\/www.bisbatdemallorca.org\/ca\/?s={search_term_string}"},"query-input":{"@type":"PropertyValueSpecification","valueRequired":true,"valueName":"search_term_string"}}],"inLanguage":"ca"},{"@type":"Organization","@id":"https:\/\/www.bisbatdemallorca.org\/ca\/#organization","name":"Bisbat De Mallorca","url":"https:\/\/www.bisbatdemallorca.org\/ca\/","logo":{"@type":"ImageObject","inLanguage":"ca","@id":"https:\/\/www.bisbatdemallorca.org\/ca\/#\/schema\/logo\/image\/","url":"https:\/\/bisbatdemallorca.org\/wp-content\/uploads\/2022\/04\/Logo_Bisbat-de-Mallorca-scaled.jpeg","contentUrl":"https:\/\/bisbatdemallorca.org\/wp-content\/uploads\/2022\/04\/Logo_Bisbat-de-Mallorca-scaled.jpeg","width":2560,"height":1810,"caption":"Bisbat De Mallorca"},"image":{"@id":"https:\/\/www.bisbatdemallorca.org\/ca\/#\/schema\/logo\/image\/"}},{"@type":"Person","@id":"https:\/\/www.bisbatdemallorca.org\/ca\/#\/schema\/person\/9d198fedaef82cec34c41260a51964a6","name":"Administraci\u00f3 Bisbat de Mallorca","image":{"@type":"ImageObject","inLanguage":"ca","@id":"https:\/\/www.bisbatdemallorca.org\/ca\/#\/schema\/person\/image\/","url":"https:\/\/secure.gravatar.com\/avatar\/cc0dac0bd15aa6305e120ea8e5b6c12f94c8fe06a53230fa56abffe62cefceb4?s=96&d=mm&r=g","contentUrl":"https:\/\/secure.gravatar.com\/avatar\/cc0dac0bd15aa6305e120ea8e5b6c12f94c8fe06a53230fa56abffe62cefceb4?s=96&d=mm&r=g","caption":"Administraci\u00f3 Bisbat de Mallorca"},"sameAs":["https:\/\/bisbatdemallorca.org"],"url":"https:\/\/www.bisbatdemallorca.org\/ca\/author\/administraciobisbat\/"}]}},"_links":{"self":[{"href":"https:\/\/www.bisbatdemallorca.org\/ca\/wp-json\/wp\/v2\/posts\/31508","targetHints":{"allow":["GET"]}}],"collection":[{"href":"https:\/\/www.bisbatdemallorca.org\/ca\/wp-json\/wp\/v2\/posts"}],"about":[{"href":"https:\/\/www.bisbatdemallorca.org\/ca\/wp-json\/wp\/v2\/types\/post"}],"author":[{"embeddable":true,"href":"https:\/\/www.bisbatdemallorca.org\/ca\/wp-json\/wp\/v2\/users\/2"}],"replies":[{"embeddable":true,"href":"https:\/\/www.bisbatdemallorca.org\/ca\/wp-json\/wp\/v2\/comments?post=31508"}],"version-history":[{"count":0,"href":"https:\/\/www.bisbatdemallorca.org\/ca\/wp-json\/wp\/v2\/posts\/31508\/revisions"}],"wp:featuredmedia":[{"embeddable":true,"href":"https:\/\/www.bisbatdemallorca.org\/ca\/wp-json\/wp\/v2\/media\/31509"}],"wp:attachment":[{"href":"https:\/\/www.bisbatdemallorca.org\/ca\/wp-json\/wp\/v2\/media?parent=31508"}],"wp:term":[{"taxonomy":"category","embeddable":true,"href":"https:\/\/www.bisbatdemallorca.org\/ca\/wp-json\/wp\/v2\/categories?post=31508"},{"taxonomy":"post_tag","embeddable":true,"href":"https:\/\/www.bisbatdemallorca.org\/ca\/wp-json\/wp\/v2\/tags?post=31508"}],"curies":[{"name":"wp","href":"https:\/\/api.w.org\/{rel}","templated":true}]}}