{"id":31573,"date":"2026-03-08T13:31:38","date_gmt":"2026-03-08T12:31:38","guid":{"rendered":"https:\/\/www.bisbatdemallorca.org\/ca\/?p=31573"},"modified":"2026-03-09T13:32:42","modified_gmt":"2026-03-09T12:32:42","slug":"jesus-vol-que-posem-deu-al-centre-de-la-nostra-vida-2","status":"publish","type":"post","link":"https:\/\/www.bisbatdemallorca.org\/ca\/jesus-vol-que-posem-deu-al-centre-de-la-nostra-vida-2\/","title":{"rendered":"Jes\u00fas vol que posem D\u00e9u al centre de la nostra vida"},"content":{"rendered":"<p>Jes\u00fas parla amb una dona samaritana (<em>Evangeli de<\/em> <em>Joan<\/em> 4,1-42). Ser\u00e0 bo que facem l\u2019esfor\u00e7 de llegir i meditar amb detall aquest relat impressionant i \u00fanic per la pedagogia d&#8217;aut\u00e8ntic pastor que utilitza Jes\u00fas, rompent esquemes religiosos i condicionaments socials. L&#8217;art de <strong>saber<\/strong> <strong>tractar la persona pel que \u00e9s<\/strong> ens fa veure que mai no es pot dir la darrera paraula sobre qualc\u00fa, ni molt menys dir-la abans de trobar-s&#8217;hi. En Jes\u00fas, hi descobrim la import\u00e0ncia del <em>tracte delicat i respectu\u00f3s que mereix tota persona<\/em>, des del m\u00e9s amic fins al m\u00e9s desconegut. Jes\u00fas sap situar-se amb dignitat davant l\u2019altre i ens ensenya a fer-ho igual. El que vol \u00e9s <strong>que arribem a connectar amb D\u00e9u<\/strong> <strong>i que sigui el centre de la nostra vida<\/strong>. En el tracte amb la dona samaritana reconduir\u00e0 un proc\u00e9s que anir\u00e0 des de l&#8217;<em>estranyesa<\/em> a l&#8217;<em>admiraci\u00f3<\/em>, fins a <em>l&#8217;adhesi\u00f3 creient<\/em> i <em>l&#8217;anunci missioner<\/em>.<\/p>\n<p>Primer, <em>el di\u00e0leg normal<\/em> al costat d&#8217;un pou i al pic del sol de migdia. Es parla de la set i de l\u2019aigua. Normal. Sovint, a les converses s&#8217;hi interposen actituds estranyes i s&#8217;origina un problema fictici: \u00e9s habitual retreure hist\u00f2ries passades, conflictes covats o frustracions. En el cas que ens ocupa \u00e9s la dona la que retreu <em>l&#8217;enemistat hist\u00f2rica entre dos pobles<\/em> -el jueu i el samarit\u00e0- que es reivindiquen m\u00fatuament la primacia religiosa i discuteixen el lloc on s\u2019ha d\u2019adorar D\u00e9u. Li diu la dona a Jes\u00fas: <strong>\u00ab<\/strong><strong><em>Com \u00e9s que tu, que ets jueu, em demanes aigua a mi, que som samaritana?<\/em><\/strong><strong>\u00bb<\/strong>.<\/p>\n<p>Jes\u00fas desvia la pregunta i la recondueix en positiu fent-li veure que la seva vida est\u00e0 oberta a un do que desconeix, per\u00f2 que en pot gaudir. Li diu Jes\u00fas: <strong>\u00ab<em>Si sabessis quin \u00e9s el do de D\u00e9u i qui \u00e9s el qui et diu: dona&#8217;m aigua, ets tu qui la hi hauries demanada, i ell t&#8217;hauria donat aigua viva<\/em>\u00bb<\/strong>. El do de D\u00e9u \u00e9s l&#8217;Esperit que \u00e9s llum, aigua, aliment, una nova vida! La insist\u00e8ncia de Jes\u00fas d\u2019anar al fons de la q\u00fcesti\u00f3 fa que comenci a interrogar-se quan li diu: <strong>\u00ab<em>Tots els qui beuen aigua d&#8217;aquesta tornen a tenir set. Per\u00f2 el qui begui de l&#8217;aigua que jo li donar\u00e9, mai m\u00e9s no tindr\u00e0 set: l&#8217;aigua que jo li donar\u00e9 es convertir\u00e0 dins ell en una font d&#8217;on brollar\u00e0 vida eterna<\/em>\u00bb<\/strong>.<\/p>\n<p>Comen\u00e7a a haver-hi un <em>conflicte d&#8217;interessos<\/em>. Ella pensa que \u00e9s feixuc haver de treure <em>aigua<\/em>, quan pot disposar d&#8217;<em>una altra aigua<\/em> que li evitaria el cam\u00ed, la calor i l&#8217;esfor\u00e7. Hi veu avantatges, per\u00f2 la implicaci\u00f3 de la seva vida encara no es fa notar. Tanmateix <strong>arriba l\u2019hora<\/strong> i apareix el moment escollit per D\u00e9u. La dona s&#8217;hi veur\u00e0 totalment implicada quan Jes\u00fas li dir\u00e0 el punt m\u00e9s delicat:<em> la seva relaci\u00f3 humana, la seva relaci\u00f3 d&#8217;amor<\/em>. Per aix\u00f2 li diu: <strong>\u00ab<em>V\u00e9s a cridar el teu marit i torna<\/em><\/strong><strong>\u00bb<\/strong>. Jes\u00fas li desvetla la veritat de la seva vida i, reconeixent-li la seva sinceritat, li ve a dir que encara no ha apr\u00e8s a estimar: <strong>\u00ab<em>Fas b\u00e9 de dir que no en tens. N&#8217;has tingut cinc, i l&#8217;home que ara tens no \u00e9s el teu marit. En aix\u00f2 has dit la veritat!<\/em><\/strong><strong>\u00bb<\/strong>. Li diu ella: <strong>\u00ab<em>Senyor, veig que sou un profeta<\/em><\/strong><strong>\u00bb. <\/strong><\/p>\n<p>Quan D\u00e9u arriba al cor de la persona provoca un trasbalsament tal que \u00e9s impossible no entendre qu\u00e8 vol de cadasc\u00fa de nosaltres. Vulguem o no, en un moment o altre, la <em>q\u00fcesti\u00f3 religiosa<\/em> apareix i es deixa sentir amb for\u00e7a no quan l&#8217;euf\u00f2ria ens fa fer bons prop\u00f2sits, sin\u00f3 quan experimentam que <em>qualque cosa ha de canviar en la nostra vida<\/em>, que a D\u00e9u se\u2019l troba a qualsevol lloc i que <strong>\u00ab<em>els bons adoradors l\u2019han d\u2019adorar en esperit i en veritat<\/em>\u00bb<\/strong>. Sense pensar-s\u2019ho gaire i amb entusiasme, la dona va a comunicar-ho a tothom. I la gent deia: <strong>\u00ab<em>Ara sabem de veritat que aquest \u00e9s el Salvador del m\u00f3n<\/em>\u00bb<\/strong>.<\/p>\n<p>&nbsp;<\/p>\n","protected":false},"excerpt":{"rendered":"<p>Jes\u00fas parla amb una dona samaritana (Evangeli de Joan 4,1-42).  [&#8230;]<\/p>\n","protected":false},"author":2,"featured_media":0,"comment_status":"closed","ping_status":"open","sticky":false,"template":"","format":"standard","meta":{"footnotes":""},"categories":[39],"tags":[],"class_list":["post-31573","post","type-post","status-publish","format-standard","hentry","category-articles-del-bisbe"],"yoast_head":"<!-- This site is optimized with the Yoast SEO plugin v27.0 - https:\/\/yoast.com\/product\/yoast-seo-wordpress\/ -->\n<title>Jes\u00fas vol que posem D\u00e9u al centre de la nostra vida<\/title>\n<meta name=\"robots\" content=\"index, follow, max-snippet:-1, max-image-preview:large, max-video-preview:-1\" \/>\n<link rel=\"canonical\" href=\"https:\/\/www.bisbatdemallorca.org\/ca\/jesus-vol-que-posem-deu-al-centre-de-la-nostra-vida-2\/\" \/>\n<meta property=\"og:locale\" content=\"ca_ES\" \/>\n<meta property=\"og:locale:alternate\" content=\"en_US\" \/>\n<meta property=\"og:locale:alternate\" content=\"es_ES\" \/>\n<meta property=\"og:type\" content=\"article\" \/>\n<meta property=\"og:title\" content=\"Jes\u00fas vol que posem D\u00e9u al centre de la nostra vida\" \/>\n<meta property=\"og:description\" content=\"Jes\u00fas parla amb una dona samaritana (Evangeli de Joan 4,1-42). [...]\" \/>\n<meta property=\"og:url\" content=\"https:\/\/www.bisbatdemallorca.org\/ca\/jesus-vol-que-posem-deu-al-centre-de-la-nostra-vida-2\/\" \/>\n<meta property=\"og:site_name\" content=\"Bisbat de Mallorca\" \/>\n<meta property=\"article:published_time\" content=\"2026-03-08T12:31:38+00:00\" \/>\n<meta property=\"article:modified_time\" content=\"2026-03-09T12:32:42+00:00\" \/>\n<meta name=\"author\" content=\"Administraci\u00f3 Bisbat de Mallorca\" \/>\n<meta name=\"twitter:card\" content=\"summary_large_image\" \/>\n<meta name=\"twitter:label1\" content=\"Escrit per\" \/>\n\t<meta name=\"twitter:data1\" content=\"Administraci\u00f3 Bisbat de Mallorca\" \/>\n<script type=\"application\/ld+json\" class=\"yoast-schema-graph\">{\"@context\":\"https:\/\/schema.org\",\"@graph\":[{\"@type\":\"Article\",\"@id\":\"https:\/\/www.bisbatdemallorca.org\/en\/jesus-vol-que-posem-deu-al-centre-de-la-nostra-vida-2\/#article\",\"isPartOf\":{\"@id\":\"https:\/\/www.bisbatdemallorca.org\/en\/jesus-vol-que-posem-deu-al-centre-de-la-nostra-vida-2\/\"},\"author\":{\"name\":\"Administraci\u00f3 Bisbat de Mallorca\",\"@id\":\"https:\/\/www.bisbatdemallorca.org\/ca\/#\/schema\/person\/9d198fedaef82cec34c41260a51964a6\"},\"headline\":\"Jes\u00fas vol que posem D\u00e9u al centre de la nostra vida\",\"datePublished\":\"2026-03-08T12:31:38+00:00\",\"dateModified\":\"2026-03-09T12:32:42+00:00\",\"mainEntityOfPage\":{\"@id\":\"https:\/\/www.bisbatdemallorca.org\/en\/jesus-vol-que-posem-deu-al-centre-de-la-nostra-vida-2\/\"},\"wordCount\":1461,\"publisher\":{\"@id\":\"https:\/\/www.bisbatdemallorca.org\/ca\/#organization\"},\"articleSection\":[\"Articles del Bisbe\"],\"inLanguage\":\"ca\"},{\"@type\":\"WebPage\",\"@id\":\"https:\/\/www.bisbatdemallorca.org\/en\/jesus-vol-que-posem-deu-al-centre-de-la-nostra-vida-2\/\",\"url\":\"https:\/\/www.bisbatdemallorca.org\/en\/jesus-vol-que-posem-deu-al-centre-de-la-nostra-vida-2\/\",\"name\":\"Jes\u00fas vol que posem D\u00e9u al centre de la nostra vida\",\"isPartOf\":{\"@id\":\"https:\/\/www.bisbatdemallorca.org\/ca\/#website\"},\"datePublished\":\"2026-03-08T12:31:38+00:00\",\"dateModified\":\"2026-03-09T12:32:42+00:00\",\"breadcrumb\":{\"@id\":\"https:\/\/www.bisbatdemallorca.org\/en\/jesus-vol-que-posem-deu-al-centre-de-la-nostra-vida-2\/#breadcrumb\"},\"inLanguage\":\"ca\",\"potentialAction\":[{\"@type\":\"ReadAction\",\"target\":[\"https:\/\/www.bisbatdemallorca.org\/en\/jesus-vol-que-posem-deu-al-centre-de-la-nostra-vida-2\/\"]}]},{\"@type\":\"BreadcrumbList\",\"@id\":\"https:\/\/www.bisbatdemallorca.org\/en\/jesus-vol-que-posem-deu-al-centre-de-la-nostra-vida-2\/#breadcrumb\",\"itemListElement\":[{\"@type\":\"ListItem\",\"position\":1,\"name\":\"Portada\",\"item\":\"https:\/\/www.bisbatdemallorca.org\/ca\/\"},{\"@type\":\"ListItem\",\"position\":2,\"name\":\"Jes\u00fas quiere que pongamos a Dios en el centro de nuestra vida\"}]},{\"@type\":\"WebSite\",\"@id\":\"https:\/\/www.bisbatdemallorca.org\/ca\/#website\",\"url\":\"https:\/\/www.bisbatdemallorca.org\/ca\/\",\"name\":\"Bisbat de Mallorca\",\"description\":\"Just another WordPress site\",\"publisher\":{\"@id\":\"https:\/\/www.bisbatdemallorca.org\/ca\/#organization\"},\"potentialAction\":[{\"@type\":\"SearchAction\",\"target\":{\"@type\":\"EntryPoint\",\"urlTemplate\":\"https:\/\/www.bisbatdemallorca.org\/ca\/?s={search_term_string}\"},\"query-input\":{\"@type\":\"PropertyValueSpecification\",\"valueRequired\":true,\"valueName\":\"search_term_string\"}}],\"inLanguage\":\"ca\"},{\"@type\":\"Organization\",\"@id\":\"https:\/\/www.bisbatdemallorca.org\/ca\/#organization\",\"name\":\"Bisbat De Mallorca\",\"url\":\"https:\/\/www.bisbatdemallorca.org\/ca\/\",\"logo\":{\"@type\":\"ImageObject\",\"inLanguage\":\"ca\",\"@id\":\"https:\/\/www.bisbatdemallorca.org\/ca\/#\/schema\/logo\/image\/\",\"url\":\"https:\/\/bisbatdemallorca.org\/wp-content\/uploads\/2022\/04\/Logo_Bisbat-de-Mallorca-scaled.jpeg\",\"contentUrl\":\"https:\/\/bisbatdemallorca.org\/wp-content\/uploads\/2022\/04\/Logo_Bisbat-de-Mallorca-scaled.jpeg\",\"width\":2560,\"height\":1810,\"caption\":\"Bisbat De Mallorca\"},\"image\":{\"@id\":\"https:\/\/www.bisbatdemallorca.org\/ca\/#\/schema\/logo\/image\/\"}},{\"@type\":\"Person\",\"@id\":\"https:\/\/www.bisbatdemallorca.org\/ca\/#\/schema\/person\/9d198fedaef82cec34c41260a51964a6\",\"name\":\"Administraci\u00f3 Bisbat de Mallorca\",\"image\":{\"@type\":\"ImageObject\",\"inLanguage\":\"ca\",\"@id\":\"https:\/\/www.bisbatdemallorca.org\/ca\/#\/schema\/person\/image\/\",\"url\":\"https:\/\/secure.gravatar.com\/avatar\/cc0dac0bd15aa6305e120ea8e5b6c12f94c8fe06a53230fa56abffe62cefceb4?s=96&d=mm&r=g\",\"contentUrl\":\"https:\/\/secure.gravatar.com\/avatar\/cc0dac0bd15aa6305e120ea8e5b6c12f94c8fe06a53230fa56abffe62cefceb4?s=96&d=mm&r=g\",\"caption\":\"Administraci\u00f3 Bisbat de Mallorca\"},\"sameAs\":[\"https:\/\/bisbatdemallorca.org\"],\"url\":\"https:\/\/www.bisbatdemallorca.org\/ca\/author\/administraciobisbat\/\"}]}<\/script>\n<!-- \/ Yoast SEO plugin. -->","yoast_head_json":{"title":"Jes\u00fas vol que posem D\u00e9u al centre de la nostra vida","robots":{"index":"index","follow":"follow","max-snippet":"max-snippet:-1","max-image-preview":"max-image-preview:large","max-video-preview":"max-video-preview:-1"},"canonical":"https:\/\/www.bisbatdemallorca.org\/ca\/jesus-vol-que-posem-deu-al-centre-de-la-nostra-vida-2\/","og_locale":"ca_ES","og_type":"article","og_title":"[:ca]Jes\u00fas vol que posem D\u00e9u al centre de la nostra vida[:es]Jes\u00fas quiere que pongamos a Dios en el centro de nuestra vida[:] - Bisbat de Mallorca","og_description":"Jes\u00fas parla amb una dona samaritana (Evangeli de Joan 4,1-42). [...]","og_url":"https:\/\/www.bisbatdemallorca.org\/ca\/jesus-vol-que-posem-deu-al-centre-de-la-nostra-vida-2\/","og_site_name":"Bisbat de Mallorca","article_published_time":"2026-03-08T12:31:38+00:00","article_modified_time":"2026-03-09T12:32:42+00:00","author":"Administraci\u00f3 Bisbat de Mallorca","twitter_card":"summary_large_image","twitter_misc":{"Escrit per":"Administraci\u00f3 Bisbat de Mallorca"},"schema":{"@context":"https:\/\/schema.org","@graph":[{"@type":"Article","@id":"https:\/\/www.bisbatdemallorca.org\/en\/jesus-vol-que-posem-deu-al-centre-de-la-nostra-vida-2\/#article","isPartOf":{"@id":"https:\/\/www.bisbatdemallorca.org\/en\/jesus-vol-que-posem-deu-al-centre-de-la-nostra-vida-2\/"},"author":{"name":"Administraci\u00f3 Bisbat de Mallorca","@id":"https:\/\/www.bisbatdemallorca.org\/ca\/#\/schema\/person\/9d198fedaef82cec34c41260a51964a6"},"headline":"Jes\u00fas vol que posem D\u00e9u al centre de la nostra vida","datePublished":"2026-03-08T12:31:38+00:00","dateModified":"2026-03-09T12:32:42+00:00","mainEntityOfPage":{"@id":"https:\/\/www.bisbatdemallorca.org\/en\/jesus-vol-que-posem-deu-al-centre-de-la-nostra-vida-2\/"},"wordCount":1461,"publisher":{"@id":"https:\/\/www.bisbatdemallorca.org\/ca\/#organization"},"articleSection":["Articles del Bisbe"],"inLanguage":"ca"},{"@type":"WebPage","@id":"https:\/\/www.bisbatdemallorca.org\/en\/jesus-vol-que-posem-deu-al-centre-de-la-nostra-vida-2\/","url":"https:\/\/www.bisbatdemallorca.org\/en\/jesus-vol-que-posem-deu-al-centre-de-la-nostra-vida-2\/","name":"Jes\u00fas vol que posem D\u00e9u al centre de la nostra vida","isPartOf":{"@id":"https:\/\/www.bisbatdemallorca.org\/ca\/#website"},"datePublished":"2026-03-08T12:31:38+00:00","dateModified":"2026-03-09T12:32:42+00:00","breadcrumb":{"@id":"https:\/\/www.bisbatdemallorca.org\/en\/jesus-vol-que-posem-deu-al-centre-de-la-nostra-vida-2\/#breadcrumb"},"inLanguage":"ca","potentialAction":[{"@type":"ReadAction","target":["https:\/\/www.bisbatdemallorca.org\/en\/jesus-vol-que-posem-deu-al-centre-de-la-nostra-vida-2\/"]}]},{"@type":"BreadcrumbList","@id":"https:\/\/www.bisbatdemallorca.org\/en\/jesus-vol-que-posem-deu-al-centre-de-la-nostra-vida-2\/#breadcrumb","itemListElement":[{"@type":"ListItem","position":1,"name":"Portada","item":"https:\/\/www.bisbatdemallorca.org\/ca\/"},{"@type":"ListItem","position":2,"name":"Jes\u00fas quiere que pongamos a Dios en el centro de nuestra vida"}]},{"@type":"WebSite","@id":"https:\/\/www.bisbatdemallorca.org\/ca\/#website","url":"https:\/\/www.bisbatdemallorca.org\/ca\/","name":"Bisbat de Mallorca","description":"Just another WordPress site","publisher":{"@id":"https:\/\/www.bisbatdemallorca.org\/ca\/#organization"},"potentialAction":[{"@type":"SearchAction","target":{"@type":"EntryPoint","urlTemplate":"https:\/\/www.bisbatdemallorca.org\/ca\/?s={search_term_string}"},"query-input":{"@type":"PropertyValueSpecification","valueRequired":true,"valueName":"search_term_string"}}],"inLanguage":"ca"},{"@type":"Organization","@id":"https:\/\/www.bisbatdemallorca.org\/ca\/#organization","name":"Bisbat De Mallorca","url":"https:\/\/www.bisbatdemallorca.org\/ca\/","logo":{"@type":"ImageObject","inLanguage":"ca","@id":"https:\/\/www.bisbatdemallorca.org\/ca\/#\/schema\/logo\/image\/","url":"https:\/\/bisbatdemallorca.org\/wp-content\/uploads\/2022\/04\/Logo_Bisbat-de-Mallorca-scaled.jpeg","contentUrl":"https:\/\/bisbatdemallorca.org\/wp-content\/uploads\/2022\/04\/Logo_Bisbat-de-Mallorca-scaled.jpeg","width":2560,"height":1810,"caption":"Bisbat De Mallorca"},"image":{"@id":"https:\/\/www.bisbatdemallorca.org\/ca\/#\/schema\/logo\/image\/"}},{"@type":"Person","@id":"https:\/\/www.bisbatdemallorca.org\/ca\/#\/schema\/person\/9d198fedaef82cec34c41260a51964a6","name":"Administraci\u00f3 Bisbat de Mallorca","image":{"@type":"ImageObject","inLanguage":"ca","@id":"https:\/\/www.bisbatdemallorca.org\/ca\/#\/schema\/person\/image\/","url":"https:\/\/secure.gravatar.com\/avatar\/cc0dac0bd15aa6305e120ea8e5b6c12f94c8fe06a53230fa56abffe62cefceb4?s=96&d=mm&r=g","contentUrl":"https:\/\/secure.gravatar.com\/avatar\/cc0dac0bd15aa6305e120ea8e5b6c12f94c8fe06a53230fa56abffe62cefceb4?s=96&d=mm&r=g","caption":"Administraci\u00f3 Bisbat de Mallorca"},"sameAs":["https:\/\/bisbatdemallorca.org"],"url":"https:\/\/www.bisbatdemallorca.org\/ca\/author\/administraciobisbat\/"}]}},"_links":{"self":[{"href":"https:\/\/www.bisbatdemallorca.org\/ca\/wp-json\/wp\/v2\/posts\/31573","targetHints":{"allow":["GET"]}}],"collection":[{"href":"https:\/\/www.bisbatdemallorca.org\/ca\/wp-json\/wp\/v2\/posts"}],"about":[{"href":"https:\/\/www.bisbatdemallorca.org\/ca\/wp-json\/wp\/v2\/types\/post"}],"author":[{"embeddable":true,"href":"https:\/\/www.bisbatdemallorca.org\/ca\/wp-json\/wp\/v2\/users\/2"}],"replies":[{"embeddable":true,"href":"https:\/\/www.bisbatdemallorca.org\/ca\/wp-json\/wp\/v2\/comments?post=31573"}],"version-history":[{"count":0,"href":"https:\/\/www.bisbatdemallorca.org\/ca\/wp-json\/wp\/v2\/posts\/31573\/revisions"}],"wp:attachment":[{"href":"https:\/\/www.bisbatdemallorca.org\/ca\/wp-json\/wp\/v2\/media?parent=31573"}],"wp:term":[{"taxonomy":"category","embeddable":true,"href":"https:\/\/www.bisbatdemallorca.org\/ca\/wp-json\/wp\/v2\/categories?post=31573"},{"taxonomy":"post_tag","embeddable":true,"href":"https:\/\/www.bisbatdemallorca.org\/ca\/wp-json\/wp\/v2\/tags?post=31573"}],"curies":[{"name":"wp","href":"https:\/\/api.w.org\/{rel}","templated":true}]}}