{"id":31577,"date":"2026-03-15T13:33:15","date_gmt":"2026-03-15T12:33:15","guid":{"rendered":"https:\/\/www.bisbatdemallorca.org\/ca\/?p=31577"},"modified":"2026-03-09T13:34:20","modified_gmt":"2026-03-09T12:34:20","slug":"obrim-els-ulls-i-el-cor-a-la-llum-de-la-fe-i-de-lamor","status":"publish","type":"post","link":"https:\/\/www.bisbatdemallorca.org\/ca\/obrim-els-ulls-i-el-cor-a-la-llum-de-la-fe-i-de-lamor\/","title":{"rendered":"Obrim els ulls i el cor a la llum de la fe i de l\u2019amor"},"content":{"rendered":"<p>El cam\u00ed quaresmal iniciat fa gaireb\u00e9 un mes ens presenta cada dia i cada setmana l\u2019ocasi\u00f3 de con\u00e8ixer m\u00e9s l\u2019Evangeli i les conseq\u00fc\u00e8ncies de llegir-lo i encarnar-lo en la nostra vida. L\u2019<strong>encontre amb Jes\u00fas<\/strong> en l\u2019<em>Eucaristia<\/em>, l\u2019escolta atenta de la seva <em>Paraula<\/em> i el temps que dedicam a la <em>preg\u00e0ria<\/em>, fan que, amb la llum de la seva mirada i el gest de curaci\u00f3 que realitza, contemplem la nostra realitat humana i mirem de pal\u00b7liar tantes situacions de patiment com se\u2019ns presenten. <em>Jes\u00fas vol que intentem veure-hi amb els seus propis ulls, amb els ulls de D\u00e9u<\/em>. I, aix\u00ed, ajudem tantes persones a obrir els ulls i a obtenir una visi\u00f3 creient, ja que <strong>aquell qui creu, hi veu!<\/strong><\/p>\n<p>Qu\u00e8 li podia dir un cec a Jes\u00fas quan li demana <strong>\u00ab<em>que vols que faci per tu?<\/em>\u00bb<\/strong> Un malalt vol ser curat i, m\u00e9s ara, que t\u00e9 Jes\u00fas davant. La resposta que escolta Jes\u00fas de part del cec \u00e9s evident: <strong>\u00ab<em>Senyor, fes que hi vegi!<\/em>\u00bb<\/strong> (<em>Mc <\/em>10,51; <em>Lc <\/em>18,41). El relat que avui ens ocupa \u00e9s el de l\u2019evangeli de Joan i diu que Jes\u00fas, veient el cec i havent dit <strong>\u00ab<em>mentre som en el m\u00f3n, som la llum del m\u00f3n<\/em>\u00bb<\/strong> (<em>Jn<\/em> 9,5), aleshores <strong>\u00ab<em>escop\u00ed a terra, va fer fang amb la saliva, el va estendre damunt dels ulls del cec i li digu\u00e9: ves a rentar-te a la piscina de Silo\u00e8 <\/em><\/strong>-que vol dir \u201cenviat\u201d-. <strong><em>Ell hi va anar, s\u2019hi rent\u00e0 i torn\u00e0 veient-hi<\/em>\u00bb <\/strong>(<em>Jn<\/em> 9,6-7).<\/p>\n<p>Des d\u2019aquesta lluminosa visi\u00f3 i contemplant avui la nostra <strong>\u00absocietat l\u00edquida\u00bb<\/strong>, l\u2019Esgl\u00e9sia ens ajuda a <strong>obrir els ulls<\/strong> quan en la seva doctrina social ens diu que \u00abmolts germans necessitats esperen ajuda, molts oprimits esperen just\u00edcia, molts aturats esperen treball, molts pobles esperen respecte: <em>\u00e9s possible que, en el nostre temps, encara hi hagi persones que es moren de gana? que resten condemnades a l\u2019analfabetisme? que els manquen les cures m\u00e8diques m\u00e9s elementals? que no tenen una casa on refugiar-se?<\/em> L\u2019<strong>escenari de la pobresa<\/strong> es pot allargar indefinidament si afegim, a les antigues formes de pobresa, les noves, que afecten sovint tamb\u00e9 els ambients i les categories no privades de recursos econ\u00f2mics, per\u00f2 exposades a la desesperaci\u00f3 de la manca de sentit, a la ins\u00eddia de la droga, a l\u2019abandonament en l\u2019edat avan\u00e7ada o en la malaltia, a la marginaci\u00f3 o a la discriminaci\u00f3 social\u2026\u00bb (<em>CDSE<\/em>, 5). Tots tenim necessitat que se\u2019ns obrin els ulls.<\/p>\n<p>Fa m\u00e9s de dues d\u00e8cades, el fil\u00f2sof Zygmunt Bauman deia que \u00ab<em>les societats contempor\u00e0nies, en el seu afany pel progr\u00e9s, l\u2019orde i l\u2019efici\u00e8ncia, produeixen de forma sistem\u00e0tica <\/em>\u201c<em>residus humans<\/em>\u201d<em>. Es tracta de persones que s\u00f3n excloses sistem\u00e0ticament i que no encaixen en els models de productivitat, consum i mobilitat<\/em>\u00bb. Avui hi ha persones que treballen i segueixen essent pobres, i resulta que el fet \u00e9s que la feina perd la seva funci\u00f3 integradora i deixa de ser un cam\u00ed segur per a fugir de la pobresa. Obrim els ulls a la realitat per a transformar-la a la llum de Jes\u00fas i l\u2019Evangeli.<\/p>\n<p>Com en temps de Jes\u00fas, la pregunta \u00e9s: <strong>qui t\u00e9 la culpa de tot aix\u00f2?<\/strong> La tend\u00e8ncia a cercar culpables fa que Jes\u00fas reaccioni davant persones que no tenen altra feina que fer mal als altres, jutjant-los i condemnant-los. El malalt -en aquest cas el cec- no \u00e9s culpable, ni ell ni els seus pares. Hi ha una ceguesa pitjor: no voler creure o fer befa dels qui creuen, i no exercir l\u2019autocr\u00edtica reconeixent amb humilitat el propi pecat. <em>Com podem ser llum per als altres?<\/em> Sant Pau ens diu: \u00ab<strong><em>Viviu com els qui s\u00f3n de la llum. Els fruits que neixen de la llum s\u00f3n tota mena de bondat, de just\u00edcia i de veritat<\/em><\/strong>&#8230;<strong>\u00bb<\/strong> (<em>Ef<\/em> 5,8-14). La Paraula de D\u00e9u ens indica el cam\u00ed. Llegim-la, meditem-la i, convertits, portem-la a la vida.<\/p>\n","protected":false},"excerpt":{"rendered":"<p>El cam\u00ed quaresmal iniciat fa gaireb\u00e9 un mes ens presenta  [&#8230;]<\/p>\n","protected":false},"author":2,"featured_media":0,"comment_status":"closed","ping_status":"open","sticky":false,"template":"","format":"standard","meta":{"footnotes":""},"categories":[39],"tags":[],"class_list":["post-31577","post","type-post","status-publish","format-standard","hentry","category-articles-del-bisbe"],"yoast_head":"<!-- This site is optimized with the Yoast SEO plugin v27.0 - https:\/\/yoast.com\/product\/yoast-seo-wordpress\/ -->\n<title>Obrim els ulls i el cor a la llum de la fe i de l\u2019amor<\/title>\n<meta name=\"robots\" content=\"index, follow, max-snippet:-1, max-image-preview:large, max-video-preview:-1\" \/>\n<link rel=\"canonical\" href=\"https:\/\/www.bisbatdemallorca.org\/ca\/obrim-els-ulls-i-el-cor-a-la-llum-de-la-fe-i-de-lamor\/\" \/>\n<meta property=\"og:locale\" content=\"ca_ES\" \/>\n<meta property=\"og:locale:alternate\" content=\"en_US\" \/>\n<meta property=\"og:locale:alternate\" content=\"es_ES\" \/>\n<meta property=\"og:type\" content=\"article\" \/>\n<meta property=\"og:title\" content=\"Obrim els ulls i el cor a la llum de la fe i de l\u2019amor\" \/>\n<meta property=\"og:description\" content=\"El cam\u00ed quaresmal iniciat fa gaireb\u00e9 un mes ens presenta [...]\" \/>\n<meta property=\"og:url\" content=\"https:\/\/www.bisbatdemallorca.org\/ca\/obrim-els-ulls-i-el-cor-a-la-llum-de-la-fe-i-de-lamor\/\" \/>\n<meta property=\"og:site_name\" content=\"Bisbat de Mallorca\" \/>\n<meta property=\"article:published_time\" content=\"2026-03-15T12:33:15+00:00\" \/>\n<meta name=\"author\" content=\"Administraci\u00f3 Bisbat de Mallorca\" \/>\n<meta name=\"twitter:card\" content=\"summary_large_image\" \/>\n<meta name=\"twitter:label1\" content=\"Escrit per\" \/>\n\t<meta name=\"twitter:data1\" content=\"Administraci\u00f3 Bisbat de Mallorca\" \/>\n<script type=\"application\/ld+json\" class=\"yoast-schema-graph\">{\"@context\":\"https:\/\/schema.org\",\"@graph\":[{\"@type\":\"Article\",\"@id\":\"https:\/\/www.bisbatdemallorca.org\/obrim-els-ulls-i-el-cor-a-la-llum-de-la-fe-i-de-lamor\/#article\",\"isPartOf\":{\"@id\":\"https:\/\/www.bisbatdemallorca.org\/obrim-els-ulls-i-el-cor-a-la-llum-de-la-fe-i-de-lamor\/\"},\"author\":{\"name\":\"Administraci\u00f3 Bisbat de Mallorca\",\"@id\":\"https:\/\/www.bisbatdemallorca.org\/ca\/#\/schema\/person\/9d198fedaef82cec34c41260a51964a6\"},\"headline\":\"Obrim els ulls i el cor a la llum de la fe i de l\u2019amor\",\"datePublished\":\"2026-03-15T12:33:15+00:00\",\"mainEntityOfPage\":{\"@id\":\"https:\/\/www.bisbatdemallorca.org\/obrim-els-ulls-i-el-cor-a-la-llum-de-la-fe-i-de-lamor\/\"},\"wordCount\":1402,\"publisher\":{\"@id\":\"https:\/\/www.bisbatdemallorca.org\/ca\/#organization\"},\"articleSection\":[\"Articles del Bisbe\"],\"inLanguage\":\"ca\"},{\"@type\":\"WebPage\",\"@id\":\"https:\/\/www.bisbatdemallorca.org\/obrim-els-ulls-i-el-cor-a-la-llum-de-la-fe-i-de-lamor\/\",\"url\":\"https:\/\/www.bisbatdemallorca.org\/obrim-els-ulls-i-el-cor-a-la-llum-de-la-fe-i-de-lamor\/\",\"name\":\"Obrim els ulls i el cor a la llum de la fe i de l\u2019amor\",\"isPartOf\":{\"@id\":\"https:\/\/www.bisbatdemallorca.org\/ca\/#website\"},\"datePublished\":\"2026-03-15T12:33:15+00:00\",\"breadcrumb\":{\"@id\":\"https:\/\/www.bisbatdemallorca.org\/obrim-els-ulls-i-el-cor-a-la-llum-de-la-fe-i-de-lamor\/#breadcrumb\"},\"inLanguage\":\"ca\",\"potentialAction\":[{\"@type\":\"ReadAction\",\"target\":[\"https:\/\/www.bisbatdemallorca.org\/obrim-els-ulls-i-el-cor-a-la-llum-de-la-fe-i-de-lamor\/\"]}]},{\"@type\":\"BreadcrumbList\",\"@id\":\"https:\/\/www.bisbatdemallorca.org\/obrim-els-ulls-i-el-cor-a-la-llum-de-la-fe-i-de-lamor\/#breadcrumb\",\"itemListElement\":[{\"@type\":\"ListItem\",\"position\":1,\"name\":\"Portada\",\"item\":\"https:\/\/www.bisbatdemallorca.org\/ca\/\"},{\"@type\":\"ListItem\",\"position\":2,\"name\":\"Abramos los ojos y el coraz\u00f3n a la luz de la fe y del amor\"}]},{\"@type\":\"WebSite\",\"@id\":\"https:\/\/www.bisbatdemallorca.org\/ca\/#website\",\"url\":\"https:\/\/www.bisbatdemallorca.org\/ca\/\",\"name\":\"Bisbat de Mallorca\",\"description\":\"Just another WordPress site\",\"publisher\":{\"@id\":\"https:\/\/www.bisbatdemallorca.org\/ca\/#organization\"},\"potentialAction\":[{\"@type\":\"SearchAction\",\"target\":{\"@type\":\"EntryPoint\",\"urlTemplate\":\"https:\/\/www.bisbatdemallorca.org\/ca\/?s={search_term_string}\"},\"query-input\":{\"@type\":\"PropertyValueSpecification\",\"valueRequired\":true,\"valueName\":\"search_term_string\"}}],\"inLanguage\":\"ca\"},{\"@type\":\"Organization\",\"@id\":\"https:\/\/www.bisbatdemallorca.org\/ca\/#organization\",\"name\":\"Bisbat De Mallorca\",\"url\":\"https:\/\/www.bisbatdemallorca.org\/ca\/\",\"logo\":{\"@type\":\"ImageObject\",\"inLanguage\":\"ca\",\"@id\":\"https:\/\/www.bisbatdemallorca.org\/ca\/#\/schema\/logo\/image\/\",\"url\":\"https:\/\/bisbatdemallorca.org\/wp-content\/uploads\/2022\/04\/Logo_Bisbat-de-Mallorca-scaled.jpeg\",\"contentUrl\":\"https:\/\/bisbatdemallorca.org\/wp-content\/uploads\/2022\/04\/Logo_Bisbat-de-Mallorca-scaled.jpeg\",\"width\":2560,\"height\":1810,\"caption\":\"Bisbat De Mallorca\"},\"image\":{\"@id\":\"https:\/\/www.bisbatdemallorca.org\/ca\/#\/schema\/logo\/image\/\"}},{\"@type\":\"Person\",\"@id\":\"https:\/\/www.bisbatdemallorca.org\/ca\/#\/schema\/person\/9d198fedaef82cec34c41260a51964a6\",\"name\":\"Administraci\u00f3 Bisbat de Mallorca\",\"image\":{\"@type\":\"ImageObject\",\"inLanguage\":\"ca\",\"@id\":\"https:\/\/www.bisbatdemallorca.org\/ca\/#\/schema\/person\/image\/\",\"url\":\"https:\/\/secure.gravatar.com\/avatar\/cc0dac0bd15aa6305e120ea8e5b6c12f94c8fe06a53230fa56abffe62cefceb4?s=96&d=mm&r=g\",\"contentUrl\":\"https:\/\/secure.gravatar.com\/avatar\/cc0dac0bd15aa6305e120ea8e5b6c12f94c8fe06a53230fa56abffe62cefceb4?s=96&d=mm&r=g\",\"caption\":\"Administraci\u00f3 Bisbat de Mallorca\"},\"sameAs\":[\"https:\/\/bisbatdemallorca.org\"],\"url\":\"https:\/\/www.bisbatdemallorca.org\/ca\/author\/administraciobisbat\/\"}]}<\/script>\n<!-- \/ Yoast SEO plugin. -->","yoast_head_json":{"title":"Obrim els ulls i el cor a la llum de la fe i de l\u2019amor","robots":{"index":"index","follow":"follow","max-snippet":"max-snippet:-1","max-image-preview":"max-image-preview:large","max-video-preview":"max-video-preview:-1"},"canonical":"https:\/\/www.bisbatdemallorca.org\/ca\/obrim-els-ulls-i-el-cor-a-la-llum-de-la-fe-i-de-lamor\/","og_locale":"ca_ES","og_type":"article","og_title":"[:ca]Obrim els ulls i el cor a la llum de la fe i de l\u2019amor[:es]Abramos los ojos y el coraz\u00f3n a la luz de la fe y del amor[:] - Bisbat de Mallorca","og_description":"El cam\u00ed quaresmal iniciat fa gaireb\u00e9 un mes ens presenta [...]","og_url":"https:\/\/www.bisbatdemallorca.org\/ca\/obrim-els-ulls-i-el-cor-a-la-llum-de-la-fe-i-de-lamor\/","og_site_name":"Bisbat de Mallorca","article_published_time":"2026-03-15T12:33:15+00:00","author":"Administraci\u00f3 Bisbat de Mallorca","twitter_card":"summary_large_image","twitter_misc":{"Escrit per":"Administraci\u00f3 Bisbat de Mallorca"},"schema":{"@context":"https:\/\/schema.org","@graph":[{"@type":"Article","@id":"https:\/\/www.bisbatdemallorca.org\/obrim-els-ulls-i-el-cor-a-la-llum-de-la-fe-i-de-lamor\/#article","isPartOf":{"@id":"https:\/\/www.bisbatdemallorca.org\/obrim-els-ulls-i-el-cor-a-la-llum-de-la-fe-i-de-lamor\/"},"author":{"name":"Administraci\u00f3 Bisbat de Mallorca","@id":"https:\/\/www.bisbatdemallorca.org\/ca\/#\/schema\/person\/9d198fedaef82cec34c41260a51964a6"},"headline":"Obrim els ulls i el cor a la llum de la fe i de l\u2019amor","datePublished":"2026-03-15T12:33:15+00:00","mainEntityOfPage":{"@id":"https:\/\/www.bisbatdemallorca.org\/obrim-els-ulls-i-el-cor-a-la-llum-de-la-fe-i-de-lamor\/"},"wordCount":1402,"publisher":{"@id":"https:\/\/www.bisbatdemallorca.org\/ca\/#organization"},"articleSection":["Articles del Bisbe"],"inLanguage":"ca"},{"@type":"WebPage","@id":"https:\/\/www.bisbatdemallorca.org\/obrim-els-ulls-i-el-cor-a-la-llum-de-la-fe-i-de-lamor\/","url":"https:\/\/www.bisbatdemallorca.org\/obrim-els-ulls-i-el-cor-a-la-llum-de-la-fe-i-de-lamor\/","name":"Obrim els ulls i el cor a la llum de la fe i de l\u2019amor","isPartOf":{"@id":"https:\/\/www.bisbatdemallorca.org\/ca\/#website"},"datePublished":"2026-03-15T12:33:15+00:00","breadcrumb":{"@id":"https:\/\/www.bisbatdemallorca.org\/obrim-els-ulls-i-el-cor-a-la-llum-de-la-fe-i-de-lamor\/#breadcrumb"},"inLanguage":"ca","potentialAction":[{"@type":"ReadAction","target":["https:\/\/www.bisbatdemallorca.org\/obrim-els-ulls-i-el-cor-a-la-llum-de-la-fe-i-de-lamor\/"]}]},{"@type":"BreadcrumbList","@id":"https:\/\/www.bisbatdemallorca.org\/obrim-els-ulls-i-el-cor-a-la-llum-de-la-fe-i-de-lamor\/#breadcrumb","itemListElement":[{"@type":"ListItem","position":1,"name":"Portada","item":"https:\/\/www.bisbatdemallorca.org\/ca\/"},{"@type":"ListItem","position":2,"name":"Abramos los ojos y el coraz\u00f3n a la luz de la fe y del amor"}]},{"@type":"WebSite","@id":"https:\/\/www.bisbatdemallorca.org\/ca\/#website","url":"https:\/\/www.bisbatdemallorca.org\/ca\/","name":"Bisbat de Mallorca","description":"Just another WordPress site","publisher":{"@id":"https:\/\/www.bisbatdemallorca.org\/ca\/#organization"},"potentialAction":[{"@type":"SearchAction","target":{"@type":"EntryPoint","urlTemplate":"https:\/\/www.bisbatdemallorca.org\/ca\/?s={search_term_string}"},"query-input":{"@type":"PropertyValueSpecification","valueRequired":true,"valueName":"search_term_string"}}],"inLanguage":"ca"},{"@type":"Organization","@id":"https:\/\/www.bisbatdemallorca.org\/ca\/#organization","name":"Bisbat De Mallorca","url":"https:\/\/www.bisbatdemallorca.org\/ca\/","logo":{"@type":"ImageObject","inLanguage":"ca","@id":"https:\/\/www.bisbatdemallorca.org\/ca\/#\/schema\/logo\/image\/","url":"https:\/\/bisbatdemallorca.org\/wp-content\/uploads\/2022\/04\/Logo_Bisbat-de-Mallorca-scaled.jpeg","contentUrl":"https:\/\/bisbatdemallorca.org\/wp-content\/uploads\/2022\/04\/Logo_Bisbat-de-Mallorca-scaled.jpeg","width":2560,"height":1810,"caption":"Bisbat De Mallorca"},"image":{"@id":"https:\/\/www.bisbatdemallorca.org\/ca\/#\/schema\/logo\/image\/"}},{"@type":"Person","@id":"https:\/\/www.bisbatdemallorca.org\/ca\/#\/schema\/person\/9d198fedaef82cec34c41260a51964a6","name":"Administraci\u00f3 Bisbat de Mallorca","image":{"@type":"ImageObject","inLanguage":"ca","@id":"https:\/\/www.bisbatdemallorca.org\/ca\/#\/schema\/person\/image\/","url":"https:\/\/secure.gravatar.com\/avatar\/cc0dac0bd15aa6305e120ea8e5b6c12f94c8fe06a53230fa56abffe62cefceb4?s=96&d=mm&r=g","contentUrl":"https:\/\/secure.gravatar.com\/avatar\/cc0dac0bd15aa6305e120ea8e5b6c12f94c8fe06a53230fa56abffe62cefceb4?s=96&d=mm&r=g","caption":"Administraci\u00f3 Bisbat de Mallorca"},"sameAs":["https:\/\/bisbatdemallorca.org"],"url":"https:\/\/www.bisbatdemallorca.org\/ca\/author\/administraciobisbat\/"}]}},"_links":{"self":[{"href":"https:\/\/www.bisbatdemallorca.org\/ca\/wp-json\/wp\/v2\/posts\/31577","targetHints":{"allow":["GET"]}}],"collection":[{"href":"https:\/\/www.bisbatdemallorca.org\/ca\/wp-json\/wp\/v2\/posts"}],"about":[{"href":"https:\/\/www.bisbatdemallorca.org\/ca\/wp-json\/wp\/v2\/types\/post"}],"author":[{"embeddable":true,"href":"https:\/\/www.bisbatdemallorca.org\/ca\/wp-json\/wp\/v2\/users\/2"}],"replies":[{"embeddable":true,"href":"https:\/\/www.bisbatdemallorca.org\/ca\/wp-json\/wp\/v2\/comments?post=31577"}],"version-history":[{"count":0,"href":"https:\/\/www.bisbatdemallorca.org\/ca\/wp-json\/wp\/v2\/posts\/31577\/revisions"}],"wp:attachment":[{"href":"https:\/\/www.bisbatdemallorca.org\/ca\/wp-json\/wp\/v2\/media?parent=31577"}],"wp:term":[{"taxonomy":"category","embeddable":true,"href":"https:\/\/www.bisbatdemallorca.org\/ca\/wp-json\/wp\/v2\/categories?post=31577"},{"taxonomy":"post_tag","embeddable":true,"href":"https:\/\/www.bisbatdemallorca.org\/ca\/wp-json\/wp\/v2\/tags?post=31577"}],"curies":[{"name":"wp","href":"https:\/\/api.w.org\/{rel}","templated":true}]}}