{"id":31616,"date":"2026-03-09T14:13:24","date_gmt":"2026-03-09T13:13:24","guid":{"rendered":"https:\/\/www.bisbatdemallorca.org\/ca\/?p=31616"},"modified":"2026-03-09T14:14:26","modified_gmt":"2026-03-09T13:14:26","slug":"uns-nous-goigs-en-honor-del-beat-ramon-llull","status":"publish","type":"post","link":"https:\/\/www.bisbatdemallorca.org\/ca\/uns-nous-goigs-en-honor-del-beat-ramon-llull\/","title":{"rendered":"Uns nous goigs en honor del beat Ramon Llull"},"content":{"rendered":"<p>La Bas\u00edlica de Sant Francesc de Palma i el vuit\u00e8 Col\u00b7loqui Internacional de Ramon Llull, han estat els marcs propicis per a l&#8217;estrena d&#8217;uns nous goigs dedicats al Mestre Il\u00b7luminat. Aix\u00ed, el passat dia 6 de mar\u00e7, sota les mateixes voltes g\u00f2tiques del temple que custodia el sepulcre del nostre Beat, fou presentada la lletra que ha escrit Francesc Xavier Tom\u00e0s Terrassa i que ha titulat <em>Goigs al beat Ramon Llull, terciari francisc\u00e0, pelegr\u00ed de l&#8217;Evangeli<\/em>. La m\u00fasica \u00e9s de Crist\u00f2fol Barros Vidal i durant l&#8217;acte fou interpretada magistralment a l&#8217;orgue pel jove organista Agust\u00ed Aguil\u00f3 Orfila.<\/p>\n<p>Aquests nous goigs que ara esperen esser editats en un full que segueixi les caracter\u00edstiques d&#8217;aquest g\u00e8nere literari i musical, ve a engrandir el corpus de llaors dedicades al beat Ramon i que fins ara ha anat reunint diverses lletres, algunes d\u2019an\u00f2nimes (les m\u00e9s antigues) i d&#8217;altres amb signatures de la v\u00e0lua de moss\u00e8n Lloren\u00e7 Riber i Campins, moss\u00e8n Pere J. Llabr\u00e9s i Martorell, Joan Batle i Tejedor, moss\u00e8n Joan Roig i Montserrat, moss\u00e8n Bartomeu Guasp i Gelabert, o del P. Hilari d&#8217;Arenys de Mar, caputx\u00ed.<\/p>\n","protected":false},"excerpt":{"rendered":"<p>La Bas\u00edlica de Sant Francesc de Palma i el vuit\u00e8  [&#8230;]<\/p>\n","protected":false},"author":2,"featured_media":31618,"comment_status":"closed","ping_status":"open","sticky":false,"template":"","format":"standard","meta":{"footnotes":""},"categories":[16],"tags":[],"class_list":["post-31616","post","type-post","status-publish","format-standard","has-post-thumbnail","hentry","category-agencia-baleria"],"yoast_head":"<!-- This site is optimized with the Yoast SEO plugin v27.0 - https:\/\/yoast.com\/product\/yoast-seo-wordpress\/ -->\n<title>Uns nous goigs en honor del beat Ramon Llull<\/title>\n<meta name=\"robots\" content=\"index, follow, max-snippet:-1, max-image-preview:large, max-video-preview:-1\" \/>\n<link rel=\"canonical\" href=\"https:\/\/www.bisbatdemallorca.org\/ca\/uns-nous-goigs-en-honor-del-beat-ramon-llull\/\" \/>\n<meta property=\"og:locale\" content=\"ca_ES\" \/>\n<meta property=\"og:locale:alternate\" content=\"en_US\" \/>\n<meta property=\"og:locale:alternate\" content=\"es_ES\" \/>\n<meta property=\"og:type\" content=\"article\" \/>\n<meta property=\"og:title\" content=\"Uns nous goigs en honor del beat Ramon Llull\" \/>\n<meta property=\"og:description\" content=\"La Bas\u00edlica de Sant Francesc de Palma i el vuit\u00e8 [...]\" \/>\n<meta property=\"og:url\" content=\"https:\/\/www.bisbatdemallorca.org\/ca\/uns-nous-goigs-en-honor-del-beat-ramon-llull\/\" \/>\n<meta property=\"og:site_name\" content=\"Bisbat de Mallorca\" \/>\n<meta property=\"article:published_time\" content=\"2026-03-09T13:13:24+00:00\" \/>\n<meta property=\"article:modified_time\" content=\"2026-03-09T13:14:26+00:00\" \/>\n<meta property=\"og:image\" content=\"https:\/\/www.bisbatdemallorca.org\/wp-content\/uploads\/2026\/03\/WhatsApp-Image-2026-03-08-at-12.27.59.jpeg\" \/>\n\t<meta property=\"og:image:width\" content=\"1200\" \/>\n\t<meta property=\"og:image:height\" content=\"1600\" \/>\n\t<meta property=\"og:image:type\" content=\"image\/jpeg\" \/>\n<meta name=\"author\" content=\"Administraci\u00f3 Bisbat de Mallorca\" \/>\n<meta name=\"twitter:card\" content=\"summary_large_image\" \/>\n<meta name=\"twitter:label1\" content=\"Escrit per\" \/>\n\t<meta name=\"twitter:data1\" content=\"Administraci\u00f3 Bisbat de Mallorca\" \/>\n\t<meta name=\"twitter:label2\" content=\"Temps estimat de lectura\" \/>\n\t<meta name=\"twitter:data2\" content=\"1 minut\" \/>\n<script type=\"application\/ld+json\" class=\"yoast-schema-graph\">{\"@context\":\"https:\/\/schema.org\",\"@graph\":[{\"@type\":\"Article\",\"@id\":\"https:\/\/www.bisbatdemallorca.org\/ca\/uns-nous-goigs-en-honor-del-beat-ramon-llull\/#article\",\"isPartOf\":{\"@id\":\"https:\/\/www.bisbatdemallorca.org\/ca\/uns-nous-goigs-en-honor-del-beat-ramon-llull\/\"},\"author\":{\"name\":\"Administraci\u00f3 Bisbat de Mallorca\",\"@id\":\"https:\/\/www.bisbatdemallorca.org\/ca\/#\/schema\/person\/9d198fedaef82cec34c41260a51964a6\"},\"headline\":\"Uns nous goigs en honor del beat Ramon Llull\",\"datePublished\":\"2026-03-09T13:13:24+00:00\",\"dateModified\":\"2026-03-09T13:14:26+00:00\",\"mainEntityOfPage\":{\"@id\":\"https:\/\/www.bisbatdemallorca.org\/ca\/uns-nous-goigs-en-honor-del-beat-ramon-llull\/\"},\"wordCount\":436,\"publisher\":{\"@id\":\"https:\/\/www.bisbatdemallorca.org\/ca\/#organization\"},\"image\":{\"@id\":\"https:\/\/www.bisbatdemallorca.org\/ca\/uns-nous-goigs-en-honor-del-beat-ramon-llull\/#primaryimage\"},\"thumbnailUrl\":\"https:\/\/www.bisbatdemallorca.org\/wp-content\/uploads\/2026\/03\/WhatsApp-Image-2026-03-08-at-12.27.59.jpeg\",\"articleSection\":[\"Agencia Bal\u00e8ria\"],\"inLanguage\":\"ca\"},{\"@type\":\"WebPage\",\"@id\":\"https:\/\/www.bisbatdemallorca.org\/ca\/uns-nous-goigs-en-honor-del-beat-ramon-llull\/\",\"url\":\"https:\/\/www.bisbatdemallorca.org\/ca\/uns-nous-goigs-en-honor-del-beat-ramon-llull\/\",\"name\":\"Uns nous goigs en honor del beat Ramon Llull\",\"isPartOf\":{\"@id\":\"https:\/\/www.bisbatdemallorca.org\/ca\/#website\"},\"primaryImageOfPage\":{\"@id\":\"https:\/\/www.bisbatdemallorca.org\/ca\/uns-nous-goigs-en-honor-del-beat-ramon-llull\/#primaryimage\"},\"image\":{\"@id\":\"https:\/\/www.bisbatdemallorca.org\/ca\/uns-nous-goigs-en-honor-del-beat-ramon-llull\/#primaryimage\"},\"thumbnailUrl\":\"https:\/\/www.bisbatdemallorca.org\/wp-content\/uploads\/2026\/03\/WhatsApp-Image-2026-03-08-at-12.27.59.jpeg\",\"datePublished\":\"2026-03-09T13:13:24+00:00\",\"dateModified\":\"2026-03-09T13:14:26+00:00\",\"breadcrumb\":{\"@id\":\"https:\/\/www.bisbatdemallorca.org\/ca\/uns-nous-goigs-en-honor-del-beat-ramon-llull\/#breadcrumb\"},\"inLanguage\":\"ca\",\"potentialAction\":[{\"@type\":\"ReadAction\",\"target\":[\"https:\/\/www.bisbatdemallorca.org\/ca\/uns-nous-goigs-en-honor-del-beat-ramon-llull\/\"]}]},{\"@type\":\"ImageObject\",\"inLanguage\":\"ca\",\"@id\":\"https:\/\/www.bisbatdemallorca.org\/ca\/uns-nous-goigs-en-honor-del-beat-ramon-llull\/#primaryimage\",\"url\":\"https:\/\/www.bisbatdemallorca.org\/wp-content\/uploads\/2026\/03\/WhatsApp-Image-2026-03-08-at-12.27.59.jpeg\",\"contentUrl\":\"https:\/\/www.bisbatdemallorca.org\/wp-content\/uploads\/2026\/03\/WhatsApp-Image-2026-03-08-at-12.27.59.jpeg\",\"width\":1200,\"height\":1600},{\"@type\":\"BreadcrumbList\",\"@id\":\"https:\/\/www.bisbatdemallorca.org\/ca\/uns-nous-goigs-en-honor-del-beat-ramon-llull\/#breadcrumb\",\"itemListElement\":[{\"@type\":\"ListItem\",\"position\":1,\"name\":\"Portada\",\"item\":\"https:\/\/www.bisbatdemallorca.org\/ca\/\"},{\"@type\":\"ListItem\",\"position\":2,\"name\":\"Uns nous goigs en honor del beat Ramon Llull\"}]},{\"@type\":\"WebSite\",\"@id\":\"https:\/\/www.bisbatdemallorca.org\/ca\/#website\",\"url\":\"https:\/\/www.bisbatdemallorca.org\/ca\/\",\"name\":\"Bisbat de Mallorca\",\"description\":\"Just another WordPress site\",\"publisher\":{\"@id\":\"https:\/\/www.bisbatdemallorca.org\/ca\/#organization\"},\"potentialAction\":[{\"@type\":\"SearchAction\",\"target\":{\"@type\":\"EntryPoint\",\"urlTemplate\":\"https:\/\/www.bisbatdemallorca.org\/ca\/?s={search_term_string}\"},\"query-input\":{\"@type\":\"PropertyValueSpecification\",\"valueRequired\":true,\"valueName\":\"search_term_string\"}}],\"inLanguage\":\"ca\"},{\"@type\":\"Organization\",\"@id\":\"https:\/\/www.bisbatdemallorca.org\/ca\/#organization\",\"name\":\"Bisbat De Mallorca\",\"url\":\"https:\/\/www.bisbatdemallorca.org\/ca\/\",\"logo\":{\"@type\":\"ImageObject\",\"inLanguage\":\"ca\",\"@id\":\"https:\/\/www.bisbatdemallorca.org\/ca\/#\/schema\/logo\/image\/\",\"url\":\"https:\/\/bisbatdemallorca.org\/wp-content\/uploads\/2022\/04\/Logo_Bisbat-de-Mallorca-scaled.jpeg\",\"contentUrl\":\"https:\/\/bisbatdemallorca.org\/wp-content\/uploads\/2022\/04\/Logo_Bisbat-de-Mallorca-scaled.jpeg\",\"width\":2560,\"height\":1810,\"caption\":\"Bisbat De Mallorca\"},\"image\":{\"@id\":\"https:\/\/www.bisbatdemallorca.org\/ca\/#\/schema\/logo\/image\/\"}},{\"@type\":\"Person\",\"@id\":\"https:\/\/www.bisbatdemallorca.org\/ca\/#\/schema\/person\/9d198fedaef82cec34c41260a51964a6\",\"name\":\"Administraci\u00f3 Bisbat de Mallorca\",\"image\":{\"@type\":\"ImageObject\",\"inLanguage\":\"ca\",\"@id\":\"https:\/\/www.bisbatdemallorca.org\/ca\/#\/schema\/person\/image\/\",\"url\":\"https:\/\/secure.gravatar.com\/avatar\/cc0dac0bd15aa6305e120ea8e5b6c12f94c8fe06a53230fa56abffe62cefceb4?s=96&d=mm&r=g\",\"contentUrl\":\"https:\/\/secure.gravatar.com\/avatar\/cc0dac0bd15aa6305e120ea8e5b6c12f94c8fe06a53230fa56abffe62cefceb4?s=96&d=mm&r=g\",\"caption\":\"Administraci\u00f3 Bisbat de Mallorca\"},\"sameAs\":[\"https:\/\/bisbatdemallorca.org\"],\"url\":\"https:\/\/www.bisbatdemallorca.org\/ca\/author\/administraciobisbat\/\"}]}<\/script>\n<!-- \/ Yoast SEO plugin. -->","yoast_head_json":{"title":"Uns nous goigs en honor del beat Ramon Llull","robots":{"index":"index","follow":"follow","max-snippet":"max-snippet:-1","max-image-preview":"max-image-preview:large","max-video-preview":"max-video-preview:-1"},"canonical":"https:\/\/www.bisbatdemallorca.org\/ca\/uns-nous-goigs-en-honor-del-beat-ramon-llull\/","og_locale":"ca_ES","og_type":"article","og_title":"[:ca]Uns nous goigs en honor del beat Ramon Llull[:es]Unos nuevos gozos en honor del beato Ram\u00f3n Llull[:] - Bisbat de Mallorca","og_description":"La Bas\u00edlica de Sant Francesc de Palma i el vuit\u00e8 [...]","og_url":"https:\/\/www.bisbatdemallorca.org\/ca\/uns-nous-goigs-en-honor-del-beat-ramon-llull\/","og_site_name":"Bisbat de Mallorca","article_published_time":"2026-03-09T13:13:24+00:00","article_modified_time":"2026-03-09T13:14:26+00:00","og_image":[{"width":1200,"height":1600,"url":"https:\/\/www.bisbatdemallorca.org\/wp-content\/uploads\/2026\/03\/WhatsApp-Image-2026-03-08-at-12.27.59.jpeg","type":"image\/jpeg"}],"author":"Administraci\u00f3 Bisbat de Mallorca","twitter_card":"summary_large_image","twitter_misc":{"Escrit per":"Administraci\u00f3 Bisbat de Mallorca","Temps estimat de lectura":"1 minut"},"schema":{"@context":"https:\/\/schema.org","@graph":[{"@type":"Article","@id":"https:\/\/www.bisbatdemallorca.org\/ca\/uns-nous-goigs-en-honor-del-beat-ramon-llull\/#article","isPartOf":{"@id":"https:\/\/www.bisbatdemallorca.org\/ca\/uns-nous-goigs-en-honor-del-beat-ramon-llull\/"},"author":{"name":"Administraci\u00f3 Bisbat de Mallorca","@id":"https:\/\/www.bisbatdemallorca.org\/ca\/#\/schema\/person\/9d198fedaef82cec34c41260a51964a6"},"headline":"Uns nous goigs en honor del beat Ramon Llull","datePublished":"2026-03-09T13:13:24+00:00","dateModified":"2026-03-09T13:14:26+00:00","mainEntityOfPage":{"@id":"https:\/\/www.bisbatdemallorca.org\/ca\/uns-nous-goigs-en-honor-del-beat-ramon-llull\/"},"wordCount":436,"publisher":{"@id":"https:\/\/www.bisbatdemallorca.org\/ca\/#organization"},"image":{"@id":"https:\/\/www.bisbatdemallorca.org\/ca\/uns-nous-goigs-en-honor-del-beat-ramon-llull\/#primaryimage"},"thumbnailUrl":"https:\/\/www.bisbatdemallorca.org\/wp-content\/uploads\/2026\/03\/WhatsApp-Image-2026-03-08-at-12.27.59.jpeg","articleSection":["Agencia Bal\u00e8ria"],"inLanguage":"ca"},{"@type":"WebPage","@id":"https:\/\/www.bisbatdemallorca.org\/ca\/uns-nous-goigs-en-honor-del-beat-ramon-llull\/","url":"https:\/\/www.bisbatdemallorca.org\/ca\/uns-nous-goigs-en-honor-del-beat-ramon-llull\/","name":"Uns nous goigs en honor del beat Ramon Llull","isPartOf":{"@id":"https:\/\/www.bisbatdemallorca.org\/ca\/#website"},"primaryImageOfPage":{"@id":"https:\/\/www.bisbatdemallorca.org\/ca\/uns-nous-goigs-en-honor-del-beat-ramon-llull\/#primaryimage"},"image":{"@id":"https:\/\/www.bisbatdemallorca.org\/ca\/uns-nous-goigs-en-honor-del-beat-ramon-llull\/#primaryimage"},"thumbnailUrl":"https:\/\/www.bisbatdemallorca.org\/wp-content\/uploads\/2026\/03\/WhatsApp-Image-2026-03-08-at-12.27.59.jpeg","datePublished":"2026-03-09T13:13:24+00:00","dateModified":"2026-03-09T13:14:26+00:00","breadcrumb":{"@id":"https:\/\/www.bisbatdemallorca.org\/ca\/uns-nous-goigs-en-honor-del-beat-ramon-llull\/#breadcrumb"},"inLanguage":"ca","potentialAction":[{"@type":"ReadAction","target":["https:\/\/www.bisbatdemallorca.org\/ca\/uns-nous-goigs-en-honor-del-beat-ramon-llull\/"]}]},{"@type":"ImageObject","inLanguage":"ca","@id":"https:\/\/www.bisbatdemallorca.org\/ca\/uns-nous-goigs-en-honor-del-beat-ramon-llull\/#primaryimage","url":"https:\/\/www.bisbatdemallorca.org\/wp-content\/uploads\/2026\/03\/WhatsApp-Image-2026-03-08-at-12.27.59.jpeg","contentUrl":"https:\/\/www.bisbatdemallorca.org\/wp-content\/uploads\/2026\/03\/WhatsApp-Image-2026-03-08-at-12.27.59.jpeg","width":1200,"height":1600},{"@type":"BreadcrumbList","@id":"https:\/\/www.bisbatdemallorca.org\/ca\/uns-nous-goigs-en-honor-del-beat-ramon-llull\/#breadcrumb","itemListElement":[{"@type":"ListItem","position":1,"name":"Portada","item":"https:\/\/www.bisbatdemallorca.org\/ca\/"},{"@type":"ListItem","position":2,"name":"Uns nous goigs en honor del beat Ramon Llull"}]},{"@type":"WebSite","@id":"https:\/\/www.bisbatdemallorca.org\/ca\/#website","url":"https:\/\/www.bisbatdemallorca.org\/ca\/","name":"Bisbat de Mallorca","description":"Just another WordPress site","publisher":{"@id":"https:\/\/www.bisbatdemallorca.org\/ca\/#organization"},"potentialAction":[{"@type":"SearchAction","target":{"@type":"EntryPoint","urlTemplate":"https:\/\/www.bisbatdemallorca.org\/ca\/?s={search_term_string}"},"query-input":{"@type":"PropertyValueSpecification","valueRequired":true,"valueName":"search_term_string"}}],"inLanguage":"ca"},{"@type":"Organization","@id":"https:\/\/www.bisbatdemallorca.org\/ca\/#organization","name":"Bisbat De Mallorca","url":"https:\/\/www.bisbatdemallorca.org\/ca\/","logo":{"@type":"ImageObject","inLanguage":"ca","@id":"https:\/\/www.bisbatdemallorca.org\/ca\/#\/schema\/logo\/image\/","url":"https:\/\/bisbatdemallorca.org\/wp-content\/uploads\/2022\/04\/Logo_Bisbat-de-Mallorca-scaled.jpeg","contentUrl":"https:\/\/bisbatdemallorca.org\/wp-content\/uploads\/2022\/04\/Logo_Bisbat-de-Mallorca-scaled.jpeg","width":2560,"height":1810,"caption":"Bisbat De Mallorca"},"image":{"@id":"https:\/\/www.bisbatdemallorca.org\/ca\/#\/schema\/logo\/image\/"}},{"@type":"Person","@id":"https:\/\/www.bisbatdemallorca.org\/ca\/#\/schema\/person\/9d198fedaef82cec34c41260a51964a6","name":"Administraci\u00f3 Bisbat de Mallorca","image":{"@type":"ImageObject","inLanguage":"ca","@id":"https:\/\/www.bisbatdemallorca.org\/ca\/#\/schema\/person\/image\/","url":"https:\/\/secure.gravatar.com\/avatar\/cc0dac0bd15aa6305e120ea8e5b6c12f94c8fe06a53230fa56abffe62cefceb4?s=96&d=mm&r=g","contentUrl":"https:\/\/secure.gravatar.com\/avatar\/cc0dac0bd15aa6305e120ea8e5b6c12f94c8fe06a53230fa56abffe62cefceb4?s=96&d=mm&r=g","caption":"Administraci\u00f3 Bisbat de Mallorca"},"sameAs":["https:\/\/bisbatdemallorca.org"],"url":"https:\/\/www.bisbatdemallorca.org\/ca\/author\/administraciobisbat\/"}]}},"_links":{"self":[{"href":"https:\/\/www.bisbatdemallorca.org\/ca\/wp-json\/wp\/v2\/posts\/31616","targetHints":{"allow":["GET"]}}],"collection":[{"href":"https:\/\/www.bisbatdemallorca.org\/ca\/wp-json\/wp\/v2\/posts"}],"about":[{"href":"https:\/\/www.bisbatdemallorca.org\/ca\/wp-json\/wp\/v2\/types\/post"}],"author":[{"embeddable":true,"href":"https:\/\/www.bisbatdemallorca.org\/ca\/wp-json\/wp\/v2\/users\/2"}],"replies":[{"embeddable":true,"href":"https:\/\/www.bisbatdemallorca.org\/ca\/wp-json\/wp\/v2\/comments?post=31616"}],"version-history":[{"count":0,"href":"https:\/\/www.bisbatdemallorca.org\/ca\/wp-json\/wp\/v2\/posts\/31616\/revisions"}],"wp:featuredmedia":[{"embeddable":true,"href":"https:\/\/www.bisbatdemallorca.org\/ca\/wp-json\/wp\/v2\/media\/31618"}],"wp:attachment":[{"href":"https:\/\/www.bisbatdemallorca.org\/ca\/wp-json\/wp\/v2\/media?parent=31616"}],"wp:term":[{"taxonomy":"category","embeddable":true,"href":"https:\/\/www.bisbatdemallorca.org\/ca\/wp-json\/wp\/v2\/categories?post=31616"},{"taxonomy":"post_tag","embeddable":true,"href":"https:\/\/www.bisbatdemallorca.org\/ca\/wp-json\/wp\/v2\/tags?post=31616"}],"curies":[{"name":"wp","href":"https:\/\/api.w.org\/{rel}","templated":true}]}}