{"id":31622,"date":"2026-03-09T14:21:19","date_gmt":"2026-03-09T13:21:19","guid":{"rendered":"https:\/\/www.bisbatdemallorca.org\/ca\/?p=31622"},"modified":"2026-03-09T14:22:56","modified_gmt":"2026-03-09T13:22:56","slug":"trobada-de-responsables-dadoracio-nocturna-de-les-balears-a-eivissa","status":"publish","type":"post","link":"https:\/\/www.bisbatdemallorca.org\/ca\/trobada-de-responsables-dadoracio-nocturna-de-les-balears-a-eivissa\/","title":{"rendered":"Trobada de responsables d&#8217;Adoraci\u00f3 Nocturna de les Balears a Eivissa"},"content":{"rendered":"<p>El passat dissabte 7 de mar\u00e7 tingu\u00e9 lloc a Eivissa la tradicional trobada anual de responsables de l\u2019Adoraci\u00f3 Nocturna Espanyola a la zona de les Balears. Hi participaren els Srs. Francisco Jans\u00e0 Martos, president del Consell Dioces\u00e0 de Menorca, Santiago Flores Garrido, president del d\u2019Eivissa, i el Sr. Santiago M. Amer Pol, delegat de Zona i membre del Consell Dioces\u00e0 de Mallorca.<\/p>\n<p>A la parr\u00f2quia de Santa Creu de Vila, seu de l\u2019Adoraci\u00f3 Nocturna eivissenca, se celebr\u00e0 tot seguit la vig\u00edlia habitual d\u2019aquella secci\u00f3, presidida pel seu director espiritual, el prevere filip\u00ed Mn. Elmer. La dita secci\u00f3 ha vist recentment augmentat el nombre dels adoradors que hi participen habitualment, als quals s\u2019uniren els visitants de les altres illes.<\/p>\n","protected":false},"excerpt":{"rendered":"<p>El passat dissabte 7 de mar\u00e7 tingu\u00e9 lloc a Eivissa  [&#8230;]<\/p>\n","protected":false},"author":2,"featured_media":31624,"comment_status":"closed","ping_status":"open","sticky":false,"template":"","format":"standard","meta":{"footnotes":""},"categories":[16],"tags":[],"class_list":["post-31622","post","type-post","status-publish","format-standard","has-post-thumbnail","hentry","category-agencia-baleria"],"yoast_head":"<!-- This site is optimized with the Yoast SEO plugin v27.0 - https:\/\/yoast.com\/product\/yoast-seo-wordpress\/ -->\n<title>Trobada de responsables d&#039;Adoraci\u00f3 Nocturna de les Balears a Eivissa<\/title>\n<meta name=\"robots\" content=\"index, follow, max-snippet:-1, max-image-preview:large, max-video-preview:-1\" \/>\n<link rel=\"canonical\" href=\"https:\/\/www.bisbatdemallorca.org\/ca\/trobada-de-responsables-dadoracio-nocturna-de-les-balears-a-eivissa\/\" \/>\n<meta property=\"og:locale\" content=\"ca_ES\" \/>\n<meta property=\"og:locale:alternate\" content=\"en_US\" \/>\n<meta property=\"og:locale:alternate\" content=\"es_ES\" \/>\n<meta property=\"og:type\" content=\"article\" \/>\n<meta property=\"og:title\" content=\"Trobada de responsables d&#039;Adoraci\u00f3 Nocturna de les Balears a Eivissa\" \/>\n<meta property=\"og:description\" content=\"El passat dissabte 7 de mar\u00e7 tingu\u00e9 lloc a Eivissa [...]\" \/>\n<meta property=\"og:url\" content=\"https:\/\/www.bisbatdemallorca.org\/ca\/trobada-de-responsables-dadoracio-nocturna-de-les-balears-a-eivissa\/\" \/>\n<meta property=\"og:site_name\" content=\"Bisbat de Mallorca\" \/>\n<meta property=\"article:published_time\" content=\"2026-03-09T13:21:19+00:00\" \/>\n<meta property=\"article:modified_time\" content=\"2026-03-09T13:22:56+00:00\" \/>\n<meta property=\"og:image\" content=\"https:\/\/www.bisbatdemallorca.org\/wp-content\/uploads\/2026\/03\/1000000426-scaled.jpg\" \/>\n\t<meta property=\"og:image:width\" content=\"2560\" \/>\n\t<meta property=\"og:image:height\" content=\"1920\" \/>\n\t<meta property=\"og:image:type\" content=\"image\/jpeg\" \/>\n<meta name=\"author\" content=\"Administraci\u00f3 Bisbat de Mallorca\" \/>\n<meta name=\"twitter:card\" content=\"summary_large_image\" \/>\n<meta name=\"twitter:label1\" content=\"Escrit per\" \/>\n\t<meta name=\"twitter:data1\" content=\"Administraci\u00f3 Bisbat de Mallorca\" \/>\n\t<meta name=\"twitter:label2\" content=\"Temps estimat de lectura\" \/>\n\t<meta name=\"twitter:data2\" content=\"1 minut\" \/>\n<script type=\"application\/ld+json\" class=\"yoast-schema-graph\">{\"@context\":\"https:\/\/schema.org\",\"@graph\":[{\"@type\":\"Article\",\"@id\":\"https:\/\/www.bisbatdemallorca.org\/ca\/trobada-de-responsables-dadoracio-nocturna-de-les-balears-a-eivissa\/#article\",\"isPartOf\":{\"@id\":\"https:\/\/www.bisbatdemallorca.org\/ca\/trobada-de-responsables-dadoracio-nocturna-de-les-balears-a-eivissa\/\"},\"author\":{\"name\":\"Administraci\u00f3 Bisbat de Mallorca\",\"@id\":\"https:\/\/www.bisbatdemallorca.org\/ca\/#\/schema\/person\/9d198fedaef82cec34c41260a51964a6\"},\"headline\":\"Trobada de responsables d&#8217;Adoraci\u00f3 Nocturna de les Balears a Eivissa\",\"datePublished\":\"2026-03-09T13:21:19+00:00\",\"dateModified\":\"2026-03-09T13:22:56+00:00\",\"mainEntityOfPage\":{\"@id\":\"https:\/\/www.bisbatdemallorca.org\/ca\/trobada-de-responsables-dadoracio-nocturna-de-les-balears-a-eivissa\/\"},\"wordCount\":278,\"publisher\":{\"@id\":\"https:\/\/www.bisbatdemallorca.org\/ca\/#organization\"},\"image\":{\"@id\":\"https:\/\/www.bisbatdemallorca.org\/ca\/trobada-de-responsables-dadoracio-nocturna-de-les-balears-a-eivissa\/#primaryimage\"},\"thumbnailUrl\":\"https:\/\/www.bisbatdemallorca.org\/wp-content\/uploads\/2026\/03\/1000000426-scaled.jpg\",\"articleSection\":[\"Agencia Bal\u00e8ria\"],\"inLanguage\":\"ca\"},{\"@type\":\"WebPage\",\"@id\":\"https:\/\/www.bisbatdemallorca.org\/ca\/trobada-de-responsables-dadoracio-nocturna-de-les-balears-a-eivissa\/\",\"url\":\"https:\/\/www.bisbatdemallorca.org\/ca\/trobada-de-responsables-dadoracio-nocturna-de-les-balears-a-eivissa\/\",\"name\":\"Trobada de responsables d'Adoraci\u00f3 Nocturna de les Balears a Eivissa\",\"isPartOf\":{\"@id\":\"https:\/\/www.bisbatdemallorca.org\/ca\/#website\"},\"primaryImageOfPage\":{\"@id\":\"https:\/\/www.bisbatdemallorca.org\/ca\/trobada-de-responsables-dadoracio-nocturna-de-les-balears-a-eivissa\/#primaryimage\"},\"image\":{\"@id\":\"https:\/\/www.bisbatdemallorca.org\/ca\/trobada-de-responsables-dadoracio-nocturna-de-les-balears-a-eivissa\/#primaryimage\"},\"thumbnailUrl\":\"https:\/\/www.bisbatdemallorca.org\/wp-content\/uploads\/2026\/03\/1000000426-scaled.jpg\",\"datePublished\":\"2026-03-09T13:21:19+00:00\",\"dateModified\":\"2026-03-09T13:22:56+00:00\",\"breadcrumb\":{\"@id\":\"https:\/\/www.bisbatdemallorca.org\/ca\/trobada-de-responsables-dadoracio-nocturna-de-les-balears-a-eivissa\/#breadcrumb\"},\"inLanguage\":\"ca\",\"potentialAction\":[{\"@type\":\"ReadAction\",\"target\":[\"https:\/\/www.bisbatdemallorca.org\/ca\/trobada-de-responsables-dadoracio-nocturna-de-les-balears-a-eivissa\/\"]}]},{\"@type\":\"ImageObject\",\"inLanguage\":\"ca\",\"@id\":\"https:\/\/www.bisbatdemallorca.org\/ca\/trobada-de-responsables-dadoracio-nocturna-de-les-balears-a-eivissa\/#primaryimage\",\"url\":\"https:\/\/www.bisbatdemallorca.org\/wp-content\/uploads\/2026\/03\/1000000426-scaled.jpg\",\"contentUrl\":\"https:\/\/www.bisbatdemallorca.org\/wp-content\/uploads\/2026\/03\/1000000426-scaled.jpg\",\"width\":2560,\"height\":1920},{\"@type\":\"BreadcrumbList\",\"@id\":\"https:\/\/www.bisbatdemallorca.org\/ca\/trobada-de-responsables-dadoracio-nocturna-de-les-balears-a-eivissa\/#breadcrumb\",\"itemListElement\":[{\"@type\":\"ListItem\",\"position\":1,\"name\":\"Portada\",\"item\":\"https:\/\/www.bisbatdemallorca.org\/ca\/\"},{\"@type\":\"ListItem\",\"position\":2,\"name\":\"Trobada de responsables d&#8217;Adoraci\u00f3 Nocturna de les Balears a Eivissa\"}]},{\"@type\":\"WebSite\",\"@id\":\"https:\/\/www.bisbatdemallorca.org\/ca\/#website\",\"url\":\"https:\/\/www.bisbatdemallorca.org\/ca\/\",\"name\":\"Bisbat de Mallorca\",\"description\":\"Just another WordPress site\",\"publisher\":{\"@id\":\"https:\/\/www.bisbatdemallorca.org\/ca\/#organization\"},\"potentialAction\":[{\"@type\":\"SearchAction\",\"target\":{\"@type\":\"EntryPoint\",\"urlTemplate\":\"https:\/\/www.bisbatdemallorca.org\/ca\/?s={search_term_string}\"},\"query-input\":{\"@type\":\"PropertyValueSpecification\",\"valueRequired\":true,\"valueName\":\"search_term_string\"}}],\"inLanguage\":\"ca\"},{\"@type\":\"Organization\",\"@id\":\"https:\/\/www.bisbatdemallorca.org\/ca\/#organization\",\"name\":\"Bisbat De Mallorca\",\"url\":\"https:\/\/www.bisbatdemallorca.org\/ca\/\",\"logo\":{\"@type\":\"ImageObject\",\"inLanguage\":\"ca\",\"@id\":\"https:\/\/www.bisbatdemallorca.org\/ca\/#\/schema\/logo\/image\/\",\"url\":\"https:\/\/bisbatdemallorca.org\/wp-content\/uploads\/2022\/04\/Logo_Bisbat-de-Mallorca-scaled.jpeg\",\"contentUrl\":\"https:\/\/bisbatdemallorca.org\/wp-content\/uploads\/2022\/04\/Logo_Bisbat-de-Mallorca-scaled.jpeg\",\"width\":2560,\"height\":1810,\"caption\":\"Bisbat De Mallorca\"},\"image\":{\"@id\":\"https:\/\/www.bisbatdemallorca.org\/ca\/#\/schema\/logo\/image\/\"}},{\"@type\":\"Person\",\"@id\":\"https:\/\/www.bisbatdemallorca.org\/ca\/#\/schema\/person\/9d198fedaef82cec34c41260a51964a6\",\"name\":\"Administraci\u00f3 Bisbat de Mallorca\",\"image\":{\"@type\":\"ImageObject\",\"inLanguage\":\"ca\",\"@id\":\"https:\/\/www.bisbatdemallorca.org\/ca\/#\/schema\/person\/image\/\",\"url\":\"https:\/\/secure.gravatar.com\/avatar\/cc0dac0bd15aa6305e120ea8e5b6c12f94c8fe06a53230fa56abffe62cefceb4?s=96&d=mm&r=g\",\"contentUrl\":\"https:\/\/secure.gravatar.com\/avatar\/cc0dac0bd15aa6305e120ea8e5b6c12f94c8fe06a53230fa56abffe62cefceb4?s=96&d=mm&r=g\",\"caption\":\"Administraci\u00f3 Bisbat de Mallorca\"},\"sameAs\":[\"https:\/\/bisbatdemallorca.org\"],\"url\":\"https:\/\/www.bisbatdemallorca.org\/ca\/author\/administraciobisbat\/\"}]}<\/script>\n<!-- \/ Yoast SEO plugin. -->","yoast_head_json":{"title":"Trobada de responsables d'Adoraci\u00f3 Nocturna de les Balears a Eivissa","robots":{"index":"index","follow":"follow","max-snippet":"max-snippet:-1","max-image-preview":"max-image-preview:large","max-video-preview":"max-video-preview:-1"},"canonical":"https:\/\/www.bisbatdemallorca.org\/ca\/trobada-de-responsables-dadoracio-nocturna-de-les-balears-a-eivissa\/","og_locale":"ca_ES","og_type":"article","og_title":"[:ca]Trobada de responsables d'Adoraci\u00f3 Nocturna de les Balears a Eivissa[:es]Encuentro de responsables de Adoraci\u00f3n Nocturna de Baleares en Ibiza[:] - Bisbat de Mallorca","og_description":"El passat dissabte 7 de mar\u00e7 tingu\u00e9 lloc a Eivissa [...]","og_url":"https:\/\/www.bisbatdemallorca.org\/ca\/trobada-de-responsables-dadoracio-nocturna-de-les-balears-a-eivissa\/","og_site_name":"Bisbat de Mallorca","article_published_time":"2026-03-09T13:21:19+00:00","article_modified_time":"2026-03-09T13:22:56+00:00","og_image":[{"width":2560,"height":1920,"url":"https:\/\/www.bisbatdemallorca.org\/wp-content\/uploads\/2026\/03\/1000000426-scaled.jpg","type":"image\/jpeg"}],"author":"Administraci\u00f3 Bisbat de Mallorca","twitter_card":"summary_large_image","twitter_misc":{"Escrit per":"Administraci\u00f3 Bisbat de Mallorca","Temps estimat de lectura":"1 minut"},"schema":{"@context":"https:\/\/schema.org","@graph":[{"@type":"Article","@id":"https:\/\/www.bisbatdemallorca.org\/ca\/trobada-de-responsables-dadoracio-nocturna-de-les-balears-a-eivissa\/#article","isPartOf":{"@id":"https:\/\/www.bisbatdemallorca.org\/ca\/trobada-de-responsables-dadoracio-nocturna-de-les-balears-a-eivissa\/"},"author":{"name":"Administraci\u00f3 Bisbat de Mallorca","@id":"https:\/\/www.bisbatdemallorca.org\/ca\/#\/schema\/person\/9d198fedaef82cec34c41260a51964a6"},"headline":"Trobada de responsables d&#8217;Adoraci\u00f3 Nocturna de les Balears a Eivissa","datePublished":"2026-03-09T13:21:19+00:00","dateModified":"2026-03-09T13:22:56+00:00","mainEntityOfPage":{"@id":"https:\/\/www.bisbatdemallorca.org\/ca\/trobada-de-responsables-dadoracio-nocturna-de-les-balears-a-eivissa\/"},"wordCount":278,"publisher":{"@id":"https:\/\/www.bisbatdemallorca.org\/ca\/#organization"},"image":{"@id":"https:\/\/www.bisbatdemallorca.org\/ca\/trobada-de-responsables-dadoracio-nocturna-de-les-balears-a-eivissa\/#primaryimage"},"thumbnailUrl":"https:\/\/www.bisbatdemallorca.org\/wp-content\/uploads\/2026\/03\/1000000426-scaled.jpg","articleSection":["Agencia Bal\u00e8ria"],"inLanguage":"ca"},{"@type":"WebPage","@id":"https:\/\/www.bisbatdemallorca.org\/ca\/trobada-de-responsables-dadoracio-nocturna-de-les-balears-a-eivissa\/","url":"https:\/\/www.bisbatdemallorca.org\/ca\/trobada-de-responsables-dadoracio-nocturna-de-les-balears-a-eivissa\/","name":"Trobada de responsables d'Adoraci\u00f3 Nocturna de les Balears a Eivissa","isPartOf":{"@id":"https:\/\/www.bisbatdemallorca.org\/ca\/#website"},"primaryImageOfPage":{"@id":"https:\/\/www.bisbatdemallorca.org\/ca\/trobada-de-responsables-dadoracio-nocturna-de-les-balears-a-eivissa\/#primaryimage"},"image":{"@id":"https:\/\/www.bisbatdemallorca.org\/ca\/trobada-de-responsables-dadoracio-nocturna-de-les-balears-a-eivissa\/#primaryimage"},"thumbnailUrl":"https:\/\/www.bisbatdemallorca.org\/wp-content\/uploads\/2026\/03\/1000000426-scaled.jpg","datePublished":"2026-03-09T13:21:19+00:00","dateModified":"2026-03-09T13:22:56+00:00","breadcrumb":{"@id":"https:\/\/www.bisbatdemallorca.org\/ca\/trobada-de-responsables-dadoracio-nocturna-de-les-balears-a-eivissa\/#breadcrumb"},"inLanguage":"ca","potentialAction":[{"@type":"ReadAction","target":["https:\/\/www.bisbatdemallorca.org\/ca\/trobada-de-responsables-dadoracio-nocturna-de-les-balears-a-eivissa\/"]}]},{"@type":"ImageObject","inLanguage":"ca","@id":"https:\/\/www.bisbatdemallorca.org\/ca\/trobada-de-responsables-dadoracio-nocturna-de-les-balears-a-eivissa\/#primaryimage","url":"https:\/\/www.bisbatdemallorca.org\/wp-content\/uploads\/2026\/03\/1000000426-scaled.jpg","contentUrl":"https:\/\/www.bisbatdemallorca.org\/wp-content\/uploads\/2026\/03\/1000000426-scaled.jpg","width":2560,"height":1920},{"@type":"BreadcrumbList","@id":"https:\/\/www.bisbatdemallorca.org\/ca\/trobada-de-responsables-dadoracio-nocturna-de-les-balears-a-eivissa\/#breadcrumb","itemListElement":[{"@type":"ListItem","position":1,"name":"Portada","item":"https:\/\/www.bisbatdemallorca.org\/ca\/"},{"@type":"ListItem","position":2,"name":"Trobada de responsables d&#8217;Adoraci\u00f3 Nocturna de les Balears a Eivissa"}]},{"@type":"WebSite","@id":"https:\/\/www.bisbatdemallorca.org\/ca\/#website","url":"https:\/\/www.bisbatdemallorca.org\/ca\/","name":"Bisbat de Mallorca","description":"Just another WordPress site","publisher":{"@id":"https:\/\/www.bisbatdemallorca.org\/ca\/#organization"},"potentialAction":[{"@type":"SearchAction","target":{"@type":"EntryPoint","urlTemplate":"https:\/\/www.bisbatdemallorca.org\/ca\/?s={search_term_string}"},"query-input":{"@type":"PropertyValueSpecification","valueRequired":true,"valueName":"search_term_string"}}],"inLanguage":"ca"},{"@type":"Organization","@id":"https:\/\/www.bisbatdemallorca.org\/ca\/#organization","name":"Bisbat De Mallorca","url":"https:\/\/www.bisbatdemallorca.org\/ca\/","logo":{"@type":"ImageObject","inLanguage":"ca","@id":"https:\/\/www.bisbatdemallorca.org\/ca\/#\/schema\/logo\/image\/","url":"https:\/\/bisbatdemallorca.org\/wp-content\/uploads\/2022\/04\/Logo_Bisbat-de-Mallorca-scaled.jpeg","contentUrl":"https:\/\/bisbatdemallorca.org\/wp-content\/uploads\/2022\/04\/Logo_Bisbat-de-Mallorca-scaled.jpeg","width":2560,"height":1810,"caption":"Bisbat De Mallorca"},"image":{"@id":"https:\/\/www.bisbatdemallorca.org\/ca\/#\/schema\/logo\/image\/"}},{"@type":"Person","@id":"https:\/\/www.bisbatdemallorca.org\/ca\/#\/schema\/person\/9d198fedaef82cec34c41260a51964a6","name":"Administraci\u00f3 Bisbat de Mallorca","image":{"@type":"ImageObject","inLanguage":"ca","@id":"https:\/\/www.bisbatdemallorca.org\/ca\/#\/schema\/person\/image\/","url":"https:\/\/secure.gravatar.com\/avatar\/cc0dac0bd15aa6305e120ea8e5b6c12f94c8fe06a53230fa56abffe62cefceb4?s=96&d=mm&r=g","contentUrl":"https:\/\/secure.gravatar.com\/avatar\/cc0dac0bd15aa6305e120ea8e5b6c12f94c8fe06a53230fa56abffe62cefceb4?s=96&d=mm&r=g","caption":"Administraci\u00f3 Bisbat de Mallorca"},"sameAs":["https:\/\/bisbatdemallorca.org"],"url":"https:\/\/www.bisbatdemallorca.org\/ca\/author\/administraciobisbat\/"}]}},"_links":{"self":[{"href":"https:\/\/www.bisbatdemallorca.org\/ca\/wp-json\/wp\/v2\/posts\/31622","targetHints":{"allow":["GET"]}}],"collection":[{"href":"https:\/\/www.bisbatdemallorca.org\/ca\/wp-json\/wp\/v2\/posts"}],"about":[{"href":"https:\/\/www.bisbatdemallorca.org\/ca\/wp-json\/wp\/v2\/types\/post"}],"author":[{"embeddable":true,"href":"https:\/\/www.bisbatdemallorca.org\/ca\/wp-json\/wp\/v2\/users\/2"}],"replies":[{"embeddable":true,"href":"https:\/\/www.bisbatdemallorca.org\/ca\/wp-json\/wp\/v2\/comments?post=31622"}],"version-history":[{"count":0,"href":"https:\/\/www.bisbatdemallorca.org\/ca\/wp-json\/wp\/v2\/posts\/31622\/revisions"}],"wp:featuredmedia":[{"embeddable":true,"href":"https:\/\/www.bisbatdemallorca.org\/ca\/wp-json\/wp\/v2\/media\/31624"}],"wp:attachment":[{"href":"https:\/\/www.bisbatdemallorca.org\/ca\/wp-json\/wp\/v2\/media?parent=31622"}],"wp:term":[{"taxonomy":"category","embeddable":true,"href":"https:\/\/www.bisbatdemallorca.org\/ca\/wp-json\/wp\/v2\/categories?post=31622"},{"taxonomy":"post_tag","embeddable":true,"href":"https:\/\/www.bisbatdemallorca.org\/ca\/wp-json\/wp\/v2\/tags?post=31622"}],"curies":[{"name":"wp","href":"https:\/\/api.w.org\/{rel}","templated":true}]}}