{"id":31628,"date":"2026-03-09T14:28:01","date_gmt":"2026-03-09T13:28:01","guid":{"rendered":"https:\/\/www.bisbatdemallorca.org\/ca\/?p=31628"},"modified":"2026-03-09T14:28:56","modified_gmt":"2026-03-09T13:28:56","slug":"esporles-acull-una-nova-edicio-de-la-trobada-diocesana-de-catequistes","status":"publish","type":"post","link":"https:\/\/www.bisbatdemallorca.org\/ca\/esporles-acull-una-nova-edicio-de-la-trobada-diocesana-de-catequistes\/","title":{"rendered":"Esporles acull una nova edici\u00f3 de la Trobada Diocesana de Catequistes"},"content":{"rendered":"<p>El dia 7 de mar\u00e7, la parr\u00f2quia d\u2019Esporles acoll\u00ed amb molta il\u00b7lusi\u00f3 la Trobada Diocesana dels catequistes que cada any organitza el Secretariat dioces\u00e0 per a la Iniciaci\u00f3 Cristiana i el Catecumenat. Enguany, uns cent cinquanta catequistes vinguts de distints indrets de la nostra illa volgueren fer-se presents en aquesta trobada que pret\u00e9n ser un espai de formaci\u00f3 en el qual els catequistes puguin compartir aprenentatges, celebraci\u00f3 i conviv\u00e8ncia.<\/p>\n<p>Despr\u00e9s de la benvinguda i la preg\u00e0ria inicial a c\u00e0rrec de Mons. Sebasti\u00e0 Taltavull, D. Miguel L\u00f3pez Varela, director del Secretariat de Catequesi i Catecumenat de l\u2019arxidi\u00f2cesi de Santiago de Compostel\u00b7la i llicenciat en Teologia Catequ\u00e8tica i Animaci\u00f3 per la Pontif\u00edcia Universitat Salesiana de Roma, on va realitzar tamb\u00e9 el seu doctorat, va oferir als catequistes participants una xerrada titulada: <em>\u201cLa catequesi: una transformaci\u00f3 del cor\u201d. <\/em><\/p>\n<p>En la seva pon\u00e8ncia, D. Miguel va parlar del lloc central del cor en tot proc\u00e9s de canvi i transformaci\u00f3 i de la catequesi com all\u00f2 que, a partir de la conversi\u00f3 del mateix catequista i del seu testimoni, t\u00e9 la capacitat de transformar els cors per tal que s\u2019assemblin de cada vegada m\u00e9s al cor del Senyor.<\/p>\n<p>La culminaci\u00f3 de la jornada fou la celebraci\u00f3 de l&#8217;Eucaristia, a l\u2019esgl\u00e9sia parroquial de Sant Pere d\u2019Esporles, presidida per Mons. Taltavull, qui va fer una lectura catequ\u00e8tica de l\u2019evangeli de la Samaritana, corresponent al diumenge III de Quaresma.<\/p>\n<p>Un pa amb oli i un temps per a compartir viv\u00e8ncies i experi\u00e8ncies va posar punt final a la trobada d\u2019enguany.<\/p>\n","protected":false},"excerpt":{"rendered":"<p>El dia 7 de mar\u00e7, la parr\u00f2quia d\u2019Esporles acoll\u00ed amb  [&#8230;]<\/p>\n","protected":false},"author":2,"featured_media":31631,"comment_status":"closed","ping_status":"open","sticky":false,"template":"","format":"standard","meta":{"footnotes":""},"categories":[16],"tags":[],"class_list":["post-31628","post","type-post","status-publish","format-standard","has-post-thumbnail","hentry","category-agencia-baleria"],"yoast_head":"<!-- This site is optimized with the Yoast SEO plugin v27.0 - https:\/\/yoast.com\/product\/yoast-seo-wordpress\/ -->\n<title>Esporles acull una nova edici\u00f3 de la Trobada Diocesana de Catequistes<\/title>\n<meta name=\"robots\" content=\"index, follow, max-snippet:-1, max-image-preview:large, max-video-preview:-1\" \/>\n<link rel=\"canonical\" href=\"https:\/\/www.bisbatdemallorca.org\/ca\/esporles-acull-una-nova-edicio-de-la-trobada-diocesana-de-catequistes\/\" \/>\n<meta property=\"og:locale\" content=\"ca_ES\" \/>\n<meta property=\"og:locale:alternate\" content=\"en_US\" \/>\n<meta property=\"og:locale:alternate\" content=\"es_ES\" \/>\n<meta property=\"og:type\" content=\"article\" \/>\n<meta property=\"og:title\" content=\"Esporles acull una nova edici\u00f3 de la Trobada Diocesana de Catequistes\" \/>\n<meta property=\"og:description\" content=\"El dia 7 de mar\u00e7, la parr\u00f2quia d\u2019Esporles acoll\u00ed amb [...]\" \/>\n<meta property=\"og:url\" content=\"https:\/\/www.bisbatdemallorca.org\/ca\/esporles-acull-una-nova-edicio-de-la-trobada-diocesana-de-catequistes\/\" \/>\n<meta property=\"og:site_name\" content=\"Bisbat de Mallorca\" \/>\n<meta property=\"article:published_time\" content=\"2026-03-09T13:28:01+00:00\" \/>\n<meta property=\"article:modified_time\" content=\"2026-03-09T13:28:56+00:00\" \/>\n<meta property=\"og:image\" content=\"https:\/\/www.bisbatdemallorca.org\/wp-content\/uploads\/2026\/03\/20260307-Trobada-de-Catequistes-a-Esporles-1331-scaled.jpg\" \/>\n\t<meta property=\"og:image:width\" content=\"2560\" \/>\n\t<meta property=\"og:image:height\" content=\"1707\" \/>\n\t<meta property=\"og:image:type\" content=\"image\/jpeg\" \/>\n<meta name=\"author\" content=\"Administraci\u00f3 Bisbat de Mallorca\" \/>\n<meta name=\"twitter:card\" content=\"summary_large_image\" \/>\n<meta name=\"twitter:label1\" content=\"Escrit per\" \/>\n\t<meta name=\"twitter:data1\" content=\"Administraci\u00f3 Bisbat de Mallorca\" \/>\n\t<meta name=\"twitter:label2\" content=\"Temps estimat de lectura\" \/>\n\t<meta name=\"twitter:data2\" content=\"1 minut\" \/>\n<script type=\"application\/ld+json\" class=\"yoast-schema-graph\">{\"@context\":\"https:\/\/schema.org\",\"@graph\":[{\"@type\":\"Article\",\"@id\":\"https:\/\/www.bisbatdemallorca.org\/ca\/esporles-acull-una-nova-edicio-de-la-trobada-diocesana-de-catequistes\/#article\",\"isPartOf\":{\"@id\":\"https:\/\/www.bisbatdemallorca.org\/ca\/esporles-acull-una-nova-edicio-de-la-trobada-diocesana-de-catequistes\/\"},\"author\":{\"name\":\"Administraci\u00f3 Bisbat de Mallorca\",\"@id\":\"https:\/\/www.bisbatdemallorca.org\/ca\/#\/schema\/person\/9d198fedaef82cec34c41260a51964a6\"},\"headline\":\"Esporles acull una nova edici\u00f3 de la Trobada Diocesana de Catequistes\",\"datePublished\":\"2026-03-09T13:28:01+00:00\",\"dateModified\":\"2026-03-09T13:28:56+00:00\",\"mainEntityOfPage\":{\"@id\":\"https:\/\/www.bisbatdemallorca.org\/ca\/esporles-acull-una-nova-edicio-de-la-trobada-diocesana-de-catequistes\/\"},\"wordCount\":580,\"publisher\":{\"@id\":\"https:\/\/www.bisbatdemallorca.org\/ca\/#organization\"},\"image\":{\"@id\":\"https:\/\/www.bisbatdemallorca.org\/ca\/esporles-acull-una-nova-edicio-de-la-trobada-diocesana-de-catequistes\/#primaryimage\"},\"thumbnailUrl\":\"https:\/\/www.bisbatdemallorca.org\/wp-content\/uploads\/2026\/03\/20260307-Trobada-de-Catequistes-a-Esporles-1331-scaled.jpg\",\"articleSection\":[\"Agencia Bal\u00e8ria\"],\"inLanguage\":\"ca\"},{\"@type\":\"WebPage\",\"@id\":\"https:\/\/www.bisbatdemallorca.org\/ca\/esporles-acull-una-nova-edicio-de-la-trobada-diocesana-de-catequistes\/\",\"url\":\"https:\/\/www.bisbatdemallorca.org\/ca\/esporles-acull-una-nova-edicio-de-la-trobada-diocesana-de-catequistes\/\",\"name\":\"Esporles acull una nova edici\u00f3 de la Trobada Diocesana de Catequistes\",\"isPartOf\":{\"@id\":\"https:\/\/www.bisbatdemallorca.org\/ca\/#website\"},\"primaryImageOfPage\":{\"@id\":\"https:\/\/www.bisbatdemallorca.org\/ca\/esporles-acull-una-nova-edicio-de-la-trobada-diocesana-de-catequistes\/#primaryimage\"},\"image\":{\"@id\":\"https:\/\/www.bisbatdemallorca.org\/ca\/esporles-acull-una-nova-edicio-de-la-trobada-diocesana-de-catequistes\/#primaryimage\"},\"thumbnailUrl\":\"https:\/\/www.bisbatdemallorca.org\/wp-content\/uploads\/2026\/03\/20260307-Trobada-de-Catequistes-a-Esporles-1331-scaled.jpg\",\"datePublished\":\"2026-03-09T13:28:01+00:00\",\"dateModified\":\"2026-03-09T13:28:56+00:00\",\"breadcrumb\":{\"@id\":\"https:\/\/www.bisbatdemallorca.org\/ca\/esporles-acull-una-nova-edicio-de-la-trobada-diocesana-de-catequistes\/#breadcrumb\"},\"inLanguage\":\"ca\",\"potentialAction\":[{\"@type\":\"ReadAction\",\"target\":[\"https:\/\/www.bisbatdemallorca.org\/ca\/esporles-acull-una-nova-edicio-de-la-trobada-diocesana-de-catequistes\/\"]}]},{\"@type\":\"ImageObject\",\"inLanguage\":\"ca\",\"@id\":\"https:\/\/www.bisbatdemallorca.org\/ca\/esporles-acull-una-nova-edicio-de-la-trobada-diocesana-de-catequistes\/#primaryimage\",\"url\":\"https:\/\/www.bisbatdemallorca.org\/wp-content\/uploads\/2026\/03\/20260307-Trobada-de-Catequistes-a-Esporles-1331-scaled.jpg\",\"contentUrl\":\"https:\/\/www.bisbatdemallorca.org\/wp-content\/uploads\/2026\/03\/20260307-Trobada-de-Catequistes-a-Esporles-1331-scaled.jpg\",\"width\":2560,\"height\":1707},{\"@type\":\"BreadcrumbList\",\"@id\":\"https:\/\/www.bisbatdemallorca.org\/ca\/esporles-acull-una-nova-edicio-de-la-trobada-diocesana-de-catequistes\/#breadcrumb\",\"itemListElement\":[{\"@type\":\"ListItem\",\"position\":1,\"name\":\"Portada\",\"item\":\"https:\/\/www.bisbatdemallorca.org\/ca\/\"},{\"@type\":\"ListItem\",\"position\":2,\"name\":\"Esporles acull una nova edici\u00f3 de la Trobada Diocesana de Catequistes\"}]},{\"@type\":\"WebSite\",\"@id\":\"https:\/\/www.bisbatdemallorca.org\/ca\/#website\",\"url\":\"https:\/\/www.bisbatdemallorca.org\/ca\/\",\"name\":\"Bisbat de Mallorca\",\"description\":\"Just another WordPress site\",\"publisher\":{\"@id\":\"https:\/\/www.bisbatdemallorca.org\/ca\/#organization\"},\"potentialAction\":[{\"@type\":\"SearchAction\",\"target\":{\"@type\":\"EntryPoint\",\"urlTemplate\":\"https:\/\/www.bisbatdemallorca.org\/ca\/?s={search_term_string}\"},\"query-input\":{\"@type\":\"PropertyValueSpecification\",\"valueRequired\":true,\"valueName\":\"search_term_string\"}}],\"inLanguage\":\"ca\"},{\"@type\":\"Organization\",\"@id\":\"https:\/\/www.bisbatdemallorca.org\/ca\/#organization\",\"name\":\"Bisbat De Mallorca\",\"url\":\"https:\/\/www.bisbatdemallorca.org\/ca\/\",\"logo\":{\"@type\":\"ImageObject\",\"inLanguage\":\"ca\",\"@id\":\"https:\/\/www.bisbatdemallorca.org\/ca\/#\/schema\/logo\/image\/\",\"url\":\"https:\/\/bisbatdemallorca.org\/wp-content\/uploads\/2022\/04\/Logo_Bisbat-de-Mallorca-scaled.jpeg\",\"contentUrl\":\"https:\/\/bisbatdemallorca.org\/wp-content\/uploads\/2022\/04\/Logo_Bisbat-de-Mallorca-scaled.jpeg\",\"width\":2560,\"height\":1810,\"caption\":\"Bisbat De Mallorca\"},\"image\":{\"@id\":\"https:\/\/www.bisbatdemallorca.org\/ca\/#\/schema\/logo\/image\/\"}},{\"@type\":\"Person\",\"@id\":\"https:\/\/www.bisbatdemallorca.org\/ca\/#\/schema\/person\/9d198fedaef82cec34c41260a51964a6\",\"name\":\"Administraci\u00f3 Bisbat de Mallorca\",\"image\":{\"@type\":\"ImageObject\",\"inLanguage\":\"ca\",\"@id\":\"https:\/\/www.bisbatdemallorca.org\/ca\/#\/schema\/person\/image\/\",\"url\":\"https:\/\/secure.gravatar.com\/avatar\/cc0dac0bd15aa6305e120ea8e5b6c12f94c8fe06a53230fa56abffe62cefceb4?s=96&d=mm&r=g\",\"contentUrl\":\"https:\/\/secure.gravatar.com\/avatar\/cc0dac0bd15aa6305e120ea8e5b6c12f94c8fe06a53230fa56abffe62cefceb4?s=96&d=mm&r=g\",\"caption\":\"Administraci\u00f3 Bisbat de Mallorca\"},\"sameAs\":[\"https:\/\/bisbatdemallorca.org\"],\"url\":\"https:\/\/www.bisbatdemallorca.org\/ca\/author\/administraciobisbat\/\"}]}<\/script>\n<!-- \/ Yoast SEO plugin. -->","yoast_head_json":{"title":"Esporles acull una nova edici\u00f3 de la Trobada Diocesana de Catequistes","robots":{"index":"index","follow":"follow","max-snippet":"max-snippet:-1","max-image-preview":"max-image-preview:large","max-video-preview":"max-video-preview:-1"},"canonical":"https:\/\/www.bisbatdemallorca.org\/ca\/esporles-acull-una-nova-edicio-de-la-trobada-diocesana-de-catequistes\/","og_locale":"ca_ES","og_type":"article","og_title":"[:ca]Esporles acull una nova edici\u00f3 de la Trobada Diocesana de Catequistes[:es]Esporles acoge una nueva edici\u00f3n del Encuentro Diocesano de Catequistas[:] - Bisbat de Mallorca","og_description":"El dia 7 de mar\u00e7, la parr\u00f2quia d\u2019Esporles acoll\u00ed amb [...]","og_url":"https:\/\/www.bisbatdemallorca.org\/ca\/esporles-acull-una-nova-edicio-de-la-trobada-diocesana-de-catequistes\/","og_site_name":"Bisbat de Mallorca","article_published_time":"2026-03-09T13:28:01+00:00","article_modified_time":"2026-03-09T13:28:56+00:00","og_image":[{"width":2560,"height":1707,"url":"https:\/\/www.bisbatdemallorca.org\/wp-content\/uploads\/2026\/03\/20260307-Trobada-de-Catequistes-a-Esporles-1331-scaled.jpg","type":"image\/jpeg"}],"author":"Administraci\u00f3 Bisbat de Mallorca","twitter_card":"summary_large_image","twitter_misc":{"Escrit per":"Administraci\u00f3 Bisbat de Mallorca","Temps estimat de lectura":"1 minut"},"schema":{"@context":"https:\/\/schema.org","@graph":[{"@type":"Article","@id":"https:\/\/www.bisbatdemallorca.org\/ca\/esporles-acull-una-nova-edicio-de-la-trobada-diocesana-de-catequistes\/#article","isPartOf":{"@id":"https:\/\/www.bisbatdemallorca.org\/ca\/esporles-acull-una-nova-edicio-de-la-trobada-diocesana-de-catequistes\/"},"author":{"name":"Administraci\u00f3 Bisbat de Mallorca","@id":"https:\/\/www.bisbatdemallorca.org\/ca\/#\/schema\/person\/9d198fedaef82cec34c41260a51964a6"},"headline":"Esporles acull una nova edici\u00f3 de la Trobada Diocesana de Catequistes","datePublished":"2026-03-09T13:28:01+00:00","dateModified":"2026-03-09T13:28:56+00:00","mainEntityOfPage":{"@id":"https:\/\/www.bisbatdemallorca.org\/ca\/esporles-acull-una-nova-edicio-de-la-trobada-diocesana-de-catequistes\/"},"wordCount":580,"publisher":{"@id":"https:\/\/www.bisbatdemallorca.org\/ca\/#organization"},"image":{"@id":"https:\/\/www.bisbatdemallorca.org\/ca\/esporles-acull-una-nova-edicio-de-la-trobada-diocesana-de-catequistes\/#primaryimage"},"thumbnailUrl":"https:\/\/www.bisbatdemallorca.org\/wp-content\/uploads\/2026\/03\/20260307-Trobada-de-Catequistes-a-Esporles-1331-scaled.jpg","articleSection":["Agencia Bal\u00e8ria"],"inLanguage":"ca"},{"@type":"WebPage","@id":"https:\/\/www.bisbatdemallorca.org\/ca\/esporles-acull-una-nova-edicio-de-la-trobada-diocesana-de-catequistes\/","url":"https:\/\/www.bisbatdemallorca.org\/ca\/esporles-acull-una-nova-edicio-de-la-trobada-diocesana-de-catequistes\/","name":"Esporles acull una nova edici\u00f3 de la Trobada Diocesana de Catequistes","isPartOf":{"@id":"https:\/\/www.bisbatdemallorca.org\/ca\/#website"},"primaryImageOfPage":{"@id":"https:\/\/www.bisbatdemallorca.org\/ca\/esporles-acull-una-nova-edicio-de-la-trobada-diocesana-de-catequistes\/#primaryimage"},"image":{"@id":"https:\/\/www.bisbatdemallorca.org\/ca\/esporles-acull-una-nova-edicio-de-la-trobada-diocesana-de-catequistes\/#primaryimage"},"thumbnailUrl":"https:\/\/www.bisbatdemallorca.org\/wp-content\/uploads\/2026\/03\/20260307-Trobada-de-Catequistes-a-Esporles-1331-scaled.jpg","datePublished":"2026-03-09T13:28:01+00:00","dateModified":"2026-03-09T13:28:56+00:00","breadcrumb":{"@id":"https:\/\/www.bisbatdemallorca.org\/ca\/esporles-acull-una-nova-edicio-de-la-trobada-diocesana-de-catequistes\/#breadcrumb"},"inLanguage":"ca","potentialAction":[{"@type":"ReadAction","target":["https:\/\/www.bisbatdemallorca.org\/ca\/esporles-acull-una-nova-edicio-de-la-trobada-diocesana-de-catequistes\/"]}]},{"@type":"ImageObject","inLanguage":"ca","@id":"https:\/\/www.bisbatdemallorca.org\/ca\/esporles-acull-una-nova-edicio-de-la-trobada-diocesana-de-catequistes\/#primaryimage","url":"https:\/\/www.bisbatdemallorca.org\/wp-content\/uploads\/2026\/03\/20260307-Trobada-de-Catequistes-a-Esporles-1331-scaled.jpg","contentUrl":"https:\/\/www.bisbatdemallorca.org\/wp-content\/uploads\/2026\/03\/20260307-Trobada-de-Catequistes-a-Esporles-1331-scaled.jpg","width":2560,"height":1707},{"@type":"BreadcrumbList","@id":"https:\/\/www.bisbatdemallorca.org\/ca\/esporles-acull-una-nova-edicio-de-la-trobada-diocesana-de-catequistes\/#breadcrumb","itemListElement":[{"@type":"ListItem","position":1,"name":"Portada","item":"https:\/\/www.bisbatdemallorca.org\/ca\/"},{"@type":"ListItem","position":2,"name":"Esporles acull una nova edici\u00f3 de la Trobada Diocesana de Catequistes"}]},{"@type":"WebSite","@id":"https:\/\/www.bisbatdemallorca.org\/ca\/#website","url":"https:\/\/www.bisbatdemallorca.org\/ca\/","name":"Bisbat de Mallorca","description":"Just another WordPress site","publisher":{"@id":"https:\/\/www.bisbatdemallorca.org\/ca\/#organization"},"potentialAction":[{"@type":"SearchAction","target":{"@type":"EntryPoint","urlTemplate":"https:\/\/www.bisbatdemallorca.org\/ca\/?s={search_term_string}"},"query-input":{"@type":"PropertyValueSpecification","valueRequired":true,"valueName":"search_term_string"}}],"inLanguage":"ca"},{"@type":"Organization","@id":"https:\/\/www.bisbatdemallorca.org\/ca\/#organization","name":"Bisbat De Mallorca","url":"https:\/\/www.bisbatdemallorca.org\/ca\/","logo":{"@type":"ImageObject","inLanguage":"ca","@id":"https:\/\/www.bisbatdemallorca.org\/ca\/#\/schema\/logo\/image\/","url":"https:\/\/bisbatdemallorca.org\/wp-content\/uploads\/2022\/04\/Logo_Bisbat-de-Mallorca-scaled.jpeg","contentUrl":"https:\/\/bisbatdemallorca.org\/wp-content\/uploads\/2022\/04\/Logo_Bisbat-de-Mallorca-scaled.jpeg","width":2560,"height":1810,"caption":"Bisbat De Mallorca"},"image":{"@id":"https:\/\/www.bisbatdemallorca.org\/ca\/#\/schema\/logo\/image\/"}},{"@type":"Person","@id":"https:\/\/www.bisbatdemallorca.org\/ca\/#\/schema\/person\/9d198fedaef82cec34c41260a51964a6","name":"Administraci\u00f3 Bisbat de Mallorca","image":{"@type":"ImageObject","inLanguage":"ca","@id":"https:\/\/www.bisbatdemallorca.org\/ca\/#\/schema\/person\/image\/","url":"https:\/\/secure.gravatar.com\/avatar\/cc0dac0bd15aa6305e120ea8e5b6c12f94c8fe06a53230fa56abffe62cefceb4?s=96&d=mm&r=g","contentUrl":"https:\/\/secure.gravatar.com\/avatar\/cc0dac0bd15aa6305e120ea8e5b6c12f94c8fe06a53230fa56abffe62cefceb4?s=96&d=mm&r=g","caption":"Administraci\u00f3 Bisbat de Mallorca"},"sameAs":["https:\/\/bisbatdemallorca.org"],"url":"https:\/\/www.bisbatdemallorca.org\/ca\/author\/administraciobisbat\/"}]}},"_links":{"self":[{"href":"https:\/\/www.bisbatdemallorca.org\/ca\/wp-json\/wp\/v2\/posts\/31628","targetHints":{"allow":["GET"]}}],"collection":[{"href":"https:\/\/www.bisbatdemallorca.org\/ca\/wp-json\/wp\/v2\/posts"}],"about":[{"href":"https:\/\/www.bisbatdemallorca.org\/ca\/wp-json\/wp\/v2\/types\/post"}],"author":[{"embeddable":true,"href":"https:\/\/www.bisbatdemallorca.org\/ca\/wp-json\/wp\/v2\/users\/2"}],"replies":[{"embeddable":true,"href":"https:\/\/www.bisbatdemallorca.org\/ca\/wp-json\/wp\/v2\/comments?post=31628"}],"version-history":[{"count":0,"href":"https:\/\/www.bisbatdemallorca.org\/ca\/wp-json\/wp\/v2\/posts\/31628\/revisions"}],"wp:featuredmedia":[{"embeddable":true,"href":"https:\/\/www.bisbatdemallorca.org\/ca\/wp-json\/wp\/v2\/media\/31631"}],"wp:attachment":[{"href":"https:\/\/www.bisbatdemallorca.org\/ca\/wp-json\/wp\/v2\/media?parent=31628"}],"wp:term":[{"taxonomy":"category","embeddable":true,"href":"https:\/\/www.bisbatdemallorca.org\/ca\/wp-json\/wp\/v2\/categories?post=31628"},{"taxonomy":"post_tag","embeddable":true,"href":"https:\/\/www.bisbatdemallorca.org\/ca\/wp-json\/wp\/v2\/tags?post=31628"}],"curies":[{"name":"wp","href":"https:\/\/api.w.org\/{rel}","templated":true}]}}