{"id":31637,"date":"2026-03-09T14:31:49","date_gmt":"2026-03-09T13:31:49","guid":{"rendered":"https:\/\/www.bisbatdemallorca.org\/ca\/?p=31637"},"modified":"2026-03-09T14:32:42","modified_gmt":"2026-03-09T13:32:42","slug":"reces-de-quaresma-per-a-mestres-i-professors-de-religio","status":"publish","type":"post","link":"https:\/\/www.bisbatdemallorca.org\/ca\/reces-de-quaresma-per-a-mestres-i-professors-de-religio\/","title":{"rendered":"Rec\u00e9s de Quaresma per a mestres i professors de Religi\u00f3"},"content":{"rendered":"<p>La Delegaci\u00f3 d\u2019Ensenyament del Bisbat de Mallorca i la Fundaci\u00f3 Escola Cat\u00f2lica de les Illes Balears organitzaren el dissabte 7 de mar\u00e7 el tradicional rec\u00e9s de Quaresma adre\u00e7at a mestres i professors de Religi\u00f3. La trobada tengu\u00e9 lloc al Monestir de la Real de Palma i reun\u00ed prop d\u2019una quarantena de participants.<\/p>\n<p>El rec\u00e9s va ser dirigit per Mn. Francesc Ramis Darder, qui ajud\u00e0 els assistents a viure aquest temps lit\u00fargic des d\u2019una actitud de reflexi\u00f3 interior i renovaci\u00f3 espiritual. A trav\u00e9s de les seves meditacions i propostes de preg\u00e0ria, els participants pogueren aprofundir en el sentit de la Quaresma com a cam\u00ed de conversi\u00f3 i preparaci\u00f3 per a la Pasqua.<\/p>\n<p>La jornada es desenvolup\u00e0 en un ambient de silenci, escolta i recolliment, i es convert\u00ed tamb\u00e9 en una oportunitat per compartir experi\u00e8ncies i inquietuds entre els docents que tenen la missi\u00f3 d\u2019educar en la fe dins l\u2019\u00e0mbit escolar.<\/p>\n<p>Durant la trobada, els participants visitaren el museu del monestir, guiats pel pare Josep Amengual MSSCC, que ofer\u00ed una explicaci\u00f3 sobre la hist\u00f2ria i el patrimoni del lloc.<\/p>\n<p>El rec\u00e9s conclogu\u00e9 amb la celebraci\u00f3 de l\u2019Eucaristia a la Parr\u00f2quia de Nostra Senyora de la Font de D\u00e9u i Sant Bernat.<\/p>\n<p>Hi participaren professors de centres p\u00fablics i concertats, aix\u00ed com la presidenta de la Fundaci\u00f3 Escola Cat\u00f2lica de les Illes Balears (ECIB), Llucia Salleras, i Maria Dolors Garcia-Carpintero, responsable de l\u2019\u00c0rea per a la pastoral de fe i cultura del Bisbat.<\/p>\n<p>La Delegaci\u00f3 d\u2019Ensenyament del Bisbat de Mallorca i la Fundaci\u00f3 Escola Cat\u00f2lica de les Illes Balears organitzaren el dissabte 7 de mar\u00e7 el tradicional rec\u00e9s de Quaresma adre\u00e7at a mestres i professors de Religi\u00f3. La trobada tengu\u00e9 lloc al Monestir de la Real de Palma i reun\u00ed prop d\u2019una quarantena de participants.<\/p>\n<p>El rec\u00e9s va ser dirigit per Mn. Francesc Ramis Darder, qui ajud\u00e0 els assistents a viure aquest temps lit\u00fargic des d\u2019una actitud de reflexi\u00f3 interior i renovaci\u00f3 espiritual. A trav\u00e9s de les seves meditacions i propostes de preg\u00e0ria, els participants pogueren aprofundir en el sentit de la Quaresma com a cam\u00ed de conversi\u00f3 i preparaci\u00f3 per a la Pasqua.<\/p>\n<p>La jornada es desenvolup\u00e0 en un ambient de silenci, escolta i recolliment, i es convert\u00ed tamb\u00e9 en una oportunitat per compartir experi\u00e8ncies i inquietuds entre els docents que tenen la missi\u00f3 d\u2019educar en la fe dins l\u2019\u00e0mbit escolar.<\/p>\n<p>Durant la trobada, els participants visitaren el museu del monestir, guiats pel pare Josep Amengual MSSCC, que ofer\u00ed una explicaci\u00f3 sobre la hist\u00f2ria i el patrimoni del lloc.<\/p>\n<p>El rec\u00e9s conclogu\u00e9 amb la celebraci\u00f3 de l\u2019Eucaristia a la Parr\u00f2quia de Nostra Senyora de la Font de D\u00e9u i Sant Bernat.<\/p>\n<p>Hi participaren professors de centres p\u00fablics i concertats, aix\u00ed com la presidenta de la Fundaci\u00f3 Escola Cat\u00f2lica de les Illes Balears (ECIB), Llucia Salleras, i Maria Dolors Garcia-Carpintero, responsable de l\u2019\u00c0rea per a la pastoral de fe i cultura del Bisbat.<\/p>\n","protected":false},"excerpt":{"rendered":"<p>La Delegaci\u00f3 d\u2019Ensenyament del Bisbat de Mallorca i la Fundaci\u00f3  [&#8230;]<\/p>\n","protected":false},"author":2,"featured_media":31638,"comment_status":"closed","ping_status":"open","sticky":false,"template":"","format":"standard","meta":{"footnotes":""},"categories":[16],"tags":[],"class_list":["post-31637","post","type-post","status-publish","format-standard","has-post-thumbnail","hentry","category-agencia-baleria"],"yoast_head":"<!-- This site is optimized with the Yoast SEO plugin v27.0 - https:\/\/yoast.com\/product\/yoast-seo-wordpress\/ -->\n<title>Rec\u00e9s de Quaresma per a mestres i professors de Religi\u00f3<\/title>\n<meta name=\"robots\" content=\"index, follow, max-snippet:-1, max-image-preview:large, max-video-preview:-1\" \/>\n<link rel=\"canonical\" href=\"https:\/\/www.bisbatdemallorca.org\/ca\/reces-de-quaresma-per-a-mestres-i-professors-de-religio\/\" \/>\n<meta property=\"og:locale\" content=\"ca_ES\" \/>\n<meta property=\"og:locale:alternate\" content=\"en_US\" \/>\n<meta property=\"og:locale:alternate\" content=\"es_ES\" \/>\n<meta property=\"og:type\" content=\"article\" \/>\n<meta property=\"og:title\" content=\"Rec\u00e9s de Quaresma per a mestres i professors de Religi\u00f3\" \/>\n<meta property=\"og:description\" content=\"La Delegaci\u00f3 d\u2019Ensenyament del Bisbat de Mallorca i la Fundaci\u00f3 [...]\" \/>\n<meta property=\"og:url\" content=\"https:\/\/www.bisbatdemallorca.org\/ca\/reces-de-quaresma-per-a-mestres-i-professors-de-religio\/\" \/>\n<meta property=\"og:site_name\" content=\"Bisbat de Mallorca\" \/>\n<meta property=\"article:published_time\" content=\"2026-03-09T13:31:49+00:00\" \/>\n<meta property=\"article:modified_time\" content=\"2026-03-09T13:32:42+00:00\" \/>\n<meta property=\"og:image\" content=\"https:\/\/www.bisbatdemallorca.org\/wp-content\/uploads\/2026\/03\/WhatsApp-Image-2026-03-08-at-20.33.14.jpeg\" \/>\n\t<meta property=\"og:image:width\" content=\"2048\" \/>\n\t<meta property=\"og:image:height\" content=\"921\" \/>\n\t<meta property=\"og:image:type\" content=\"image\/jpeg\" \/>\n<meta name=\"author\" content=\"Administraci\u00f3 Bisbat de Mallorca\" \/>\n<meta name=\"twitter:card\" content=\"summary_large_image\" \/>\n<meta name=\"twitter:label1\" content=\"Escrit per\" \/>\n\t<meta name=\"twitter:data1\" content=\"Administraci\u00f3 Bisbat de Mallorca\" \/>\n\t<meta name=\"twitter:label2\" content=\"Temps estimat de lectura\" \/>\n\t<meta name=\"twitter:data2\" content=\"1 minut\" \/>\n<script type=\"application\/ld+json\" class=\"yoast-schema-graph\">{\"@context\":\"https:\/\/schema.org\",\"@graph\":[{\"@type\":\"Article\",\"@id\":\"https:\/\/www.bisbatdemallorca.org\/ca\/reces-de-quaresma-per-a-mestres-i-professors-de-religio\/#article\",\"isPartOf\":{\"@id\":\"https:\/\/www.bisbatdemallorca.org\/ca\/reces-de-quaresma-per-a-mestres-i-professors-de-religio\/\"},\"author\":{\"name\":\"Administraci\u00f3 Bisbat de Mallorca\",\"@id\":\"https:\/\/www.bisbatdemallorca.org\/ca\/#\/schema\/person\/9d198fedaef82cec34c41260a51964a6\"},\"headline\":\"Rec\u00e9s de Quaresma per a mestres i professors de Religi\u00f3\",\"datePublished\":\"2026-03-09T13:31:49+00:00\",\"dateModified\":\"2026-03-09T13:32:42+00:00\",\"mainEntityOfPage\":{\"@id\":\"https:\/\/www.bisbatdemallorca.org\/ca\/reces-de-quaresma-per-a-mestres-i-professors-de-religio\/\"},\"wordCount\":806,\"publisher\":{\"@id\":\"https:\/\/www.bisbatdemallorca.org\/ca\/#organization\"},\"image\":{\"@id\":\"https:\/\/www.bisbatdemallorca.org\/ca\/reces-de-quaresma-per-a-mestres-i-professors-de-religio\/#primaryimage\"},\"thumbnailUrl\":\"https:\/\/www.bisbatdemallorca.org\/wp-content\/uploads\/2026\/03\/WhatsApp-Image-2026-03-08-at-20.33.14.jpeg\",\"articleSection\":[\"Agencia Bal\u00e8ria\"],\"inLanguage\":\"ca\"},{\"@type\":\"WebPage\",\"@id\":\"https:\/\/www.bisbatdemallorca.org\/ca\/reces-de-quaresma-per-a-mestres-i-professors-de-religio\/\",\"url\":\"https:\/\/www.bisbatdemallorca.org\/ca\/reces-de-quaresma-per-a-mestres-i-professors-de-religio\/\",\"name\":\"Rec\u00e9s de Quaresma per a mestres i professors de Religi\u00f3\",\"isPartOf\":{\"@id\":\"https:\/\/www.bisbatdemallorca.org\/ca\/#website\"},\"primaryImageOfPage\":{\"@id\":\"https:\/\/www.bisbatdemallorca.org\/ca\/reces-de-quaresma-per-a-mestres-i-professors-de-religio\/#primaryimage\"},\"image\":{\"@id\":\"https:\/\/www.bisbatdemallorca.org\/ca\/reces-de-quaresma-per-a-mestres-i-professors-de-religio\/#primaryimage\"},\"thumbnailUrl\":\"https:\/\/www.bisbatdemallorca.org\/wp-content\/uploads\/2026\/03\/WhatsApp-Image-2026-03-08-at-20.33.14.jpeg\",\"datePublished\":\"2026-03-09T13:31:49+00:00\",\"dateModified\":\"2026-03-09T13:32:42+00:00\",\"breadcrumb\":{\"@id\":\"https:\/\/www.bisbatdemallorca.org\/ca\/reces-de-quaresma-per-a-mestres-i-professors-de-religio\/#breadcrumb\"},\"inLanguage\":\"ca\",\"potentialAction\":[{\"@type\":\"ReadAction\",\"target\":[\"https:\/\/www.bisbatdemallorca.org\/ca\/reces-de-quaresma-per-a-mestres-i-professors-de-religio\/\"]}]},{\"@type\":\"ImageObject\",\"inLanguage\":\"ca\",\"@id\":\"https:\/\/www.bisbatdemallorca.org\/ca\/reces-de-quaresma-per-a-mestres-i-professors-de-religio\/#primaryimage\",\"url\":\"https:\/\/www.bisbatdemallorca.org\/wp-content\/uploads\/2026\/03\/WhatsApp-Image-2026-03-08-at-20.33.14.jpeg\",\"contentUrl\":\"https:\/\/www.bisbatdemallorca.org\/wp-content\/uploads\/2026\/03\/WhatsApp-Image-2026-03-08-at-20.33.14.jpeg\",\"width\":2048,\"height\":921},{\"@type\":\"BreadcrumbList\",\"@id\":\"https:\/\/www.bisbatdemallorca.org\/ca\/reces-de-quaresma-per-a-mestres-i-professors-de-religio\/#breadcrumb\",\"itemListElement\":[{\"@type\":\"ListItem\",\"position\":1,\"name\":\"Portada\",\"item\":\"https:\/\/www.bisbatdemallorca.org\/ca\/\"},{\"@type\":\"ListItem\",\"position\":2,\"name\":\"Rec\u00e9s de Quaresma per a mestres i professors de Religi\u00f3\"}]},{\"@type\":\"WebSite\",\"@id\":\"https:\/\/www.bisbatdemallorca.org\/ca\/#website\",\"url\":\"https:\/\/www.bisbatdemallorca.org\/ca\/\",\"name\":\"Bisbat de Mallorca\",\"description\":\"Just another WordPress site\",\"publisher\":{\"@id\":\"https:\/\/www.bisbatdemallorca.org\/ca\/#organization\"},\"potentialAction\":[{\"@type\":\"SearchAction\",\"target\":{\"@type\":\"EntryPoint\",\"urlTemplate\":\"https:\/\/www.bisbatdemallorca.org\/ca\/?s={search_term_string}\"},\"query-input\":{\"@type\":\"PropertyValueSpecification\",\"valueRequired\":true,\"valueName\":\"search_term_string\"}}],\"inLanguage\":\"ca\"},{\"@type\":\"Organization\",\"@id\":\"https:\/\/www.bisbatdemallorca.org\/ca\/#organization\",\"name\":\"Bisbat De Mallorca\",\"url\":\"https:\/\/www.bisbatdemallorca.org\/ca\/\",\"logo\":{\"@type\":\"ImageObject\",\"inLanguage\":\"ca\",\"@id\":\"https:\/\/www.bisbatdemallorca.org\/ca\/#\/schema\/logo\/image\/\",\"url\":\"https:\/\/bisbatdemallorca.org\/wp-content\/uploads\/2022\/04\/Logo_Bisbat-de-Mallorca-scaled.jpeg\",\"contentUrl\":\"https:\/\/bisbatdemallorca.org\/wp-content\/uploads\/2022\/04\/Logo_Bisbat-de-Mallorca-scaled.jpeg\",\"width\":2560,\"height\":1810,\"caption\":\"Bisbat De Mallorca\"},\"image\":{\"@id\":\"https:\/\/www.bisbatdemallorca.org\/ca\/#\/schema\/logo\/image\/\"}},{\"@type\":\"Person\",\"@id\":\"https:\/\/www.bisbatdemallorca.org\/ca\/#\/schema\/person\/9d198fedaef82cec34c41260a51964a6\",\"name\":\"Administraci\u00f3 Bisbat de Mallorca\",\"image\":{\"@type\":\"ImageObject\",\"inLanguage\":\"ca\",\"@id\":\"https:\/\/www.bisbatdemallorca.org\/ca\/#\/schema\/person\/image\/\",\"url\":\"https:\/\/secure.gravatar.com\/avatar\/cc0dac0bd15aa6305e120ea8e5b6c12f94c8fe06a53230fa56abffe62cefceb4?s=96&d=mm&r=g\",\"contentUrl\":\"https:\/\/secure.gravatar.com\/avatar\/cc0dac0bd15aa6305e120ea8e5b6c12f94c8fe06a53230fa56abffe62cefceb4?s=96&d=mm&r=g\",\"caption\":\"Administraci\u00f3 Bisbat de Mallorca\"},\"sameAs\":[\"https:\/\/bisbatdemallorca.org\"],\"url\":\"https:\/\/www.bisbatdemallorca.org\/ca\/author\/administraciobisbat\/\"}]}<\/script>\n<!-- \/ Yoast SEO plugin. -->","yoast_head_json":{"title":"Rec\u00e9s de Quaresma per a mestres i professors de Religi\u00f3","robots":{"index":"index","follow":"follow","max-snippet":"max-snippet:-1","max-image-preview":"max-image-preview:large","max-video-preview":"max-video-preview:-1"},"canonical":"https:\/\/www.bisbatdemallorca.org\/ca\/reces-de-quaresma-per-a-mestres-i-professors-de-religio\/","og_locale":"ca_ES","og_type":"article","og_title":"[:ca]Rec\u00e9s de Quaresma per a mestres i professors de Religi\u00f3[:es]Retiro de Cuaresma para maestros y profesores de Religi\u00f3n[:] - Bisbat de Mallorca","og_description":"La Delegaci\u00f3 d\u2019Ensenyament del Bisbat de Mallorca i la Fundaci\u00f3 [...]","og_url":"https:\/\/www.bisbatdemallorca.org\/ca\/reces-de-quaresma-per-a-mestres-i-professors-de-religio\/","og_site_name":"Bisbat de Mallorca","article_published_time":"2026-03-09T13:31:49+00:00","article_modified_time":"2026-03-09T13:32:42+00:00","og_image":[{"width":2048,"height":921,"url":"https:\/\/www.bisbatdemallorca.org\/wp-content\/uploads\/2026\/03\/WhatsApp-Image-2026-03-08-at-20.33.14.jpeg","type":"image\/jpeg"}],"author":"Administraci\u00f3 Bisbat de Mallorca","twitter_card":"summary_large_image","twitter_misc":{"Escrit per":"Administraci\u00f3 Bisbat de Mallorca","Temps estimat de lectura":"1 minut"},"schema":{"@context":"https:\/\/schema.org","@graph":[{"@type":"Article","@id":"https:\/\/www.bisbatdemallorca.org\/ca\/reces-de-quaresma-per-a-mestres-i-professors-de-religio\/#article","isPartOf":{"@id":"https:\/\/www.bisbatdemallorca.org\/ca\/reces-de-quaresma-per-a-mestres-i-professors-de-religio\/"},"author":{"name":"Administraci\u00f3 Bisbat de Mallorca","@id":"https:\/\/www.bisbatdemallorca.org\/ca\/#\/schema\/person\/9d198fedaef82cec34c41260a51964a6"},"headline":"Rec\u00e9s de Quaresma per a mestres i professors de Religi\u00f3","datePublished":"2026-03-09T13:31:49+00:00","dateModified":"2026-03-09T13:32:42+00:00","mainEntityOfPage":{"@id":"https:\/\/www.bisbatdemallorca.org\/ca\/reces-de-quaresma-per-a-mestres-i-professors-de-religio\/"},"wordCount":806,"publisher":{"@id":"https:\/\/www.bisbatdemallorca.org\/ca\/#organization"},"image":{"@id":"https:\/\/www.bisbatdemallorca.org\/ca\/reces-de-quaresma-per-a-mestres-i-professors-de-religio\/#primaryimage"},"thumbnailUrl":"https:\/\/www.bisbatdemallorca.org\/wp-content\/uploads\/2026\/03\/WhatsApp-Image-2026-03-08-at-20.33.14.jpeg","articleSection":["Agencia Bal\u00e8ria"],"inLanguage":"ca"},{"@type":"WebPage","@id":"https:\/\/www.bisbatdemallorca.org\/ca\/reces-de-quaresma-per-a-mestres-i-professors-de-religio\/","url":"https:\/\/www.bisbatdemallorca.org\/ca\/reces-de-quaresma-per-a-mestres-i-professors-de-religio\/","name":"Rec\u00e9s de Quaresma per a mestres i professors de Religi\u00f3","isPartOf":{"@id":"https:\/\/www.bisbatdemallorca.org\/ca\/#website"},"primaryImageOfPage":{"@id":"https:\/\/www.bisbatdemallorca.org\/ca\/reces-de-quaresma-per-a-mestres-i-professors-de-religio\/#primaryimage"},"image":{"@id":"https:\/\/www.bisbatdemallorca.org\/ca\/reces-de-quaresma-per-a-mestres-i-professors-de-religio\/#primaryimage"},"thumbnailUrl":"https:\/\/www.bisbatdemallorca.org\/wp-content\/uploads\/2026\/03\/WhatsApp-Image-2026-03-08-at-20.33.14.jpeg","datePublished":"2026-03-09T13:31:49+00:00","dateModified":"2026-03-09T13:32:42+00:00","breadcrumb":{"@id":"https:\/\/www.bisbatdemallorca.org\/ca\/reces-de-quaresma-per-a-mestres-i-professors-de-religio\/#breadcrumb"},"inLanguage":"ca","potentialAction":[{"@type":"ReadAction","target":["https:\/\/www.bisbatdemallorca.org\/ca\/reces-de-quaresma-per-a-mestres-i-professors-de-religio\/"]}]},{"@type":"ImageObject","inLanguage":"ca","@id":"https:\/\/www.bisbatdemallorca.org\/ca\/reces-de-quaresma-per-a-mestres-i-professors-de-religio\/#primaryimage","url":"https:\/\/www.bisbatdemallorca.org\/wp-content\/uploads\/2026\/03\/WhatsApp-Image-2026-03-08-at-20.33.14.jpeg","contentUrl":"https:\/\/www.bisbatdemallorca.org\/wp-content\/uploads\/2026\/03\/WhatsApp-Image-2026-03-08-at-20.33.14.jpeg","width":2048,"height":921},{"@type":"BreadcrumbList","@id":"https:\/\/www.bisbatdemallorca.org\/ca\/reces-de-quaresma-per-a-mestres-i-professors-de-religio\/#breadcrumb","itemListElement":[{"@type":"ListItem","position":1,"name":"Portada","item":"https:\/\/www.bisbatdemallorca.org\/ca\/"},{"@type":"ListItem","position":2,"name":"Rec\u00e9s de Quaresma per a mestres i professors de Religi\u00f3"}]},{"@type":"WebSite","@id":"https:\/\/www.bisbatdemallorca.org\/ca\/#website","url":"https:\/\/www.bisbatdemallorca.org\/ca\/","name":"Bisbat de Mallorca","description":"Just another WordPress site","publisher":{"@id":"https:\/\/www.bisbatdemallorca.org\/ca\/#organization"},"potentialAction":[{"@type":"SearchAction","target":{"@type":"EntryPoint","urlTemplate":"https:\/\/www.bisbatdemallorca.org\/ca\/?s={search_term_string}"},"query-input":{"@type":"PropertyValueSpecification","valueRequired":true,"valueName":"search_term_string"}}],"inLanguage":"ca"},{"@type":"Organization","@id":"https:\/\/www.bisbatdemallorca.org\/ca\/#organization","name":"Bisbat De Mallorca","url":"https:\/\/www.bisbatdemallorca.org\/ca\/","logo":{"@type":"ImageObject","inLanguage":"ca","@id":"https:\/\/www.bisbatdemallorca.org\/ca\/#\/schema\/logo\/image\/","url":"https:\/\/bisbatdemallorca.org\/wp-content\/uploads\/2022\/04\/Logo_Bisbat-de-Mallorca-scaled.jpeg","contentUrl":"https:\/\/bisbatdemallorca.org\/wp-content\/uploads\/2022\/04\/Logo_Bisbat-de-Mallorca-scaled.jpeg","width":2560,"height":1810,"caption":"Bisbat De Mallorca"},"image":{"@id":"https:\/\/www.bisbatdemallorca.org\/ca\/#\/schema\/logo\/image\/"}},{"@type":"Person","@id":"https:\/\/www.bisbatdemallorca.org\/ca\/#\/schema\/person\/9d198fedaef82cec34c41260a51964a6","name":"Administraci\u00f3 Bisbat de Mallorca","image":{"@type":"ImageObject","inLanguage":"ca","@id":"https:\/\/www.bisbatdemallorca.org\/ca\/#\/schema\/person\/image\/","url":"https:\/\/secure.gravatar.com\/avatar\/cc0dac0bd15aa6305e120ea8e5b6c12f94c8fe06a53230fa56abffe62cefceb4?s=96&d=mm&r=g","contentUrl":"https:\/\/secure.gravatar.com\/avatar\/cc0dac0bd15aa6305e120ea8e5b6c12f94c8fe06a53230fa56abffe62cefceb4?s=96&d=mm&r=g","caption":"Administraci\u00f3 Bisbat de Mallorca"},"sameAs":["https:\/\/bisbatdemallorca.org"],"url":"https:\/\/www.bisbatdemallorca.org\/ca\/author\/administraciobisbat\/"}]}},"_links":{"self":[{"href":"https:\/\/www.bisbatdemallorca.org\/ca\/wp-json\/wp\/v2\/posts\/31637","targetHints":{"allow":["GET"]}}],"collection":[{"href":"https:\/\/www.bisbatdemallorca.org\/ca\/wp-json\/wp\/v2\/posts"}],"about":[{"href":"https:\/\/www.bisbatdemallorca.org\/ca\/wp-json\/wp\/v2\/types\/post"}],"author":[{"embeddable":true,"href":"https:\/\/www.bisbatdemallorca.org\/ca\/wp-json\/wp\/v2\/users\/2"}],"replies":[{"embeddable":true,"href":"https:\/\/www.bisbatdemallorca.org\/ca\/wp-json\/wp\/v2\/comments?post=31637"}],"version-history":[{"count":0,"href":"https:\/\/www.bisbatdemallorca.org\/ca\/wp-json\/wp\/v2\/posts\/31637\/revisions"}],"wp:featuredmedia":[{"embeddable":true,"href":"https:\/\/www.bisbatdemallorca.org\/ca\/wp-json\/wp\/v2\/media\/31638"}],"wp:attachment":[{"href":"https:\/\/www.bisbatdemallorca.org\/ca\/wp-json\/wp\/v2\/media?parent=31637"}],"wp:term":[{"taxonomy":"category","embeddable":true,"href":"https:\/\/www.bisbatdemallorca.org\/ca\/wp-json\/wp\/v2\/categories?post=31637"},{"taxonomy":"post_tag","embeddable":true,"href":"https:\/\/www.bisbatdemallorca.org\/ca\/wp-json\/wp\/v2\/tags?post=31637"}],"curies":[{"name":"wp","href":"https:\/\/api.w.org\/{rel}","templated":true}]}}