{"id":31722,"date":"2026-03-11T13:43:53","date_gmt":"2026-03-11T12:43:53","guid":{"rendered":"https:\/\/www.bisbatdemallorca.org\/ca\/?p=31722"},"modified":"2026-03-11T14:31:49","modified_gmt":"2026-03-11T13:31:49","slug":"la-fundacio-social-la-sapiencia-celebra-el-seu-50e-aniversari-reafirmant-el-seu-compromis-amb-la-dignitat-i-lesperanca","status":"publish","type":"post","link":"https:\/\/www.bisbatdemallorca.org\/ca\/la-fundacio-social-la-sapiencia-celebra-el-seu-50e-aniversari-reafirmant-el-seu-compromis-amb-la-dignitat-i-lesperanca\/","title":{"rendered":"La Fundaci\u00f3 Social La Sapi\u00e8ncia celebra el seu 50\u00e8 aniversari reafirmant el seu comprom\u00eds amb la dignitat i l\u2019esperan\u00e7a"},"content":{"rendered":"<p data-start=\"256\" data-end=\"594\">La Fundaci\u00f3 Social La Sapi\u00e8ncia ha celebrat avui l\u2019acte commemoratiu del seu 50\u00e8 aniversari al Pati de les Dones de la Miseric\u00f2rdia, el mateix espai on l\u2019any 1976 va comen\u00e7ar aquest projecte al servei de les persones m\u00e9s vulnerables. Prop de 350 persones han assistit a una celebraci\u00f3 que ha combinat mem\u00f2ria, agra\u00efment i mirada de futur.<\/p>\n<p data-start=\"596\" data-end=\"970\">La celebraci\u00f3 ha estat presidida pel bisbe de Mallorca i president de la Fundaci\u00f3, Mons. Sebasti\u00e0 Taltavull, i ha comptat amb l\u2019assist\u00e8ncia del conseller de Benestar Social del Consell de Mallorca, Guillermo S\u00e1nchez, aix\u00ed com de representants institucionals del Consell de Mallorca i de diversos ajuntaments de l\u2019illa, a m\u00e9s de responsables diocesans i membres de l\u2019entitat.<\/p>\n<p data-start=\"972\" data-end=\"1936\">Durant l\u2019acte s\u2019ha presentat el llibre commemoratiu <em data-start=\"1024\" data-end=\"1059\">La Sapi\u00e8ncia, 50 anys d\u2019esperan\u00e7a<\/em>, obra de l\u2019historiador Joan Josep Matas Pastor, que recull la traject\u00f2ria de la instituci\u00f3 des de 1976 fins a 2026. L\u2019autor ha explicat que la publicaci\u00f3 \u00e9s fruit d\u2019un exhaustiu treball de recerca a l\u2019arxiu de la Fundaci\u00f3 i ha subratllat que s\u2019emmarca dins l\u2019\u00e0mbit de la \u201cHist\u00f2ria P\u00fablica\u201d, combinant rigor acad\u00e8mic i voluntat divulgativa. L\u2019obra analitza les diferents etapes jur\u00eddiques de l\u2019entitat \u2014des del Col\u00b7lectiu Marginats La Sapi\u00e8ncia fins a l\u2019actual Fundaci\u00f3\u2014 i contribueix a cobrir un buit en la historiografia contempor\u00e0nia de l\u2019Esgl\u00e9sia de Mallorca. L\u2019historiador Sebasti\u00e0 Serra ha destacat el valor del llibre com a aportaci\u00f3 s\u00f2lida al coneixement de la hist\u00f2ria social recent de Mallorca, posant en relleu el seu rigor metodol\u00f2gic i la seva capacitat per contextualitzar l\u2019evoluci\u00f3 de La Sapi\u00e8ncia en els canvis socials i eclesials de les darreres cinc d\u00e8cades.<\/p>\n<p data-start=\"1938\" data-end=\"2367\">A continuaci\u00f3 ha intervingut Mn. Antoni Garau, membre fundador i director de La Sapi\u00e8ncia durant m\u00e9s de trenta anys, qui ha afirmat que aquest projecte \u201cens fa millors persones, millor Esgl\u00e9sia i millor poble\u201d, recordant el comprom\u00eds hum\u00e0 i cristi\u00e0 que va donar origen a l\u2019entitat. Durant l\u2019acte s\u2019ha tingut igualment un record especial per a Mn. Bartomeu Bennassar, delegat d\u2019Acci\u00f3 Social del Bisbat en el moment de la fundaci\u00f3.<\/p>\n<p data-start=\"2369\" data-end=\"2863\">El director de la Fundaci\u00f3, Antoni Moy\u00e0 Catal\u00e0, ha evocat l\u2019origen del projecte i ha afirmat que La Sapi\u00e8ncia forma part de la seva pr\u00f2pia vida. Ha agra\u00eft als qui varen iniciar l\u2019obra, als qui l\u2019han sostinguda durant d\u00e8cades i als qui avui afronten les noves realitats d\u2019exclusi\u00f3. Moy\u00e0 ha definit aquests cinquanta anys com \u201c50 anys d\u2019esperan\u00e7a i futur\u201d i ha expressat el desig que l\u2019entitat pugui continuar servint durant \u201c50 anys m\u00e9s\u201d, agraint tamb\u00e9 als usuaris la seva paci\u00e8ncia i confian\u00e7a.<\/p>\n<p data-start=\"2865\" data-end=\"3282\">En representaci\u00f3 de l\u2019equip de la Fundaci\u00f3, Concha Peralta, vinculada a La Sapi\u00e8ncia des de 1990 i actualment membre de la comissi\u00f3 executiva, ha subratllat que l\u2019essencial \u00e9s \u201ccentrar-se en les persones\u201d, recordant que cada usuari t\u00e9 una hist\u00f2ria, sovint dura i dolorosa, que necessita ser descoberta i acompanyada. En una de les frases m\u00e9s significatives de l\u2019acte, ha afirmat que \u201cl\u2019empatia terap\u00e8utica \u00e9s l\u2019amor\u201d.<\/p>\n<p data-start=\"3284\" data-end=\"3627\">L\u2019acte ha comptat tamb\u00e9 amb el testimoni de Pepe Alemany, resident des de 2019, qui ha explicat que va arribar \u201cmolt perjudicat\u201d i que ha millorat f\u00edsicament, emocionalment i espiritualment gr\u00e0cies a l\u2019acompanyament rebut. Ha agra\u00eft especialment a la Casa de Fam\u00edlia i a totes les persones que fan possible que all\u00ed es pugui viure \u201cdignament\u201d.<\/p>\n<p data-start=\"3629\" data-end=\"4013\">Per la seva banda, el conseller Guillermo S\u00e1nchez ha recordat un sopar compartit amb residents, en el qual \u2014segons ha explicat\u2014 li varen obrir el cor i li varen mostrar que la Casa de Fam\u00edlia \u00e9s, per a molts, la seva veritable llar. Ha agra\u00eft a tots els professionals i col\u00b7laboradors la seva dedicaci\u00f3 i ha destacat la import\u00e0ncia d\u2019un model basat en l\u2019acompanyament i la proximitat.<\/p>\n<p data-start=\"4015\" data-end=\"4798\">El bisbe de Mallorca ha clos l\u2019acte destacant que \u201cfer mem\u00f2ria del passat \u2014s\u00f3n 50 anys\u2014 ens compromet a que la mirada del present tengui tot el seu esperit fundacional i que l\u2019esperan\u00e7a obri els cors a una renovada projecci\u00f3 de futur\u201d. Ha subratllat que aquests cinquanta anys constitueixen una \u201cmem\u00f2ria agra\u00efda\u201d i ha manifestat el seu agra\u00efment a totes les persones que, durant mig segle, han treballat \u201camb professionalitat i amor\u201d perqu\u00e8 els qui havien quedat sense llar hagin pogut fer \u201cde les nostres cases la seva\u201d. Aix\u00ed mateix, Mons. Sebasti\u00e0 Taltavull ha posat en valor la col\u00b7laboraci\u00f3 amb l\u2019Administraci\u00f3 i els responsables dels Afers Socials, destacant que la coordinaci\u00f3 ha fet possible \u201cun treball solidari conjunt per tirar endavant els projectes i ajudes necess\u00e0ries\u201d.<\/p>\n<p data-start=\"4800\" data-end=\"5281\">Actualment, la Fundaci\u00f3 Social La Sapi\u00e8ncia forma part de la xarxa d\u2019exclusi\u00f3 social de l\u2019IMAS i gestiona diversos centres d\u2019acollida i programes d\u2019inserci\u00f3 social i laboral adre\u00e7ats a persones sense llar, amb problemes d\u2019addiccions, trastorns de salut mental o en situaci\u00f3 de greu vulnerabilitat. Entre ells hi ha la Casa de Fam\u00edlia del carrer Pietat, els pisos supervisats de Mar 6 i Son Ribes, el centre de Binissalem i el centre de Ruberts, a m\u00e9s dels Grups d\u2019Inserci\u00f3.<\/p>\n<p data-start=\"5283\" data-end=\"5718\">Al llarg d\u2019aquests cinquanta anys, l\u2019entitat ha at\u00e8s m\u00e9s de 5.000 persones, oferint no nom\u00e9s allotjament, sin\u00f3 tamb\u00e9 un acompanyament integral des dels \u00e0mbits social, m\u00e8dic, psicol\u00f2gic i formatiu. Nom\u00e9s l\u2019any 2024 ha realitzat m\u00e9s de 3.400 consultes m\u00e8diques i 1.170 acompanyaments a especialistes, a m\u00e9s d\u2019atendre 191 persones a trav\u00e9s dels Grups d\u2019Inserci\u00f3, consolidant-se com un referent en l\u2019atenci\u00f3 a l\u2019exclusi\u00f3 social a Mallorca.<\/p>\n<p data-start=\"5720\" data-end=\"5964\">Amb aquesta celebraci\u00f3, l\u2019entitat ha reafirmat el seu comprom\u00eds amb la dignitat humana, la just\u00edcia social i l\u2019esperan\u00e7a, renovant la convicci\u00f3 que l\u2019ha guiada des de 1976: que ning\u00fa no \u00e9s descartable i que sempre \u00e9s possible tornar a comen\u00e7ar.<\/p>\n<p>&nbsp;<\/p>\n","protected":false},"excerpt":{"rendered":"<p>La Fundaci\u00f3 Social La Sapi\u00e8ncia ha celebrat avui l\u2019acte commemoratiu  [&#8230;]<\/p>\n","protected":false},"author":2,"featured_media":31725,"comment_status":"closed","ping_status":"open","sticky":false,"template":"","format":"standard","meta":{"footnotes":""},"categories":[16],"tags":[],"class_list":["post-31722","post","type-post","status-publish","format-standard","has-post-thumbnail","hentry","category-agencia-baleria"],"yoast_head":"<!-- This site is optimized with the Yoast SEO plugin v27.0 - https:\/\/yoast.com\/product\/yoast-seo-wordpress\/ -->\n<title>La Fundaci\u00f3 Social La Sapi\u00e8ncia celebra el seu 50\u00e8 aniversari reafirmant el seu comprom\u00eds amb la dignitat i l\u2019esperan\u00e7a<\/title>\n<meta name=\"robots\" content=\"index, follow, max-snippet:-1, max-image-preview:large, max-video-preview:-1\" \/>\n<link rel=\"canonical\" href=\"https:\/\/www.bisbatdemallorca.org\/ca\/la-fundacio-social-la-sapiencia-celebra-el-seu-50e-aniversari-reafirmant-el-seu-compromis-amb-la-dignitat-i-lesperanca\/\" \/>\n<meta property=\"og:locale\" content=\"ca_ES\" \/>\n<meta property=\"og:locale:alternate\" content=\"en_US\" \/>\n<meta property=\"og:locale:alternate\" content=\"es_ES\" \/>\n<meta property=\"og:type\" content=\"article\" \/>\n<meta property=\"og:title\" content=\"La Fundaci\u00f3 Social La Sapi\u00e8ncia celebra el seu 50\u00e8 aniversari reafirmant el seu comprom\u00eds amb la dignitat i l\u2019esperan\u00e7a\" \/>\n<meta property=\"og:description\" content=\"La Fundaci\u00f3 Social La Sapi\u00e8ncia ha celebrat avui l\u2019acte commemoratiu [...]\" \/>\n<meta property=\"og:url\" content=\"https:\/\/www.bisbatdemallorca.org\/ca\/la-fundacio-social-la-sapiencia-celebra-el-seu-50e-aniversari-reafirmant-el-seu-compromis-amb-la-dignitat-i-lesperanca\/\" \/>\n<meta property=\"og:site_name\" content=\"Bisbat de Mallorca\" \/>\n<meta property=\"article:published_time\" content=\"2026-03-11T12:43:53+00:00\" \/>\n<meta property=\"article:modified_time\" content=\"2026-03-11T13:31:49+00:00\" \/>\n<meta property=\"og:image\" content=\"https:\/\/www.bisbatdemallorca.org\/wp-content\/uploads\/2026\/03\/3-50-Anys-La-Sapiencia.jpg\" \/>\n\t<meta property=\"og:image:width\" content=\"2048\" \/>\n\t<meta property=\"og:image:height\" content=\"1536\" \/>\n\t<meta property=\"og:image:type\" content=\"image\/jpeg\" \/>\n<meta name=\"author\" content=\"Administraci\u00f3 Bisbat de Mallorca\" \/>\n<meta name=\"twitter:card\" content=\"summary_large_image\" \/>\n<meta name=\"twitter:label1\" content=\"Escrit per\" \/>\n\t<meta name=\"twitter:data1\" content=\"Administraci\u00f3 Bisbat de Mallorca\" \/>\n\t<meta name=\"twitter:label2\" content=\"Temps estimat de lectura\" \/>\n\t<meta name=\"twitter:data2\" content=\"5 minuts\" \/>\n<script type=\"application\/ld+json\" class=\"yoast-schema-graph\">{\"@context\":\"https:\/\/schema.org\",\"@graph\":[{\"@type\":\"Article\",\"@id\":\"https:\/\/www.bisbatdemallorca.org\/ca\/la-fundacio-social-la-sapiencia-celebra-el-seu-50e-aniversari-reafirmant-el-seu-compromis-amb-la-dignitat-i-lesperanca\/#article\",\"isPartOf\":{\"@id\":\"https:\/\/www.bisbatdemallorca.org\/ca\/la-fundacio-social-la-sapiencia-celebra-el-seu-50e-aniversari-reafirmant-el-seu-compromis-amb-la-dignitat-i-lesperanca\/\"},\"author\":{\"name\":\"Administraci\u00f3 Bisbat de Mallorca\",\"@id\":\"https:\/\/www.bisbatdemallorca.org\/ca\/#\/schema\/person\/9d198fedaef82cec34c41260a51964a6\"},\"headline\":\"La Fundaci\u00f3 Social La Sapi\u00e8ncia celebra el seu 50\u00e8 aniversari reafirmant el seu comprom\u00eds amb la dignitat i l\u2019esperan\u00e7a\",\"datePublished\":\"2026-03-11T12:43:53+00:00\",\"dateModified\":\"2026-03-11T13:31:49+00:00\",\"mainEntityOfPage\":{\"@id\":\"https:\/\/www.bisbatdemallorca.org\/ca\/la-fundacio-social-la-sapiencia-celebra-el-seu-50e-aniversari-reafirmant-el-seu-compromis-amb-la-dignitat-i-lesperanca\/\"},\"wordCount\":2092,\"publisher\":{\"@id\":\"https:\/\/www.bisbatdemallorca.org\/ca\/#organization\"},\"image\":{\"@id\":\"https:\/\/www.bisbatdemallorca.org\/ca\/la-fundacio-social-la-sapiencia-celebra-el-seu-50e-aniversari-reafirmant-el-seu-compromis-amb-la-dignitat-i-lesperanca\/#primaryimage\"},\"thumbnailUrl\":\"https:\/\/www.bisbatdemallorca.org\/wp-content\/uploads\/2026\/03\/3-50-Anys-La-Sapiencia.jpg\",\"articleSection\":[\"Agencia Bal\u00e8ria\"],\"inLanguage\":\"ca\"},{\"@type\":\"WebPage\",\"@id\":\"https:\/\/www.bisbatdemallorca.org\/ca\/la-fundacio-social-la-sapiencia-celebra-el-seu-50e-aniversari-reafirmant-el-seu-compromis-amb-la-dignitat-i-lesperanca\/\",\"url\":\"https:\/\/www.bisbatdemallorca.org\/ca\/la-fundacio-social-la-sapiencia-celebra-el-seu-50e-aniversari-reafirmant-el-seu-compromis-amb-la-dignitat-i-lesperanca\/\",\"name\":\"La Fundaci\u00f3 Social La Sapi\u00e8ncia celebra el seu 50\u00e8 aniversari reafirmant el seu comprom\u00eds amb la dignitat i l\u2019esperan\u00e7a\",\"isPartOf\":{\"@id\":\"https:\/\/www.bisbatdemallorca.org\/ca\/#website\"},\"primaryImageOfPage\":{\"@id\":\"https:\/\/www.bisbatdemallorca.org\/ca\/la-fundacio-social-la-sapiencia-celebra-el-seu-50e-aniversari-reafirmant-el-seu-compromis-amb-la-dignitat-i-lesperanca\/#primaryimage\"},\"image\":{\"@id\":\"https:\/\/www.bisbatdemallorca.org\/ca\/la-fundacio-social-la-sapiencia-celebra-el-seu-50e-aniversari-reafirmant-el-seu-compromis-amb-la-dignitat-i-lesperanca\/#primaryimage\"},\"thumbnailUrl\":\"https:\/\/www.bisbatdemallorca.org\/wp-content\/uploads\/2026\/03\/3-50-Anys-La-Sapiencia.jpg\",\"datePublished\":\"2026-03-11T12:43:53+00:00\",\"dateModified\":\"2026-03-11T13:31:49+00:00\",\"breadcrumb\":{\"@id\":\"https:\/\/www.bisbatdemallorca.org\/ca\/la-fundacio-social-la-sapiencia-celebra-el-seu-50e-aniversari-reafirmant-el-seu-compromis-amb-la-dignitat-i-lesperanca\/#breadcrumb\"},\"inLanguage\":\"ca\",\"potentialAction\":[{\"@type\":\"ReadAction\",\"target\":[\"https:\/\/www.bisbatdemallorca.org\/ca\/la-fundacio-social-la-sapiencia-celebra-el-seu-50e-aniversari-reafirmant-el-seu-compromis-amb-la-dignitat-i-lesperanca\/\"]}]},{\"@type\":\"ImageObject\",\"inLanguage\":\"ca\",\"@id\":\"https:\/\/www.bisbatdemallorca.org\/ca\/la-fundacio-social-la-sapiencia-celebra-el-seu-50e-aniversari-reafirmant-el-seu-compromis-amb-la-dignitat-i-lesperanca\/#primaryimage\",\"url\":\"https:\/\/www.bisbatdemallorca.org\/wp-content\/uploads\/2026\/03\/3-50-Anys-La-Sapiencia.jpg\",\"contentUrl\":\"https:\/\/www.bisbatdemallorca.org\/wp-content\/uploads\/2026\/03\/3-50-Anys-La-Sapiencia.jpg\",\"width\":2048,\"height\":1536},{\"@type\":\"BreadcrumbList\",\"@id\":\"https:\/\/www.bisbatdemallorca.org\/ca\/la-fundacio-social-la-sapiencia-celebra-el-seu-50e-aniversari-reafirmant-el-seu-compromis-amb-la-dignitat-i-lesperanca\/#breadcrumb\",\"itemListElement\":[{\"@type\":\"ListItem\",\"position\":1,\"name\":\"Portada\",\"item\":\"https:\/\/www.bisbatdemallorca.org\/ca\/\"},{\"@type\":\"ListItem\",\"position\":2,\"name\":\"La Fundaci\u00f3 Social La Sapi\u00e8ncia celebra el seu 50\u00e8 aniversari reafirmant el seu comprom\u00eds amb la dignitat i l\u2019esperan\u00e7a\"}]},{\"@type\":\"WebSite\",\"@id\":\"https:\/\/www.bisbatdemallorca.org\/ca\/#website\",\"url\":\"https:\/\/www.bisbatdemallorca.org\/ca\/\",\"name\":\"Bisbat de Mallorca\",\"description\":\"Just another WordPress site\",\"publisher\":{\"@id\":\"https:\/\/www.bisbatdemallorca.org\/ca\/#organization\"},\"potentialAction\":[{\"@type\":\"SearchAction\",\"target\":{\"@type\":\"EntryPoint\",\"urlTemplate\":\"https:\/\/www.bisbatdemallorca.org\/ca\/?s={search_term_string}\"},\"query-input\":{\"@type\":\"PropertyValueSpecification\",\"valueRequired\":true,\"valueName\":\"search_term_string\"}}],\"inLanguage\":\"ca\"},{\"@type\":\"Organization\",\"@id\":\"https:\/\/www.bisbatdemallorca.org\/ca\/#organization\",\"name\":\"Bisbat De Mallorca\",\"url\":\"https:\/\/www.bisbatdemallorca.org\/ca\/\",\"logo\":{\"@type\":\"ImageObject\",\"inLanguage\":\"ca\",\"@id\":\"https:\/\/www.bisbatdemallorca.org\/ca\/#\/schema\/logo\/image\/\",\"url\":\"https:\/\/bisbatdemallorca.org\/wp-content\/uploads\/2022\/04\/Logo_Bisbat-de-Mallorca-scaled.jpeg\",\"contentUrl\":\"https:\/\/bisbatdemallorca.org\/wp-content\/uploads\/2022\/04\/Logo_Bisbat-de-Mallorca-scaled.jpeg\",\"width\":2560,\"height\":1810,\"caption\":\"Bisbat De Mallorca\"},\"image\":{\"@id\":\"https:\/\/www.bisbatdemallorca.org\/ca\/#\/schema\/logo\/image\/\"}},{\"@type\":\"Person\",\"@id\":\"https:\/\/www.bisbatdemallorca.org\/ca\/#\/schema\/person\/9d198fedaef82cec34c41260a51964a6\",\"name\":\"Administraci\u00f3 Bisbat de Mallorca\",\"image\":{\"@type\":\"ImageObject\",\"inLanguage\":\"ca\",\"@id\":\"https:\/\/www.bisbatdemallorca.org\/ca\/#\/schema\/person\/image\/\",\"url\":\"https:\/\/secure.gravatar.com\/avatar\/cc0dac0bd15aa6305e120ea8e5b6c12f94c8fe06a53230fa56abffe62cefceb4?s=96&d=mm&r=g\",\"contentUrl\":\"https:\/\/secure.gravatar.com\/avatar\/cc0dac0bd15aa6305e120ea8e5b6c12f94c8fe06a53230fa56abffe62cefceb4?s=96&d=mm&r=g\",\"caption\":\"Administraci\u00f3 Bisbat de Mallorca\"},\"sameAs\":[\"https:\/\/bisbatdemallorca.org\"],\"url\":\"https:\/\/www.bisbatdemallorca.org\/ca\/author\/administraciobisbat\/\"}]}<\/script>\n<!-- \/ Yoast SEO plugin. -->","yoast_head_json":{"title":"La Fundaci\u00f3 Social La Sapi\u00e8ncia celebra el seu 50\u00e8 aniversari reafirmant el seu comprom\u00eds amb la dignitat i l\u2019esperan\u00e7a","robots":{"index":"index","follow":"follow","max-snippet":"max-snippet:-1","max-image-preview":"max-image-preview:large","max-video-preview":"max-video-preview:-1"},"canonical":"https:\/\/www.bisbatdemallorca.org\/ca\/la-fundacio-social-la-sapiencia-celebra-el-seu-50e-aniversari-reafirmant-el-seu-compromis-amb-la-dignitat-i-lesperanca\/","og_locale":"ca_ES","og_type":"article","og_title":"[:ca]La Fundaci\u00f3 Social La Sapi\u00e8ncia celebra el seu 50\u00e8 aniversari reafirmant el seu comprom\u00eds amb la dignitat i l\u2019esperan\u00e7a[:es]La Fundaci\u00f3 Social La Sapi\u00e8ncia celebra su 50\u00ba aniversario reafirmando su compromiso con la dignidad y la esperanza[:] - Bisbat de Mallorca","og_description":"La Fundaci\u00f3 Social La Sapi\u00e8ncia ha celebrat avui l\u2019acte commemoratiu [...]","og_url":"https:\/\/www.bisbatdemallorca.org\/ca\/la-fundacio-social-la-sapiencia-celebra-el-seu-50e-aniversari-reafirmant-el-seu-compromis-amb-la-dignitat-i-lesperanca\/","og_site_name":"Bisbat de Mallorca","article_published_time":"2026-03-11T12:43:53+00:00","article_modified_time":"2026-03-11T13:31:49+00:00","og_image":[{"width":2048,"height":1536,"url":"https:\/\/www.bisbatdemallorca.org\/wp-content\/uploads\/2026\/03\/3-50-Anys-La-Sapiencia.jpg","type":"image\/jpeg"}],"author":"Administraci\u00f3 Bisbat de Mallorca","twitter_card":"summary_large_image","twitter_misc":{"Escrit per":"Administraci\u00f3 Bisbat de Mallorca","Temps estimat de lectura":"5 minuts"},"schema":{"@context":"https:\/\/schema.org","@graph":[{"@type":"Article","@id":"https:\/\/www.bisbatdemallorca.org\/ca\/la-fundacio-social-la-sapiencia-celebra-el-seu-50e-aniversari-reafirmant-el-seu-compromis-amb-la-dignitat-i-lesperanca\/#article","isPartOf":{"@id":"https:\/\/www.bisbatdemallorca.org\/ca\/la-fundacio-social-la-sapiencia-celebra-el-seu-50e-aniversari-reafirmant-el-seu-compromis-amb-la-dignitat-i-lesperanca\/"},"author":{"name":"Administraci\u00f3 Bisbat de Mallorca","@id":"https:\/\/www.bisbatdemallorca.org\/ca\/#\/schema\/person\/9d198fedaef82cec34c41260a51964a6"},"headline":"La Fundaci\u00f3 Social La Sapi\u00e8ncia celebra el seu 50\u00e8 aniversari reafirmant el seu comprom\u00eds amb la dignitat i l\u2019esperan\u00e7a","datePublished":"2026-03-11T12:43:53+00:00","dateModified":"2026-03-11T13:31:49+00:00","mainEntityOfPage":{"@id":"https:\/\/www.bisbatdemallorca.org\/ca\/la-fundacio-social-la-sapiencia-celebra-el-seu-50e-aniversari-reafirmant-el-seu-compromis-amb-la-dignitat-i-lesperanca\/"},"wordCount":2092,"publisher":{"@id":"https:\/\/www.bisbatdemallorca.org\/ca\/#organization"},"image":{"@id":"https:\/\/www.bisbatdemallorca.org\/ca\/la-fundacio-social-la-sapiencia-celebra-el-seu-50e-aniversari-reafirmant-el-seu-compromis-amb-la-dignitat-i-lesperanca\/#primaryimage"},"thumbnailUrl":"https:\/\/www.bisbatdemallorca.org\/wp-content\/uploads\/2026\/03\/3-50-Anys-La-Sapiencia.jpg","articleSection":["Agencia Bal\u00e8ria"],"inLanguage":"ca"},{"@type":"WebPage","@id":"https:\/\/www.bisbatdemallorca.org\/ca\/la-fundacio-social-la-sapiencia-celebra-el-seu-50e-aniversari-reafirmant-el-seu-compromis-amb-la-dignitat-i-lesperanca\/","url":"https:\/\/www.bisbatdemallorca.org\/ca\/la-fundacio-social-la-sapiencia-celebra-el-seu-50e-aniversari-reafirmant-el-seu-compromis-amb-la-dignitat-i-lesperanca\/","name":"La Fundaci\u00f3 Social La Sapi\u00e8ncia celebra el seu 50\u00e8 aniversari reafirmant el seu comprom\u00eds amb la dignitat i l\u2019esperan\u00e7a","isPartOf":{"@id":"https:\/\/www.bisbatdemallorca.org\/ca\/#website"},"primaryImageOfPage":{"@id":"https:\/\/www.bisbatdemallorca.org\/ca\/la-fundacio-social-la-sapiencia-celebra-el-seu-50e-aniversari-reafirmant-el-seu-compromis-amb-la-dignitat-i-lesperanca\/#primaryimage"},"image":{"@id":"https:\/\/www.bisbatdemallorca.org\/ca\/la-fundacio-social-la-sapiencia-celebra-el-seu-50e-aniversari-reafirmant-el-seu-compromis-amb-la-dignitat-i-lesperanca\/#primaryimage"},"thumbnailUrl":"https:\/\/www.bisbatdemallorca.org\/wp-content\/uploads\/2026\/03\/3-50-Anys-La-Sapiencia.jpg","datePublished":"2026-03-11T12:43:53+00:00","dateModified":"2026-03-11T13:31:49+00:00","breadcrumb":{"@id":"https:\/\/www.bisbatdemallorca.org\/ca\/la-fundacio-social-la-sapiencia-celebra-el-seu-50e-aniversari-reafirmant-el-seu-compromis-amb-la-dignitat-i-lesperanca\/#breadcrumb"},"inLanguage":"ca","potentialAction":[{"@type":"ReadAction","target":["https:\/\/www.bisbatdemallorca.org\/ca\/la-fundacio-social-la-sapiencia-celebra-el-seu-50e-aniversari-reafirmant-el-seu-compromis-amb-la-dignitat-i-lesperanca\/"]}]},{"@type":"ImageObject","inLanguage":"ca","@id":"https:\/\/www.bisbatdemallorca.org\/ca\/la-fundacio-social-la-sapiencia-celebra-el-seu-50e-aniversari-reafirmant-el-seu-compromis-amb-la-dignitat-i-lesperanca\/#primaryimage","url":"https:\/\/www.bisbatdemallorca.org\/wp-content\/uploads\/2026\/03\/3-50-Anys-La-Sapiencia.jpg","contentUrl":"https:\/\/www.bisbatdemallorca.org\/wp-content\/uploads\/2026\/03\/3-50-Anys-La-Sapiencia.jpg","width":2048,"height":1536},{"@type":"BreadcrumbList","@id":"https:\/\/www.bisbatdemallorca.org\/ca\/la-fundacio-social-la-sapiencia-celebra-el-seu-50e-aniversari-reafirmant-el-seu-compromis-amb-la-dignitat-i-lesperanca\/#breadcrumb","itemListElement":[{"@type":"ListItem","position":1,"name":"Portada","item":"https:\/\/www.bisbatdemallorca.org\/ca\/"},{"@type":"ListItem","position":2,"name":"La Fundaci\u00f3 Social La Sapi\u00e8ncia celebra el seu 50\u00e8 aniversari reafirmant el seu comprom\u00eds amb la dignitat i l\u2019esperan\u00e7a"}]},{"@type":"WebSite","@id":"https:\/\/www.bisbatdemallorca.org\/ca\/#website","url":"https:\/\/www.bisbatdemallorca.org\/ca\/","name":"Bisbat de Mallorca","description":"Just another WordPress site","publisher":{"@id":"https:\/\/www.bisbatdemallorca.org\/ca\/#organization"},"potentialAction":[{"@type":"SearchAction","target":{"@type":"EntryPoint","urlTemplate":"https:\/\/www.bisbatdemallorca.org\/ca\/?s={search_term_string}"},"query-input":{"@type":"PropertyValueSpecification","valueRequired":true,"valueName":"search_term_string"}}],"inLanguage":"ca"},{"@type":"Organization","@id":"https:\/\/www.bisbatdemallorca.org\/ca\/#organization","name":"Bisbat De Mallorca","url":"https:\/\/www.bisbatdemallorca.org\/ca\/","logo":{"@type":"ImageObject","inLanguage":"ca","@id":"https:\/\/www.bisbatdemallorca.org\/ca\/#\/schema\/logo\/image\/","url":"https:\/\/bisbatdemallorca.org\/wp-content\/uploads\/2022\/04\/Logo_Bisbat-de-Mallorca-scaled.jpeg","contentUrl":"https:\/\/bisbatdemallorca.org\/wp-content\/uploads\/2022\/04\/Logo_Bisbat-de-Mallorca-scaled.jpeg","width":2560,"height":1810,"caption":"Bisbat De Mallorca"},"image":{"@id":"https:\/\/www.bisbatdemallorca.org\/ca\/#\/schema\/logo\/image\/"}},{"@type":"Person","@id":"https:\/\/www.bisbatdemallorca.org\/ca\/#\/schema\/person\/9d198fedaef82cec34c41260a51964a6","name":"Administraci\u00f3 Bisbat de Mallorca","image":{"@type":"ImageObject","inLanguage":"ca","@id":"https:\/\/www.bisbatdemallorca.org\/ca\/#\/schema\/person\/image\/","url":"https:\/\/secure.gravatar.com\/avatar\/cc0dac0bd15aa6305e120ea8e5b6c12f94c8fe06a53230fa56abffe62cefceb4?s=96&d=mm&r=g","contentUrl":"https:\/\/secure.gravatar.com\/avatar\/cc0dac0bd15aa6305e120ea8e5b6c12f94c8fe06a53230fa56abffe62cefceb4?s=96&d=mm&r=g","caption":"Administraci\u00f3 Bisbat de Mallorca"},"sameAs":["https:\/\/bisbatdemallorca.org"],"url":"https:\/\/www.bisbatdemallorca.org\/ca\/author\/administraciobisbat\/"}]}},"_links":{"self":[{"href":"https:\/\/www.bisbatdemallorca.org\/ca\/wp-json\/wp\/v2\/posts\/31722","targetHints":{"allow":["GET"]}}],"collection":[{"href":"https:\/\/www.bisbatdemallorca.org\/ca\/wp-json\/wp\/v2\/posts"}],"about":[{"href":"https:\/\/www.bisbatdemallorca.org\/ca\/wp-json\/wp\/v2\/types\/post"}],"author":[{"embeddable":true,"href":"https:\/\/www.bisbatdemallorca.org\/ca\/wp-json\/wp\/v2\/users\/2"}],"replies":[{"embeddable":true,"href":"https:\/\/www.bisbatdemallorca.org\/ca\/wp-json\/wp\/v2\/comments?post=31722"}],"version-history":[{"count":0,"href":"https:\/\/www.bisbatdemallorca.org\/ca\/wp-json\/wp\/v2\/posts\/31722\/revisions"}],"wp:featuredmedia":[{"embeddable":true,"href":"https:\/\/www.bisbatdemallorca.org\/ca\/wp-json\/wp\/v2\/media\/31725"}],"wp:attachment":[{"href":"https:\/\/www.bisbatdemallorca.org\/ca\/wp-json\/wp\/v2\/media?parent=31722"}],"wp:term":[{"taxonomy":"category","embeddable":true,"href":"https:\/\/www.bisbatdemallorca.org\/ca\/wp-json\/wp\/v2\/categories?post=31722"},{"taxonomy":"post_tag","embeddable":true,"href":"https:\/\/www.bisbatdemallorca.org\/ca\/wp-json\/wp\/v2\/tags?post=31722"}],"curies":[{"name":"wp","href":"https:\/\/api.w.org\/{rel}","templated":true}]}}