{"id":31762,"date":"2026-03-13T13:13:48","date_gmt":"2026-03-13T12:13:48","guid":{"rendered":"https:\/\/www.bisbatdemallorca.org\/ca\/?p=31762"},"modified":"2026-03-13T13:18:02","modified_gmt":"2026-03-13T12:18:02","slug":"joves-universitaris-comparteixen-fe-i-dialeg-amb-una-comunitat-rural","status":"publish","type":"post","link":"https:\/\/www.bisbatdemallorca.org\/ca\/joves-universitaris-comparteixen-fe-i-dialeg-amb-una-comunitat-rural\/","title":{"rendered":"Joves universitaris comparteixen fe i di\u00e0leg amb una comunitat rural"},"content":{"rendered":"<p>Divendres 6 de mar\u00e7, un grup de joves d\u2019Universitaris Cristians va participar en una trobada a la parr\u00f2quia de Montu\u00efri, convidats pel rector de les parr\u00f2quies de Montu\u00efri, Algaida, Vilafranca, Pina i Sant Joan, Mn. Francesc Xavier Riutort.<\/p>\n<p>La jornada va comen\u00e7ar amb la celebraci\u00f3 de l\u2019Eucaristia juntament amb la comunitat parroquial, seguida d\u2019una hora santa d\u2019adoraci\u00f3. Va ser un moment de preg\u00e0ria compartida que va permetre als joves unir-se a la vida espiritual de la parr\u00f2quia i experimentar la riquesa de la fe viscuda en una comunitat local.<\/p>\n<p>Despr\u00e9s, el grup va ser acollit a la rectoria de Pina per compartir un sopar senzill i molt cordial. Durant aquest temps, Mn. Riutort va compartir amb els universitaris la seva experi\u00e8ncia sacerdotal al servei de diverses parr\u00f2quies en l\u2019\u00e0mbit rural. El seu testimoni va permetre als joves con\u00e8ixer m\u00e9s de prop la realitat pastoral d\u2019aquests pobles i els reptes i oportunitats que presenta la vida parroquial.<\/p>\n<p>La trobada tamb\u00e9 va donar lloc a un di\u00e0leg molt interessant. Els estudiants varen poder plantejar preguntes i inquietuds sobre la missi\u00f3 de l\u2019Esgl\u00e9sia avui i sobre el paper que poden tenir els joves dins les comunitats cristianes. La conversa va obrir camins per reflexionar sobre com els universitaris poden col\u00b7laborar m\u00e9s activament en la vida de les parr\u00f2quies, aportant el seu temps, el seu entusiasme i la seva fe.<\/p>\n<p>La iniciativa va ser una ocasi\u00f3 valuosa de trobada entre generacions i realitats diferents dins l\u2019Esgl\u00e9sia, enfortint els lla\u00e7os entre la pastoral universit\u00e0ria i les parr\u00f2quies de la di\u00f2cesi.<\/p>\n","protected":false},"excerpt":{"rendered":"<p>Divendres 6 de mar\u00e7, un grup de joves d\u2019Universitaris Cristians  [&#8230;]<\/p>\n","protected":false},"author":2,"featured_media":31763,"comment_status":"closed","ping_status":"open","sticky":false,"template":"","format":"standard","meta":{"footnotes":""},"categories":[16],"tags":[],"class_list":["post-31762","post","type-post","status-publish","format-standard","has-post-thumbnail","hentry","category-agencia-baleria"],"yoast_head":"<!-- This site is optimized with the Yoast SEO plugin v27.0 - https:\/\/yoast.com\/product\/yoast-seo-wordpress\/ -->\n<title>Joves universitaris comparteixen fe i di\u00e0leg amb una comunitat rural<\/title>\n<meta name=\"robots\" content=\"index, follow, max-snippet:-1, max-image-preview:large, max-video-preview:-1\" \/>\n<link rel=\"canonical\" href=\"https:\/\/www.bisbatdemallorca.org\/ca\/joves-universitaris-comparteixen-fe-i-dialeg-amb-una-comunitat-rural\/\" \/>\n<meta property=\"og:locale\" content=\"ca_ES\" \/>\n<meta property=\"og:locale:alternate\" content=\"en_US\" \/>\n<meta property=\"og:locale:alternate\" content=\"es_ES\" \/>\n<meta property=\"og:type\" content=\"article\" \/>\n<meta property=\"og:title\" content=\"Joves universitaris comparteixen fe i di\u00e0leg amb una comunitat rural\" \/>\n<meta property=\"og:description\" content=\"Divendres 6 de mar\u00e7, un grup de joves d\u2019Universitaris Cristians [...]\" \/>\n<meta property=\"og:url\" content=\"https:\/\/www.bisbatdemallorca.org\/ca\/joves-universitaris-comparteixen-fe-i-dialeg-amb-una-comunitat-rural\/\" \/>\n<meta property=\"og:site_name\" content=\"Bisbat de Mallorca\" \/>\n<meta property=\"article:published_time\" content=\"2026-03-13T12:13:48+00:00\" \/>\n<meta property=\"article:modified_time\" content=\"2026-03-13T12:18:02+00:00\" \/>\n<meta property=\"og:image\" content=\"https:\/\/www.bisbatdemallorca.org\/wp-content\/uploads\/2026\/03\/WhatsApp-Image-2026-03-13-at-11.44.45.jpeg\" \/>\n\t<meta property=\"og:image:width\" content=\"1600\" \/>\n\t<meta property=\"og:image:height\" content=\"1200\" \/>\n\t<meta property=\"og:image:type\" content=\"image\/jpeg\" \/>\n<meta name=\"author\" content=\"Administraci\u00f3 Bisbat de Mallorca\" \/>\n<meta name=\"twitter:card\" content=\"summary_large_image\" \/>\n<meta name=\"twitter:label1\" content=\"Escrit per\" \/>\n\t<meta name=\"twitter:data1\" content=\"Administraci\u00f3 Bisbat de Mallorca\" \/>\n\t<meta name=\"twitter:label2\" content=\"Temps estimat de lectura\" \/>\n\t<meta name=\"twitter:data2\" content=\"1 minut\" \/>\n<script type=\"application\/ld+json\" class=\"yoast-schema-graph\">{\"@context\":\"https:\/\/schema.org\",\"@graph\":[{\"@type\":\"Article\",\"@id\":\"https:\/\/www.bisbatdemallorca.org\/joves-universitaris-comparteixen-fe-i-dialeg-amb-una-comunitat-rural\/#article\",\"isPartOf\":{\"@id\":\"https:\/\/www.bisbatdemallorca.org\/joves-universitaris-comparteixen-fe-i-dialeg-amb-una-comunitat-rural\/\"},\"author\":{\"name\":\"Administraci\u00f3 Bisbat de Mallorca\",\"@id\":\"https:\/\/www.bisbatdemallorca.org\/ca\/#\/schema\/person\/9d198fedaef82cec34c41260a51964a6\"},\"headline\":\"Joves universitaris comparteixen fe i di\u00e0leg amb una comunitat rural\",\"datePublished\":\"2026-03-13T12:13:48+00:00\",\"dateModified\":\"2026-03-13T12:18:02+00:00\",\"mainEntityOfPage\":{\"@id\":\"https:\/\/www.bisbatdemallorca.org\/joves-universitaris-comparteixen-fe-i-dialeg-amb-una-comunitat-rural\/\"},\"wordCount\":583,\"publisher\":{\"@id\":\"https:\/\/www.bisbatdemallorca.org\/ca\/#organization\"},\"image\":{\"@id\":\"https:\/\/www.bisbatdemallorca.org\/joves-universitaris-comparteixen-fe-i-dialeg-amb-una-comunitat-rural\/#primaryimage\"},\"thumbnailUrl\":\"https:\/\/www.bisbatdemallorca.org\/wp-content\/uploads\/2026\/03\/WhatsApp-Image-2026-03-13-at-11.44.45.jpeg\",\"articleSection\":[\"Agencia Bal\u00e8ria\"],\"inLanguage\":\"ca\"},{\"@type\":\"WebPage\",\"@id\":\"https:\/\/www.bisbatdemallorca.org\/joves-universitaris-comparteixen-fe-i-dialeg-amb-una-comunitat-rural\/\",\"url\":\"https:\/\/www.bisbatdemallorca.org\/joves-universitaris-comparteixen-fe-i-dialeg-amb-una-comunitat-rural\/\",\"name\":\"Joves universitaris comparteixen fe i di\u00e0leg amb una comunitat rural\",\"isPartOf\":{\"@id\":\"https:\/\/www.bisbatdemallorca.org\/ca\/#website\"},\"primaryImageOfPage\":{\"@id\":\"https:\/\/www.bisbatdemallorca.org\/joves-universitaris-comparteixen-fe-i-dialeg-amb-una-comunitat-rural\/#primaryimage\"},\"image\":{\"@id\":\"https:\/\/www.bisbatdemallorca.org\/joves-universitaris-comparteixen-fe-i-dialeg-amb-una-comunitat-rural\/#primaryimage\"},\"thumbnailUrl\":\"https:\/\/www.bisbatdemallorca.org\/wp-content\/uploads\/2026\/03\/WhatsApp-Image-2026-03-13-at-11.44.45.jpeg\",\"datePublished\":\"2026-03-13T12:13:48+00:00\",\"dateModified\":\"2026-03-13T12:18:02+00:00\",\"breadcrumb\":{\"@id\":\"https:\/\/www.bisbatdemallorca.org\/joves-universitaris-comparteixen-fe-i-dialeg-amb-una-comunitat-rural\/#breadcrumb\"},\"inLanguage\":\"ca\",\"potentialAction\":[{\"@type\":\"ReadAction\",\"target\":[\"https:\/\/www.bisbatdemallorca.org\/joves-universitaris-comparteixen-fe-i-dialeg-amb-una-comunitat-rural\/\"]}]},{\"@type\":\"ImageObject\",\"inLanguage\":\"ca\",\"@id\":\"https:\/\/www.bisbatdemallorca.org\/joves-universitaris-comparteixen-fe-i-dialeg-amb-una-comunitat-rural\/#primaryimage\",\"url\":\"https:\/\/www.bisbatdemallorca.org\/wp-content\/uploads\/2026\/03\/WhatsApp-Image-2026-03-13-at-11.44.45.jpeg\",\"contentUrl\":\"https:\/\/www.bisbatdemallorca.org\/wp-content\/uploads\/2026\/03\/WhatsApp-Image-2026-03-13-at-11.44.45.jpeg\",\"width\":1600,\"height\":1200},{\"@type\":\"BreadcrumbList\",\"@id\":\"https:\/\/www.bisbatdemallorca.org\/joves-universitaris-comparteixen-fe-i-dialeg-amb-una-comunitat-rural\/#breadcrumb\",\"itemListElement\":[{\"@type\":\"ListItem\",\"position\":1,\"name\":\"Portada\",\"item\":\"https:\/\/www.bisbatdemallorca.org\/ca\/\"},{\"@type\":\"ListItem\",\"position\":2,\"name\":\"J\u00f3venes universitarios comparten fe y di\u00e1logo con una comunidad rural\"}]},{\"@type\":\"WebSite\",\"@id\":\"https:\/\/www.bisbatdemallorca.org\/ca\/#website\",\"url\":\"https:\/\/www.bisbatdemallorca.org\/ca\/\",\"name\":\"Bisbat de Mallorca\",\"description\":\"Just another WordPress site\",\"publisher\":{\"@id\":\"https:\/\/www.bisbatdemallorca.org\/ca\/#organization\"},\"potentialAction\":[{\"@type\":\"SearchAction\",\"target\":{\"@type\":\"EntryPoint\",\"urlTemplate\":\"https:\/\/www.bisbatdemallorca.org\/ca\/?s={search_term_string}\"},\"query-input\":{\"@type\":\"PropertyValueSpecification\",\"valueRequired\":true,\"valueName\":\"search_term_string\"}}],\"inLanguage\":\"ca\"},{\"@type\":\"Organization\",\"@id\":\"https:\/\/www.bisbatdemallorca.org\/ca\/#organization\",\"name\":\"Bisbat De Mallorca\",\"url\":\"https:\/\/www.bisbatdemallorca.org\/ca\/\",\"logo\":{\"@type\":\"ImageObject\",\"inLanguage\":\"ca\",\"@id\":\"https:\/\/www.bisbatdemallorca.org\/ca\/#\/schema\/logo\/image\/\",\"url\":\"https:\/\/bisbatdemallorca.org\/wp-content\/uploads\/2022\/04\/Logo_Bisbat-de-Mallorca-scaled.jpeg\",\"contentUrl\":\"https:\/\/bisbatdemallorca.org\/wp-content\/uploads\/2022\/04\/Logo_Bisbat-de-Mallorca-scaled.jpeg\",\"width\":2560,\"height\":1810,\"caption\":\"Bisbat De Mallorca\"},\"image\":{\"@id\":\"https:\/\/www.bisbatdemallorca.org\/ca\/#\/schema\/logo\/image\/\"}},{\"@type\":\"Person\",\"@id\":\"https:\/\/www.bisbatdemallorca.org\/ca\/#\/schema\/person\/9d198fedaef82cec34c41260a51964a6\",\"name\":\"Administraci\u00f3 Bisbat de Mallorca\",\"image\":{\"@type\":\"ImageObject\",\"inLanguage\":\"ca\",\"@id\":\"https:\/\/www.bisbatdemallorca.org\/ca\/#\/schema\/person\/image\/\",\"url\":\"https:\/\/secure.gravatar.com\/avatar\/cc0dac0bd15aa6305e120ea8e5b6c12f94c8fe06a53230fa56abffe62cefceb4?s=96&d=mm&r=g\",\"contentUrl\":\"https:\/\/secure.gravatar.com\/avatar\/cc0dac0bd15aa6305e120ea8e5b6c12f94c8fe06a53230fa56abffe62cefceb4?s=96&d=mm&r=g\",\"caption\":\"Administraci\u00f3 Bisbat de Mallorca\"},\"sameAs\":[\"https:\/\/bisbatdemallorca.org\"],\"url\":\"https:\/\/www.bisbatdemallorca.org\/ca\/author\/administraciobisbat\/\"}]}<\/script>\n<!-- \/ Yoast SEO plugin. -->","yoast_head_json":{"title":"Joves universitaris comparteixen fe i di\u00e0leg amb una comunitat rural","robots":{"index":"index","follow":"follow","max-snippet":"max-snippet:-1","max-image-preview":"max-image-preview:large","max-video-preview":"max-video-preview:-1"},"canonical":"https:\/\/www.bisbatdemallorca.org\/ca\/joves-universitaris-comparteixen-fe-i-dialeg-amb-una-comunitat-rural\/","og_locale":"ca_ES","og_type":"article","og_title":"[:ca]Joves universitaris comparteixen fe i di\u00e0leg amb una comunitat rural[:es]J\u00f3venes universitarios comparten fe y di\u00e1logo con una comunidad rural[:] - Bisbat de Mallorca","og_description":"Divendres 6 de mar\u00e7, un grup de joves d\u2019Universitaris Cristians [...]","og_url":"https:\/\/www.bisbatdemallorca.org\/ca\/joves-universitaris-comparteixen-fe-i-dialeg-amb-una-comunitat-rural\/","og_site_name":"Bisbat de Mallorca","article_published_time":"2026-03-13T12:13:48+00:00","article_modified_time":"2026-03-13T12:18:02+00:00","og_image":[{"width":1600,"height":1200,"url":"https:\/\/www.bisbatdemallorca.org\/wp-content\/uploads\/2026\/03\/WhatsApp-Image-2026-03-13-at-11.44.45.jpeg","type":"image\/jpeg"}],"author":"Administraci\u00f3 Bisbat de Mallorca","twitter_card":"summary_large_image","twitter_misc":{"Escrit per":"Administraci\u00f3 Bisbat de Mallorca","Temps estimat de lectura":"1 minut"},"schema":{"@context":"https:\/\/schema.org","@graph":[{"@type":"Article","@id":"https:\/\/www.bisbatdemallorca.org\/joves-universitaris-comparteixen-fe-i-dialeg-amb-una-comunitat-rural\/#article","isPartOf":{"@id":"https:\/\/www.bisbatdemallorca.org\/joves-universitaris-comparteixen-fe-i-dialeg-amb-una-comunitat-rural\/"},"author":{"name":"Administraci\u00f3 Bisbat de Mallorca","@id":"https:\/\/www.bisbatdemallorca.org\/ca\/#\/schema\/person\/9d198fedaef82cec34c41260a51964a6"},"headline":"Joves universitaris comparteixen fe i di\u00e0leg amb una comunitat rural","datePublished":"2026-03-13T12:13:48+00:00","dateModified":"2026-03-13T12:18:02+00:00","mainEntityOfPage":{"@id":"https:\/\/www.bisbatdemallorca.org\/joves-universitaris-comparteixen-fe-i-dialeg-amb-una-comunitat-rural\/"},"wordCount":583,"publisher":{"@id":"https:\/\/www.bisbatdemallorca.org\/ca\/#organization"},"image":{"@id":"https:\/\/www.bisbatdemallorca.org\/joves-universitaris-comparteixen-fe-i-dialeg-amb-una-comunitat-rural\/#primaryimage"},"thumbnailUrl":"https:\/\/www.bisbatdemallorca.org\/wp-content\/uploads\/2026\/03\/WhatsApp-Image-2026-03-13-at-11.44.45.jpeg","articleSection":["Agencia Bal\u00e8ria"],"inLanguage":"ca"},{"@type":"WebPage","@id":"https:\/\/www.bisbatdemallorca.org\/joves-universitaris-comparteixen-fe-i-dialeg-amb-una-comunitat-rural\/","url":"https:\/\/www.bisbatdemallorca.org\/joves-universitaris-comparteixen-fe-i-dialeg-amb-una-comunitat-rural\/","name":"Joves universitaris comparteixen fe i di\u00e0leg amb una comunitat rural","isPartOf":{"@id":"https:\/\/www.bisbatdemallorca.org\/ca\/#website"},"primaryImageOfPage":{"@id":"https:\/\/www.bisbatdemallorca.org\/joves-universitaris-comparteixen-fe-i-dialeg-amb-una-comunitat-rural\/#primaryimage"},"image":{"@id":"https:\/\/www.bisbatdemallorca.org\/joves-universitaris-comparteixen-fe-i-dialeg-amb-una-comunitat-rural\/#primaryimage"},"thumbnailUrl":"https:\/\/www.bisbatdemallorca.org\/wp-content\/uploads\/2026\/03\/WhatsApp-Image-2026-03-13-at-11.44.45.jpeg","datePublished":"2026-03-13T12:13:48+00:00","dateModified":"2026-03-13T12:18:02+00:00","breadcrumb":{"@id":"https:\/\/www.bisbatdemallorca.org\/joves-universitaris-comparteixen-fe-i-dialeg-amb-una-comunitat-rural\/#breadcrumb"},"inLanguage":"ca","potentialAction":[{"@type":"ReadAction","target":["https:\/\/www.bisbatdemallorca.org\/joves-universitaris-comparteixen-fe-i-dialeg-amb-una-comunitat-rural\/"]}]},{"@type":"ImageObject","inLanguage":"ca","@id":"https:\/\/www.bisbatdemallorca.org\/joves-universitaris-comparteixen-fe-i-dialeg-amb-una-comunitat-rural\/#primaryimage","url":"https:\/\/www.bisbatdemallorca.org\/wp-content\/uploads\/2026\/03\/WhatsApp-Image-2026-03-13-at-11.44.45.jpeg","contentUrl":"https:\/\/www.bisbatdemallorca.org\/wp-content\/uploads\/2026\/03\/WhatsApp-Image-2026-03-13-at-11.44.45.jpeg","width":1600,"height":1200},{"@type":"BreadcrumbList","@id":"https:\/\/www.bisbatdemallorca.org\/joves-universitaris-comparteixen-fe-i-dialeg-amb-una-comunitat-rural\/#breadcrumb","itemListElement":[{"@type":"ListItem","position":1,"name":"Portada","item":"https:\/\/www.bisbatdemallorca.org\/ca\/"},{"@type":"ListItem","position":2,"name":"J\u00f3venes universitarios comparten fe y di\u00e1logo con una comunidad rural"}]},{"@type":"WebSite","@id":"https:\/\/www.bisbatdemallorca.org\/ca\/#website","url":"https:\/\/www.bisbatdemallorca.org\/ca\/","name":"Bisbat de Mallorca","description":"Just another WordPress site","publisher":{"@id":"https:\/\/www.bisbatdemallorca.org\/ca\/#organization"},"potentialAction":[{"@type":"SearchAction","target":{"@type":"EntryPoint","urlTemplate":"https:\/\/www.bisbatdemallorca.org\/ca\/?s={search_term_string}"},"query-input":{"@type":"PropertyValueSpecification","valueRequired":true,"valueName":"search_term_string"}}],"inLanguage":"ca"},{"@type":"Organization","@id":"https:\/\/www.bisbatdemallorca.org\/ca\/#organization","name":"Bisbat De Mallorca","url":"https:\/\/www.bisbatdemallorca.org\/ca\/","logo":{"@type":"ImageObject","inLanguage":"ca","@id":"https:\/\/www.bisbatdemallorca.org\/ca\/#\/schema\/logo\/image\/","url":"https:\/\/bisbatdemallorca.org\/wp-content\/uploads\/2022\/04\/Logo_Bisbat-de-Mallorca-scaled.jpeg","contentUrl":"https:\/\/bisbatdemallorca.org\/wp-content\/uploads\/2022\/04\/Logo_Bisbat-de-Mallorca-scaled.jpeg","width":2560,"height":1810,"caption":"Bisbat De Mallorca"},"image":{"@id":"https:\/\/www.bisbatdemallorca.org\/ca\/#\/schema\/logo\/image\/"}},{"@type":"Person","@id":"https:\/\/www.bisbatdemallorca.org\/ca\/#\/schema\/person\/9d198fedaef82cec34c41260a51964a6","name":"Administraci\u00f3 Bisbat de Mallorca","image":{"@type":"ImageObject","inLanguage":"ca","@id":"https:\/\/www.bisbatdemallorca.org\/ca\/#\/schema\/person\/image\/","url":"https:\/\/secure.gravatar.com\/avatar\/cc0dac0bd15aa6305e120ea8e5b6c12f94c8fe06a53230fa56abffe62cefceb4?s=96&d=mm&r=g","contentUrl":"https:\/\/secure.gravatar.com\/avatar\/cc0dac0bd15aa6305e120ea8e5b6c12f94c8fe06a53230fa56abffe62cefceb4?s=96&d=mm&r=g","caption":"Administraci\u00f3 Bisbat de Mallorca"},"sameAs":["https:\/\/bisbatdemallorca.org"],"url":"https:\/\/www.bisbatdemallorca.org\/ca\/author\/administraciobisbat\/"}]}},"_links":{"self":[{"href":"https:\/\/www.bisbatdemallorca.org\/ca\/wp-json\/wp\/v2\/posts\/31762","targetHints":{"allow":["GET"]}}],"collection":[{"href":"https:\/\/www.bisbatdemallorca.org\/ca\/wp-json\/wp\/v2\/posts"}],"about":[{"href":"https:\/\/www.bisbatdemallorca.org\/ca\/wp-json\/wp\/v2\/types\/post"}],"author":[{"embeddable":true,"href":"https:\/\/www.bisbatdemallorca.org\/ca\/wp-json\/wp\/v2\/users\/2"}],"replies":[{"embeddable":true,"href":"https:\/\/www.bisbatdemallorca.org\/ca\/wp-json\/wp\/v2\/comments?post=31762"}],"version-history":[{"count":0,"href":"https:\/\/www.bisbatdemallorca.org\/ca\/wp-json\/wp\/v2\/posts\/31762\/revisions"}],"wp:featuredmedia":[{"embeddable":true,"href":"https:\/\/www.bisbatdemallorca.org\/ca\/wp-json\/wp\/v2\/media\/31763"}],"wp:attachment":[{"href":"https:\/\/www.bisbatdemallorca.org\/ca\/wp-json\/wp\/v2\/media?parent=31762"}],"wp:term":[{"taxonomy":"category","embeddable":true,"href":"https:\/\/www.bisbatdemallorca.org\/ca\/wp-json\/wp\/v2\/categories?post=31762"},{"taxonomy":"post_tag","embeddable":true,"href":"https:\/\/www.bisbatdemallorca.org\/ca\/wp-json\/wp\/v2\/tags?post=31762"}],"curies":[{"name":"wp","href":"https:\/\/api.w.org\/{rel}","templated":true}]}}