{"id":31768,"date":"2026-03-16T13:56:44","date_gmt":"2026-03-16T12:56:44","guid":{"rendered":"https:\/\/www.bisbatdemallorca.org\/ca\/?p=31768"},"modified":"2026-03-16T14:09:15","modified_gmt":"2026-03-16T13:09:15","slug":"el-bisbat-de-mallorca-es-reuneix-amb-representants-institucionals-per-col%c2%b7laborar-en-el-reallotjament-de-persones-de-lantiga-preso-de-palma","status":"publish","type":"post","link":"https:\/\/www.bisbatdemallorca.org\/ca\/el-bisbat-de-mallorca-es-reuneix-amb-representants-institucionals-per-col%c2%b7laborar-en-el-reallotjament-de-persones-de-lantiga-preso-de-palma\/","title":{"rendered":"El Bisbat de Mallorca es reuneix amb representants institucionals per col\u00b7laborar en el reallotjament de persones de l\u2019antiga pres\u00f3 de Palma"},"content":{"rendered":"<p data-start=\"303\" data-end=\"619\">El passat dissabte, 14 de mar\u00e7, el bisbe de Mallorca, Mons. Sebasti\u00e0 Taltavull, va rebre al Palau Episcopal representants de diverses institucions p\u00fabliques amb l\u2019objectiu d\u2019abordar possibles vies de col\u00b7laboraci\u00f3 per al reallotjament de les persones que actualment resideixen a l\u2019edifici de l\u2019antiga pres\u00f3 de Palma.<\/p>\n<p data-start=\"621\" data-end=\"913\">A la invitaci\u00f3 del bisbe hi assistiren els tinents de batle de l\u2019Ajuntament de Palma, Javier Bonet i Lourdes Roca; el conseller de Benestar Social del Consell de Mallorca, Guillermo S\u00e1nchez; i la directora general de Benestar Social del Govern de les Illes Balears, Marina\u00a0 Fiscaletti.<\/p>\n<p data-start=\"915\" data-end=\"1297\">Per part del Bisbat acompanyaren el bisbe els responsables de l\u2019\u00c0rea Caritativa i Social, encap\u00e7alats per la delegada Catalina Mir, aix\u00ed com representants de diverses entitats de l\u2019Esgl\u00e9sia que desenvolupen la seva tasca en l\u2019\u00e0mbit social: C\u00e0ritas Mallorca, La Sapi\u00e8ncia, Sojorn, la Delegaci\u00f3 de Migracions i Just\u00edcia i Pau. Tamb\u00e9 hi fou present l\u2019ec\u00f2nom del Bisbat, Miquel Noguera.<\/p>\n<p data-start=\"1299\" data-end=\"1658\">Durant la reuni\u00f3, el Bisbat de Mallorca va manifestar la seva disposici\u00f3 a col\u00b7laborar amb les administracions p\u00fabliques davant la situaci\u00f3 de les persones que hauran d\u2019abandonar l\u2019edifici de l\u2019antiga pres\u00f3. En aquest sentit, es posaren damunt la taula diferents espais i recursos que podrien contribuir a l\u2019allotjament temporal d\u2019algunes d\u2019aquestes persones.<\/p>\n<p data-start=\"1660\" data-end=\"2088\">No obstant aix\u00f2, el comprom\u00eds assumit per totes les parts \u00e9s estudiar cada situaci\u00f3 de manera individualitzada, amb la finalitat d\u2019oferir respostes adequades a les necessitats concretes de cada persona i coordinar l\u2019actuaci\u00f3 entre les institucions p\u00fabliques i les entitats socials. Aix\u00ed mateix, es va subratllar la necessitat d\u2019analitzar possibles mesures que permetin donar resposta a curt termini a les situacions m\u00e9s urgents. El bisbe de Mallorca va subratllar la import\u00e0ncia d\u2019afrontar aquesta situaci\u00f3 des del respecte a la dignitat de totes les persones afectades.<\/p>\n<p>Durant la trobada tamb\u00e9 es va posar en valor la tasca que des de fa anys duen a terme les entitats socials de l\u2019Esgl\u00e9sia a Mallorca en l\u2019atenci\u00f3 i l\u2019acompanyament de persones en situaci\u00f3 de vulnerabilitat. En aquest context, es va plantejar la conveni\u00e8ncia d\u2019establir un espai de coordinaci\u00f3 o una comissi\u00f3 permanent de treball en l\u2019\u00e0mbit social entre les administracions p\u00fabliques i les entitats de la Di\u00f2cesi, amb la finalitat de facilitar la col\u00b7laboraci\u00f3 institucional i articular respostes conjuntes.<\/p>\n<p data-start=\"2740\" data-end=\"3109\">El Bisbat de Mallorca agraeix l\u2019amabilitat i el clima de di\u00e0leg constructiu mantingut durant la reuni\u00f3 i reitera la seva voluntat de continuar col\u00b7laborant amb les administracions per donar una resposta solid\u00e0ria i coordinada a aquesta situaci\u00f3, a trav\u00e9s de la seva \u00c0rea Caritativa i Social i de les entitats eclesials que treballen en l\u2019atenci\u00f3 a persones vulnerables.<\/p>\n<p>&nbsp;<\/p>\n","protected":false},"excerpt":{"rendered":"<p>El passat dissabte, 14 de mar\u00e7, el bisbe de Mallorca,  [&#8230;]<\/p>\n","protected":false},"author":2,"featured_media":31772,"comment_status":"closed","ping_status":"open","sticky":false,"template":"","format":"standard","meta":{"footnotes":""},"categories":[16],"tags":[],"class_list":["post-31768","post","type-post","status-publish","format-standard","has-post-thumbnail","hentry","category-agencia-baleria"],"yoast_head":"<!-- This site is optimized with the Yoast SEO plugin v27.0 - https:\/\/yoast.com\/product\/yoast-seo-wordpress\/ -->\n<title>El Bisbat de Mallorca es reuneix amb representants institucionals per col\u00b7laborar en el reallotjament de persones de l\u2019antiga pres\u00f3 de Palma<\/title>\n<meta name=\"robots\" content=\"index, follow, max-snippet:-1, max-image-preview:large, max-video-preview:-1\" \/>\n<link rel=\"canonical\" href=\"https:\/\/www.bisbatdemallorca.org\/ca\/el-bisbat-de-mallorca-es-reuneix-amb-representants-institucionals-per-col\u00b7laborar-en-el-reallotjament-de-persones-de-lantiga-preso-de-palma\/\" \/>\n<meta property=\"og:locale\" content=\"ca_ES\" \/>\n<meta property=\"og:locale:alternate\" content=\"en_US\" \/>\n<meta property=\"og:locale:alternate\" content=\"es_ES\" \/>\n<meta property=\"og:type\" content=\"article\" \/>\n<meta property=\"og:title\" content=\"El Bisbat de Mallorca es reuneix amb representants institucionals per col\u00b7laborar en el reallotjament de persones de l\u2019antiga pres\u00f3 de Palma\" \/>\n<meta property=\"og:description\" content=\"El passat dissabte, 14 de mar\u00e7, el bisbe de Mallorca, [...]\" \/>\n<meta property=\"og:url\" content=\"https:\/\/www.bisbatdemallorca.org\/ca\/el-bisbat-de-mallorca-es-reuneix-amb-representants-institucionals-per-col\u00b7laborar-en-el-reallotjament-de-persones-de-lantiga-preso-de-palma\/\" \/>\n<meta property=\"og:site_name\" content=\"Bisbat de Mallorca\" \/>\n<meta property=\"article:published_time\" content=\"2026-03-16T12:56:44+00:00\" \/>\n<meta property=\"article:modified_time\" content=\"2026-03-16T13:09:15+00:00\" \/>\n<meta property=\"og:image\" content=\"https:\/\/www.bisbatdemallorca.org\/wp-content\/uploads\/2026\/03\/1-Reunion-Servicios-Sociales-140326.jpeg\" \/>\n\t<meta property=\"og:image:width\" content=\"1600\" \/>\n\t<meta property=\"og:image:height\" content=\"1200\" \/>\n\t<meta property=\"og:image:type\" content=\"image\/jpeg\" \/>\n<meta name=\"author\" content=\"Administraci\u00f3 Bisbat de Mallorca\" \/>\n<meta name=\"twitter:card\" content=\"summary_large_image\" \/>\n<meta name=\"twitter:label1\" content=\"Escrit per\" \/>\n\t<meta name=\"twitter:data1\" content=\"Administraci\u00f3 Bisbat de Mallorca\" \/>\n\t<meta name=\"twitter:label2\" content=\"Temps estimat de lectura\" \/>\n\t<meta name=\"twitter:data2\" content=\"3 minuts\" \/>\n<script type=\"application\/ld+json\" class=\"yoast-schema-graph\">{\"@context\":\"https:\/\/schema.org\",\"@graph\":[{\"@type\":\"Article\",\"@id\":\"https:\/\/www.bisbatdemallorca.org\/el-bisbat-de-mallorca-es-reuneix-amb-representants-institucionals-per-col%c2%b7laborar-en-el-reallotjament-de-persones-de-lantiga-preso-de-palma\/#article\",\"isPartOf\":{\"@id\":\"https:\/\/www.bisbatdemallorca.org\/el-bisbat-de-mallorca-es-reuneix-amb-representants-institucionals-per-col%c2%b7laborar-en-el-reallotjament-de-persones-de-lantiga-preso-de-palma\/\"},\"author\":{\"name\":\"Administraci\u00f3 Bisbat de Mallorca\",\"@id\":\"https:\/\/www.bisbatdemallorca.org\/ca\/#\/schema\/person\/9d198fedaef82cec34c41260a51964a6\"},\"headline\":\"El Bisbat de Mallorca es reuneix amb representants institucionals per col\u00b7laborar en el reallotjament de persones de l\u2019antiga pres\u00f3 de Palma\",\"datePublished\":\"2026-03-16T12:56:44+00:00\",\"dateModified\":\"2026-03-16T13:09:15+00:00\",\"mainEntityOfPage\":{\"@id\":\"https:\/\/www.bisbatdemallorca.org\/el-bisbat-de-mallorca-es-reuneix-amb-representants-institucionals-per-col%c2%b7laborar-en-el-reallotjament-de-persones-de-lantiga-preso-de-palma\/\"},\"wordCount\":994,\"publisher\":{\"@id\":\"https:\/\/www.bisbatdemallorca.org\/ca\/#organization\"},\"image\":{\"@id\":\"https:\/\/www.bisbatdemallorca.org\/el-bisbat-de-mallorca-es-reuneix-amb-representants-institucionals-per-col%c2%b7laborar-en-el-reallotjament-de-persones-de-lantiga-preso-de-palma\/#primaryimage\"},\"thumbnailUrl\":\"https:\/\/www.bisbatdemallorca.org\/wp-content\/uploads\/2026\/03\/1-Reunion-Servicios-Sociales-140326.jpeg\",\"articleSection\":[\"Agencia Bal\u00e8ria\"],\"inLanguage\":\"ca\"},{\"@type\":\"WebPage\",\"@id\":\"https:\/\/www.bisbatdemallorca.org\/el-bisbat-de-mallorca-es-reuneix-amb-representants-institucionals-per-col%c2%b7laborar-en-el-reallotjament-de-persones-de-lantiga-preso-de-palma\/\",\"url\":\"https:\/\/www.bisbatdemallorca.org\/el-bisbat-de-mallorca-es-reuneix-amb-representants-institucionals-per-col%c2%b7laborar-en-el-reallotjament-de-persones-de-lantiga-preso-de-palma\/\",\"name\":\"El Bisbat de Mallorca es reuneix amb representants institucionals per col\u00b7laborar en el reallotjament de persones de l\u2019antiga pres\u00f3 de Palma\",\"isPartOf\":{\"@id\":\"https:\/\/www.bisbatdemallorca.org\/ca\/#website\"},\"primaryImageOfPage\":{\"@id\":\"https:\/\/www.bisbatdemallorca.org\/el-bisbat-de-mallorca-es-reuneix-amb-representants-institucionals-per-col%c2%b7laborar-en-el-reallotjament-de-persones-de-lantiga-preso-de-palma\/#primaryimage\"},\"image\":{\"@id\":\"https:\/\/www.bisbatdemallorca.org\/el-bisbat-de-mallorca-es-reuneix-amb-representants-institucionals-per-col%c2%b7laborar-en-el-reallotjament-de-persones-de-lantiga-preso-de-palma\/#primaryimage\"},\"thumbnailUrl\":\"https:\/\/www.bisbatdemallorca.org\/wp-content\/uploads\/2026\/03\/1-Reunion-Servicios-Sociales-140326.jpeg\",\"datePublished\":\"2026-03-16T12:56:44+00:00\",\"dateModified\":\"2026-03-16T13:09:15+00:00\",\"breadcrumb\":{\"@id\":\"https:\/\/www.bisbatdemallorca.org\/el-bisbat-de-mallorca-es-reuneix-amb-representants-institucionals-per-col%c2%b7laborar-en-el-reallotjament-de-persones-de-lantiga-preso-de-palma\/#breadcrumb\"},\"inLanguage\":\"ca\",\"potentialAction\":[{\"@type\":\"ReadAction\",\"target\":[\"https:\/\/www.bisbatdemallorca.org\/el-bisbat-de-mallorca-es-reuneix-amb-representants-institucionals-per-col%c2%b7laborar-en-el-reallotjament-de-persones-de-lantiga-preso-de-palma\/\"]}]},{\"@type\":\"ImageObject\",\"inLanguage\":\"ca\",\"@id\":\"https:\/\/www.bisbatdemallorca.org\/el-bisbat-de-mallorca-es-reuneix-amb-representants-institucionals-per-col%c2%b7laborar-en-el-reallotjament-de-persones-de-lantiga-preso-de-palma\/#primaryimage\",\"url\":\"https:\/\/www.bisbatdemallorca.org\/wp-content\/uploads\/2026\/03\/1-Reunion-Servicios-Sociales-140326.jpeg\",\"contentUrl\":\"https:\/\/www.bisbatdemallorca.org\/wp-content\/uploads\/2026\/03\/1-Reunion-Servicios-Sociales-140326.jpeg\",\"width\":1600,\"height\":1200},{\"@type\":\"BreadcrumbList\",\"@id\":\"https:\/\/www.bisbatdemallorca.org\/el-bisbat-de-mallorca-es-reuneix-amb-representants-institucionals-per-col%c2%b7laborar-en-el-reallotjament-de-persones-de-lantiga-preso-de-palma\/#breadcrumb\",\"itemListElement\":[{\"@type\":\"ListItem\",\"position\":1,\"name\":\"Portada\",\"item\":\"https:\/\/www.bisbatdemallorca.org\/ca\/\"},{\"@type\":\"ListItem\",\"position\":2,\"name\":\"El Obispado de Mallorca se re\u00fane con representantes institucionales para colaborar en el realojo de personas de la antigua prisi\u00f3n de Palma\"}]},{\"@type\":\"WebSite\",\"@id\":\"https:\/\/www.bisbatdemallorca.org\/ca\/#website\",\"url\":\"https:\/\/www.bisbatdemallorca.org\/ca\/\",\"name\":\"Bisbat de Mallorca\",\"description\":\"Just another WordPress site\",\"publisher\":{\"@id\":\"https:\/\/www.bisbatdemallorca.org\/ca\/#organization\"},\"potentialAction\":[{\"@type\":\"SearchAction\",\"target\":{\"@type\":\"EntryPoint\",\"urlTemplate\":\"https:\/\/www.bisbatdemallorca.org\/ca\/?s={search_term_string}\"},\"query-input\":{\"@type\":\"PropertyValueSpecification\",\"valueRequired\":true,\"valueName\":\"search_term_string\"}}],\"inLanguage\":\"ca\"},{\"@type\":\"Organization\",\"@id\":\"https:\/\/www.bisbatdemallorca.org\/ca\/#organization\",\"name\":\"Bisbat De Mallorca\",\"url\":\"https:\/\/www.bisbatdemallorca.org\/ca\/\",\"logo\":{\"@type\":\"ImageObject\",\"inLanguage\":\"ca\",\"@id\":\"https:\/\/www.bisbatdemallorca.org\/ca\/#\/schema\/logo\/image\/\",\"url\":\"https:\/\/bisbatdemallorca.org\/wp-content\/uploads\/2022\/04\/Logo_Bisbat-de-Mallorca-scaled.jpeg\",\"contentUrl\":\"https:\/\/bisbatdemallorca.org\/wp-content\/uploads\/2022\/04\/Logo_Bisbat-de-Mallorca-scaled.jpeg\",\"width\":2560,\"height\":1810,\"caption\":\"Bisbat De Mallorca\"},\"image\":{\"@id\":\"https:\/\/www.bisbatdemallorca.org\/ca\/#\/schema\/logo\/image\/\"}},{\"@type\":\"Person\",\"@id\":\"https:\/\/www.bisbatdemallorca.org\/ca\/#\/schema\/person\/9d198fedaef82cec34c41260a51964a6\",\"name\":\"Administraci\u00f3 Bisbat de Mallorca\",\"image\":{\"@type\":\"ImageObject\",\"inLanguage\":\"ca\",\"@id\":\"https:\/\/www.bisbatdemallorca.org\/ca\/#\/schema\/person\/image\/\",\"url\":\"https:\/\/secure.gravatar.com\/avatar\/cc0dac0bd15aa6305e120ea8e5b6c12f94c8fe06a53230fa56abffe62cefceb4?s=96&d=mm&r=g\",\"contentUrl\":\"https:\/\/secure.gravatar.com\/avatar\/cc0dac0bd15aa6305e120ea8e5b6c12f94c8fe06a53230fa56abffe62cefceb4?s=96&d=mm&r=g\",\"caption\":\"Administraci\u00f3 Bisbat de Mallorca\"},\"sameAs\":[\"https:\/\/bisbatdemallorca.org\"],\"url\":\"https:\/\/www.bisbatdemallorca.org\/ca\/author\/administraciobisbat\/\"}]}<\/script>\n<!-- \/ Yoast SEO plugin. -->","yoast_head_json":{"title":"El Bisbat de Mallorca es reuneix amb representants institucionals per col\u00b7laborar en el reallotjament de persones de l\u2019antiga pres\u00f3 de Palma","robots":{"index":"index","follow":"follow","max-snippet":"max-snippet:-1","max-image-preview":"max-image-preview:large","max-video-preview":"max-video-preview:-1"},"canonical":"https:\/\/www.bisbatdemallorca.org\/ca\/el-bisbat-de-mallorca-es-reuneix-amb-representants-institucionals-per-col\u00b7laborar-en-el-reallotjament-de-persones-de-lantiga-preso-de-palma\/","og_locale":"ca_ES","og_type":"article","og_title":"[:ca]El Bisbat de Mallorca es reuneix amb representants institucionals per col\u00b7laborar en el reallotjament de persones de l\u2019antiga pres\u00f3 de Palma[:es]El Obispado de Mallorca se re\u00fane con representantes institucionales para colaborar en el realojo de personas de la antigua prisi\u00f3n de Palma[:] - Bisbat de Mallorca","og_description":"El passat dissabte, 14 de mar\u00e7, el bisbe de Mallorca, [...]","og_url":"https:\/\/www.bisbatdemallorca.org\/ca\/el-bisbat-de-mallorca-es-reuneix-amb-representants-institucionals-per-col\u00b7laborar-en-el-reallotjament-de-persones-de-lantiga-preso-de-palma\/","og_site_name":"Bisbat de Mallorca","article_published_time":"2026-03-16T12:56:44+00:00","article_modified_time":"2026-03-16T13:09:15+00:00","og_image":[{"width":1600,"height":1200,"url":"https:\/\/www.bisbatdemallorca.org\/wp-content\/uploads\/2026\/03\/1-Reunion-Servicios-Sociales-140326.jpeg","type":"image\/jpeg"}],"author":"Administraci\u00f3 Bisbat de Mallorca","twitter_card":"summary_large_image","twitter_misc":{"Escrit per":"Administraci\u00f3 Bisbat de Mallorca","Temps estimat de lectura":"3 minuts"},"schema":{"@context":"https:\/\/schema.org","@graph":[{"@type":"Article","@id":"https:\/\/www.bisbatdemallorca.org\/el-bisbat-de-mallorca-es-reuneix-amb-representants-institucionals-per-col%c2%b7laborar-en-el-reallotjament-de-persones-de-lantiga-preso-de-palma\/#article","isPartOf":{"@id":"https:\/\/www.bisbatdemallorca.org\/el-bisbat-de-mallorca-es-reuneix-amb-representants-institucionals-per-col%c2%b7laborar-en-el-reallotjament-de-persones-de-lantiga-preso-de-palma\/"},"author":{"name":"Administraci\u00f3 Bisbat de Mallorca","@id":"https:\/\/www.bisbatdemallorca.org\/ca\/#\/schema\/person\/9d198fedaef82cec34c41260a51964a6"},"headline":"El Bisbat de Mallorca es reuneix amb representants institucionals per col\u00b7laborar en el reallotjament de persones de l\u2019antiga pres\u00f3 de Palma","datePublished":"2026-03-16T12:56:44+00:00","dateModified":"2026-03-16T13:09:15+00:00","mainEntityOfPage":{"@id":"https:\/\/www.bisbatdemallorca.org\/el-bisbat-de-mallorca-es-reuneix-amb-representants-institucionals-per-col%c2%b7laborar-en-el-reallotjament-de-persones-de-lantiga-preso-de-palma\/"},"wordCount":994,"publisher":{"@id":"https:\/\/www.bisbatdemallorca.org\/ca\/#organization"},"image":{"@id":"https:\/\/www.bisbatdemallorca.org\/el-bisbat-de-mallorca-es-reuneix-amb-representants-institucionals-per-col%c2%b7laborar-en-el-reallotjament-de-persones-de-lantiga-preso-de-palma\/#primaryimage"},"thumbnailUrl":"https:\/\/www.bisbatdemallorca.org\/wp-content\/uploads\/2026\/03\/1-Reunion-Servicios-Sociales-140326.jpeg","articleSection":["Agencia Bal\u00e8ria"],"inLanguage":"ca"},{"@type":"WebPage","@id":"https:\/\/www.bisbatdemallorca.org\/el-bisbat-de-mallorca-es-reuneix-amb-representants-institucionals-per-col%c2%b7laborar-en-el-reallotjament-de-persones-de-lantiga-preso-de-palma\/","url":"https:\/\/www.bisbatdemallorca.org\/el-bisbat-de-mallorca-es-reuneix-amb-representants-institucionals-per-col%c2%b7laborar-en-el-reallotjament-de-persones-de-lantiga-preso-de-palma\/","name":"El Bisbat de Mallorca es reuneix amb representants institucionals per col\u00b7laborar en el reallotjament de persones de l\u2019antiga pres\u00f3 de Palma","isPartOf":{"@id":"https:\/\/www.bisbatdemallorca.org\/ca\/#website"},"primaryImageOfPage":{"@id":"https:\/\/www.bisbatdemallorca.org\/el-bisbat-de-mallorca-es-reuneix-amb-representants-institucionals-per-col%c2%b7laborar-en-el-reallotjament-de-persones-de-lantiga-preso-de-palma\/#primaryimage"},"image":{"@id":"https:\/\/www.bisbatdemallorca.org\/el-bisbat-de-mallorca-es-reuneix-amb-representants-institucionals-per-col%c2%b7laborar-en-el-reallotjament-de-persones-de-lantiga-preso-de-palma\/#primaryimage"},"thumbnailUrl":"https:\/\/www.bisbatdemallorca.org\/wp-content\/uploads\/2026\/03\/1-Reunion-Servicios-Sociales-140326.jpeg","datePublished":"2026-03-16T12:56:44+00:00","dateModified":"2026-03-16T13:09:15+00:00","breadcrumb":{"@id":"https:\/\/www.bisbatdemallorca.org\/el-bisbat-de-mallorca-es-reuneix-amb-representants-institucionals-per-col%c2%b7laborar-en-el-reallotjament-de-persones-de-lantiga-preso-de-palma\/#breadcrumb"},"inLanguage":"ca","potentialAction":[{"@type":"ReadAction","target":["https:\/\/www.bisbatdemallorca.org\/el-bisbat-de-mallorca-es-reuneix-amb-representants-institucionals-per-col%c2%b7laborar-en-el-reallotjament-de-persones-de-lantiga-preso-de-palma\/"]}]},{"@type":"ImageObject","inLanguage":"ca","@id":"https:\/\/www.bisbatdemallorca.org\/el-bisbat-de-mallorca-es-reuneix-amb-representants-institucionals-per-col%c2%b7laborar-en-el-reallotjament-de-persones-de-lantiga-preso-de-palma\/#primaryimage","url":"https:\/\/www.bisbatdemallorca.org\/wp-content\/uploads\/2026\/03\/1-Reunion-Servicios-Sociales-140326.jpeg","contentUrl":"https:\/\/www.bisbatdemallorca.org\/wp-content\/uploads\/2026\/03\/1-Reunion-Servicios-Sociales-140326.jpeg","width":1600,"height":1200},{"@type":"BreadcrumbList","@id":"https:\/\/www.bisbatdemallorca.org\/el-bisbat-de-mallorca-es-reuneix-amb-representants-institucionals-per-col%c2%b7laborar-en-el-reallotjament-de-persones-de-lantiga-preso-de-palma\/#breadcrumb","itemListElement":[{"@type":"ListItem","position":1,"name":"Portada","item":"https:\/\/www.bisbatdemallorca.org\/ca\/"},{"@type":"ListItem","position":2,"name":"El Obispado de Mallorca se re\u00fane con representantes institucionales para colaborar en el realojo de personas de la antigua prisi\u00f3n de Palma"}]},{"@type":"WebSite","@id":"https:\/\/www.bisbatdemallorca.org\/ca\/#website","url":"https:\/\/www.bisbatdemallorca.org\/ca\/","name":"Bisbat de Mallorca","description":"Just another WordPress site","publisher":{"@id":"https:\/\/www.bisbatdemallorca.org\/ca\/#organization"},"potentialAction":[{"@type":"SearchAction","target":{"@type":"EntryPoint","urlTemplate":"https:\/\/www.bisbatdemallorca.org\/ca\/?s={search_term_string}"},"query-input":{"@type":"PropertyValueSpecification","valueRequired":true,"valueName":"search_term_string"}}],"inLanguage":"ca"},{"@type":"Organization","@id":"https:\/\/www.bisbatdemallorca.org\/ca\/#organization","name":"Bisbat De Mallorca","url":"https:\/\/www.bisbatdemallorca.org\/ca\/","logo":{"@type":"ImageObject","inLanguage":"ca","@id":"https:\/\/www.bisbatdemallorca.org\/ca\/#\/schema\/logo\/image\/","url":"https:\/\/bisbatdemallorca.org\/wp-content\/uploads\/2022\/04\/Logo_Bisbat-de-Mallorca-scaled.jpeg","contentUrl":"https:\/\/bisbatdemallorca.org\/wp-content\/uploads\/2022\/04\/Logo_Bisbat-de-Mallorca-scaled.jpeg","width":2560,"height":1810,"caption":"Bisbat De Mallorca"},"image":{"@id":"https:\/\/www.bisbatdemallorca.org\/ca\/#\/schema\/logo\/image\/"}},{"@type":"Person","@id":"https:\/\/www.bisbatdemallorca.org\/ca\/#\/schema\/person\/9d198fedaef82cec34c41260a51964a6","name":"Administraci\u00f3 Bisbat de Mallorca","image":{"@type":"ImageObject","inLanguage":"ca","@id":"https:\/\/www.bisbatdemallorca.org\/ca\/#\/schema\/person\/image\/","url":"https:\/\/secure.gravatar.com\/avatar\/cc0dac0bd15aa6305e120ea8e5b6c12f94c8fe06a53230fa56abffe62cefceb4?s=96&d=mm&r=g","contentUrl":"https:\/\/secure.gravatar.com\/avatar\/cc0dac0bd15aa6305e120ea8e5b6c12f94c8fe06a53230fa56abffe62cefceb4?s=96&d=mm&r=g","caption":"Administraci\u00f3 Bisbat de Mallorca"},"sameAs":["https:\/\/bisbatdemallorca.org"],"url":"https:\/\/www.bisbatdemallorca.org\/ca\/author\/administraciobisbat\/"}]}},"_links":{"self":[{"href":"https:\/\/www.bisbatdemallorca.org\/ca\/wp-json\/wp\/v2\/posts\/31768","targetHints":{"allow":["GET"]}}],"collection":[{"href":"https:\/\/www.bisbatdemallorca.org\/ca\/wp-json\/wp\/v2\/posts"}],"about":[{"href":"https:\/\/www.bisbatdemallorca.org\/ca\/wp-json\/wp\/v2\/types\/post"}],"author":[{"embeddable":true,"href":"https:\/\/www.bisbatdemallorca.org\/ca\/wp-json\/wp\/v2\/users\/2"}],"replies":[{"embeddable":true,"href":"https:\/\/www.bisbatdemallorca.org\/ca\/wp-json\/wp\/v2\/comments?post=31768"}],"version-history":[{"count":0,"href":"https:\/\/www.bisbatdemallorca.org\/ca\/wp-json\/wp\/v2\/posts\/31768\/revisions"}],"wp:featuredmedia":[{"embeddable":true,"href":"https:\/\/www.bisbatdemallorca.org\/ca\/wp-json\/wp\/v2\/media\/31772"}],"wp:attachment":[{"href":"https:\/\/www.bisbatdemallorca.org\/ca\/wp-json\/wp\/v2\/media?parent=31768"}],"wp:term":[{"taxonomy":"category","embeddable":true,"href":"https:\/\/www.bisbatdemallorca.org\/ca\/wp-json\/wp\/v2\/categories?post=31768"},{"taxonomy":"post_tag","embeddable":true,"href":"https:\/\/www.bisbatdemallorca.org\/ca\/wp-json\/wp\/v2\/tags?post=31768"}],"curies":[{"name":"wp","href":"https:\/\/api.w.org\/{rel}","templated":true}]}}