{"id":31910,"date":"2026-03-22T09:27:41","date_gmt":"2026-03-22T08:27:41","guid":{"rendered":"https:\/\/www.bisbatdemallorca.org\/ca\/?p=31910"},"modified":"2026-03-25T09:28:59","modified_gmt":"2026-03-25T08:28:59","slug":"el-do-de-la-vocacio-sacerdotal-un-diamant-en-brut-que-ha-de-brillar","status":"publish","type":"post","link":"https:\/\/www.bisbatdemallorca.org\/ca\/el-do-de-la-vocacio-sacerdotal-un-diamant-en-brut-que-ha-de-brillar\/","title":{"rendered":"El do de la vocaci\u00f3 sacerdotal,  un \u00abdiamant en brut\u00bb que ha de brillar"},"content":{"rendered":"<p>Ho deia aix\u00ed el <strong>papa Francesc<\/strong>, referint-se a aquest do espec\u00edfic: \u00ab<em>Es tracta de custodiar i cultivar les vocacions, perqu\u00e8 donin fruits madurs. Elles s\u00f3n un \u201cdiamant en brut\u201d, que cal treballar amb atenci\u00f3, paci\u00e8ncia i respecte a la consci\u00e8ncia de les persones, perqu\u00e8 brillin enmig del poble de D\u00e9u<\/em>\u00bb. Conv\u00e9 que ho reflexionem entorn del <strong>Dia del Seminari<\/strong>, sempre en <strong>perspectiva sinodal missionera<\/strong>. Tots ens hem de sentir corresponsables en el despertar vocacional dins les nostres fam\u00edlies, comunitats, catequistes i educadors.<\/p>\n<p>En aquests moments, l\u2019inter\u00e8s per fer n\u00e9ixer i acompanyar camins vocacionals incideix en la <em>sensibilitat davant el clamor dels pobres<\/em>, de tot tipus de perif\u00e8ries f\u00edsiques i existencials, aix\u00ed com l\u2019esfor\u00e7 per a<em> la conviv\u00e8ncia i la fraternitat<\/em>. El camp de la comunicaci\u00f3 \u00e9s sobretot en l\u2019homilia, el conjunt de la predicaci\u00f3 i la catequesi, la cultura digital i qualsevol mitj\u00e0 per a fer ressonar l\u2019Evangeli.<\/p>\n<p>Com diu la <em>Ratio fundamentalis<\/em>, \u00abes tracta que els Seminaris puguin <strong>formar deixebles missioners \u201c<em>enamorats<\/em>\u201d del Mestre<\/strong>, <strong>pastors \u201c<em>amb olor d\u2019ovella<\/em>\u201d<\/strong>, que visquin enmig del ramat per a servir-lo i portar-li la miseric\u00f2rdia de D\u00e9u. Per aix\u00f2 \u00e9s necessari que cada sacerdot se senti sempre un <strong>deixeble en cam\u00ed<\/strong>, necessitat constantment d\u2019una formaci\u00f3 integral, entesa com una cont\u00ednua configuraci\u00f3 amb Crist [&#8230;] El <strong>discipulat<\/strong> i la <strong>configuraci\u00f3 amb Crist<\/strong> es desenvolupen, \u00f2bviament, durant tota la vida. No obstant aix\u00f2, amb les denominacions \u201cetapa discipular\u201d i \u201cetapa configuradora\u201d es desitja subratllar, en un primer moment de la formaci\u00f3, la <strong>viv\u00e8ncia de ser deixeble<\/strong> i, en els \u00faltims anys, la necessitat d\u2019entendre la vocaci\u00f3 al ministeri i la vida sacerdotal com una <strong>cont\u00ednua configuraci\u00f3 amb la persona de Crist<\/strong>\u00bb.<\/p>\n<p><strong>La formaci\u00f3 sacerdotal no pot quedar separada de la vida del Poble de D\u00e9u, de la seva inserci\u00f3 en la societat i dels signes dels temps<\/strong>, a trav\u00e9s dels quals tamb\u00e9 D\u00e9u parla. Vet aqu\u00ed algunes <em>claus elaborades pel grup d\u2019estudi 4 sobre la formaci\u00f3 sacerdotal, a partir del document final del S\u00ednode<\/em>, i que impliquen \u00abformar per a ser pastors d\u2019una Esgl\u00e9sia sinodal: en l\u2019escolta, el di\u00e0leg, la coresponsabilitat i el discerniment eclesial; formar sacerdots que coneguin els rostres i els peus dels germans i germanes de la comunitat cristiana a la qual pertanyen i serveixen; tenir en compte que les experi\u00e8ncies formatives allunyades de la vida ordin\u00e0ria dels feels resulten negatives per al cam\u00ed cap el ministeri ordenat; que no hi faltin moments de formaci\u00f3 compartits amb laics i laiques, persones consagrades i ministres ordenats, per aprendre a con\u00e8ixer-se i col\u00b7laborar fraternalment amb tots; tenir clar que Poble de D\u00e9u tamb\u00e9 \u00e9s cridat a contribuir amb vistes a un adequat exercici de la coresponsabilitat diferenciada en la formaci\u00f3 sacerdotal\u00bb. Recentment, el <strong>papa Lle\u00f3<\/strong> <strong>XIV<\/strong> ha proposat als seminaristes una \u00ab<em>mirada sobrenatural<\/em>\u00bb sobre el m\u00f3n, ja que \u00ab<em>el Seminari \u00e9s sempre un signe d\u2019esperan\u00e7a per a l\u2019Esgl\u00e9sia<\/em>\u00bb.<\/p>\n<p>El lema del Dia del Seminari d\u2019enguany cont\u00e9 les paraules de Jes\u00fas \u00ab<strong><em>Deixa les teves xarxes i segueix-me<\/em><\/strong>\u00bb, inspirat en l\u2019evangeli de sant Lluc: \u00ab<strong><em>Ho deixaren tot, i el van seguir<\/em><\/strong>\u00bb (<em>Lc<\/em> 5,11). Preguem pels onze seminaristes nostres: perqu\u00e8 perseverin en la crida que el Senyor els fa, com a tants altres joves, i que la nostra Esgl\u00e9sia de Mallorca els acompanyi en aquest cam\u00ed. L\u2019objectiu \u00e9s presentar la vocaci\u00f3 sacerdotal com <strong>una crida a la plenitud<\/strong>, mostrant el <em>rostre proper i hum\u00e0<\/em> dels seminaristes i dels sacerdots.<\/p>\n","protected":false},"excerpt":{"rendered":"<p>Ho deia aix\u00ed el papa Francesc, referint-se a aquest do  [&#8230;]<\/p>\n","protected":false},"author":2,"featured_media":0,"comment_status":"closed","ping_status":"open","sticky":false,"template":"","format":"standard","meta":{"footnotes":""},"categories":[39],"tags":[],"class_list":["post-31910","post","type-post","status-publish","format-standard","hentry","category-articles-del-bisbe"],"yoast_head":"<!-- This site is optimized with the Yoast SEO plugin v27.0 - https:\/\/yoast.com\/product\/yoast-seo-wordpress\/ -->\n<title>El do de la vocaci\u00f3 sacerdotal, un \u00abdiamant en brut\u00bb que ha de brillar<\/title>\n<meta name=\"robots\" content=\"index, follow, max-snippet:-1, max-image-preview:large, max-video-preview:-1\" \/>\n<link rel=\"canonical\" href=\"https:\/\/www.bisbatdemallorca.org\/ca\/el-do-de-la-vocacio-sacerdotal-un-diamant-en-brut-que-ha-de-brillar\/\" \/>\n<meta property=\"og:locale\" content=\"ca_ES\" \/>\n<meta property=\"og:locale:alternate\" content=\"en_US\" \/>\n<meta property=\"og:locale:alternate\" content=\"es_ES\" \/>\n<meta property=\"og:type\" content=\"article\" \/>\n<meta property=\"og:title\" content=\"El do de la vocaci\u00f3 sacerdotal, un \u00abdiamant en brut\u00bb que ha de brillar\" \/>\n<meta property=\"og:description\" content=\"Ho deia aix\u00ed el papa Francesc, referint-se a aquest do [...]\" \/>\n<meta property=\"og:url\" content=\"https:\/\/www.bisbatdemallorca.org\/ca\/el-do-de-la-vocacio-sacerdotal-un-diamant-en-brut-que-ha-de-brillar\/\" \/>\n<meta property=\"og:site_name\" content=\"Bisbat de Mallorca\" \/>\n<meta property=\"article:published_time\" content=\"2026-03-22T08:27:41+00:00\" \/>\n<meta property=\"article:modified_time\" content=\"2026-03-25T08:28:59+00:00\" \/>\n<meta name=\"author\" content=\"Administraci\u00f3 Bisbat de Mallorca\" \/>\n<meta name=\"twitter:card\" content=\"summary_large_image\" \/>\n<meta name=\"twitter:label1\" content=\"Escrit per\" \/>\n\t<meta name=\"twitter:data1\" content=\"Administraci\u00f3 Bisbat de Mallorca\" \/>\n<script type=\"application\/ld+json\" class=\"yoast-schema-graph\">{\"@context\":\"https:\/\/schema.org\",\"@graph\":[{\"@type\":\"Article\",\"@id\":\"https:\/\/www.bisbatdemallorca.org\/el-do-de-la-vocacio-sacerdotal-un-diamant-en-brut-que-ha-de-brillar\/#article\",\"isPartOf\":{\"@id\":\"https:\/\/www.bisbatdemallorca.org\/el-do-de-la-vocacio-sacerdotal-un-diamant-en-brut-que-ha-de-brillar\/\"},\"author\":{\"name\":\"Administraci\u00f3 Bisbat de Mallorca\",\"@id\":\"https:\/\/www.bisbatdemallorca.org\/ca\/#\/schema\/person\/9d198fedaef82cec34c41260a51964a6\"},\"headline\":\"El do de la vocaci\u00f3 sacerdotal, un \u00abdiamant en brut\u00bb que ha de brillar\",\"datePublished\":\"2026-03-22T08:27:41+00:00\",\"dateModified\":\"2026-03-25T08:28:59+00:00\",\"mainEntityOfPage\":{\"@id\":\"https:\/\/www.bisbatdemallorca.org\/el-do-de-la-vocacio-sacerdotal-un-diamant-en-brut-que-ha-de-brillar\/\"},\"wordCount\":1263,\"publisher\":{\"@id\":\"https:\/\/www.bisbatdemallorca.org\/ca\/#organization\"},\"articleSection\":[\"Articles del Bisbe\"],\"inLanguage\":\"ca\"},{\"@type\":\"WebPage\",\"@id\":\"https:\/\/www.bisbatdemallorca.org\/el-do-de-la-vocacio-sacerdotal-un-diamant-en-brut-que-ha-de-brillar\/\",\"url\":\"https:\/\/www.bisbatdemallorca.org\/el-do-de-la-vocacio-sacerdotal-un-diamant-en-brut-que-ha-de-brillar\/\",\"name\":\"El do de la vocaci\u00f3 sacerdotal, un \u00abdiamant en brut\u00bb que ha de brillar\",\"isPartOf\":{\"@id\":\"https:\/\/www.bisbatdemallorca.org\/ca\/#website\"},\"datePublished\":\"2026-03-22T08:27:41+00:00\",\"dateModified\":\"2026-03-25T08:28:59+00:00\",\"breadcrumb\":{\"@id\":\"https:\/\/www.bisbatdemallorca.org\/el-do-de-la-vocacio-sacerdotal-un-diamant-en-brut-que-ha-de-brillar\/#breadcrumb\"},\"inLanguage\":\"ca\",\"potentialAction\":[{\"@type\":\"ReadAction\",\"target\":[\"https:\/\/www.bisbatdemallorca.org\/el-do-de-la-vocacio-sacerdotal-un-diamant-en-brut-que-ha-de-brillar\/\"]}]},{\"@type\":\"BreadcrumbList\",\"@id\":\"https:\/\/www.bisbatdemallorca.org\/el-do-de-la-vocacio-sacerdotal-un-diamant-en-brut-que-ha-de-brillar\/#breadcrumb\",\"itemListElement\":[{\"@type\":\"ListItem\",\"position\":1,\"name\":\"Portada\",\"item\":\"https:\/\/www.bisbatdemallorca.org\/ca\/\"},{\"@type\":\"ListItem\",\"position\":2,\"name\":\"El don de la vocaci\u00f3n sacerdotal, un \u00abdiamante en bruto\u00bb que debe brillar\"}]},{\"@type\":\"WebSite\",\"@id\":\"https:\/\/www.bisbatdemallorca.org\/ca\/#website\",\"url\":\"https:\/\/www.bisbatdemallorca.org\/ca\/\",\"name\":\"Bisbat de Mallorca\",\"description\":\"Just another WordPress site\",\"publisher\":{\"@id\":\"https:\/\/www.bisbatdemallorca.org\/ca\/#organization\"},\"potentialAction\":[{\"@type\":\"SearchAction\",\"target\":{\"@type\":\"EntryPoint\",\"urlTemplate\":\"https:\/\/www.bisbatdemallorca.org\/ca\/?s={search_term_string}\"},\"query-input\":{\"@type\":\"PropertyValueSpecification\",\"valueRequired\":true,\"valueName\":\"search_term_string\"}}],\"inLanguage\":\"ca\"},{\"@type\":\"Organization\",\"@id\":\"https:\/\/www.bisbatdemallorca.org\/ca\/#organization\",\"name\":\"Bisbat De Mallorca\",\"url\":\"https:\/\/www.bisbatdemallorca.org\/ca\/\",\"logo\":{\"@type\":\"ImageObject\",\"inLanguage\":\"ca\",\"@id\":\"https:\/\/www.bisbatdemallorca.org\/ca\/#\/schema\/logo\/image\/\",\"url\":\"https:\/\/bisbatdemallorca.org\/wp-content\/uploads\/2022\/04\/Logo_Bisbat-de-Mallorca-scaled.jpeg\",\"contentUrl\":\"https:\/\/bisbatdemallorca.org\/wp-content\/uploads\/2022\/04\/Logo_Bisbat-de-Mallorca-scaled.jpeg\",\"width\":2560,\"height\":1810,\"caption\":\"Bisbat De Mallorca\"},\"image\":{\"@id\":\"https:\/\/www.bisbatdemallorca.org\/ca\/#\/schema\/logo\/image\/\"}},{\"@type\":\"Person\",\"@id\":\"https:\/\/www.bisbatdemallorca.org\/ca\/#\/schema\/person\/9d198fedaef82cec34c41260a51964a6\",\"name\":\"Administraci\u00f3 Bisbat de Mallorca\",\"image\":{\"@type\":\"ImageObject\",\"inLanguage\":\"ca\",\"@id\":\"https:\/\/www.bisbatdemallorca.org\/ca\/#\/schema\/person\/image\/\",\"url\":\"https:\/\/secure.gravatar.com\/avatar\/cc0dac0bd15aa6305e120ea8e5b6c12f94c8fe06a53230fa56abffe62cefceb4?s=96&d=mm&r=g\",\"contentUrl\":\"https:\/\/secure.gravatar.com\/avatar\/cc0dac0bd15aa6305e120ea8e5b6c12f94c8fe06a53230fa56abffe62cefceb4?s=96&d=mm&r=g\",\"caption\":\"Administraci\u00f3 Bisbat de Mallorca\"},\"sameAs\":[\"https:\/\/bisbatdemallorca.org\"],\"url\":\"https:\/\/www.bisbatdemallorca.org\/ca\/author\/administraciobisbat\/\"}]}<\/script>\n<!-- \/ Yoast SEO plugin. -->","yoast_head_json":{"title":"El do de la vocaci\u00f3 sacerdotal, un \u00abdiamant en brut\u00bb que ha de brillar","robots":{"index":"index","follow":"follow","max-snippet":"max-snippet:-1","max-image-preview":"max-image-preview:large","max-video-preview":"max-video-preview:-1"},"canonical":"https:\/\/www.bisbatdemallorca.org\/ca\/el-do-de-la-vocacio-sacerdotal-un-diamant-en-brut-que-ha-de-brillar\/","og_locale":"ca_ES","og_type":"article","og_title":"[:ca]El do de la vocaci\u00f3 sacerdotal, un \u00abdiamant en brut\u00bb que ha de brillar[:es]El don de la vocaci\u00f3n sacerdotal, un \u00abdiamante en bruto\u00bb que debe brillar[:] - Bisbat de Mallorca","og_description":"Ho deia aix\u00ed el papa Francesc, referint-se a aquest do [...]","og_url":"https:\/\/www.bisbatdemallorca.org\/ca\/el-do-de-la-vocacio-sacerdotal-un-diamant-en-brut-que-ha-de-brillar\/","og_site_name":"Bisbat de Mallorca","article_published_time":"2026-03-22T08:27:41+00:00","article_modified_time":"2026-03-25T08:28:59+00:00","author":"Administraci\u00f3 Bisbat de Mallorca","twitter_card":"summary_large_image","twitter_misc":{"Escrit per":"Administraci\u00f3 Bisbat de Mallorca"},"schema":{"@context":"https:\/\/schema.org","@graph":[{"@type":"Article","@id":"https:\/\/www.bisbatdemallorca.org\/el-do-de-la-vocacio-sacerdotal-un-diamant-en-brut-que-ha-de-brillar\/#article","isPartOf":{"@id":"https:\/\/www.bisbatdemallorca.org\/el-do-de-la-vocacio-sacerdotal-un-diamant-en-brut-que-ha-de-brillar\/"},"author":{"name":"Administraci\u00f3 Bisbat de Mallorca","@id":"https:\/\/www.bisbatdemallorca.org\/ca\/#\/schema\/person\/9d198fedaef82cec34c41260a51964a6"},"headline":"El do de la vocaci\u00f3 sacerdotal, un \u00abdiamant en brut\u00bb que ha de brillar","datePublished":"2026-03-22T08:27:41+00:00","dateModified":"2026-03-25T08:28:59+00:00","mainEntityOfPage":{"@id":"https:\/\/www.bisbatdemallorca.org\/el-do-de-la-vocacio-sacerdotal-un-diamant-en-brut-que-ha-de-brillar\/"},"wordCount":1263,"publisher":{"@id":"https:\/\/www.bisbatdemallorca.org\/ca\/#organization"},"articleSection":["Articles del Bisbe"],"inLanguage":"ca"},{"@type":"WebPage","@id":"https:\/\/www.bisbatdemallorca.org\/el-do-de-la-vocacio-sacerdotal-un-diamant-en-brut-que-ha-de-brillar\/","url":"https:\/\/www.bisbatdemallorca.org\/el-do-de-la-vocacio-sacerdotal-un-diamant-en-brut-que-ha-de-brillar\/","name":"El do de la vocaci\u00f3 sacerdotal, un \u00abdiamant en brut\u00bb que ha de brillar","isPartOf":{"@id":"https:\/\/www.bisbatdemallorca.org\/ca\/#website"},"datePublished":"2026-03-22T08:27:41+00:00","dateModified":"2026-03-25T08:28:59+00:00","breadcrumb":{"@id":"https:\/\/www.bisbatdemallorca.org\/el-do-de-la-vocacio-sacerdotal-un-diamant-en-brut-que-ha-de-brillar\/#breadcrumb"},"inLanguage":"ca","potentialAction":[{"@type":"ReadAction","target":["https:\/\/www.bisbatdemallorca.org\/el-do-de-la-vocacio-sacerdotal-un-diamant-en-brut-que-ha-de-brillar\/"]}]},{"@type":"BreadcrumbList","@id":"https:\/\/www.bisbatdemallorca.org\/el-do-de-la-vocacio-sacerdotal-un-diamant-en-brut-que-ha-de-brillar\/#breadcrumb","itemListElement":[{"@type":"ListItem","position":1,"name":"Portada","item":"https:\/\/www.bisbatdemallorca.org\/ca\/"},{"@type":"ListItem","position":2,"name":"El don de la vocaci\u00f3n sacerdotal, un \u00abdiamante en bruto\u00bb que debe brillar"}]},{"@type":"WebSite","@id":"https:\/\/www.bisbatdemallorca.org\/ca\/#website","url":"https:\/\/www.bisbatdemallorca.org\/ca\/","name":"Bisbat de Mallorca","description":"Just another WordPress site","publisher":{"@id":"https:\/\/www.bisbatdemallorca.org\/ca\/#organization"},"potentialAction":[{"@type":"SearchAction","target":{"@type":"EntryPoint","urlTemplate":"https:\/\/www.bisbatdemallorca.org\/ca\/?s={search_term_string}"},"query-input":{"@type":"PropertyValueSpecification","valueRequired":true,"valueName":"search_term_string"}}],"inLanguage":"ca"},{"@type":"Organization","@id":"https:\/\/www.bisbatdemallorca.org\/ca\/#organization","name":"Bisbat De Mallorca","url":"https:\/\/www.bisbatdemallorca.org\/ca\/","logo":{"@type":"ImageObject","inLanguage":"ca","@id":"https:\/\/www.bisbatdemallorca.org\/ca\/#\/schema\/logo\/image\/","url":"https:\/\/bisbatdemallorca.org\/wp-content\/uploads\/2022\/04\/Logo_Bisbat-de-Mallorca-scaled.jpeg","contentUrl":"https:\/\/bisbatdemallorca.org\/wp-content\/uploads\/2022\/04\/Logo_Bisbat-de-Mallorca-scaled.jpeg","width":2560,"height":1810,"caption":"Bisbat De Mallorca"},"image":{"@id":"https:\/\/www.bisbatdemallorca.org\/ca\/#\/schema\/logo\/image\/"}},{"@type":"Person","@id":"https:\/\/www.bisbatdemallorca.org\/ca\/#\/schema\/person\/9d198fedaef82cec34c41260a51964a6","name":"Administraci\u00f3 Bisbat de Mallorca","image":{"@type":"ImageObject","inLanguage":"ca","@id":"https:\/\/www.bisbatdemallorca.org\/ca\/#\/schema\/person\/image\/","url":"https:\/\/secure.gravatar.com\/avatar\/cc0dac0bd15aa6305e120ea8e5b6c12f94c8fe06a53230fa56abffe62cefceb4?s=96&d=mm&r=g","contentUrl":"https:\/\/secure.gravatar.com\/avatar\/cc0dac0bd15aa6305e120ea8e5b6c12f94c8fe06a53230fa56abffe62cefceb4?s=96&d=mm&r=g","caption":"Administraci\u00f3 Bisbat de Mallorca"},"sameAs":["https:\/\/bisbatdemallorca.org"],"url":"https:\/\/www.bisbatdemallorca.org\/ca\/author\/administraciobisbat\/"}]}},"_links":{"self":[{"href":"https:\/\/www.bisbatdemallorca.org\/ca\/wp-json\/wp\/v2\/posts\/31910","targetHints":{"allow":["GET"]}}],"collection":[{"href":"https:\/\/www.bisbatdemallorca.org\/ca\/wp-json\/wp\/v2\/posts"}],"about":[{"href":"https:\/\/www.bisbatdemallorca.org\/ca\/wp-json\/wp\/v2\/types\/post"}],"author":[{"embeddable":true,"href":"https:\/\/www.bisbatdemallorca.org\/ca\/wp-json\/wp\/v2\/users\/2"}],"replies":[{"embeddable":true,"href":"https:\/\/www.bisbatdemallorca.org\/ca\/wp-json\/wp\/v2\/comments?post=31910"}],"version-history":[{"count":0,"href":"https:\/\/www.bisbatdemallorca.org\/ca\/wp-json\/wp\/v2\/posts\/31910\/revisions"}],"wp:attachment":[{"href":"https:\/\/www.bisbatdemallorca.org\/ca\/wp-json\/wp\/v2\/media?parent=31910"}],"wp:term":[{"taxonomy":"category","embeddable":true,"href":"https:\/\/www.bisbatdemallorca.org\/ca\/wp-json\/wp\/v2\/categories?post=31910"},{"taxonomy":"post_tag","embeddable":true,"href":"https:\/\/www.bisbatdemallorca.org\/ca\/wp-json\/wp\/v2\/tags?post=31910"}],"curies":[{"name":"wp","href":"https:\/\/api.w.org\/{rel}","templated":true}]}}