{"id":31914,"date":"2026-03-29T09:29:57","date_gmt":"2026-03-29T07:29:57","guid":{"rendered":"https:\/\/www.bisbatdemallorca.org\/ca\/?p=31914"},"modified":"2026-03-25T09:32:54","modified_gmt":"2026-03-25T08:32:54","slug":"quantes-creus-alcades-enmig-de-la-terra","status":"publish","type":"post","link":"https:\/\/www.bisbatdemallorca.org\/ca\/quantes-creus-alcades-enmig-de-la-terra\/","title":{"rendered":"Quantes creus al\u00e7ades enmig de la terra!"},"content":{"rendered":"<p>Ens trobam al <strong>comen\u00e7ament de la setmana<\/strong> que anomenam \u00ab<strong>santa<\/strong>\u00bb, que comen\u00e7a amb aclamacions de triomf i culmina amb la festa m\u00e9s gran, Pasqua. Una setmana que ha de mer\u00e8ixer arribar a la contemplaci\u00f3 del misteri de la Passi\u00f3, Mort i Resurrecci\u00f3 del Senyor. El nostre encontre amb Ell pot ser decisiu per a cadasc\u00fa de nosaltres, si est\u00e0 ple d\u2019una ferma voluntat de seguiment i d\u2019acceptaci\u00f3 del seu missatge, si el nostre amor cap a Ell i als altres \u00e9s resposta generosa a la crida a identificar-se amb el treball pel Regne que predica i l\u2019oferiment de la m\u00e9s sincera implicaci\u00f3.<\/p>\n<p>Arriba el moment de seguir minut a minut els passos de Jes\u00fas. Dediquem-li temps, pregant, fent silenci, coneixent-lo i descobrint-lo encara m\u00e9s, i demanem-nos:<\/p>\n<p>&nbsp;<\/p>\n<ul>\n<li><em>Qu\u00e8 ha passat en la meva vida durant aquesta Quaresma?<\/em><\/li>\n<li><em>Com he viscut aquest temps de gr\u00e0cia, de renovaci\u00f3 personal?<\/em><\/li>\n<li><em>Quin ha estat i \u00e9s el meu proc\u00e9s de conversi\u00f3, de dejuni, de caritat?<\/em><\/li>\n<li><em>En qu\u00e8 he canviat per la relaci\u00f3 amb la Paraula de D\u00e9u i la preg\u00e0ria? <\/em><\/li>\n<li><em>Com visc l\u2019oferta del perd\u00f3 a trav\u00e9s del sagrament de la Reconciliaci\u00f3?<\/em><\/li>\n<li><em>Com he exercitat la comunicaci\u00f3 de b\u00e9ns amb els m\u00e9s necessitats?<\/em><\/li>\n<li><em>Qu\u00e8 he d\u2019agrair a D\u00e9u de tot aquest temps de Quaresma?<\/em><\/li>\n<\/ul>\n<p>&nbsp;<\/p>\n<p>En aquest <strong>Diumenge del Ram<\/strong> amb qu\u00e8 comen\u00e7a la Setmana Santa, acollim Jes\u00fas que entra en els nostres pobles i en el nostre cor, com ho va fer a Jerusalem. Els nostres cants de <em>reconeixement<\/em>, d\u2019<em>alaban\u00e7a<\/em>, de <em>goig<\/em>, necessiten el complement de la lluminosa nit de Pasqua per a verificar que l\u2019encontre amb Ell significa per a nosaltres la font de m\u00e9s gran transformaci\u00f3 per a la nostra vida personal i per a les estructures de la nostra societat. Sabem que Jes\u00fas ve en nom de D\u00e9u i que, tot i que l\u2019acceptaci\u00f3 de la seva voluntat li sigui un glop amarg, la mort en creu, aconseguir\u00e0 per a tot el g\u00e8nere hum\u00e0 la m\u00e9s gran de les llibertats, la que assegura la vict\u00f2ria sobre el pecat, la mort i tot mal.<\/p>\n<p>&nbsp;<\/p>\n<p>Avui aclamam el qui ve en nom del Senyor, per\u00f2 ara <strong>la nostra atenci\u00f3 se centra en la seva passi\u00f3<\/strong> per fer-ne contemplaci\u00f3, preg\u00e0ria silenciosa. <em>Quin misteri amaga i revela alhora?<\/em> Sense cap dubte, un <strong>misteri d\u2019amor<\/strong>, l\u2019amor del D\u00e9u que s\u2019ha enamorat del seu poble i vol dur-lo al terme m\u00e9s feli\u00e7 pel qual l\u2019ha <em>escollit<\/em>, se li ha <em>revelat<\/em>, l\u2019ha <em>santificat<\/em> i s\u2019ha <em>encarnat<\/em>. D\u00e9u s\u2019ha solidaritzat totalment amb la humanitat, l\u2019ha estimada i ho ha donat tot per ella en la persona del seu Fill, Jes\u00fas.<\/p>\n<p>Aquest apropament ha estat possible perqu\u00e8 Crist \u00ab<strong><em>s\u2019abaix\u00e0 i es va fer obedient fins a acceptar la mort i una mort de creu. Per aix\u00f2 D\u00e9u l\u2019ha exal\u00e7at i li ha concedit aquell nom que est\u00e0 per damunt de tot altre nom<\/em><\/strong>\u00bb (<em>Fl<\/em> 2,8-10). Aquestes paraules de sant Pau resumeixen el misteri central de la nostra vida cristiana. No ens fixam en la creu sense la resurrecci\u00f3, ni en la resurrecci\u00f3 sense la creu: ens trobam davant aquest <strong>misteri de mort i de vida<\/strong> que expressa el m\u00e9s gran realisme al qual ens enfrontam cada dia. Tanmateix, <em>com la de Jes\u00fas<\/em>, <em>quantes creus segueixen al\u00e7ades! Qui ajudar\u00e0 a convertir-les en signes de vida? <\/em>Tant \u00e9s aix\u00ed que, en la llum que ens projecta el misteri pasqual de Crist, hi trobam la <strong>claredat de la fe<\/strong>, la <strong>ra\u00f3 de l\u2019esperan\u00e7a<\/strong> i l\u2019<strong>ardor de la caritat<\/strong>.<\/p>\n<p>&nbsp;<\/p>\n","protected":false},"excerpt":{"rendered":"<p>Ens trobam al comen\u00e7ament de la setmana que anomenam \u00absanta\u00bb,  [&#8230;]<\/p>\n","protected":false},"author":2,"featured_media":0,"comment_status":"closed","ping_status":"open","sticky":false,"template":"","format":"standard","meta":{"footnotes":""},"categories":[39],"tags":[],"class_list":["post-31914","post","type-post","status-publish","format-standard","hentry","category-articles-del-bisbe"],"yoast_head":"<!-- This site is optimized with the Yoast SEO plugin v27.0 - https:\/\/yoast.com\/product\/yoast-seo-wordpress\/ -->\n<title>Quantes creus al\u00e7ades enmig de la terra!<\/title>\n<meta name=\"robots\" content=\"index, follow, max-snippet:-1, max-image-preview:large, max-video-preview:-1\" \/>\n<link rel=\"canonical\" href=\"https:\/\/www.bisbatdemallorca.org\/ca\/quantes-creus-alcades-enmig-de-la-terra\/\" \/>\n<meta property=\"og:locale\" content=\"ca_ES\" \/>\n<meta property=\"og:locale:alternate\" content=\"en_US\" \/>\n<meta property=\"og:locale:alternate\" content=\"es_ES\" \/>\n<meta property=\"og:type\" content=\"article\" \/>\n<meta property=\"og:title\" content=\"Quantes creus al\u00e7ades enmig de la terra!\" \/>\n<meta property=\"og:description\" content=\"Ens trobam al comen\u00e7ament de la setmana que anomenam \u00absanta\u00bb, [...]\" \/>\n<meta property=\"og:url\" content=\"https:\/\/www.bisbatdemallorca.org\/ca\/quantes-creus-alcades-enmig-de-la-terra\/\" \/>\n<meta property=\"og:site_name\" content=\"Bisbat de Mallorca\" \/>\n<meta property=\"article:published_time\" content=\"2026-03-29T07:29:57+00:00\" \/>\n<meta name=\"author\" content=\"Administraci\u00f3 Bisbat de Mallorca\" \/>\n<meta name=\"twitter:card\" content=\"summary_large_image\" \/>\n<meta name=\"twitter:label1\" content=\"Escrit per\" \/>\n\t<meta name=\"twitter:data1\" content=\"Administraci\u00f3 Bisbat de Mallorca\" \/>\n<script type=\"application\/ld+json\" class=\"yoast-schema-graph\">{\"@context\":\"https:\/\/schema.org\",\"@graph\":[{\"@type\":\"Article\",\"@id\":\"https:\/\/www.bisbatdemallorca.org\/quantes-creus-alcades-enmig-de-la-terra\/#article\",\"isPartOf\":{\"@id\":\"https:\/\/www.bisbatdemallorca.org\/quantes-creus-alcades-enmig-de-la-terra\/\"},\"author\":{\"name\":\"Administraci\u00f3 Bisbat de Mallorca\",\"@id\":\"https:\/\/www.bisbatdemallorca.org\/ca\/#\/schema\/person\/9d198fedaef82cec34c41260a51964a6\"},\"headline\":\"Quantes creus al\u00e7ades enmig de la terra!\",\"datePublished\":\"2026-03-29T07:29:57+00:00\",\"mainEntityOfPage\":{\"@id\":\"https:\/\/www.bisbatdemallorca.org\/quantes-creus-alcades-enmig-de-la-terra\/\"},\"wordCount\":1279,\"publisher\":{\"@id\":\"https:\/\/www.bisbatdemallorca.org\/ca\/#organization\"},\"articleSection\":[\"Articles del Bisbe\"],\"inLanguage\":\"ca\"},{\"@type\":\"WebPage\",\"@id\":\"https:\/\/www.bisbatdemallorca.org\/quantes-creus-alcades-enmig-de-la-terra\/\",\"url\":\"https:\/\/www.bisbatdemallorca.org\/quantes-creus-alcades-enmig-de-la-terra\/\",\"name\":\"Quantes creus al\u00e7ades enmig de la terra!\",\"isPartOf\":{\"@id\":\"https:\/\/www.bisbatdemallorca.org\/ca\/#website\"},\"datePublished\":\"2026-03-29T07:29:57+00:00\",\"breadcrumb\":{\"@id\":\"https:\/\/www.bisbatdemallorca.org\/quantes-creus-alcades-enmig-de-la-terra\/#breadcrumb\"},\"inLanguage\":\"ca\",\"potentialAction\":[{\"@type\":\"ReadAction\",\"target\":[\"https:\/\/www.bisbatdemallorca.org\/quantes-creus-alcades-enmig-de-la-terra\/\"]}]},{\"@type\":\"BreadcrumbList\",\"@id\":\"https:\/\/www.bisbatdemallorca.org\/quantes-creus-alcades-enmig-de-la-terra\/#breadcrumb\",\"itemListElement\":[{\"@type\":\"ListItem\",\"position\":1,\"name\":\"Portada\",\"item\":\"https:\/\/www.bisbatdemallorca.org\/ca\/\"},{\"@type\":\"ListItem\",\"position\":2,\"name\":\"\u00a1Cu\u00e1ntas cruces levantadas en la tierra!\"}]},{\"@type\":\"WebSite\",\"@id\":\"https:\/\/www.bisbatdemallorca.org\/ca\/#website\",\"url\":\"https:\/\/www.bisbatdemallorca.org\/ca\/\",\"name\":\"Bisbat de Mallorca\",\"description\":\"Just another WordPress site\",\"publisher\":{\"@id\":\"https:\/\/www.bisbatdemallorca.org\/ca\/#organization\"},\"potentialAction\":[{\"@type\":\"SearchAction\",\"target\":{\"@type\":\"EntryPoint\",\"urlTemplate\":\"https:\/\/www.bisbatdemallorca.org\/ca\/?s={search_term_string}\"},\"query-input\":{\"@type\":\"PropertyValueSpecification\",\"valueRequired\":true,\"valueName\":\"search_term_string\"}}],\"inLanguage\":\"ca\"},{\"@type\":\"Organization\",\"@id\":\"https:\/\/www.bisbatdemallorca.org\/ca\/#organization\",\"name\":\"Bisbat De Mallorca\",\"url\":\"https:\/\/www.bisbatdemallorca.org\/ca\/\",\"logo\":{\"@type\":\"ImageObject\",\"inLanguage\":\"ca\",\"@id\":\"https:\/\/www.bisbatdemallorca.org\/ca\/#\/schema\/logo\/image\/\",\"url\":\"https:\/\/bisbatdemallorca.org\/wp-content\/uploads\/2022\/04\/Logo_Bisbat-de-Mallorca-scaled.jpeg\",\"contentUrl\":\"https:\/\/bisbatdemallorca.org\/wp-content\/uploads\/2022\/04\/Logo_Bisbat-de-Mallorca-scaled.jpeg\",\"width\":2560,\"height\":1810,\"caption\":\"Bisbat De Mallorca\"},\"image\":{\"@id\":\"https:\/\/www.bisbatdemallorca.org\/ca\/#\/schema\/logo\/image\/\"}},{\"@type\":\"Person\",\"@id\":\"https:\/\/www.bisbatdemallorca.org\/ca\/#\/schema\/person\/9d198fedaef82cec34c41260a51964a6\",\"name\":\"Administraci\u00f3 Bisbat de Mallorca\",\"image\":{\"@type\":\"ImageObject\",\"inLanguage\":\"ca\",\"@id\":\"https:\/\/www.bisbatdemallorca.org\/ca\/#\/schema\/person\/image\/\",\"url\":\"https:\/\/secure.gravatar.com\/avatar\/cc0dac0bd15aa6305e120ea8e5b6c12f94c8fe06a53230fa56abffe62cefceb4?s=96&d=mm&r=g\",\"contentUrl\":\"https:\/\/secure.gravatar.com\/avatar\/cc0dac0bd15aa6305e120ea8e5b6c12f94c8fe06a53230fa56abffe62cefceb4?s=96&d=mm&r=g\",\"caption\":\"Administraci\u00f3 Bisbat de Mallorca\"},\"sameAs\":[\"https:\/\/bisbatdemallorca.org\"],\"url\":\"https:\/\/www.bisbatdemallorca.org\/ca\/author\/administraciobisbat\/\"}]}<\/script>\n<!-- \/ Yoast SEO plugin. -->","yoast_head_json":{"title":"Quantes creus al\u00e7ades enmig de la terra!","robots":{"index":"index","follow":"follow","max-snippet":"max-snippet:-1","max-image-preview":"max-image-preview:large","max-video-preview":"max-video-preview:-1"},"canonical":"https:\/\/www.bisbatdemallorca.org\/ca\/quantes-creus-alcades-enmig-de-la-terra\/","og_locale":"ca_ES","og_type":"article","og_title":"[:ca]Quantes creus al\u00e7ades enmig de la terra![:es]\u00a1Cu\u00e1ntas cruces levantadas en la tierra![:] - Bisbat de Mallorca","og_description":"Ens trobam al comen\u00e7ament de la setmana que anomenam \u00absanta\u00bb, [...]","og_url":"https:\/\/www.bisbatdemallorca.org\/ca\/quantes-creus-alcades-enmig-de-la-terra\/","og_site_name":"Bisbat de Mallorca","article_published_time":"2026-03-29T07:29:57+00:00","author":"Administraci\u00f3 Bisbat de Mallorca","twitter_card":"summary_large_image","twitter_misc":{"Escrit per":"Administraci\u00f3 Bisbat de Mallorca"},"schema":{"@context":"https:\/\/schema.org","@graph":[{"@type":"Article","@id":"https:\/\/www.bisbatdemallorca.org\/quantes-creus-alcades-enmig-de-la-terra\/#article","isPartOf":{"@id":"https:\/\/www.bisbatdemallorca.org\/quantes-creus-alcades-enmig-de-la-terra\/"},"author":{"name":"Administraci\u00f3 Bisbat de Mallorca","@id":"https:\/\/www.bisbatdemallorca.org\/ca\/#\/schema\/person\/9d198fedaef82cec34c41260a51964a6"},"headline":"Quantes creus al\u00e7ades enmig de la terra!","datePublished":"2026-03-29T07:29:57+00:00","mainEntityOfPage":{"@id":"https:\/\/www.bisbatdemallorca.org\/quantes-creus-alcades-enmig-de-la-terra\/"},"wordCount":1279,"publisher":{"@id":"https:\/\/www.bisbatdemallorca.org\/ca\/#organization"},"articleSection":["Articles del Bisbe"],"inLanguage":"ca"},{"@type":"WebPage","@id":"https:\/\/www.bisbatdemallorca.org\/quantes-creus-alcades-enmig-de-la-terra\/","url":"https:\/\/www.bisbatdemallorca.org\/quantes-creus-alcades-enmig-de-la-terra\/","name":"Quantes creus al\u00e7ades enmig de la terra!","isPartOf":{"@id":"https:\/\/www.bisbatdemallorca.org\/ca\/#website"},"datePublished":"2026-03-29T07:29:57+00:00","breadcrumb":{"@id":"https:\/\/www.bisbatdemallorca.org\/quantes-creus-alcades-enmig-de-la-terra\/#breadcrumb"},"inLanguage":"ca","potentialAction":[{"@type":"ReadAction","target":["https:\/\/www.bisbatdemallorca.org\/quantes-creus-alcades-enmig-de-la-terra\/"]}]},{"@type":"BreadcrumbList","@id":"https:\/\/www.bisbatdemallorca.org\/quantes-creus-alcades-enmig-de-la-terra\/#breadcrumb","itemListElement":[{"@type":"ListItem","position":1,"name":"Portada","item":"https:\/\/www.bisbatdemallorca.org\/ca\/"},{"@type":"ListItem","position":2,"name":"\u00a1Cu\u00e1ntas cruces levantadas en la tierra!"}]},{"@type":"WebSite","@id":"https:\/\/www.bisbatdemallorca.org\/ca\/#website","url":"https:\/\/www.bisbatdemallorca.org\/ca\/","name":"Bisbat de Mallorca","description":"Just another WordPress site","publisher":{"@id":"https:\/\/www.bisbatdemallorca.org\/ca\/#organization"},"potentialAction":[{"@type":"SearchAction","target":{"@type":"EntryPoint","urlTemplate":"https:\/\/www.bisbatdemallorca.org\/ca\/?s={search_term_string}"},"query-input":{"@type":"PropertyValueSpecification","valueRequired":true,"valueName":"search_term_string"}}],"inLanguage":"ca"},{"@type":"Organization","@id":"https:\/\/www.bisbatdemallorca.org\/ca\/#organization","name":"Bisbat De Mallorca","url":"https:\/\/www.bisbatdemallorca.org\/ca\/","logo":{"@type":"ImageObject","inLanguage":"ca","@id":"https:\/\/www.bisbatdemallorca.org\/ca\/#\/schema\/logo\/image\/","url":"https:\/\/bisbatdemallorca.org\/wp-content\/uploads\/2022\/04\/Logo_Bisbat-de-Mallorca-scaled.jpeg","contentUrl":"https:\/\/bisbatdemallorca.org\/wp-content\/uploads\/2022\/04\/Logo_Bisbat-de-Mallorca-scaled.jpeg","width":2560,"height":1810,"caption":"Bisbat De Mallorca"},"image":{"@id":"https:\/\/www.bisbatdemallorca.org\/ca\/#\/schema\/logo\/image\/"}},{"@type":"Person","@id":"https:\/\/www.bisbatdemallorca.org\/ca\/#\/schema\/person\/9d198fedaef82cec34c41260a51964a6","name":"Administraci\u00f3 Bisbat de Mallorca","image":{"@type":"ImageObject","inLanguage":"ca","@id":"https:\/\/www.bisbatdemallorca.org\/ca\/#\/schema\/person\/image\/","url":"https:\/\/secure.gravatar.com\/avatar\/cc0dac0bd15aa6305e120ea8e5b6c12f94c8fe06a53230fa56abffe62cefceb4?s=96&d=mm&r=g","contentUrl":"https:\/\/secure.gravatar.com\/avatar\/cc0dac0bd15aa6305e120ea8e5b6c12f94c8fe06a53230fa56abffe62cefceb4?s=96&d=mm&r=g","caption":"Administraci\u00f3 Bisbat de Mallorca"},"sameAs":["https:\/\/bisbatdemallorca.org"],"url":"https:\/\/www.bisbatdemallorca.org\/ca\/author\/administraciobisbat\/"}]}},"_links":{"self":[{"href":"https:\/\/www.bisbatdemallorca.org\/ca\/wp-json\/wp\/v2\/posts\/31914","targetHints":{"allow":["GET"]}}],"collection":[{"href":"https:\/\/www.bisbatdemallorca.org\/ca\/wp-json\/wp\/v2\/posts"}],"about":[{"href":"https:\/\/www.bisbatdemallorca.org\/ca\/wp-json\/wp\/v2\/types\/post"}],"author":[{"embeddable":true,"href":"https:\/\/www.bisbatdemallorca.org\/ca\/wp-json\/wp\/v2\/users\/2"}],"replies":[{"embeddable":true,"href":"https:\/\/www.bisbatdemallorca.org\/ca\/wp-json\/wp\/v2\/comments?post=31914"}],"version-history":[{"count":0,"href":"https:\/\/www.bisbatdemallorca.org\/ca\/wp-json\/wp\/v2\/posts\/31914\/revisions"}],"wp:attachment":[{"href":"https:\/\/www.bisbatdemallorca.org\/ca\/wp-json\/wp\/v2\/media?parent=31914"}],"wp:term":[{"taxonomy":"category","embeddable":true,"href":"https:\/\/www.bisbatdemallorca.org\/ca\/wp-json\/wp\/v2\/categories?post=31914"},{"taxonomy":"post_tag","embeddable":true,"href":"https:\/\/www.bisbatdemallorca.org\/ca\/wp-json\/wp\/v2\/tags?post=31914"}],"curies":[{"name":"wp","href":"https:\/\/api.w.org\/{rel}","templated":true}]}}