{"id":31918,"date":"2026-04-05T09:34:23","date_gmt":"2026-04-05T07:34:23","guid":{"rendered":"https:\/\/www.bisbatdemallorca.org\/ca\/?p=31918"},"modified":"2026-03-25T09:38:57","modified_gmt":"2026-03-25T08:38:57","slug":"que-la-terra-sompli-dalegria","status":"publish","type":"post","link":"https:\/\/www.bisbatdemallorca.org\/ca\/que-la-terra-sompli-dalegria\/","title":{"rendered":"Que la terra s\u2019ompli d\u2019alegria!"},"content":{"rendered":"<p>Aquest \u00e9s el crit joi\u00f3s que encap\u00e7ala el Preg\u00f3 pasqual que canta l\u2019Esgl\u00e9sia per a tothom en aquesta <strong>nova Pasqua del Senyor<\/strong> de 2026. Una not\u00edcia que contrasta amb la devastaci\u00f3 de la guerra i que vol encendre <strong>una llum d\u2019esperan\u00e7a<\/strong> en la vict\u00f2ria del b\u00e9 sobre el mal, la gr\u00e0cia sobre el pecat, la pau sobre la guerra, l\u2019amor sobre l\u2019odi, el perd\u00f3 sobre la venjan\u00e7a, la vida sobre la mort. \u00ab<em>Que la llum de Crist ressuscitat gloriosament dissipi les tenebres del cor i de l\u2019esperit<\/em>\u00bb.<\/p>\n<p>Fent l\u2019elogi del <strong>ciri pasqual<\/strong> enc\u00e8s amb el <strong>foc nou<\/strong>, la flama del qual representa Crist Ressuscitat, som convidats a obrir els ulls, els ulls de la fe, de l\u2019esperan\u00e7a i de l\u2019amor, alhora que contemplam amb admiraci\u00f3 com \u00ab<em>el foc, un cop repartit, no minva per la flama manllevada, ja que s\u2019alimenta de la cera que es fon, i que l\u2018abella mare ha produ\u00eft per a mantenir aquesta flama preciosa<\/em>\u00bb. Som llum per al m\u00f3n! Ho diu Jes\u00fas.<\/p>\n<p>D\u00e9u ens parla constantment i ens tracta com a amics. Una relaci\u00f3 que sempre dona bon resultat. Tant \u00e9s aix\u00ed que \u00ab<strong><em>tal com la pluja i la neu cauen del cel i no hi tornen, sin\u00f3 que amaren la terra i la fecunden <\/em><\/strong>[&#8230;],<strong><em> aix\u00ed ser\u00e0 la Paraula que surt dels meus llavis: no tornar\u00e0 a mi infecunda. Realitzar\u00e0 el que jo volia, complir\u00e0 la missi\u00f3 que jo li havia confiat<\/em><\/strong>\u00bb (<em>Is<\/em> 55,8-11). La Paraula de D\u00e9u \u00e9s viva i efica\u00e7 en el cor de cadasc\u00fa, quan \u00e9s rebuda amb confian\u00e7a i humilitat, com ho fa amb la llavor la terra bona, ben llaurada i preparada.<\/p>\n<p>Sorpr\u00e8n que hi hagi qui est\u00e0 cercant entre els morts Aquell qui \u00e9s viu, <strong>Jesucrist<\/strong>. Potser qualc\u00fa pensa que venim de la vida i caminam cap a la mort i no a l\u2019inrev\u00e9s, quan de fet, per la fe, sabem que venim del no-res i caminam cap a viure la vida en la seva m\u00e9s esclatant manifestaci\u00f3, en l\u2019<strong>Amor de D\u00e9u<\/strong>, ara i per sempre. La llum de Pasqua ens obre a una confiada trobada amb Jes\u00fas i a viure amb Ell l\u2019actualitat de l\u2019Evangeli. \u00ab<em>Oh nit realment benaventurada que uneix el cel i la terra, nit en qu\u00e8 l\u2019home retroba D\u00e9u<\/em>\u00bb.<\/p>\n<p>Amb el <strong>baptisme<\/strong>, que en aquesta Pasqua una vegada m\u00e9s renovam, D\u00e9u entra de ple en la nostra vida amb tot el seu misteri llumin\u00f3s. Agra\u00efm que de llavors en\u00e7\u00e0 ens ha acompanyat sempre. Fixant la mirada en el Ciri pasqual, demanam \u00ab<em>que l\u2019estel del mat\u00ed en trobi encara encesa la flama; aquell estel que mai no es pon: Crist, que, tornant d\u2019entre el morts, aparegu\u00e9 glori\u00f3s als homes com el sol en un dia ser\u00e8<\/em>\u00bb.<\/p>\n<p>La relaci\u00f3 amb D\u00e9u passa sempre per una relaci\u00f3 de <em>proximitat amb les persones<\/em>. Jes\u00fas ens ha confiat aix\u00ed el seu testament: \u00ab<strong><em>que us estimeu els uns als altres, tal com jo us he estimat, en aix\u00f2 tothom coneixer\u00e0 que sou deixebles meus per l\u2019amor que us tindreu<\/em><\/strong>\u00bb (<em>Jn<\/em> 13,34-35). Aquest \u00e9s el fonament de la pau tan desitjada aquests temps convulsos, la ra\u00f3 de ser de la nostra fe i del nostre comprom\u00eds de transformaci\u00f3 segons l\u2019Evangeli. La salutaci\u00f3 pasqual del Ressuscitat \u00e9s i ser\u00e0 sempre: \u00ab<strong><em>La pau sigui amb vosaltres!<\/em><\/strong>\u00bb (<em>Jn<\/em> 20,19), juntament amb el comprom\u00eds de fer vida aquesta pau entre nosaltres.<\/p>\n<p><strong>Pasqua<\/strong> \u00e9s l\u2019esclat d\u2019una nova forma d\u2019estimar, de mirar, d\u2019allargar la m\u00e0. Aquest \u00e9s el foc que posa en moviment, \u00e9s la llum que tot ho il\u00b7lumina. Pasqua \u00e9s el <em>pas de l\u2019amor<\/em>, el <em>corrent de vida<\/em> i <em>resurrecci\u00f3<\/em> que ho fa tot nou, \u00e9s haver ent\u00e8s Jes\u00fas i el seu gest de <em>rentar els peus<\/em>. <strong>Pasqua<\/strong> \u00e9s el programa del bon samarit\u00e0, que \u00e9s el d\u2019un cor que veu on es necessita amor i actua en conseq\u00fc\u00e8ncia. Desarmem les paraules feridores i posem-hi <em>amabilitat<\/em>, <em>di\u00e0leg<\/em> i <em>esperit de servei<\/em>. Facem que Pasqua sigui cada dia!<\/p>\n<p>Amb el meu afecte, felicitaci\u00f3 i benedicci\u00f3, bona i santa Pasqua!<\/p>\n<p>&nbsp;<\/p>\n<p>+ Sebasti\u00e0 Taltavull Anglada<\/p>\n<p>Bisbe de Mallorca<\/p>\n","protected":false},"excerpt":{"rendered":"<p>Aquest \u00e9s el crit joi\u00f3s que encap\u00e7ala el Preg\u00f3 pasqual  [&#8230;]<\/p>\n","protected":false},"author":2,"featured_media":0,"comment_status":"closed","ping_status":"open","sticky":false,"template":"","format":"standard","meta":{"footnotes":""},"categories":[39],"tags":[],"class_list":["post-31918","post","type-post","status-publish","format-standard","hentry","category-articles-del-bisbe"],"yoast_head":"<!-- This site is optimized with the Yoast SEO plugin v27.0 - https:\/\/yoast.com\/product\/yoast-seo-wordpress\/ -->\n<title>Que la terra s\u2019ompli d\u2019alegria!<\/title>\n<meta name=\"robots\" content=\"index, follow, max-snippet:-1, max-image-preview:large, max-video-preview:-1\" \/>\n<link rel=\"canonical\" href=\"https:\/\/www.bisbatdemallorca.org\/ca\/que-la-terra-sompli-dalegria\/\" \/>\n<meta property=\"og:locale\" content=\"ca_ES\" \/>\n<meta property=\"og:locale:alternate\" content=\"en_US\" \/>\n<meta property=\"og:locale:alternate\" content=\"es_ES\" \/>\n<meta property=\"og:type\" content=\"article\" \/>\n<meta property=\"og:title\" content=\"Que la terra s\u2019ompli d\u2019alegria!\" \/>\n<meta property=\"og:description\" content=\"Aquest \u00e9s el crit joi\u00f3s que encap\u00e7ala el Preg\u00f3 pasqual [...]\" \/>\n<meta property=\"og:url\" content=\"https:\/\/www.bisbatdemallorca.org\/ca\/que-la-terra-sompli-dalegria\/\" \/>\n<meta property=\"og:site_name\" content=\"Bisbat de Mallorca\" \/>\n<meta property=\"article:published_time\" content=\"2026-04-05T07:34:23+00:00\" \/>\n<meta name=\"author\" content=\"Administraci\u00f3 Bisbat de Mallorca\" \/>\n<meta name=\"twitter:card\" content=\"summary_large_image\" \/>\n<meta name=\"twitter:label1\" content=\"Escrit per\" \/>\n\t<meta name=\"twitter:data1\" content=\"Administraci\u00f3 Bisbat de Mallorca\" \/>\n\t<meta name=\"twitter:label2\" content=\"Temps estimat de lectura\" \/>\n\t<meta name=\"twitter:data2\" content=\"4 minuts\" \/>\n<script type=\"application\/ld+json\" class=\"yoast-schema-graph\">{\"@context\":\"https:\/\/schema.org\",\"@graph\":[{\"@type\":\"Article\",\"@id\":\"https:\/\/www.bisbatdemallorca.org\/que-la-terra-sompli-dalegria\/#article\",\"isPartOf\":{\"@id\":\"https:\/\/www.bisbatdemallorca.org\/que-la-terra-sompli-dalegria\/\"},\"author\":{\"name\":\"Administraci\u00f3 Bisbat de Mallorca\",\"@id\":\"https:\/\/www.bisbatdemallorca.org\/ca\/#\/schema\/person\/9d198fedaef82cec34c41260a51964a6\"},\"headline\":\"Que la terra s\u2019ompli d\u2019alegria!\",\"datePublished\":\"2026-04-05T07:34:23+00:00\",\"mainEntityOfPage\":{\"@id\":\"https:\/\/www.bisbatdemallorca.org\/que-la-terra-sompli-dalegria\/\"},\"wordCount\":1450,\"publisher\":{\"@id\":\"https:\/\/www.bisbatdemallorca.org\/ca\/#organization\"},\"articleSection\":[\"Articles del Bisbe\"],\"inLanguage\":\"ca\"},{\"@type\":\"WebPage\",\"@id\":\"https:\/\/www.bisbatdemallorca.org\/que-la-terra-sompli-dalegria\/\",\"url\":\"https:\/\/www.bisbatdemallorca.org\/que-la-terra-sompli-dalegria\/\",\"name\":\"Que la terra s\u2019ompli d\u2019alegria!\",\"isPartOf\":{\"@id\":\"https:\/\/www.bisbatdemallorca.org\/ca\/#website\"},\"datePublished\":\"2026-04-05T07:34:23+00:00\",\"breadcrumb\":{\"@id\":\"https:\/\/www.bisbatdemallorca.org\/que-la-terra-sompli-dalegria\/#breadcrumb\"},\"inLanguage\":\"ca\",\"potentialAction\":[{\"@type\":\"ReadAction\",\"target\":[\"https:\/\/www.bisbatdemallorca.org\/que-la-terra-sompli-dalegria\/\"]}]},{\"@type\":\"BreadcrumbList\",\"@id\":\"https:\/\/www.bisbatdemallorca.org\/que-la-terra-sompli-dalegria\/#breadcrumb\",\"itemListElement\":[{\"@type\":\"ListItem\",\"position\":1,\"name\":\"Portada\",\"item\":\"https:\/\/www.bisbatdemallorca.org\/ca\/\"},{\"@type\":\"ListItem\",\"position\":2,\"name\":\"\u00a1Que goce la tierra!\"}]},{\"@type\":\"WebSite\",\"@id\":\"https:\/\/www.bisbatdemallorca.org\/ca\/#website\",\"url\":\"https:\/\/www.bisbatdemallorca.org\/ca\/\",\"name\":\"Bisbat de Mallorca\",\"description\":\"Just another WordPress site\",\"publisher\":{\"@id\":\"https:\/\/www.bisbatdemallorca.org\/ca\/#organization\"},\"potentialAction\":[{\"@type\":\"SearchAction\",\"target\":{\"@type\":\"EntryPoint\",\"urlTemplate\":\"https:\/\/www.bisbatdemallorca.org\/ca\/?s={search_term_string}\"},\"query-input\":{\"@type\":\"PropertyValueSpecification\",\"valueRequired\":true,\"valueName\":\"search_term_string\"}}],\"inLanguage\":\"ca\"},{\"@type\":\"Organization\",\"@id\":\"https:\/\/www.bisbatdemallorca.org\/ca\/#organization\",\"name\":\"Bisbat De Mallorca\",\"url\":\"https:\/\/www.bisbatdemallorca.org\/ca\/\",\"logo\":{\"@type\":\"ImageObject\",\"inLanguage\":\"ca\",\"@id\":\"https:\/\/www.bisbatdemallorca.org\/ca\/#\/schema\/logo\/image\/\",\"url\":\"https:\/\/bisbatdemallorca.org\/wp-content\/uploads\/2022\/04\/Logo_Bisbat-de-Mallorca-scaled.jpeg\",\"contentUrl\":\"https:\/\/bisbatdemallorca.org\/wp-content\/uploads\/2022\/04\/Logo_Bisbat-de-Mallorca-scaled.jpeg\",\"width\":2560,\"height\":1810,\"caption\":\"Bisbat De Mallorca\"},\"image\":{\"@id\":\"https:\/\/www.bisbatdemallorca.org\/ca\/#\/schema\/logo\/image\/\"}},{\"@type\":\"Person\",\"@id\":\"https:\/\/www.bisbatdemallorca.org\/ca\/#\/schema\/person\/9d198fedaef82cec34c41260a51964a6\",\"name\":\"Administraci\u00f3 Bisbat de Mallorca\",\"image\":{\"@type\":\"ImageObject\",\"inLanguage\":\"ca\",\"@id\":\"https:\/\/www.bisbatdemallorca.org\/ca\/#\/schema\/person\/image\/\",\"url\":\"https:\/\/secure.gravatar.com\/avatar\/cc0dac0bd15aa6305e120ea8e5b6c12f94c8fe06a53230fa56abffe62cefceb4?s=96&d=mm&r=g\",\"contentUrl\":\"https:\/\/secure.gravatar.com\/avatar\/cc0dac0bd15aa6305e120ea8e5b6c12f94c8fe06a53230fa56abffe62cefceb4?s=96&d=mm&r=g\",\"caption\":\"Administraci\u00f3 Bisbat de Mallorca\"},\"sameAs\":[\"https:\/\/bisbatdemallorca.org\"],\"url\":\"https:\/\/www.bisbatdemallorca.org\/ca\/author\/administraciobisbat\/\"}]}<\/script>\n<!-- \/ Yoast SEO plugin. -->","yoast_head_json":{"title":"Que la terra s\u2019ompli d\u2019alegria!","robots":{"index":"index","follow":"follow","max-snippet":"max-snippet:-1","max-image-preview":"max-image-preview:large","max-video-preview":"max-video-preview:-1"},"canonical":"https:\/\/www.bisbatdemallorca.org\/ca\/que-la-terra-sompli-dalegria\/","og_locale":"ca_ES","og_type":"article","og_title":"[:ca]Que la terra s\u2019ompli d\u2019alegria![:es]\u00a1Que goce la tierra![:] - Bisbat de Mallorca","og_description":"Aquest \u00e9s el crit joi\u00f3s que encap\u00e7ala el Preg\u00f3 pasqual [...]","og_url":"https:\/\/www.bisbatdemallorca.org\/ca\/que-la-terra-sompli-dalegria\/","og_site_name":"Bisbat de Mallorca","article_published_time":"2026-04-05T07:34:23+00:00","author":"Administraci\u00f3 Bisbat de Mallorca","twitter_card":"summary_large_image","twitter_misc":{"Escrit per":"Administraci\u00f3 Bisbat de Mallorca","Temps estimat de lectura":"4 minuts"},"schema":{"@context":"https:\/\/schema.org","@graph":[{"@type":"Article","@id":"https:\/\/www.bisbatdemallorca.org\/que-la-terra-sompli-dalegria\/#article","isPartOf":{"@id":"https:\/\/www.bisbatdemallorca.org\/que-la-terra-sompli-dalegria\/"},"author":{"name":"Administraci\u00f3 Bisbat de Mallorca","@id":"https:\/\/www.bisbatdemallorca.org\/ca\/#\/schema\/person\/9d198fedaef82cec34c41260a51964a6"},"headline":"Que la terra s\u2019ompli d\u2019alegria!","datePublished":"2026-04-05T07:34:23+00:00","mainEntityOfPage":{"@id":"https:\/\/www.bisbatdemallorca.org\/que-la-terra-sompli-dalegria\/"},"wordCount":1450,"publisher":{"@id":"https:\/\/www.bisbatdemallorca.org\/ca\/#organization"},"articleSection":["Articles del Bisbe"],"inLanguage":"ca"},{"@type":"WebPage","@id":"https:\/\/www.bisbatdemallorca.org\/que-la-terra-sompli-dalegria\/","url":"https:\/\/www.bisbatdemallorca.org\/que-la-terra-sompli-dalegria\/","name":"Que la terra s\u2019ompli d\u2019alegria!","isPartOf":{"@id":"https:\/\/www.bisbatdemallorca.org\/ca\/#website"},"datePublished":"2026-04-05T07:34:23+00:00","breadcrumb":{"@id":"https:\/\/www.bisbatdemallorca.org\/que-la-terra-sompli-dalegria\/#breadcrumb"},"inLanguage":"ca","potentialAction":[{"@type":"ReadAction","target":["https:\/\/www.bisbatdemallorca.org\/que-la-terra-sompli-dalegria\/"]}]},{"@type":"BreadcrumbList","@id":"https:\/\/www.bisbatdemallorca.org\/que-la-terra-sompli-dalegria\/#breadcrumb","itemListElement":[{"@type":"ListItem","position":1,"name":"Portada","item":"https:\/\/www.bisbatdemallorca.org\/ca\/"},{"@type":"ListItem","position":2,"name":"\u00a1Que goce la tierra!"}]},{"@type":"WebSite","@id":"https:\/\/www.bisbatdemallorca.org\/ca\/#website","url":"https:\/\/www.bisbatdemallorca.org\/ca\/","name":"Bisbat de Mallorca","description":"Just another WordPress site","publisher":{"@id":"https:\/\/www.bisbatdemallorca.org\/ca\/#organization"},"potentialAction":[{"@type":"SearchAction","target":{"@type":"EntryPoint","urlTemplate":"https:\/\/www.bisbatdemallorca.org\/ca\/?s={search_term_string}"},"query-input":{"@type":"PropertyValueSpecification","valueRequired":true,"valueName":"search_term_string"}}],"inLanguage":"ca"},{"@type":"Organization","@id":"https:\/\/www.bisbatdemallorca.org\/ca\/#organization","name":"Bisbat De Mallorca","url":"https:\/\/www.bisbatdemallorca.org\/ca\/","logo":{"@type":"ImageObject","inLanguage":"ca","@id":"https:\/\/www.bisbatdemallorca.org\/ca\/#\/schema\/logo\/image\/","url":"https:\/\/bisbatdemallorca.org\/wp-content\/uploads\/2022\/04\/Logo_Bisbat-de-Mallorca-scaled.jpeg","contentUrl":"https:\/\/bisbatdemallorca.org\/wp-content\/uploads\/2022\/04\/Logo_Bisbat-de-Mallorca-scaled.jpeg","width":2560,"height":1810,"caption":"Bisbat De Mallorca"},"image":{"@id":"https:\/\/www.bisbatdemallorca.org\/ca\/#\/schema\/logo\/image\/"}},{"@type":"Person","@id":"https:\/\/www.bisbatdemallorca.org\/ca\/#\/schema\/person\/9d198fedaef82cec34c41260a51964a6","name":"Administraci\u00f3 Bisbat de Mallorca","image":{"@type":"ImageObject","inLanguage":"ca","@id":"https:\/\/www.bisbatdemallorca.org\/ca\/#\/schema\/person\/image\/","url":"https:\/\/secure.gravatar.com\/avatar\/cc0dac0bd15aa6305e120ea8e5b6c12f94c8fe06a53230fa56abffe62cefceb4?s=96&d=mm&r=g","contentUrl":"https:\/\/secure.gravatar.com\/avatar\/cc0dac0bd15aa6305e120ea8e5b6c12f94c8fe06a53230fa56abffe62cefceb4?s=96&d=mm&r=g","caption":"Administraci\u00f3 Bisbat de Mallorca"},"sameAs":["https:\/\/bisbatdemallorca.org"],"url":"https:\/\/www.bisbatdemallorca.org\/ca\/author\/administraciobisbat\/"}]}},"_links":{"self":[{"href":"https:\/\/www.bisbatdemallorca.org\/ca\/wp-json\/wp\/v2\/posts\/31918","targetHints":{"allow":["GET"]}}],"collection":[{"href":"https:\/\/www.bisbatdemallorca.org\/ca\/wp-json\/wp\/v2\/posts"}],"about":[{"href":"https:\/\/www.bisbatdemallorca.org\/ca\/wp-json\/wp\/v2\/types\/post"}],"author":[{"embeddable":true,"href":"https:\/\/www.bisbatdemallorca.org\/ca\/wp-json\/wp\/v2\/users\/2"}],"replies":[{"embeddable":true,"href":"https:\/\/www.bisbatdemallorca.org\/ca\/wp-json\/wp\/v2\/comments?post=31918"}],"version-history":[{"count":0,"href":"https:\/\/www.bisbatdemallorca.org\/ca\/wp-json\/wp\/v2\/posts\/31918\/revisions"}],"wp:attachment":[{"href":"https:\/\/www.bisbatdemallorca.org\/ca\/wp-json\/wp\/v2\/media?parent=31918"}],"wp:term":[{"taxonomy":"category","embeddable":true,"href":"https:\/\/www.bisbatdemallorca.org\/ca\/wp-json\/wp\/v2\/categories?post=31918"},{"taxonomy":"post_tag","embeddable":true,"href":"https:\/\/www.bisbatdemallorca.org\/ca\/wp-json\/wp\/v2\/tags?post=31918"}],"curies":[{"name":"wp","href":"https:\/\/api.w.org\/{rel}","templated":true}]}}