{"id":32021,"date":"2026-03-30T12:55:08","date_gmt":"2026-03-30T10:55:08","guid":{"rendered":"https:\/\/www.bisbatdemallorca.org\/ca\/?p=32021"},"modified":"2026-03-30T12:56:33","modified_gmt":"2026-03-30T10:56:33","slug":"presentacio-del-llibre-ramon-llull-lo-foll-de-jesucrist-de-joan-andreu-alcina-a-santa-eulalia","status":"publish","type":"post","link":"https:\/\/www.bisbatdemallorca.org\/ca\/presentacio-del-llibre-ramon-llull-lo-foll-de-jesucrist-de-joan-andreu-alcina-a-santa-eulalia\/","title":{"rendered":"Presentaci\u00f3 del llibre\u00a0Ramon Llull, lo foll de Jesucrist\u00a0de Joan Andreu Alcina a Santa Eul\u00e0lia"},"content":{"rendered":"<p>El dijous 26 de mar\u00e7 va tenir lloc, a la sala d\u2019actes de la parr\u00f2quia de Santa Eul\u00e0lia de Palma, la presentaci\u00f3 del llibre\u00a0<em>Ramon Llull, lo foll de Jesucrist<\/em>, de Joan Andreu Alcina, en un acte que va reunir un nombr\u00f3s p\u00fablic i que va destacar pel seu to reflexiu i proper. La sessi\u00f3 va comptar amb la participaci\u00f3 de Gabriel Buades, Mn. Gabriel Amengual i el mateix autor, que van oferir diferents aproximacions a la figura de Ramon Llull i al contingut de la seva obra. Al llarg de les intervencions, es va posar en relleu la vig\u00e8ncia del pensament lul\u00b7li\u00e0 i la seva proposta radical de seguiment de Crist, que continua interpel\u00b7lant el nostre temps. El llibre, publicat en el marc de la col\u00b7lecci\u00f3 Tornaveu de la Fundaci\u00f3 Parresia, proposa una lectura accessible i profunda de la dimensi\u00f3 espiritual de Llull, centrada en la seva experi\u00e8ncia d\u2019encontre amb Jesucrist i en la coher\u00e8ncia vital que se\u2019n deriva. Un dels moments m\u00e9s significatius de l\u2019acte va ser la intervenci\u00f3 de l\u2019autor, que va voler agrair la pres\u00e8ncia del p\u00fablic, que omplia la sala. En les seves paraules, va destacar com, mirant els assistents, podia recon\u00e8ixer-hi bona part del seu propi recorregut vital: fam\u00edlia, esposa i fills, amics, ve\u00efnats, companys d\u2019estudis i de claustre, aix\u00ed com moltes altres persones amb qui ha compartit cam\u00ed. Una pres\u00e8ncia diversa que evidenciava els vincles personals i comunitaris que han acompanyat la gestaci\u00f3 del llibre. L\u2019acte es va desenvolupar dins un ambient de proximitat i inter\u00e8s, i va concloure amb un espai de trobada i signatura de llibres per part de l\u2019autor.<\/p>\n","protected":false},"excerpt":{"rendered":"<p>El dijous 26 de mar\u00e7 va tenir lloc, a la  [&#8230;]<\/p>\n","protected":false},"author":2,"featured_media":32024,"comment_status":"closed","ping_status":"open","sticky":false,"template":"","format":"standard","meta":{"footnotes":""},"categories":[16],"tags":[],"class_list":["post-32021","post","type-post","status-publish","format-standard","has-post-thumbnail","hentry","category-agencia-baleria"],"yoast_head":"<!-- This site is optimized with the Yoast SEO plugin v27.0 - https:\/\/yoast.com\/product\/yoast-seo-wordpress\/ -->\n<title>Presentaci\u00f3 del llibre\u00a0Ramon Llull, lo foll de Jesucrist\u00a0de Joan Andreu Alcina a Santa Eul\u00e0lia<\/title>\n<meta name=\"robots\" content=\"index, follow, max-snippet:-1, max-image-preview:large, max-video-preview:-1\" \/>\n<link rel=\"canonical\" href=\"https:\/\/www.bisbatdemallorca.org\/ca\/presentacio-del-llibre-ramon-llull-lo-foll-de-jesucrist-de-joan-andreu-alcina-a-santa-eulalia\/\" \/>\n<meta property=\"og:locale\" content=\"ca_ES\" \/>\n<meta property=\"og:locale:alternate\" content=\"en_US\" \/>\n<meta property=\"og:locale:alternate\" content=\"es_ES\" \/>\n<meta property=\"og:type\" content=\"article\" \/>\n<meta property=\"og:title\" content=\"Presentaci\u00f3 del llibre\u00a0Ramon Llull, lo foll de Jesucrist\u00a0de Joan Andreu Alcina a Santa Eul\u00e0lia\" \/>\n<meta property=\"og:description\" content=\"El dijous 26 de mar\u00e7 va tenir lloc, a la [...]\" \/>\n<meta property=\"og:url\" content=\"https:\/\/www.bisbatdemallorca.org\/ca\/presentacio-del-llibre-ramon-llull-lo-foll-de-jesucrist-de-joan-andreu-alcina-a-santa-eulalia\/\" \/>\n<meta property=\"og:site_name\" content=\"Bisbat de Mallorca\" \/>\n<meta property=\"article:published_time\" content=\"2026-03-30T10:55:08+00:00\" \/>\n<meta property=\"article:modified_time\" content=\"2026-03-30T10:56:33+00:00\" \/>\n<meta name=\"author\" content=\"Administraci\u00f3 Bisbat de Mallorca\" \/>\n<meta name=\"twitter:card\" content=\"summary_large_image\" \/>\n<meta name=\"twitter:label1\" content=\"Escrit per\" \/>\n\t<meta name=\"twitter:data1\" content=\"Administraci\u00f3 Bisbat de Mallorca\" \/>\n\t<meta name=\"twitter:label2\" content=\"Temps estimat de lectura\" \/>\n\t<meta name=\"twitter:data2\" content=\"1 minut\" \/>\n<script type=\"application\/ld+json\" class=\"yoast-schema-graph\">{\"@context\":\"https:\/\/schema.org\",\"@graph\":[{\"@type\":\"Article\",\"@id\":\"https:\/\/www.bisbatdemallorca.org\/presentacio-del-llibre-ramon-llull-lo-foll-de-jesucrist-de-joan-andreu-alcina-a-santa-eulalia\/#article\",\"isPartOf\":{\"@id\":\"https:\/\/www.bisbatdemallorca.org\/presentacio-del-llibre-ramon-llull-lo-foll-de-jesucrist-de-joan-andreu-alcina-a-santa-eulalia\/\"},\"author\":{\"name\":\"Administraci\u00f3 Bisbat de Mallorca\",\"@id\":\"https:\/\/www.bisbatdemallorca.org\/ca\/#\/schema\/person\/9d198fedaef82cec34c41260a51964a6\"},\"headline\":\"Presentaci\u00f3 del llibre\u00a0Ramon Llull, lo foll de Jesucrist\u00a0de Joan Andreu Alcina a Santa Eul\u00e0lia\",\"datePublished\":\"2026-03-30T10:55:08+00:00\",\"dateModified\":\"2026-03-30T10:56:33+00:00\",\"mainEntityOfPage\":{\"@id\":\"https:\/\/www.bisbatdemallorca.org\/presentacio-del-llibre-ramon-llull-lo-foll-de-jesucrist-de-joan-andreu-alcina-a-santa-eulalia\/\"},\"wordCount\":620,\"publisher\":{\"@id\":\"https:\/\/www.bisbatdemallorca.org\/ca\/#organization\"},\"image\":{\"@id\":\"https:\/\/www.bisbatdemallorca.org\/presentacio-del-llibre-ramon-llull-lo-foll-de-jesucrist-de-joan-andreu-alcina-a-santa-eulalia\/#primaryimage\"},\"thumbnailUrl\":\"https:\/\/www.bisbatdemallorca.org\/wp-content\/uploads\/2026\/03\/20260326-Presentacio-llibre-Ramon-Llull-lo-foll-de-Jesucrist-1529.jpg\",\"articleSection\":[\"Agencia Bal\u00e8ria\"],\"inLanguage\":\"ca\"},{\"@type\":\"WebPage\",\"@id\":\"https:\/\/www.bisbatdemallorca.org\/presentacio-del-llibre-ramon-llull-lo-foll-de-jesucrist-de-joan-andreu-alcina-a-santa-eulalia\/\",\"url\":\"https:\/\/www.bisbatdemallorca.org\/presentacio-del-llibre-ramon-llull-lo-foll-de-jesucrist-de-joan-andreu-alcina-a-santa-eulalia\/\",\"name\":\"Presentaci\u00f3 del llibre\u00a0Ramon Llull, lo foll de Jesucrist\u00a0de Joan Andreu Alcina a Santa Eul\u00e0lia\",\"isPartOf\":{\"@id\":\"https:\/\/www.bisbatdemallorca.org\/ca\/#website\"},\"primaryImageOfPage\":{\"@id\":\"https:\/\/www.bisbatdemallorca.org\/presentacio-del-llibre-ramon-llull-lo-foll-de-jesucrist-de-joan-andreu-alcina-a-santa-eulalia\/#primaryimage\"},\"image\":{\"@id\":\"https:\/\/www.bisbatdemallorca.org\/presentacio-del-llibre-ramon-llull-lo-foll-de-jesucrist-de-joan-andreu-alcina-a-santa-eulalia\/#primaryimage\"},\"thumbnailUrl\":\"https:\/\/www.bisbatdemallorca.org\/wp-content\/uploads\/2026\/03\/20260326-Presentacio-llibre-Ramon-Llull-lo-foll-de-Jesucrist-1529.jpg\",\"datePublished\":\"2026-03-30T10:55:08+00:00\",\"dateModified\":\"2026-03-30T10:56:33+00:00\",\"breadcrumb\":{\"@id\":\"https:\/\/www.bisbatdemallorca.org\/presentacio-del-llibre-ramon-llull-lo-foll-de-jesucrist-de-joan-andreu-alcina-a-santa-eulalia\/#breadcrumb\"},\"inLanguage\":\"ca\",\"potentialAction\":[{\"@type\":\"ReadAction\",\"target\":[\"https:\/\/www.bisbatdemallorca.org\/presentacio-del-llibre-ramon-llull-lo-foll-de-jesucrist-de-joan-andreu-alcina-a-santa-eulalia\/\"]}]},{\"@type\":\"ImageObject\",\"inLanguage\":\"ca\",\"@id\":\"https:\/\/www.bisbatdemallorca.org\/presentacio-del-llibre-ramon-llull-lo-foll-de-jesucrist-de-joan-andreu-alcina-a-santa-eulalia\/#primaryimage\",\"url\":\"https:\/\/www.bisbatdemallorca.org\/wp-content\/uploads\/2026\/03\/20260326-Presentacio-llibre-Ramon-Llull-lo-foll-de-Jesucrist-1529.jpg\",\"contentUrl\":\"https:\/\/www.bisbatdemallorca.org\/wp-content\/uploads\/2026\/03\/20260326-Presentacio-llibre-Ramon-Llull-lo-foll-de-Jesucrist-1529.jpg\",\"width\":1800,\"height\":1200},{\"@type\":\"BreadcrumbList\",\"@id\":\"https:\/\/www.bisbatdemallorca.org\/presentacio-del-llibre-ramon-llull-lo-foll-de-jesucrist-de-joan-andreu-alcina-a-santa-eulalia\/#breadcrumb\",\"itemListElement\":[{\"@type\":\"ListItem\",\"position\":1,\"name\":\"Portada\",\"item\":\"https:\/\/www.bisbatdemallorca.org\/ca\/\"},{\"@type\":\"ListItem\",\"position\":2,\"name\":\"Presentaci\u00f3n del libro\u00a0Ramon Llull, lo foll de Jesucrist\u00a0de Joan Andreu Alcina en Santa Eul\u00e0lia\"}]},{\"@type\":\"WebSite\",\"@id\":\"https:\/\/www.bisbatdemallorca.org\/ca\/#website\",\"url\":\"https:\/\/www.bisbatdemallorca.org\/ca\/\",\"name\":\"Bisbat de Mallorca\",\"description\":\"Just another WordPress site\",\"publisher\":{\"@id\":\"https:\/\/www.bisbatdemallorca.org\/ca\/#organization\"},\"potentialAction\":[{\"@type\":\"SearchAction\",\"target\":{\"@type\":\"EntryPoint\",\"urlTemplate\":\"https:\/\/www.bisbatdemallorca.org\/ca\/?s={search_term_string}\"},\"query-input\":{\"@type\":\"PropertyValueSpecification\",\"valueRequired\":true,\"valueName\":\"search_term_string\"}}],\"inLanguage\":\"ca\"},{\"@type\":\"Organization\",\"@id\":\"https:\/\/www.bisbatdemallorca.org\/ca\/#organization\",\"name\":\"Bisbat De Mallorca\",\"url\":\"https:\/\/www.bisbatdemallorca.org\/ca\/\",\"logo\":{\"@type\":\"ImageObject\",\"inLanguage\":\"ca\",\"@id\":\"https:\/\/www.bisbatdemallorca.org\/ca\/#\/schema\/logo\/image\/\",\"url\":\"https:\/\/bisbatdemallorca.org\/wp-content\/uploads\/2022\/04\/Logo_Bisbat-de-Mallorca-scaled.jpeg\",\"contentUrl\":\"https:\/\/bisbatdemallorca.org\/wp-content\/uploads\/2022\/04\/Logo_Bisbat-de-Mallorca-scaled.jpeg\",\"width\":2560,\"height\":1810,\"caption\":\"Bisbat De Mallorca\"},\"image\":{\"@id\":\"https:\/\/www.bisbatdemallorca.org\/ca\/#\/schema\/logo\/image\/\"}},{\"@type\":\"Person\",\"@id\":\"https:\/\/www.bisbatdemallorca.org\/ca\/#\/schema\/person\/9d198fedaef82cec34c41260a51964a6\",\"name\":\"Administraci\u00f3 Bisbat de Mallorca\",\"image\":{\"@type\":\"ImageObject\",\"inLanguage\":\"ca\",\"@id\":\"https:\/\/www.bisbatdemallorca.org\/ca\/#\/schema\/person\/image\/\",\"url\":\"https:\/\/secure.gravatar.com\/avatar\/cc0dac0bd15aa6305e120ea8e5b6c12f94c8fe06a53230fa56abffe62cefceb4?s=96&d=mm&r=g\",\"contentUrl\":\"https:\/\/secure.gravatar.com\/avatar\/cc0dac0bd15aa6305e120ea8e5b6c12f94c8fe06a53230fa56abffe62cefceb4?s=96&d=mm&r=g\",\"caption\":\"Administraci\u00f3 Bisbat de Mallorca\"},\"sameAs\":[\"https:\/\/bisbatdemallorca.org\"],\"url\":\"https:\/\/www.bisbatdemallorca.org\/ca\/author\/administraciobisbat\/\"}]}<\/script>\n<!-- \/ Yoast SEO plugin. -->","yoast_head_json":{"title":"Presentaci\u00f3 del llibre\u00a0Ramon Llull, lo foll de Jesucrist\u00a0de Joan Andreu Alcina a Santa Eul\u00e0lia","robots":{"index":"index","follow":"follow","max-snippet":"max-snippet:-1","max-image-preview":"max-image-preview:large","max-video-preview":"max-video-preview:-1"},"canonical":"https:\/\/www.bisbatdemallorca.org\/ca\/presentacio-del-llibre-ramon-llull-lo-foll-de-jesucrist-de-joan-andreu-alcina-a-santa-eulalia\/","og_locale":"ca_ES","og_type":"article","og_title":"[:ca]Presentaci\u00f3 del llibre\u00a0Ramon Llull, lo foll de Jesucrist\u00a0de Joan Andreu Alcina a Santa Eul\u00e0lia[:es]Presentaci\u00f3n del libro\u00a0Ramon Llull, lo foll de Jesucrist\u00a0de Joan Andreu Alcina en Santa Eul\u00e0lia[:] - Bisbat de Mallorca","og_description":"El dijous 26 de mar\u00e7 va tenir lloc, a la [...]","og_url":"https:\/\/www.bisbatdemallorca.org\/ca\/presentacio-del-llibre-ramon-llull-lo-foll-de-jesucrist-de-joan-andreu-alcina-a-santa-eulalia\/","og_site_name":"Bisbat de Mallorca","article_published_time":"2026-03-30T10:55:08+00:00","article_modified_time":"2026-03-30T10:56:33+00:00","author":"Administraci\u00f3 Bisbat de Mallorca","twitter_card":"summary_large_image","twitter_misc":{"Escrit per":"Administraci\u00f3 Bisbat de Mallorca","Temps estimat de lectura":"1 minut"},"schema":{"@context":"https:\/\/schema.org","@graph":[{"@type":"Article","@id":"https:\/\/www.bisbatdemallorca.org\/presentacio-del-llibre-ramon-llull-lo-foll-de-jesucrist-de-joan-andreu-alcina-a-santa-eulalia\/#article","isPartOf":{"@id":"https:\/\/www.bisbatdemallorca.org\/presentacio-del-llibre-ramon-llull-lo-foll-de-jesucrist-de-joan-andreu-alcina-a-santa-eulalia\/"},"author":{"name":"Administraci\u00f3 Bisbat de Mallorca","@id":"https:\/\/www.bisbatdemallorca.org\/ca\/#\/schema\/person\/9d198fedaef82cec34c41260a51964a6"},"headline":"Presentaci\u00f3 del llibre\u00a0Ramon Llull, lo foll de Jesucrist\u00a0de Joan Andreu Alcina a Santa Eul\u00e0lia","datePublished":"2026-03-30T10:55:08+00:00","dateModified":"2026-03-30T10:56:33+00:00","mainEntityOfPage":{"@id":"https:\/\/www.bisbatdemallorca.org\/presentacio-del-llibre-ramon-llull-lo-foll-de-jesucrist-de-joan-andreu-alcina-a-santa-eulalia\/"},"wordCount":620,"publisher":{"@id":"https:\/\/www.bisbatdemallorca.org\/ca\/#organization"},"image":{"@id":"https:\/\/www.bisbatdemallorca.org\/presentacio-del-llibre-ramon-llull-lo-foll-de-jesucrist-de-joan-andreu-alcina-a-santa-eulalia\/#primaryimage"},"thumbnailUrl":"https:\/\/www.bisbatdemallorca.org\/wp-content\/uploads\/2026\/03\/20260326-Presentacio-llibre-Ramon-Llull-lo-foll-de-Jesucrist-1529.jpg","articleSection":["Agencia Bal\u00e8ria"],"inLanguage":"ca"},{"@type":"WebPage","@id":"https:\/\/www.bisbatdemallorca.org\/presentacio-del-llibre-ramon-llull-lo-foll-de-jesucrist-de-joan-andreu-alcina-a-santa-eulalia\/","url":"https:\/\/www.bisbatdemallorca.org\/presentacio-del-llibre-ramon-llull-lo-foll-de-jesucrist-de-joan-andreu-alcina-a-santa-eulalia\/","name":"Presentaci\u00f3 del llibre\u00a0Ramon Llull, lo foll de Jesucrist\u00a0de Joan Andreu Alcina a Santa Eul\u00e0lia","isPartOf":{"@id":"https:\/\/www.bisbatdemallorca.org\/ca\/#website"},"primaryImageOfPage":{"@id":"https:\/\/www.bisbatdemallorca.org\/presentacio-del-llibre-ramon-llull-lo-foll-de-jesucrist-de-joan-andreu-alcina-a-santa-eulalia\/#primaryimage"},"image":{"@id":"https:\/\/www.bisbatdemallorca.org\/presentacio-del-llibre-ramon-llull-lo-foll-de-jesucrist-de-joan-andreu-alcina-a-santa-eulalia\/#primaryimage"},"thumbnailUrl":"https:\/\/www.bisbatdemallorca.org\/wp-content\/uploads\/2026\/03\/20260326-Presentacio-llibre-Ramon-Llull-lo-foll-de-Jesucrist-1529.jpg","datePublished":"2026-03-30T10:55:08+00:00","dateModified":"2026-03-30T10:56:33+00:00","breadcrumb":{"@id":"https:\/\/www.bisbatdemallorca.org\/presentacio-del-llibre-ramon-llull-lo-foll-de-jesucrist-de-joan-andreu-alcina-a-santa-eulalia\/#breadcrumb"},"inLanguage":"ca","potentialAction":[{"@type":"ReadAction","target":["https:\/\/www.bisbatdemallorca.org\/presentacio-del-llibre-ramon-llull-lo-foll-de-jesucrist-de-joan-andreu-alcina-a-santa-eulalia\/"]}]},{"@type":"ImageObject","inLanguage":"ca","@id":"https:\/\/www.bisbatdemallorca.org\/presentacio-del-llibre-ramon-llull-lo-foll-de-jesucrist-de-joan-andreu-alcina-a-santa-eulalia\/#primaryimage","url":"https:\/\/www.bisbatdemallorca.org\/wp-content\/uploads\/2026\/03\/20260326-Presentacio-llibre-Ramon-Llull-lo-foll-de-Jesucrist-1529.jpg","contentUrl":"https:\/\/www.bisbatdemallorca.org\/wp-content\/uploads\/2026\/03\/20260326-Presentacio-llibre-Ramon-Llull-lo-foll-de-Jesucrist-1529.jpg","width":1800,"height":1200},{"@type":"BreadcrumbList","@id":"https:\/\/www.bisbatdemallorca.org\/presentacio-del-llibre-ramon-llull-lo-foll-de-jesucrist-de-joan-andreu-alcina-a-santa-eulalia\/#breadcrumb","itemListElement":[{"@type":"ListItem","position":1,"name":"Portada","item":"https:\/\/www.bisbatdemallorca.org\/ca\/"},{"@type":"ListItem","position":2,"name":"Presentaci\u00f3n del libro\u00a0Ramon Llull, lo foll de Jesucrist\u00a0de Joan Andreu Alcina en Santa Eul\u00e0lia"}]},{"@type":"WebSite","@id":"https:\/\/www.bisbatdemallorca.org\/ca\/#website","url":"https:\/\/www.bisbatdemallorca.org\/ca\/","name":"Bisbat de Mallorca","description":"Just another WordPress site","publisher":{"@id":"https:\/\/www.bisbatdemallorca.org\/ca\/#organization"},"potentialAction":[{"@type":"SearchAction","target":{"@type":"EntryPoint","urlTemplate":"https:\/\/www.bisbatdemallorca.org\/ca\/?s={search_term_string}"},"query-input":{"@type":"PropertyValueSpecification","valueRequired":true,"valueName":"search_term_string"}}],"inLanguage":"ca"},{"@type":"Organization","@id":"https:\/\/www.bisbatdemallorca.org\/ca\/#organization","name":"Bisbat De Mallorca","url":"https:\/\/www.bisbatdemallorca.org\/ca\/","logo":{"@type":"ImageObject","inLanguage":"ca","@id":"https:\/\/www.bisbatdemallorca.org\/ca\/#\/schema\/logo\/image\/","url":"https:\/\/bisbatdemallorca.org\/wp-content\/uploads\/2022\/04\/Logo_Bisbat-de-Mallorca-scaled.jpeg","contentUrl":"https:\/\/bisbatdemallorca.org\/wp-content\/uploads\/2022\/04\/Logo_Bisbat-de-Mallorca-scaled.jpeg","width":2560,"height":1810,"caption":"Bisbat De Mallorca"},"image":{"@id":"https:\/\/www.bisbatdemallorca.org\/ca\/#\/schema\/logo\/image\/"}},{"@type":"Person","@id":"https:\/\/www.bisbatdemallorca.org\/ca\/#\/schema\/person\/9d198fedaef82cec34c41260a51964a6","name":"Administraci\u00f3 Bisbat de Mallorca","image":{"@type":"ImageObject","inLanguage":"ca","@id":"https:\/\/www.bisbatdemallorca.org\/ca\/#\/schema\/person\/image\/","url":"https:\/\/secure.gravatar.com\/avatar\/cc0dac0bd15aa6305e120ea8e5b6c12f94c8fe06a53230fa56abffe62cefceb4?s=96&d=mm&r=g","contentUrl":"https:\/\/secure.gravatar.com\/avatar\/cc0dac0bd15aa6305e120ea8e5b6c12f94c8fe06a53230fa56abffe62cefceb4?s=96&d=mm&r=g","caption":"Administraci\u00f3 Bisbat de Mallorca"},"sameAs":["https:\/\/bisbatdemallorca.org"],"url":"https:\/\/www.bisbatdemallorca.org\/ca\/author\/administraciobisbat\/"}]}},"_links":{"self":[{"href":"https:\/\/www.bisbatdemallorca.org\/ca\/wp-json\/wp\/v2\/posts\/32021","targetHints":{"allow":["GET"]}}],"collection":[{"href":"https:\/\/www.bisbatdemallorca.org\/ca\/wp-json\/wp\/v2\/posts"}],"about":[{"href":"https:\/\/www.bisbatdemallorca.org\/ca\/wp-json\/wp\/v2\/types\/post"}],"author":[{"embeddable":true,"href":"https:\/\/www.bisbatdemallorca.org\/ca\/wp-json\/wp\/v2\/users\/2"}],"replies":[{"embeddable":true,"href":"https:\/\/www.bisbatdemallorca.org\/ca\/wp-json\/wp\/v2\/comments?post=32021"}],"version-history":[{"count":0,"href":"https:\/\/www.bisbatdemallorca.org\/ca\/wp-json\/wp\/v2\/posts\/32021\/revisions"}],"wp:featuredmedia":[{"embeddable":true,"href":"https:\/\/www.bisbatdemallorca.org\/ca\/wp-json\/wp\/v2\/media\/32024"}],"wp:attachment":[{"href":"https:\/\/www.bisbatdemallorca.org\/ca\/wp-json\/wp\/v2\/media?parent=32021"}],"wp:term":[{"taxonomy":"category","embeddable":true,"href":"https:\/\/www.bisbatdemallorca.org\/ca\/wp-json\/wp\/v2\/categories?post=32021"},{"taxonomy":"post_tag","embeddable":true,"href":"https:\/\/www.bisbatdemallorca.org\/ca\/wp-json\/wp\/v2\/tags?post=32021"}],"curies":[{"name":"wp","href":"https:\/\/api.w.org\/{rel}","templated":true}]}}