{"id":32256,"date":"2026-04-19T09:12:48","date_gmt":"2026-04-19T07:12:48","guid":{"rendered":"https:\/\/www.bisbatdemallorca.org\/ca\/?p=32256"},"modified":"2026-04-14T09:14:25","modified_gmt":"2026-04-14T07:14:25","slug":"litinerari-normal-dun-cristia-que-es-deixa-acompanyar","status":"publish","type":"post","link":"https:\/\/www.bisbatdemallorca.org\/ca\/litinerari-normal-dun-cristia-que-es-deixa-acompanyar\/","title":{"rendered":"L\u2019itinerari \u00abnormal\u00bb d\u2019un cristi\u00e0 que es deixa acompanyar"},"content":{"rendered":"<p>El relat evang\u00e8lic que conta com Jes\u00fas es posa a caminar amb dos deixebles podria molt ben \u00e9sser la mostra d\u2019un itinerari \u00abnormal\u00bb per a cr\u00e9ixer com a cristians d\u2019aquells qui es deixen acompanyar i volen realment progressar en el seguiment de Jes\u00fas. En aquest relat hi \u00e9s tot, des del punt de partida, que \u00e9s la <em>decepci\u00f3<\/em>, fins a l\u2019<strong>entusiasme del seguiment<\/strong>. Amb una pedagogia molt h\u00e0bil, Jes\u00fas acompanya un proc\u00e9s normal de creixement en la fe o d\u2019iniciaci\u00f3 cristiana, all\u00f2 que, en les circumst\u00e0ncies actuals, tanta falta fa perqu\u00e8 esdevinguem cristians adults. L\u2019<strong>escolta de la Paraula de D\u00e9u<\/strong> ens situa, doncs, davant <strong>la veritat de l\u2019encontre amb el Crist<\/strong> viu i present en els camins de la nostra vida.<\/p>\n<p><em>Com s\u00f3n aquests camins, contemplant la realitat de cada dia? <\/em>Essent realistes, s\u00f3n camins d\u2019anada i de tornada, de frustracions i d\u2019euf\u00f2ries, de desenganys i d\u2019adhesions. Camins, tamb\u00e9, d\u2019ignor\u00e0ncia, d\u2019indifer\u00e8ncia i desesperan\u00e7a. En certs aspectes, aix\u00ed ho viuen els qui havien posat la seva confian\u00e7a en Jes\u00fas quan diuen \u00ab<strong><em>nosaltres esper\u00e0vem que ell seria el qui hauria alliberat Israel<\/em><\/strong>\u2026\u00bb (<em>Lc<\/em> 24,21) La freq\u00fc\u00e8ncia amb qu\u00e8 es pronuncien aquesta i altres frases similars denota una reacci\u00f3 que envaeix les nostres converses i posa al descobert una decepci\u00f3 directament relacionada amb Jes\u00fas o amb els seus seguidors.<\/p>\n<p>A tot aix\u00f2 cal afegir-hi el fet dels qui se\u2019n van, d\u2019aquells i aquelles qui separen la vida de l\u2019Evangeli o viuen com si no creguessin; una esp\u00e8cie d\u2019<em>apostasia silenciosa<\/em>, un intent de fer prevaler una comprensi\u00f3 de l\u2019home sense D\u00e9u i sense Crist, de viure com si D\u00e9u no exist\u00eds. El nostre m\u00f3n occidental ara ho viu com una <em>crisi d\u2019identitat<\/em> perqu\u00e8 ha perdut les arrels i el referent que el definia. Aix\u00ed i tot, hi ha demanda religiosa, per\u00f2 sovint revestida d\u2019un compliment purament extern o que no es vol comprometre amb les exig\u00e8ncies de l\u2019Evangeli i el que l\u2019Esgl\u00e9sia suggereix, i viu la religiositat com un pur tr\u00e0mit, especialment en relaci\u00f3 amb la celebraci\u00f3 d\u2019alguns sagraments. Tamb\u00e9 en aix\u00f2 hi tenen a veure la manca de formaci\u00f3 i la ignor\u00e0ncia religiosa.<\/p>\n<p>Aix\u00ed i tot, l\u2019Evangeli ens fa veure que el Ressuscitat est\u00e0 disposat a acompanyar aquest home i aquesta dona que estan de tornada i que han perdut el rumb de la seva vida. <em>Qui ha de deixar-se acompanyar?<\/em> <em>Qui, en nom de Crist i de l\u2019Esgl\u00e9sia, vol acompanyar i ajudar-ne d\u2019altres a iniciar de nou el trajecte de retorn i ajudar a tornar a comen\u00e7ar?<\/em> Avui, ens anima veure moltes persones adultes que estan descobrint el ser cristi\u00e0 i demanen els sagraments de la iniciaci\u00f3 cristiana, d\u2019altres tamb\u00e9 el sagrament de la confirmaci\u00f3, que de m\u00e9s joves no havien rebut. Hem d\u2019oferir <strong>acompanyament<\/strong> i <strong>ajuda<\/strong>. Est\u00e0 en mans de les parr\u00f2quies i de la mateixa di\u00f2cesi organitzar-ho i proposar el <strong>catecumenat<\/strong>, que \u00e9s tot un temps de <em>conversi\u00f3<\/em> i d\u2019integraci\u00f3 a la <em>comunitat cristiana<\/em>.<\/p>\n<p>Quan el Senyor es posa a caminar amb els dos deixebles que van a Emma\u00fas, els ofereix la possibilitat de recapacitar i descobrir a trav\u00e9s de la seva <strong>Paraula<\/strong> la veritat de la seva persona i el perqu\u00e8 dels esdeveniments que han viscut. \u00c9s la ra\u00f3 per la qual moments despr\u00e9s, en la <strong>Fracci\u00f3 del Pa<\/strong>, reconeixeran el canvi que el Senyor Ressuscitat ha operat en els seus cors: <strong><em>\u00abNo \u00e9s veritat que el nostre cor s\u2019inflamava dins nosaltres mentre ens parlava pel cam\u00ed i ens obria el sentit de les Escriptures?<\/em><\/strong>\u00bb (<em>Lc<\/em> 24,32). Torna la confian\u00e7a i reneix l\u2019entusiasme. Ara, no es deixen acompanyar nom\u00e9s, sin\u00f3 que n\u2019acompanyen d\u2019altres. \u00c9s la tasca pacient de l\u2019evangelitzaci\u00f3. Facem-ho igual!<\/p>\n","protected":false},"excerpt":{"rendered":"<p>El relat evang\u00e8lic que conta com Jes\u00fas es posa a  [&#8230;]<\/p>\n","protected":false},"author":2,"featured_media":0,"comment_status":"closed","ping_status":"open","sticky":false,"template":"","format":"standard","meta":{"footnotes":""},"categories":[39],"tags":[],"class_list":["post-32256","post","type-post","status-publish","format-standard","hentry","category-articles-del-bisbe"],"yoast_head":"<!-- This site is optimized with the Yoast SEO plugin v27.0 - https:\/\/yoast.com\/product\/yoast-seo-wordpress\/ -->\n<title>L\u2019itinerari \u00abnormal\u00bb d\u2019un cristi\u00e0 que es deixa acompanyar<\/title>\n<meta name=\"robots\" content=\"index, follow, max-snippet:-1, max-image-preview:large, max-video-preview:-1\" \/>\n<link rel=\"canonical\" href=\"https:\/\/www.bisbatdemallorca.org\/ca\/litinerari-normal-dun-cristia-que-es-deixa-acompanyar\/\" \/>\n<meta property=\"og:locale\" content=\"ca_ES\" \/>\n<meta property=\"og:locale:alternate\" content=\"en_US\" \/>\n<meta property=\"og:locale:alternate\" content=\"es_ES\" \/>\n<meta property=\"og:type\" content=\"article\" \/>\n<meta property=\"og:title\" content=\"L\u2019itinerari \u00abnormal\u00bb d\u2019un cristi\u00e0 que es deixa acompanyar\" \/>\n<meta property=\"og:description\" content=\"El relat evang\u00e8lic que conta com Jes\u00fas es posa a [...]\" \/>\n<meta property=\"og:url\" content=\"https:\/\/www.bisbatdemallorca.org\/ca\/litinerari-normal-dun-cristia-que-es-deixa-acompanyar\/\" \/>\n<meta property=\"og:site_name\" content=\"Bisbat de Mallorca\" \/>\n<meta property=\"article:published_time\" content=\"2026-04-19T07:12:48+00:00\" \/>\n<meta name=\"author\" content=\"Administraci\u00f3 Bisbat de Mallorca\" \/>\n<meta name=\"twitter:card\" content=\"summary_large_image\" \/>\n<meta name=\"twitter:label1\" content=\"Escrit per\" \/>\n\t<meta name=\"twitter:data1\" content=\"Administraci\u00f3 Bisbat de Mallorca\" \/>\n<script type=\"application\/ld+json\" class=\"yoast-schema-graph\">{\"@context\":\"https:\/\/schema.org\",\"@graph\":[{\"@type\":\"Article\",\"@id\":\"https:\/\/www.bisbatdemallorca.org\/litinerari-normal-dun-cristia-que-es-deixa-acompanyar\/#article\",\"isPartOf\":{\"@id\":\"https:\/\/www.bisbatdemallorca.org\/litinerari-normal-dun-cristia-que-es-deixa-acompanyar\/\"},\"author\":{\"name\":\"Administraci\u00f3 Bisbat de Mallorca\",\"@id\":\"https:\/\/www.bisbatdemallorca.org\/ca\/#\/schema\/person\/9d198fedaef82cec34c41260a51964a6\"},\"headline\":\"L\u2019itinerari \u00abnormal\u00bb d\u2019un cristi\u00e0 que es deixa acompanyar\",\"datePublished\":\"2026-04-19T07:12:48+00:00\",\"mainEntityOfPage\":{\"@id\":\"https:\/\/www.bisbatdemallorca.org\/litinerari-normal-dun-cristia-que-es-deixa-acompanyar\/\"},\"wordCount\":1363,\"publisher\":{\"@id\":\"https:\/\/www.bisbatdemallorca.org\/ca\/#organization\"},\"articleSection\":[\"Articles del Bisbe\"],\"inLanguage\":\"ca\"},{\"@type\":\"WebPage\",\"@id\":\"https:\/\/www.bisbatdemallorca.org\/litinerari-normal-dun-cristia-que-es-deixa-acompanyar\/\",\"url\":\"https:\/\/www.bisbatdemallorca.org\/litinerari-normal-dun-cristia-que-es-deixa-acompanyar\/\",\"name\":\"L\u2019itinerari \u00abnormal\u00bb d\u2019un cristi\u00e0 que es deixa acompanyar\",\"isPartOf\":{\"@id\":\"https:\/\/www.bisbatdemallorca.org\/ca\/#website\"},\"datePublished\":\"2026-04-19T07:12:48+00:00\",\"breadcrumb\":{\"@id\":\"https:\/\/www.bisbatdemallorca.org\/litinerari-normal-dun-cristia-que-es-deixa-acompanyar\/#breadcrumb\"},\"inLanguage\":\"ca\",\"potentialAction\":[{\"@type\":\"ReadAction\",\"target\":[\"https:\/\/www.bisbatdemallorca.org\/litinerari-normal-dun-cristia-que-es-deixa-acompanyar\/\"]}]},{\"@type\":\"BreadcrumbList\",\"@id\":\"https:\/\/www.bisbatdemallorca.org\/litinerari-normal-dun-cristia-que-es-deixa-acompanyar\/#breadcrumb\",\"itemListElement\":[{\"@type\":\"ListItem\",\"position\":1,\"name\":\"Portada\",\"item\":\"https:\/\/www.bisbatdemallorca.org\/ca\/\"},{\"@type\":\"ListItem\",\"position\":2,\"name\":\"El itinerario \u00abnormal\u00bb de un cristiano que se deja acompa\u00f1ar\"}]},{\"@type\":\"WebSite\",\"@id\":\"https:\/\/www.bisbatdemallorca.org\/ca\/#website\",\"url\":\"https:\/\/www.bisbatdemallorca.org\/ca\/\",\"name\":\"Bisbat de Mallorca\",\"description\":\"Just another WordPress site\",\"publisher\":{\"@id\":\"https:\/\/www.bisbatdemallorca.org\/ca\/#organization\"},\"potentialAction\":[{\"@type\":\"SearchAction\",\"target\":{\"@type\":\"EntryPoint\",\"urlTemplate\":\"https:\/\/www.bisbatdemallorca.org\/ca\/?s={search_term_string}\"},\"query-input\":{\"@type\":\"PropertyValueSpecification\",\"valueRequired\":true,\"valueName\":\"search_term_string\"}}],\"inLanguage\":\"ca\"},{\"@type\":\"Organization\",\"@id\":\"https:\/\/www.bisbatdemallorca.org\/ca\/#organization\",\"name\":\"Bisbat De Mallorca\",\"url\":\"https:\/\/www.bisbatdemallorca.org\/ca\/\",\"logo\":{\"@type\":\"ImageObject\",\"inLanguage\":\"ca\",\"@id\":\"https:\/\/www.bisbatdemallorca.org\/ca\/#\/schema\/logo\/image\/\",\"url\":\"https:\/\/bisbatdemallorca.org\/wp-content\/uploads\/2022\/04\/Logo_Bisbat-de-Mallorca-scaled.jpeg\",\"contentUrl\":\"https:\/\/bisbatdemallorca.org\/wp-content\/uploads\/2022\/04\/Logo_Bisbat-de-Mallorca-scaled.jpeg\",\"width\":2560,\"height\":1810,\"caption\":\"Bisbat De Mallorca\"},\"image\":{\"@id\":\"https:\/\/www.bisbatdemallorca.org\/ca\/#\/schema\/logo\/image\/\"}},{\"@type\":\"Person\",\"@id\":\"https:\/\/www.bisbatdemallorca.org\/ca\/#\/schema\/person\/9d198fedaef82cec34c41260a51964a6\",\"name\":\"Administraci\u00f3 Bisbat de Mallorca\",\"image\":{\"@type\":\"ImageObject\",\"inLanguage\":\"ca\",\"@id\":\"https:\/\/www.bisbatdemallorca.org\/ca\/#\/schema\/person\/image\/\",\"url\":\"https:\/\/secure.gravatar.com\/avatar\/cc0dac0bd15aa6305e120ea8e5b6c12f94c8fe06a53230fa56abffe62cefceb4?s=96&d=mm&r=g\",\"contentUrl\":\"https:\/\/secure.gravatar.com\/avatar\/cc0dac0bd15aa6305e120ea8e5b6c12f94c8fe06a53230fa56abffe62cefceb4?s=96&d=mm&r=g\",\"caption\":\"Administraci\u00f3 Bisbat de Mallorca\"},\"sameAs\":[\"https:\/\/bisbatdemallorca.org\"],\"url\":\"https:\/\/www.bisbatdemallorca.org\/ca\/author\/administraciobisbat\/\"}]}<\/script>\n<!-- \/ Yoast SEO plugin. -->","yoast_head_json":{"title":"L\u2019itinerari \u00abnormal\u00bb d\u2019un cristi\u00e0 que es deixa acompanyar","robots":{"index":"index","follow":"follow","max-snippet":"max-snippet:-1","max-image-preview":"max-image-preview:large","max-video-preview":"max-video-preview:-1"},"canonical":"https:\/\/www.bisbatdemallorca.org\/ca\/litinerari-normal-dun-cristia-que-es-deixa-acompanyar\/","og_locale":"ca_ES","og_type":"article","og_title":"[:ca]L\u2019itinerari \u00abnormal\u00bb d\u2019un cristi\u00e0 que es deixa acompanyar[:es]El itinerario \u00abnormal\u00bb de un cristiano que se deja acompa\u00f1ar[:] - Bisbat de Mallorca","og_description":"El relat evang\u00e8lic que conta com Jes\u00fas es posa a [...]","og_url":"https:\/\/www.bisbatdemallorca.org\/ca\/litinerari-normal-dun-cristia-que-es-deixa-acompanyar\/","og_site_name":"Bisbat de Mallorca","article_published_time":"2026-04-19T07:12:48+00:00","author":"Administraci\u00f3 Bisbat de Mallorca","twitter_card":"summary_large_image","twitter_misc":{"Escrit per":"Administraci\u00f3 Bisbat de Mallorca"},"schema":{"@context":"https:\/\/schema.org","@graph":[{"@type":"Article","@id":"https:\/\/www.bisbatdemallorca.org\/litinerari-normal-dun-cristia-que-es-deixa-acompanyar\/#article","isPartOf":{"@id":"https:\/\/www.bisbatdemallorca.org\/litinerari-normal-dun-cristia-que-es-deixa-acompanyar\/"},"author":{"name":"Administraci\u00f3 Bisbat de Mallorca","@id":"https:\/\/www.bisbatdemallorca.org\/ca\/#\/schema\/person\/9d198fedaef82cec34c41260a51964a6"},"headline":"L\u2019itinerari \u00abnormal\u00bb d\u2019un cristi\u00e0 que es deixa acompanyar","datePublished":"2026-04-19T07:12:48+00:00","mainEntityOfPage":{"@id":"https:\/\/www.bisbatdemallorca.org\/litinerari-normal-dun-cristia-que-es-deixa-acompanyar\/"},"wordCount":1363,"publisher":{"@id":"https:\/\/www.bisbatdemallorca.org\/ca\/#organization"},"articleSection":["Articles del Bisbe"],"inLanguage":"ca"},{"@type":"WebPage","@id":"https:\/\/www.bisbatdemallorca.org\/litinerari-normal-dun-cristia-que-es-deixa-acompanyar\/","url":"https:\/\/www.bisbatdemallorca.org\/litinerari-normal-dun-cristia-que-es-deixa-acompanyar\/","name":"L\u2019itinerari \u00abnormal\u00bb d\u2019un cristi\u00e0 que es deixa acompanyar","isPartOf":{"@id":"https:\/\/www.bisbatdemallorca.org\/ca\/#website"},"datePublished":"2026-04-19T07:12:48+00:00","breadcrumb":{"@id":"https:\/\/www.bisbatdemallorca.org\/litinerari-normal-dun-cristia-que-es-deixa-acompanyar\/#breadcrumb"},"inLanguage":"ca","potentialAction":[{"@type":"ReadAction","target":["https:\/\/www.bisbatdemallorca.org\/litinerari-normal-dun-cristia-que-es-deixa-acompanyar\/"]}]},{"@type":"BreadcrumbList","@id":"https:\/\/www.bisbatdemallorca.org\/litinerari-normal-dun-cristia-que-es-deixa-acompanyar\/#breadcrumb","itemListElement":[{"@type":"ListItem","position":1,"name":"Portada","item":"https:\/\/www.bisbatdemallorca.org\/ca\/"},{"@type":"ListItem","position":2,"name":"El itinerario \u00abnormal\u00bb de un cristiano que se deja acompa\u00f1ar"}]},{"@type":"WebSite","@id":"https:\/\/www.bisbatdemallorca.org\/ca\/#website","url":"https:\/\/www.bisbatdemallorca.org\/ca\/","name":"Bisbat de Mallorca","description":"Just another WordPress site","publisher":{"@id":"https:\/\/www.bisbatdemallorca.org\/ca\/#organization"},"potentialAction":[{"@type":"SearchAction","target":{"@type":"EntryPoint","urlTemplate":"https:\/\/www.bisbatdemallorca.org\/ca\/?s={search_term_string}"},"query-input":{"@type":"PropertyValueSpecification","valueRequired":true,"valueName":"search_term_string"}}],"inLanguage":"ca"},{"@type":"Organization","@id":"https:\/\/www.bisbatdemallorca.org\/ca\/#organization","name":"Bisbat De Mallorca","url":"https:\/\/www.bisbatdemallorca.org\/ca\/","logo":{"@type":"ImageObject","inLanguage":"ca","@id":"https:\/\/www.bisbatdemallorca.org\/ca\/#\/schema\/logo\/image\/","url":"https:\/\/bisbatdemallorca.org\/wp-content\/uploads\/2022\/04\/Logo_Bisbat-de-Mallorca-scaled.jpeg","contentUrl":"https:\/\/bisbatdemallorca.org\/wp-content\/uploads\/2022\/04\/Logo_Bisbat-de-Mallorca-scaled.jpeg","width":2560,"height":1810,"caption":"Bisbat De Mallorca"},"image":{"@id":"https:\/\/www.bisbatdemallorca.org\/ca\/#\/schema\/logo\/image\/"}},{"@type":"Person","@id":"https:\/\/www.bisbatdemallorca.org\/ca\/#\/schema\/person\/9d198fedaef82cec34c41260a51964a6","name":"Administraci\u00f3 Bisbat de Mallorca","image":{"@type":"ImageObject","inLanguage":"ca","@id":"https:\/\/www.bisbatdemallorca.org\/ca\/#\/schema\/person\/image\/","url":"https:\/\/secure.gravatar.com\/avatar\/cc0dac0bd15aa6305e120ea8e5b6c12f94c8fe06a53230fa56abffe62cefceb4?s=96&d=mm&r=g","contentUrl":"https:\/\/secure.gravatar.com\/avatar\/cc0dac0bd15aa6305e120ea8e5b6c12f94c8fe06a53230fa56abffe62cefceb4?s=96&d=mm&r=g","caption":"Administraci\u00f3 Bisbat de Mallorca"},"sameAs":["https:\/\/bisbatdemallorca.org"],"url":"https:\/\/www.bisbatdemallorca.org\/ca\/author\/administraciobisbat\/"}]}},"_links":{"self":[{"href":"https:\/\/www.bisbatdemallorca.org\/ca\/wp-json\/wp\/v2\/posts\/32256","targetHints":{"allow":["GET"]}}],"collection":[{"href":"https:\/\/www.bisbatdemallorca.org\/ca\/wp-json\/wp\/v2\/posts"}],"about":[{"href":"https:\/\/www.bisbatdemallorca.org\/ca\/wp-json\/wp\/v2\/types\/post"}],"author":[{"embeddable":true,"href":"https:\/\/www.bisbatdemallorca.org\/ca\/wp-json\/wp\/v2\/users\/2"}],"replies":[{"embeddable":true,"href":"https:\/\/www.bisbatdemallorca.org\/ca\/wp-json\/wp\/v2\/comments?post=32256"}],"version-history":[{"count":0,"href":"https:\/\/www.bisbatdemallorca.org\/ca\/wp-json\/wp\/v2\/posts\/32256\/revisions"}],"wp:attachment":[{"href":"https:\/\/www.bisbatdemallorca.org\/ca\/wp-json\/wp\/v2\/media?parent=32256"}],"wp:term":[{"taxonomy":"category","embeddable":true,"href":"https:\/\/www.bisbatdemallorca.org\/ca\/wp-json\/wp\/v2\/categories?post=32256"},{"taxonomy":"post_tag","embeddable":true,"href":"https:\/\/www.bisbatdemallorca.org\/ca\/wp-json\/wp\/v2\/tags?post=32256"}],"curies":[{"name":"wp","href":"https:\/\/api.w.org\/{rel}","templated":true}]}}