{"id":32411,"date":"2026-04-27T10:09:30","date_gmt":"2026-04-27T08:09:30","guid":{"rendered":"https:\/\/www.bisbatdemallorca.org\/ca\/?p=32411"},"modified":"2026-04-27T10:10:08","modified_gmt":"2026-04-27T08:10:08","slug":"el-podcast-las-hijas-de-felipe-omple-el-refectori-del-convent-concepcionista-palau-de-sineu-en-la-diada-de-sant-marc","status":"publish","type":"post","link":"https:\/\/www.bisbatdemallorca.org\/ca\/el-podcast-las-hijas-de-felipe-omple-el-refectori-del-convent-concepcionista-palau-de-sineu-en-la-diada-de-sant-marc\/","title":{"rendered":"El p\u00f2dcast Las Hijas de Felipe omple el refectori del Convent Concepcionista &#8211; Palau de Sineu en la diada de Sant Marc"},"content":{"rendered":"<p>El Convent Concepcionista &#8211; Palau de Sineu va acollir aquest dissabte, 25 d\u2019abril, una nova activitat cultural impulsada per Maiorica Sacra amb motiu de la diada de Sant Marc: la gravaci\u00f3 en directe de l\u2019exit\u00f3s p\u00f2dcast <em>Las Hijas de Felipe<\/em>, condu\u00eft per Carmen Urbita i Ana Garriga. La proposta va convertir aquest espai patrimonial en un escenari viu i din\u00e0mic, tot coincidint amb la primera visita de les seves creadores a Mallorca. L\u2019activitat es va completar amb la signatura de llibres per part de les autores i amb una mostra d\u2019objectes vinculats a la vida del convent i a la figura de sor Isabel Sabater.<\/p>\n<p>L\u2019activitat es va completar amb la signatura de llibres per part de les autores i amb una mostra d\u2019objectes vinculats a la vida del convent i a la figura de sor Isabel Sabater.<\/p>\n<p>La celebraci\u00f3 de Sant Marc al Convent Concepcionista &#8211; Palau de Sineu va tornar a convertir aquest espai en un punt de refer\u00e8ncia per a la difusi\u00f3 del patrimoni i la cultura. En aquesta ocasi\u00f3, l\u2019activitat central va ser l\u2019enregistrament en directe del p\u00f2dcast <em>Las Hijas de Felipe<\/em>, una proposta que va atreure prop d\u2019un centenar de persones que ompliren el refectori del Palau.-Convent de Sineu. L\u2019inter\u00e8s generat va ser tal que es va poder donar cabuda a tota la gent que esperava defora fent coa, en una mostra clara de l\u2019expectaci\u00f3 que havia despertat la convocat\u00f2ria.<\/p>\n<p>El directe de Carmen Urbita i Ana Garriga va ser molt ben rebut per un p\u00fablic entregat des del primer moment a la seva dial\u00e8ctica, a la seva capacitat narrativa i a una manera de divulgar que combina rigor, complicitat i humor. Amb gran per\u00edcia, les autores varen rec\u00f3rrer diferents episodis vinculats a l\u2019arquitectura dels refectoris conventuals, a les per\u00edcies \u2014i tamb\u00e9 les pen\u00faries\u2014 aliment\u00e0ries i gastron\u00f2miques de les monges dels segles XVI i XVII, i a diverses experi\u00e8ncies de religioses mallorquines com santa Catalina Tom\u00e0s i sor Isabel Jord\u00e0, sense oblidar la gran referent barroca santa Teresa de Jes\u00fas. El resultat va ser una proposta tan documental com entretinguda, capa\u00e7 de combinar hist\u00f2ria, patrimoni i ironia en un format proper i molt efica\u00e7.<\/p>\n<p>La sessi\u00f3 va permetre apropar al p\u00fablic una experi\u00e8ncia cultural en viu en un entorn singular, establint un di\u00e0leg suggeridor entre el relat contemporani i la mem\u00f2ria hist\u00f2rica del convent. Es refor\u00e7a aix\u00ed la voluntat de Maiorica Sacra d\u2019obrir el patrimoni a nous formats, a nous p\u00fablics i a noves maneres d\u2019explicar-lo, fent del Convent Concepcionista &#8211; Palau de Sineu un espai cada vegada m\u00e9s actiu dins la programaci\u00f3 cultural i patrimonial de Mallorca.<\/p>\n<p>Despr\u00e9s de l\u2019activitat, les integrants de <em>Las Hijas de Felipe<\/em> varen participar en la signatura del seu llibre, <em>Instrucci\u00f3n de Novicias<\/em>, fet que va allargar la trobada amb les assistents i va donar continu\u00eftat a una jornada cultural.<\/p>\n<p>En paral\u00b7lel, es va preparar una petita exposici\u00f3 d\u2019objectes procedents dels tallerets artesanals de les monges, peces inventariades per l\u2019equip que coordina el Bisbat de Mallorca, aix\u00ed com una altra mostra dedicada als objectes que tradicionalment s\u2019han atribu\u00eft a sor Elisabet Sabater. Aquestes peces, presentades com a complement de l\u2019activitat, varen permetre contextualitzar millor la hist\u00f2ria material del convent i oferir al p\u00fablic una mirada m\u00e9s pr\u00f2xima a la vida quotidiana i devocional vinculada a aquest espai.<\/p>\n<p>La jornada s\u2019emmarca dins la l\u00ednia de feina que desenvolupa Maiorica Sacra al Convent Concepcionista &#8211; Palau de Sineu, on al llarg de l\u2019any es promouen activitats de divulgaci\u00f3, visites i iniciatives que connecten patrimoni, territori i comunitat. La diada de Sant Marc i sa Fira de Sineu \u00e9s, en aquest sentit, una de les cites anuals en qu\u00e8 s\u2019impulsen propostes especials per donar a con\u00e8ixer aquest conjunt i refor\u00e7ar-ne la dimensi\u00f3 cultural.<\/p>\n<p>En aquesta mateixa l\u00ednia, el programa continuar\u00e0 el pr\u00f2xim dissabte 2 de maig, en el marc de la Fira de Sineu, amb visites guiades especials al Convent Concepcionista &#8211; Palau de Sineu, previstes en diferents torns: 10 h, 12 h, 16 h i 18 h. Durant aquestes visites, el p\u00fablic tamb\u00e9 podr\u00e0 veure les dues mostres d\u2019objectes presentades amb motiu de Sant Marc, tant la dels materials procedents dels tallerets de les monges com la dels objectes relacionats amb sor Elisabet Sabater.<\/p>\n<p>Amb aquesta programaci\u00f3, Maiorica Sacra i el Bisbat de Mallorca reforcen la seva aposta per fer del patrimoni un espai viu, visitable i comprensible, capa\u00e7 d\u2019acollir propostes contempor\u00e0nies sense perdre el vincle amb la seva hist\u00f2ria. La combinaci\u00f3 d\u2019activitats com el directe de <em>Las Hijas de Felipe<\/em>, les exposicions temporals i les visites guiades respon precisament a aquesta voluntat: generar inter\u00e8s, crear nous relats i convidar la ciutadania a redescobrir espais patrimonials de gran valor.<\/p>\n<p>Maiorica Sacra \u00e9s una iniciativa del Bisbat de Mallorca dedicada a la documentaci\u00f3, la recerca i la divulgaci\u00f3 del patrimoni hist\u00f2ric i cultural de les parr\u00f2quies i espais eclesi\u00e0stics de Mallorca. Mitjan\u00e7ant activitats, visites i projectes de difusi\u00f3, treballa per apropar aquest patrimoni a la ciutadania i activar-ne el valor cultural, hist\u00f2ric i social.<\/p>\n<p>Convent Concepcionista &#8211; Palau de Sineu \u00e9s un dels espais patrimonials on es desenvolupen activitats impulsades pel Bisbat de Mallorca, amb una programaci\u00f3 que combina visita cultural, interpretaci\u00f3 hist\u00f2rica i divulgaci\u00f3 del patrimoni material i immaterial vinculat al conjunt.<\/p>\n","protected":false},"excerpt":{"rendered":"<p>El Convent Concepcionista &#8211; Palau de Sineu va acollir aquest  [&#8230;]<\/p>\n","protected":false},"author":2,"featured_media":32414,"comment_status":"closed","ping_status":"open","sticky":false,"template":"","format":"standard","meta":{"footnotes":""},"categories":[16],"tags":[],"class_list":["post-32411","post","type-post","status-publish","format-standard","has-post-thumbnail","hentry","category-agencia-baleria"],"yoast_head":"<!-- This site is optimized with the Yoast SEO plugin v27.0 - https:\/\/yoast.com\/product\/yoast-seo-wordpress\/ -->\n<title>El p\u00f2dcast Las Hijas de Felipe omple el refectori del Convent Concepcionista - Palau de Sineu en la diada de Sant Marc<\/title>\n<meta name=\"robots\" content=\"index, follow, max-snippet:-1, max-image-preview:large, max-video-preview:-1\" \/>\n<link rel=\"canonical\" href=\"https:\/\/www.bisbatdemallorca.org\/ca\/el-podcast-las-hijas-de-felipe-omple-el-refectori-del-convent-concepcionista-palau-de-sineu-en-la-diada-de-sant-marc\/\" \/>\n<meta property=\"og:locale\" content=\"ca_ES\" \/>\n<meta property=\"og:locale:alternate\" content=\"en_US\" \/>\n<meta property=\"og:locale:alternate\" content=\"es_ES\" \/>\n<meta property=\"og:type\" content=\"article\" \/>\n<meta property=\"og:title\" content=\"El p\u00f2dcast Las Hijas de Felipe omple el refectori del Convent Concepcionista - Palau de Sineu en la diada de Sant Marc\" \/>\n<meta property=\"og:description\" content=\"El Convent Concepcionista &#8211; Palau de Sineu va acollir aquest [...]\" \/>\n<meta property=\"og:url\" content=\"https:\/\/www.bisbatdemallorca.org\/ca\/el-podcast-las-hijas-de-felipe-omple-el-refectori-del-convent-concepcionista-palau-de-sineu-en-la-diada-de-sant-marc\/\" \/>\n<meta property=\"og:site_name\" content=\"Bisbat de Mallorca\" \/>\n<meta property=\"article:published_time\" content=\"2026-04-27T08:09:30+00:00\" \/>\n<meta property=\"article:modified_time\" content=\"2026-04-27T08:10:08+00:00\" \/>\n<meta name=\"author\" content=\"Administraci\u00f3 Bisbat de Mallorca\" \/>\n<meta name=\"twitter:card\" content=\"summary_large_image\" \/>\n<meta name=\"twitter:label1\" content=\"Escrit per\" \/>\n\t<meta name=\"twitter:data1\" content=\"Administraci\u00f3 Bisbat de Mallorca\" \/>\n\t<meta name=\"twitter:label2\" content=\"Temps estimat de lectura\" \/>\n\t<meta name=\"twitter:data2\" content=\"1 minut\" \/>\n<script type=\"application\/ld+json\" class=\"yoast-schema-graph\">{\"@context\":\"https:\/\/schema.org\",\"@graph\":[{\"@type\":\"Article\",\"@id\":\"https:\/\/www.bisbatdemallorca.org\/el-podcast-las-hijas-de-felipe-omple-el-refectori-del-convent-concepcionista-palau-de-sineu-en-la-diada-de-sant-marc\/#article\",\"isPartOf\":{\"@id\":\"https:\/\/www.bisbatdemallorca.org\/el-podcast-las-hijas-de-felipe-omple-el-refectori-del-convent-concepcionista-palau-de-sineu-en-la-diada-de-sant-marc\/\"},\"author\":{\"name\":\"Administraci\u00f3 Bisbat de Mallorca\",\"@id\":\"https:\/\/www.bisbatdemallorca.org\/ca\/#\/schema\/person\/9d198fedaef82cec34c41260a51964a6\"},\"headline\":\"El p\u00f2dcast Las Hijas de Felipe omple el refectori del Convent Concepcionista &#8211; Palau de Sineu en la diada de Sant Marc\",\"datePublished\":\"2026-04-27T08:09:30+00:00\",\"dateModified\":\"2026-04-27T08:10:08+00:00\",\"mainEntityOfPage\":{\"@id\":\"https:\/\/www.bisbatdemallorca.org\/el-podcast-las-hijas-de-felipe-omple-el-refectori-del-convent-concepcionista-palau-de-sineu-en-la-diada-de-sant-marc\/\"},\"wordCount\":1934,\"publisher\":{\"@id\":\"https:\/\/www.bisbatdemallorca.org\/ca\/#organization\"},\"image\":{\"@id\":\"https:\/\/www.bisbatdemallorca.org\/el-podcast-las-hijas-de-felipe-omple-el-refectori-del-convent-concepcionista-palau-de-sineu-en-la-diada-de-sant-marc\/#primaryimage\"},\"thumbnailUrl\":\"https:\/\/www.bisbatdemallorca.org\/wp-content\/uploads\/2026\/04\/20260425-lhdf3.jpeg\",\"articleSection\":[\"Agencia Bal\u00e8ria\"],\"inLanguage\":\"ca\"},{\"@type\":\"WebPage\",\"@id\":\"https:\/\/www.bisbatdemallorca.org\/el-podcast-las-hijas-de-felipe-omple-el-refectori-del-convent-concepcionista-palau-de-sineu-en-la-diada-de-sant-marc\/\",\"url\":\"https:\/\/www.bisbatdemallorca.org\/el-podcast-las-hijas-de-felipe-omple-el-refectori-del-convent-concepcionista-palau-de-sineu-en-la-diada-de-sant-marc\/\",\"name\":\"El p\u00f2dcast Las Hijas de Felipe omple el refectori del Convent Concepcionista - Palau de Sineu en la diada de Sant Marc\",\"isPartOf\":{\"@id\":\"https:\/\/www.bisbatdemallorca.org\/ca\/#website\"},\"primaryImageOfPage\":{\"@id\":\"https:\/\/www.bisbatdemallorca.org\/el-podcast-las-hijas-de-felipe-omple-el-refectori-del-convent-concepcionista-palau-de-sineu-en-la-diada-de-sant-marc\/#primaryimage\"},\"image\":{\"@id\":\"https:\/\/www.bisbatdemallorca.org\/el-podcast-las-hijas-de-felipe-omple-el-refectori-del-convent-concepcionista-palau-de-sineu-en-la-diada-de-sant-marc\/#primaryimage\"},\"thumbnailUrl\":\"https:\/\/www.bisbatdemallorca.org\/wp-content\/uploads\/2026\/04\/20260425-lhdf3.jpeg\",\"datePublished\":\"2026-04-27T08:09:30+00:00\",\"dateModified\":\"2026-04-27T08:10:08+00:00\",\"breadcrumb\":{\"@id\":\"https:\/\/www.bisbatdemallorca.org\/el-podcast-las-hijas-de-felipe-omple-el-refectori-del-convent-concepcionista-palau-de-sineu-en-la-diada-de-sant-marc\/#breadcrumb\"},\"inLanguage\":\"ca\",\"potentialAction\":[{\"@type\":\"ReadAction\",\"target\":[\"https:\/\/www.bisbatdemallorca.org\/el-podcast-las-hijas-de-felipe-omple-el-refectori-del-convent-concepcionista-palau-de-sineu-en-la-diada-de-sant-marc\/\"]}]},{\"@type\":\"ImageObject\",\"inLanguage\":\"ca\",\"@id\":\"https:\/\/www.bisbatdemallorca.org\/el-podcast-las-hijas-de-felipe-omple-el-refectori-del-convent-concepcionista-palau-de-sineu-en-la-diada-de-sant-marc\/#primaryimage\",\"url\":\"https:\/\/www.bisbatdemallorca.org\/wp-content\/uploads\/2026\/04\/20260425-lhdf3.jpeg\",\"contentUrl\":\"https:\/\/www.bisbatdemallorca.org\/wp-content\/uploads\/2026\/04\/20260425-lhdf3.jpeg\",\"width\":2048,\"height\":1536},{\"@type\":\"BreadcrumbList\",\"@id\":\"https:\/\/www.bisbatdemallorca.org\/el-podcast-las-hijas-de-felipe-omple-el-refectori-del-convent-concepcionista-palau-de-sineu-en-la-diada-de-sant-marc\/#breadcrumb\",\"itemListElement\":[{\"@type\":\"ListItem\",\"position\":1,\"name\":\"Portada\",\"item\":\"https:\/\/www.bisbatdemallorca.org\/ca\/\"},{\"@type\":\"ListItem\",\"position\":2,\"name\":\"El p\u00f3dcast Las Hijas de Felipe llena el refectorio del Convento Concepcionista &#8211; Palacio de Sineu en la festividad de San Marcos\"}]},{\"@type\":\"WebSite\",\"@id\":\"https:\/\/www.bisbatdemallorca.org\/ca\/#website\",\"url\":\"https:\/\/www.bisbatdemallorca.org\/ca\/\",\"name\":\"Bisbat de Mallorca\",\"description\":\"Just another WordPress site\",\"publisher\":{\"@id\":\"https:\/\/www.bisbatdemallorca.org\/ca\/#organization\"},\"potentialAction\":[{\"@type\":\"SearchAction\",\"target\":{\"@type\":\"EntryPoint\",\"urlTemplate\":\"https:\/\/www.bisbatdemallorca.org\/ca\/?s={search_term_string}\"},\"query-input\":{\"@type\":\"PropertyValueSpecification\",\"valueRequired\":true,\"valueName\":\"search_term_string\"}}],\"inLanguage\":\"ca\"},{\"@type\":\"Organization\",\"@id\":\"https:\/\/www.bisbatdemallorca.org\/ca\/#organization\",\"name\":\"Bisbat De Mallorca\",\"url\":\"https:\/\/www.bisbatdemallorca.org\/ca\/\",\"logo\":{\"@type\":\"ImageObject\",\"inLanguage\":\"ca\",\"@id\":\"https:\/\/www.bisbatdemallorca.org\/ca\/#\/schema\/logo\/image\/\",\"url\":\"https:\/\/bisbatdemallorca.org\/wp-content\/uploads\/2022\/04\/Logo_Bisbat-de-Mallorca-scaled.jpeg\",\"contentUrl\":\"https:\/\/bisbatdemallorca.org\/wp-content\/uploads\/2022\/04\/Logo_Bisbat-de-Mallorca-scaled.jpeg\",\"width\":2560,\"height\":1810,\"caption\":\"Bisbat De Mallorca\"},\"image\":{\"@id\":\"https:\/\/www.bisbatdemallorca.org\/ca\/#\/schema\/logo\/image\/\"}},{\"@type\":\"Person\",\"@id\":\"https:\/\/www.bisbatdemallorca.org\/ca\/#\/schema\/person\/9d198fedaef82cec34c41260a51964a6\",\"name\":\"Administraci\u00f3 Bisbat de Mallorca\",\"image\":{\"@type\":\"ImageObject\",\"inLanguage\":\"ca\",\"@id\":\"https:\/\/www.bisbatdemallorca.org\/ca\/#\/schema\/person\/image\/\",\"url\":\"https:\/\/secure.gravatar.com\/avatar\/cc0dac0bd15aa6305e120ea8e5b6c12f94c8fe06a53230fa56abffe62cefceb4?s=96&d=mm&r=g\",\"contentUrl\":\"https:\/\/secure.gravatar.com\/avatar\/cc0dac0bd15aa6305e120ea8e5b6c12f94c8fe06a53230fa56abffe62cefceb4?s=96&d=mm&r=g\",\"caption\":\"Administraci\u00f3 Bisbat de Mallorca\"},\"sameAs\":[\"https:\/\/bisbatdemallorca.org\"],\"url\":\"https:\/\/www.bisbatdemallorca.org\/ca\/author\/administraciobisbat\/\"}]}<\/script>\n<!-- \/ Yoast SEO plugin. -->","yoast_head_json":{"title":"El p\u00f2dcast Las Hijas de Felipe omple el refectori del Convent Concepcionista - Palau de Sineu en la diada de Sant Marc","robots":{"index":"index","follow":"follow","max-snippet":"max-snippet:-1","max-image-preview":"max-image-preview:large","max-video-preview":"max-video-preview:-1"},"canonical":"https:\/\/www.bisbatdemallorca.org\/ca\/el-podcast-las-hijas-de-felipe-omple-el-refectori-del-convent-concepcionista-palau-de-sineu-en-la-diada-de-sant-marc\/","og_locale":"ca_ES","og_type":"article","og_title":"[:ca]El p\u00f2dcast Las Hijas de Felipe omple el refectori del Convent Concepcionista - Palau de Sineu en la diada de Sant Marc[:es]El p\u00f3dcast Las Hijas de Felipe llena el refectorio del Convento Concepcionista - Palacio de Sineu en la festividad de San Marcos[:] - Bisbat de Mallorca","og_description":"El Convent Concepcionista &#8211; Palau de Sineu va acollir aquest [...]","og_url":"https:\/\/www.bisbatdemallorca.org\/ca\/el-podcast-las-hijas-de-felipe-omple-el-refectori-del-convent-concepcionista-palau-de-sineu-en-la-diada-de-sant-marc\/","og_site_name":"Bisbat de Mallorca","article_published_time":"2026-04-27T08:09:30+00:00","article_modified_time":"2026-04-27T08:10:08+00:00","author":"Administraci\u00f3 Bisbat de Mallorca","twitter_card":"summary_large_image","twitter_misc":{"Escrit per":"Administraci\u00f3 Bisbat de Mallorca","Temps estimat de lectura":"1 minut"},"schema":{"@context":"https:\/\/schema.org","@graph":[{"@type":"Article","@id":"https:\/\/www.bisbatdemallorca.org\/el-podcast-las-hijas-de-felipe-omple-el-refectori-del-convent-concepcionista-palau-de-sineu-en-la-diada-de-sant-marc\/#article","isPartOf":{"@id":"https:\/\/www.bisbatdemallorca.org\/el-podcast-las-hijas-de-felipe-omple-el-refectori-del-convent-concepcionista-palau-de-sineu-en-la-diada-de-sant-marc\/"},"author":{"name":"Administraci\u00f3 Bisbat de Mallorca","@id":"https:\/\/www.bisbatdemallorca.org\/ca\/#\/schema\/person\/9d198fedaef82cec34c41260a51964a6"},"headline":"El p\u00f2dcast Las Hijas de Felipe omple el refectori del Convent Concepcionista &#8211; Palau de Sineu en la diada de Sant Marc","datePublished":"2026-04-27T08:09:30+00:00","dateModified":"2026-04-27T08:10:08+00:00","mainEntityOfPage":{"@id":"https:\/\/www.bisbatdemallorca.org\/el-podcast-las-hijas-de-felipe-omple-el-refectori-del-convent-concepcionista-palau-de-sineu-en-la-diada-de-sant-marc\/"},"wordCount":1934,"publisher":{"@id":"https:\/\/www.bisbatdemallorca.org\/ca\/#organization"},"image":{"@id":"https:\/\/www.bisbatdemallorca.org\/el-podcast-las-hijas-de-felipe-omple-el-refectori-del-convent-concepcionista-palau-de-sineu-en-la-diada-de-sant-marc\/#primaryimage"},"thumbnailUrl":"https:\/\/www.bisbatdemallorca.org\/wp-content\/uploads\/2026\/04\/20260425-lhdf3.jpeg","articleSection":["Agencia Bal\u00e8ria"],"inLanguage":"ca"},{"@type":"WebPage","@id":"https:\/\/www.bisbatdemallorca.org\/el-podcast-las-hijas-de-felipe-omple-el-refectori-del-convent-concepcionista-palau-de-sineu-en-la-diada-de-sant-marc\/","url":"https:\/\/www.bisbatdemallorca.org\/el-podcast-las-hijas-de-felipe-omple-el-refectori-del-convent-concepcionista-palau-de-sineu-en-la-diada-de-sant-marc\/","name":"El p\u00f2dcast Las Hijas de Felipe omple el refectori del Convent Concepcionista - Palau de Sineu en la diada de Sant Marc","isPartOf":{"@id":"https:\/\/www.bisbatdemallorca.org\/ca\/#website"},"primaryImageOfPage":{"@id":"https:\/\/www.bisbatdemallorca.org\/el-podcast-las-hijas-de-felipe-omple-el-refectori-del-convent-concepcionista-palau-de-sineu-en-la-diada-de-sant-marc\/#primaryimage"},"image":{"@id":"https:\/\/www.bisbatdemallorca.org\/el-podcast-las-hijas-de-felipe-omple-el-refectori-del-convent-concepcionista-palau-de-sineu-en-la-diada-de-sant-marc\/#primaryimage"},"thumbnailUrl":"https:\/\/www.bisbatdemallorca.org\/wp-content\/uploads\/2026\/04\/20260425-lhdf3.jpeg","datePublished":"2026-04-27T08:09:30+00:00","dateModified":"2026-04-27T08:10:08+00:00","breadcrumb":{"@id":"https:\/\/www.bisbatdemallorca.org\/el-podcast-las-hijas-de-felipe-omple-el-refectori-del-convent-concepcionista-palau-de-sineu-en-la-diada-de-sant-marc\/#breadcrumb"},"inLanguage":"ca","potentialAction":[{"@type":"ReadAction","target":["https:\/\/www.bisbatdemallorca.org\/el-podcast-las-hijas-de-felipe-omple-el-refectori-del-convent-concepcionista-palau-de-sineu-en-la-diada-de-sant-marc\/"]}]},{"@type":"ImageObject","inLanguage":"ca","@id":"https:\/\/www.bisbatdemallorca.org\/el-podcast-las-hijas-de-felipe-omple-el-refectori-del-convent-concepcionista-palau-de-sineu-en-la-diada-de-sant-marc\/#primaryimage","url":"https:\/\/www.bisbatdemallorca.org\/wp-content\/uploads\/2026\/04\/20260425-lhdf3.jpeg","contentUrl":"https:\/\/www.bisbatdemallorca.org\/wp-content\/uploads\/2026\/04\/20260425-lhdf3.jpeg","width":2048,"height":1536},{"@type":"BreadcrumbList","@id":"https:\/\/www.bisbatdemallorca.org\/el-podcast-las-hijas-de-felipe-omple-el-refectori-del-convent-concepcionista-palau-de-sineu-en-la-diada-de-sant-marc\/#breadcrumb","itemListElement":[{"@type":"ListItem","position":1,"name":"Portada","item":"https:\/\/www.bisbatdemallorca.org\/ca\/"},{"@type":"ListItem","position":2,"name":"El p\u00f3dcast Las Hijas de Felipe llena el refectorio del Convento Concepcionista &#8211; Palacio de Sineu en la festividad de San Marcos"}]},{"@type":"WebSite","@id":"https:\/\/www.bisbatdemallorca.org\/ca\/#website","url":"https:\/\/www.bisbatdemallorca.org\/ca\/","name":"Bisbat de Mallorca","description":"Just another WordPress site","publisher":{"@id":"https:\/\/www.bisbatdemallorca.org\/ca\/#organization"},"potentialAction":[{"@type":"SearchAction","target":{"@type":"EntryPoint","urlTemplate":"https:\/\/www.bisbatdemallorca.org\/ca\/?s={search_term_string}"},"query-input":{"@type":"PropertyValueSpecification","valueRequired":true,"valueName":"search_term_string"}}],"inLanguage":"ca"},{"@type":"Organization","@id":"https:\/\/www.bisbatdemallorca.org\/ca\/#organization","name":"Bisbat De Mallorca","url":"https:\/\/www.bisbatdemallorca.org\/ca\/","logo":{"@type":"ImageObject","inLanguage":"ca","@id":"https:\/\/www.bisbatdemallorca.org\/ca\/#\/schema\/logo\/image\/","url":"https:\/\/bisbatdemallorca.org\/wp-content\/uploads\/2022\/04\/Logo_Bisbat-de-Mallorca-scaled.jpeg","contentUrl":"https:\/\/bisbatdemallorca.org\/wp-content\/uploads\/2022\/04\/Logo_Bisbat-de-Mallorca-scaled.jpeg","width":2560,"height":1810,"caption":"Bisbat De Mallorca"},"image":{"@id":"https:\/\/www.bisbatdemallorca.org\/ca\/#\/schema\/logo\/image\/"}},{"@type":"Person","@id":"https:\/\/www.bisbatdemallorca.org\/ca\/#\/schema\/person\/9d198fedaef82cec34c41260a51964a6","name":"Administraci\u00f3 Bisbat de Mallorca","image":{"@type":"ImageObject","inLanguage":"ca","@id":"https:\/\/www.bisbatdemallorca.org\/ca\/#\/schema\/person\/image\/","url":"https:\/\/secure.gravatar.com\/avatar\/cc0dac0bd15aa6305e120ea8e5b6c12f94c8fe06a53230fa56abffe62cefceb4?s=96&d=mm&r=g","contentUrl":"https:\/\/secure.gravatar.com\/avatar\/cc0dac0bd15aa6305e120ea8e5b6c12f94c8fe06a53230fa56abffe62cefceb4?s=96&d=mm&r=g","caption":"Administraci\u00f3 Bisbat de Mallorca"},"sameAs":["https:\/\/bisbatdemallorca.org"],"url":"https:\/\/www.bisbatdemallorca.org\/ca\/author\/administraciobisbat\/"}]}},"_links":{"self":[{"href":"https:\/\/www.bisbatdemallorca.org\/ca\/wp-json\/wp\/v2\/posts\/32411","targetHints":{"allow":["GET"]}}],"collection":[{"href":"https:\/\/www.bisbatdemallorca.org\/ca\/wp-json\/wp\/v2\/posts"}],"about":[{"href":"https:\/\/www.bisbatdemallorca.org\/ca\/wp-json\/wp\/v2\/types\/post"}],"author":[{"embeddable":true,"href":"https:\/\/www.bisbatdemallorca.org\/ca\/wp-json\/wp\/v2\/users\/2"}],"replies":[{"embeddable":true,"href":"https:\/\/www.bisbatdemallorca.org\/ca\/wp-json\/wp\/v2\/comments?post=32411"}],"version-history":[{"count":2,"href":"https:\/\/www.bisbatdemallorca.org\/ca\/wp-json\/wp\/v2\/posts\/32411\/revisions"}],"predecessor-version":[{"id":32417,"href":"https:\/\/www.bisbatdemallorca.org\/ca\/wp-json\/wp\/v2\/posts\/32411\/revisions\/32417"}],"wp:featuredmedia":[{"embeddable":true,"href":"https:\/\/www.bisbatdemallorca.org\/ca\/wp-json\/wp\/v2\/media\/32414"}],"wp:attachment":[{"href":"https:\/\/www.bisbatdemallorca.org\/ca\/wp-json\/wp\/v2\/media?parent=32411"}],"wp:term":[{"taxonomy":"category","embeddable":true,"href":"https:\/\/www.bisbatdemallorca.org\/ca\/wp-json\/wp\/v2\/categories?post=32411"},{"taxonomy":"post_tag","embeddable":true,"href":"https:\/\/www.bisbatdemallorca.org\/ca\/wp-json\/wp\/v2\/tags?post=32411"}],"curies":[{"name":"wp","href":"https:\/\/api.w.org\/{rel}","templated":true}]}}