{"id":32419,"date":"2026-04-27T10:39:34","date_gmt":"2026-04-27T08:39:34","guid":{"rendered":"https:\/\/www.bisbatdemallorca.org\/ca\/?p=32419"},"modified":"2026-04-27T10:40:45","modified_gmt":"2026-04-27T08:40:45","slug":"inaugurada-la-capella-del-nou-edifici-sant-alonso-rodriguez-del-col%c2%b7legi-de-monti-sion-de-palma","status":"publish","type":"post","link":"https:\/\/www.bisbatdemallorca.org\/ca\/inaugurada-la-capella-del-nou-edifici-sant-alonso-rodriguez-del-col%c2%b7legi-de-monti-sion-de-palma\/","title":{"rendered":"Inaugurada la capella del nou edifici Sant Alonso Rodr\u00edguez del Col\u00b7legi de Monti-sion de Palma"},"content":{"rendered":"<p>La comunitat vinculada a la Companyia de Jes\u00fas a Palma es reun\u00ed el dissabte 25 d&#8217;abril per celebrar la inauguraci\u00f3 de la capella del nou edifici Sant Alonso Rodr\u00edguez, un espai que neix amb vocaci\u00f3 d&#8217;encontre, interioritat i comunitat. L&#8217;acte, que tingu\u00e9 lloc en el marc de la celebraci\u00f3 de l&#8217;Eucaristia, marc\u00e0 l&#8217;inici de la vida d&#8217;aquest nou espai, pensat com a lloc de refer\u00e8ncia espiritual per a la comunitat educativa. La capella es presenta com un entorn propici per al silenci, la reflexi\u00f3 i el creixement personal, on es pot descobrir la pres\u00e8ncia de D\u00e9u dins la vida quotidiana. Un dels elements m\u00e9s significatius del nou espai \u00e9s el seu vincle amb la hist\u00f2ria de la instituci\u00f3. La capella incorpora els objectes lit\u00fargics procedents de l&#8217;antiga \u201ccapella dom\u00e8stica\u201d utilitzada durant anys pels jesu\u00eftes de Monti-sion, refor\u00e7ant aix\u00ed la continu\u00eftat entre tradici\u00f3 i present.<\/p>\n","protected":false},"excerpt":{"rendered":"<p>La comunitat vinculada a la Companyia de Jes\u00fas a Palma  [&#8230;]<\/p>\n","protected":false},"author":2,"featured_media":32421,"comment_status":"closed","ping_status":"open","sticky":false,"template":"","format":"standard","meta":{"footnotes":""},"categories":[16],"tags":[],"class_list":["post-32419","post","type-post","status-publish","format-standard","has-post-thumbnail","hentry","category-agencia-baleria"],"yoast_head":"<!-- This site is optimized with the Yoast SEO plugin v27.0 - https:\/\/yoast.com\/product\/yoast-seo-wordpress\/ -->\n<title>Inaugurada la capella del nou edifici Sant Alonso Rodr\u00edguez del Col\u00b7legi de Monti-sion de Palma<\/title>\n<meta name=\"robots\" content=\"index, follow, max-snippet:-1, max-image-preview:large, max-video-preview:-1\" \/>\n<link rel=\"canonical\" href=\"https:\/\/www.bisbatdemallorca.org\/ca\/inaugurada-la-capella-del-nou-edifici-sant-alonso-rodriguez-del-col\u00b7legi-de-monti-sion-de-palma\/\" \/>\n<meta property=\"og:locale\" content=\"ca_ES\" \/>\n<meta property=\"og:locale:alternate\" content=\"en_US\" \/>\n<meta property=\"og:locale:alternate\" content=\"es_ES\" \/>\n<meta property=\"og:type\" content=\"article\" \/>\n<meta property=\"og:title\" content=\"Inaugurada la capella del nou edifici Sant Alonso Rodr\u00edguez del Col\u00b7legi de Monti-sion de Palma\" \/>\n<meta property=\"og:description\" content=\"La comunitat vinculada a la Companyia de Jes\u00fas a Palma [...]\" \/>\n<meta property=\"og:url\" content=\"https:\/\/www.bisbatdemallorca.org\/ca\/inaugurada-la-capella-del-nou-edifici-sant-alonso-rodriguez-del-col\u00b7legi-de-monti-sion-de-palma\/\" \/>\n<meta property=\"og:site_name\" content=\"Bisbat de Mallorca\" \/>\n<meta property=\"article:published_time\" content=\"2026-04-27T08:39:34+00:00\" \/>\n<meta property=\"article:modified_time\" content=\"2026-04-27T08:40:45+00:00\" \/>\n<meta name=\"author\" content=\"Administraci\u00f3 Bisbat de Mallorca\" \/>\n<meta name=\"twitter:card\" content=\"summary_large_image\" \/>\n<meta name=\"twitter:label1\" content=\"Escrit per\" \/>\n\t<meta name=\"twitter:data1\" content=\"Administraci\u00f3 Bisbat de Mallorca\" \/>\n\t<meta name=\"twitter:label2\" content=\"Temps estimat de lectura\" \/>\n\t<meta name=\"twitter:data2\" content=\"1 minut\" \/>\n<script type=\"application\/ld+json\" class=\"yoast-schema-graph\">{\"@context\":\"https:\/\/schema.org\",\"@graph\":[{\"@type\":\"Article\",\"@id\":\"https:\/\/www.bisbatdemallorca.org\/inaugurada-la-capella-del-nou-edifici-sant-alonso-rodriguez-del-col%c2%b7legi-de-monti-sion-de-palma\/#article\",\"isPartOf\":{\"@id\":\"https:\/\/www.bisbatdemallorca.org\/inaugurada-la-capella-del-nou-edifici-sant-alonso-rodriguez-del-col%c2%b7legi-de-monti-sion-de-palma\/\"},\"author\":{\"name\":\"Administraci\u00f3 Bisbat de Mallorca\",\"@id\":\"https:\/\/www.bisbatdemallorca.org\/ca\/#\/schema\/person\/9d198fedaef82cec34c41260a51964a6\"},\"headline\":\"Inaugurada la capella del nou edifici Sant Alonso Rodr\u00edguez del Col\u00b7legi de Monti-sion de Palma\",\"datePublished\":\"2026-04-27T08:39:34+00:00\",\"dateModified\":\"2026-04-27T08:40:45+00:00\",\"mainEntityOfPage\":{\"@id\":\"https:\/\/www.bisbatdemallorca.org\/inaugurada-la-capella-del-nou-edifici-sant-alonso-rodriguez-del-col%c2%b7legi-de-monti-sion-de-palma\/\"},\"wordCount\":363,\"publisher\":{\"@id\":\"https:\/\/www.bisbatdemallorca.org\/ca\/#organization\"},\"image\":{\"@id\":\"https:\/\/www.bisbatdemallorca.org\/inaugurada-la-capella-del-nou-edifici-sant-alonso-rodriguez-del-col%c2%b7legi-de-monti-sion-de-palma\/#primaryimage\"},\"thumbnailUrl\":\"https:\/\/www.bisbatdemallorca.org\/wp-content\/uploads\/2026\/04\/Capilla-Montesion-2.jpeg\",\"articleSection\":[\"Agencia Bal\u00e8ria\"],\"inLanguage\":\"ca\"},{\"@type\":\"WebPage\",\"@id\":\"https:\/\/www.bisbatdemallorca.org\/inaugurada-la-capella-del-nou-edifici-sant-alonso-rodriguez-del-col%c2%b7legi-de-monti-sion-de-palma\/\",\"url\":\"https:\/\/www.bisbatdemallorca.org\/inaugurada-la-capella-del-nou-edifici-sant-alonso-rodriguez-del-col%c2%b7legi-de-monti-sion-de-palma\/\",\"name\":\"Inaugurada la capella del nou edifici Sant Alonso Rodr\u00edguez del Col\u00b7legi de Monti-sion de Palma\",\"isPartOf\":{\"@id\":\"https:\/\/www.bisbatdemallorca.org\/ca\/#website\"},\"primaryImageOfPage\":{\"@id\":\"https:\/\/www.bisbatdemallorca.org\/inaugurada-la-capella-del-nou-edifici-sant-alonso-rodriguez-del-col%c2%b7legi-de-monti-sion-de-palma\/#primaryimage\"},\"image\":{\"@id\":\"https:\/\/www.bisbatdemallorca.org\/inaugurada-la-capella-del-nou-edifici-sant-alonso-rodriguez-del-col%c2%b7legi-de-monti-sion-de-palma\/#primaryimage\"},\"thumbnailUrl\":\"https:\/\/www.bisbatdemallorca.org\/wp-content\/uploads\/2026\/04\/Capilla-Montesion-2.jpeg\",\"datePublished\":\"2026-04-27T08:39:34+00:00\",\"dateModified\":\"2026-04-27T08:40:45+00:00\",\"breadcrumb\":{\"@id\":\"https:\/\/www.bisbatdemallorca.org\/inaugurada-la-capella-del-nou-edifici-sant-alonso-rodriguez-del-col%c2%b7legi-de-monti-sion-de-palma\/#breadcrumb\"},\"inLanguage\":\"ca\",\"potentialAction\":[{\"@type\":\"ReadAction\",\"target\":[\"https:\/\/www.bisbatdemallorca.org\/inaugurada-la-capella-del-nou-edifici-sant-alonso-rodriguez-del-col%c2%b7legi-de-monti-sion-de-palma\/\"]}]},{\"@type\":\"ImageObject\",\"inLanguage\":\"ca\",\"@id\":\"https:\/\/www.bisbatdemallorca.org\/inaugurada-la-capella-del-nou-edifici-sant-alonso-rodriguez-del-col%c2%b7legi-de-monti-sion-de-palma\/#primaryimage\",\"url\":\"https:\/\/www.bisbatdemallorca.org\/wp-content\/uploads\/2026\/04\/Capilla-Montesion-2.jpeg\",\"contentUrl\":\"https:\/\/www.bisbatdemallorca.org\/wp-content\/uploads\/2026\/04\/Capilla-Montesion-2.jpeg\",\"width\":2048,\"height\":1536},{\"@type\":\"BreadcrumbList\",\"@id\":\"https:\/\/www.bisbatdemallorca.org\/inaugurada-la-capella-del-nou-edifici-sant-alonso-rodriguez-del-col%c2%b7legi-de-monti-sion-de-palma\/#breadcrumb\",\"itemListElement\":[{\"@type\":\"ListItem\",\"position\":1,\"name\":\"Portada\",\"item\":\"https:\/\/www.bisbatdemallorca.org\/ca\/\"},{\"@type\":\"ListItem\",\"position\":2,\"name\":\"Inaugurada la capilla del nuevo edificio \u201cSan Alonso Rodr\u00edguez\u201d del Colegio Montesi\u00f3n de Palma\"}]},{\"@type\":\"WebSite\",\"@id\":\"https:\/\/www.bisbatdemallorca.org\/ca\/#website\",\"url\":\"https:\/\/www.bisbatdemallorca.org\/ca\/\",\"name\":\"Bisbat de Mallorca\",\"description\":\"Just another WordPress site\",\"publisher\":{\"@id\":\"https:\/\/www.bisbatdemallorca.org\/ca\/#organization\"},\"potentialAction\":[{\"@type\":\"SearchAction\",\"target\":{\"@type\":\"EntryPoint\",\"urlTemplate\":\"https:\/\/www.bisbatdemallorca.org\/ca\/?s={search_term_string}\"},\"query-input\":{\"@type\":\"PropertyValueSpecification\",\"valueRequired\":true,\"valueName\":\"search_term_string\"}}],\"inLanguage\":\"ca\"},{\"@type\":\"Organization\",\"@id\":\"https:\/\/www.bisbatdemallorca.org\/ca\/#organization\",\"name\":\"Bisbat De Mallorca\",\"url\":\"https:\/\/www.bisbatdemallorca.org\/ca\/\",\"logo\":{\"@type\":\"ImageObject\",\"inLanguage\":\"ca\",\"@id\":\"https:\/\/www.bisbatdemallorca.org\/ca\/#\/schema\/logo\/image\/\",\"url\":\"https:\/\/bisbatdemallorca.org\/wp-content\/uploads\/2022\/04\/Logo_Bisbat-de-Mallorca-scaled.jpeg\",\"contentUrl\":\"https:\/\/bisbatdemallorca.org\/wp-content\/uploads\/2022\/04\/Logo_Bisbat-de-Mallorca-scaled.jpeg\",\"width\":2560,\"height\":1810,\"caption\":\"Bisbat De Mallorca\"},\"image\":{\"@id\":\"https:\/\/www.bisbatdemallorca.org\/ca\/#\/schema\/logo\/image\/\"}},{\"@type\":\"Person\",\"@id\":\"https:\/\/www.bisbatdemallorca.org\/ca\/#\/schema\/person\/9d198fedaef82cec34c41260a51964a6\",\"name\":\"Administraci\u00f3 Bisbat de Mallorca\",\"image\":{\"@type\":\"ImageObject\",\"inLanguage\":\"ca\",\"@id\":\"https:\/\/www.bisbatdemallorca.org\/ca\/#\/schema\/person\/image\/\",\"url\":\"https:\/\/secure.gravatar.com\/avatar\/cc0dac0bd15aa6305e120ea8e5b6c12f94c8fe06a53230fa56abffe62cefceb4?s=96&d=mm&r=g\",\"contentUrl\":\"https:\/\/secure.gravatar.com\/avatar\/cc0dac0bd15aa6305e120ea8e5b6c12f94c8fe06a53230fa56abffe62cefceb4?s=96&d=mm&r=g\",\"caption\":\"Administraci\u00f3 Bisbat de Mallorca\"},\"sameAs\":[\"https:\/\/bisbatdemallorca.org\"],\"url\":\"https:\/\/www.bisbatdemallorca.org\/ca\/author\/administraciobisbat\/\"}]}<\/script>\n<!-- \/ Yoast SEO plugin. -->","yoast_head_json":{"title":"Inaugurada la capella del nou edifici Sant Alonso Rodr\u00edguez del Col\u00b7legi de Monti-sion de Palma","robots":{"index":"index","follow":"follow","max-snippet":"max-snippet:-1","max-image-preview":"max-image-preview:large","max-video-preview":"max-video-preview:-1"},"canonical":"https:\/\/www.bisbatdemallorca.org\/ca\/inaugurada-la-capella-del-nou-edifici-sant-alonso-rodriguez-del-col\u00b7legi-de-monti-sion-de-palma\/","og_locale":"ca_ES","og_type":"article","og_title":"[:ca]Inaugurada la capella del nou edifici Sant Alonso Rodr\u00edguez del Col\u00b7legi de Monti-sion de Palma[:es]Inaugurada la capilla del nuevo edificio \u201cSan Alonso Rodr\u00edguez\u201d del Colegio Montesi\u00f3n de Palma[:] - Bisbat de Mallorca","og_description":"La comunitat vinculada a la Companyia de Jes\u00fas a Palma [...]","og_url":"https:\/\/www.bisbatdemallorca.org\/ca\/inaugurada-la-capella-del-nou-edifici-sant-alonso-rodriguez-del-col\u00b7legi-de-monti-sion-de-palma\/","og_site_name":"Bisbat de Mallorca","article_published_time":"2026-04-27T08:39:34+00:00","article_modified_time":"2026-04-27T08:40:45+00:00","author":"Administraci\u00f3 Bisbat de Mallorca","twitter_card":"summary_large_image","twitter_misc":{"Escrit per":"Administraci\u00f3 Bisbat de Mallorca","Temps estimat de lectura":"1 minut"},"schema":{"@context":"https:\/\/schema.org","@graph":[{"@type":"Article","@id":"https:\/\/www.bisbatdemallorca.org\/inaugurada-la-capella-del-nou-edifici-sant-alonso-rodriguez-del-col%c2%b7legi-de-monti-sion-de-palma\/#article","isPartOf":{"@id":"https:\/\/www.bisbatdemallorca.org\/inaugurada-la-capella-del-nou-edifici-sant-alonso-rodriguez-del-col%c2%b7legi-de-monti-sion-de-palma\/"},"author":{"name":"Administraci\u00f3 Bisbat de Mallorca","@id":"https:\/\/www.bisbatdemallorca.org\/ca\/#\/schema\/person\/9d198fedaef82cec34c41260a51964a6"},"headline":"Inaugurada la capella del nou edifici Sant Alonso Rodr\u00edguez del Col\u00b7legi de Monti-sion de Palma","datePublished":"2026-04-27T08:39:34+00:00","dateModified":"2026-04-27T08:40:45+00:00","mainEntityOfPage":{"@id":"https:\/\/www.bisbatdemallorca.org\/inaugurada-la-capella-del-nou-edifici-sant-alonso-rodriguez-del-col%c2%b7legi-de-monti-sion-de-palma\/"},"wordCount":363,"publisher":{"@id":"https:\/\/www.bisbatdemallorca.org\/ca\/#organization"},"image":{"@id":"https:\/\/www.bisbatdemallorca.org\/inaugurada-la-capella-del-nou-edifici-sant-alonso-rodriguez-del-col%c2%b7legi-de-monti-sion-de-palma\/#primaryimage"},"thumbnailUrl":"https:\/\/www.bisbatdemallorca.org\/wp-content\/uploads\/2026\/04\/Capilla-Montesion-2.jpeg","articleSection":["Agencia Bal\u00e8ria"],"inLanguage":"ca"},{"@type":"WebPage","@id":"https:\/\/www.bisbatdemallorca.org\/inaugurada-la-capella-del-nou-edifici-sant-alonso-rodriguez-del-col%c2%b7legi-de-monti-sion-de-palma\/","url":"https:\/\/www.bisbatdemallorca.org\/inaugurada-la-capella-del-nou-edifici-sant-alonso-rodriguez-del-col%c2%b7legi-de-monti-sion-de-palma\/","name":"Inaugurada la capella del nou edifici Sant Alonso Rodr\u00edguez del Col\u00b7legi de Monti-sion de Palma","isPartOf":{"@id":"https:\/\/www.bisbatdemallorca.org\/ca\/#website"},"primaryImageOfPage":{"@id":"https:\/\/www.bisbatdemallorca.org\/inaugurada-la-capella-del-nou-edifici-sant-alonso-rodriguez-del-col%c2%b7legi-de-monti-sion-de-palma\/#primaryimage"},"image":{"@id":"https:\/\/www.bisbatdemallorca.org\/inaugurada-la-capella-del-nou-edifici-sant-alonso-rodriguez-del-col%c2%b7legi-de-monti-sion-de-palma\/#primaryimage"},"thumbnailUrl":"https:\/\/www.bisbatdemallorca.org\/wp-content\/uploads\/2026\/04\/Capilla-Montesion-2.jpeg","datePublished":"2026-04-27T08:39:34+00:00","dateModified":"2026-04-27T08:40:45+00:00","breadcrumb":{"@id":"https:\/\/www.bisbatdemallorca.org\/inaugurada-la-capella-del-nou-edifici-sant-alonso-rodriguez-del-col%c2%b7legi-de-monti-sion-de-palma\/#breadcrumb"},"inLanguage":"ca","potentialAction":[{"@type":"ReadAction","target":["https:\/\/www.bisbatdemallorca.org\/inaugurada-la-capella-del-nou-edifici-sant-alonso-rodriguez-del-col%c2%b7legi-de-monti-sion-de-palma\/"]}]},{"@type":"ImageObject","inLanguage":"ca","@id":"https:\/\/www.bisbatdemallorca.org\/inaugurada-la-capella-del-nou-edifici-sant-alonso-rodriguez-del-col%c2%b7legi-de-monti-sion-de-palma\/#primaryimage","url":"https:\/\/www.bisbatdemallorca.org\/wp-content\/uploads\/2026\/04\/Capilla-Montesion-2.jpeg","contentUrl":"https:\/\/www.bisbatdemallorca.org\/wp-content\/uploads\/2026\/04\/Capilla-Montesion-2.jpeg","width":2048,"height":1536},{"@type":"BreadcrumbList","@id":"https:\/\/www.bisbatdemallorca.org\/inaugurada-la-capella-del-nou-edifici-sant-alonso-rodriguez-del-col%c2%b7legi-de-monti-sion-de-palma\/#breadcrumb","itemListElement":[{"@type":"ListItem","position":1,"name":"Portada","item":"https:\/\/www.bisbatdemallorca.org\/ca\/"},{"@type":"ListItem","position":2,"name":"Inaugurada la capilla del nuevo edificio \u201cSan Alonso Rodr\u00edguez\u201d del Colegio Montesi\u00f3n de Palma"}]},{"@type":"WebSite","@id":"https:\/\/www.bisbatdemallorca.org\/ca\/#website","url":"https:\/\/www.bisbatdemallorca.org\/ca\/","name":"Bisbat de Mallorca","description":"Just another WordPress site","publisher":{"@id":"https:\/\/www.bisbatdemallorca.org\/ca\/#organization"},"potentialAction":[{"@type":"SearchAction","target":{"@type":"EntryPoint","urlTemplate":"https:\/\/www.bisbatdemallorca.org\/ca\/?s={search_term_string}"},"query-input":{"@type":"PropertyValueSpecification","valueRequired":true,"valueName":"search_term_string"}}],"inLanguage":"ca"},{"@type":"Organization","@id":"https:\/\/www.bisbatdemallorca.org\/ca\/#organization","name":"Bisbat De Mallorca","url":"https:\/\/www.bisbatdemallorca.org\/ca\/","logo":{"@type":"ImageObject","inLanguage":"ca","@id":"https:\/\/www.bisbatdemallorca.org\/ca\/#\/schema\/logo\/image\/","url":"https:\/\/bisbatdemallorca.org\/wp-content\/uploads\/2022\/04\/Logo_Bisbat-de-Mallorca-scaled.jpeg","contentUrl":"https:\/\/bisbatdemallorca.org\/wp-content\/uploads\/2022\/04\/Logo_Bisbat-de-Mallorca-scaled.jpeg","width":2560,"height":1810,"caption":"Bisbat De Mallorca"},"image":{"@id":"https:\/\/www.bisbatdemallorca.org\/ca\/#\/schema\/logo\/image\/"}},{"@type":"Person","@id":"https:\/\/www.bisbatdemallorca.org\/ca\/#\/schema\/person\/9d198fedaef82cec34c41260a51964a6","name":"Administraci\u00f3 Bisbat de Mallorca","image":{"@type":"ImageObject","inLanguage":"ca","@id":"https:\/\/www.bisbatdemallorca.org\/ca\/#\/schema\/person\/image\/","url":"https:\/\/secure.gravatar.com\/avatar\/cc0dac0bd15aa6305e120ea8e5b6c12f94c8fe06a53230fa56abffe62cefceb4?s=96&d=mm&r=g","contentUrl":"https:\/\/secure.gravatar.com\/avatar\/cc0dac0bd15aa6305e120ea8e5b6c12f94c8fe06a53230fa56abffe62cefceb4?s=96&d=mm&r=g","caption":"Administraci\u00f3 Bisbat de Mallorca"},"sameAs":["https:\/\/bisbatdemallorca.org"],"url":"https:\/\/www.bisbatdemallorca.org\/ca\/author\/administraciobisbat\/"}]}},"_links":{"self":[{"href":"https:\/\/www.bisbatdemallorca.org\/ca\/wp-json\/wp\/v2\/posts\/32419","targetHints":{"allow":["GET"]}}],"collection":[{"href":"https:\/\/www.bisbatdemallorca.org\/ca\/wp-json\/wp\/v2\/posts"}],"about":[{"href":"https:\/\/www.bisbatdemallorca.org\/ca\/wp-json\/wp\/v2\/types\/post"}],"author":[{"embeddable":true,"href":"https:\/\/www.bisbatdemallorca.org\/ca\/wp-json\/wp\/v2\/users\/2"}],"replies":[{"embeddable":true,"href":"https:\/\/www.bisbatdemallorca.org\/ca\/wp-json\/wp\/v2\/comments?post=32419"}],"version-history":[{"count":2,"href":"https:\/\/www.bisbatdemallorca.org\/ca\/wp-json\/wp\/v2\/posts\/32419\/revisions"}],"predecessor-version":[{"id":32423,"href":"https:\/\/www.bisbatdemallorca.org\/ca\/wp-json\/wp\/v2\/posts\/32419\/revisions\/32423"}],"wp:featuredmedia":[{"embeddable":true,"href":"https:\/\/www.bisbatdemallorca.org\/ca\/wp-json\/wp\/v2\/media\/32421"}],"wp:attachment":[{"href":"https:\/\/www.bisbatdemallorca.org\/ca\/wp-json\/wp\/v2\/media?parent=32419"}],"wp:term":[{"taxonomy":"category","embeddable":true,"href":"https:\/\/www.bisbatdemallorca.org\/ca\/wp-json\/wp\/v2\/categories?post=32419"},{"taxonomy":"post_tag","embeddable":true,"href":"https:\/\/www.bisbatdemallorca.org\/ca\/wp-json\/wp\/v2\/tags?post=32419"}],"curies":[{"name":"wp","href":"https:\/\/api.w.org\/{rel}","templated":true}]}}