{"id":32425,"date":"2026-04-27T10:42:51","date_gmt":"2026-04-27T08:42:51","guid":{"rendered":"https:\/\/www.bisbatdemallorca.org\/ca\/?p=32425"},"modified":"2026-04-27T10:43:31","modified_gmt":"2026-04-27T08:43:31","slug":"vida-creixent-a-la-fira-de-la-gent-gran-a-porreres","status":"publish","type":"post","link":"https:\/\/www.bisbatdemallorca.org\/ca\/vida-creixent-a-la-fira-de-la-gent-gran-a-porreres\/","title":{"rendered":"Vida Creixent a la fira de la gent gran a Porreres"},"content":{"rendered":"<p>Organitzada pel Consell de Mallorca, totes les associacions de Gent Gran foren convidades, dissabte 25 de maig, a participar a la Fira en qu\u00e8 es mostraven en distints estands les activitats i els treballs que cada associaci\u00f3 realitza al llarg de l\u2019any, endem\u00e9s d\u2019exposicions, confer\u00e8ncies, concert a l\u2019esgl\u00e9sia parroquial, torneig de truc, mentre a la pla\u00e7a els m\u00fasics animaven els balls que la gent gran va practicant al llarg de l\u2019any. Vida Creixent tamb\u00e9 s\u2019hi feu present, exposant sobre la taula del seu estand distintes publicacions perqu\u00e8 la gent pogu\u00e9s fer-hi una ullada o, si interessava, les podien dur-se\u2019n. Com tamb\u00e9, si a la gent que passava, els venia de nou\u00a0 una espiritualitat per a la gent major, els membres de Vida Creixent els l\u2019anaven explicant. La diada acab\u00e0 amb la visita del\u00a0 president del Consell, Lloren\u00e7 Galm\u00e9s, a tots els estands i amb la seva salutaci\u00f3 a tots els participants, a punt de comen\u00e7ar el dinar de companyonia al parc de n\u2019Hereveta.<\/p>\n","protected":false},"excerpt":{"rendered":"<p>Organitzada pel Consell de Mallorca, totes les associacions de Gent  [&#8230;]<\/p>\n","protected":false},"author":2,"featured_media":32428,"comment_status":"closed","ping_status":"open","sticky":false,"template":"","format":"standard","meta":{"footnotes":""},"categories":[16],"tags":[],"class_list":["post-32425","post","type-post","status-publish","format-standard","has-post-thumbnail","hentry","category-agencia-baleria"],"yoast_head":"<!-- This site is optimized with the Yoast SEO plugin v27.0 - https:\/\/yoast.com\/product\/yoast-seo-wordpress\/ -->\n<title>Vida Creixent a la fira de la gent gran a Porreres<\/title>\n<meta name=\"robots\" content=\"index, follow, max-snippet:-1, max-image-preview:large, max-video-preview:-1\" \/>\n<link rel=\"canonical\" href=\"https:\/\/www.bisbatdemallorca.org\/ca\/vida-creixent-a-la-fira-de-la-gent-gran-a-porreres\/\" \/>\n<meta property=\"og:locale\" content=\"ca_ES\" \/>\n<meta property=\"og:locale:alternate\" content=\"en_US\" \/>\n<meta property=\"og:locale:alternate\" content=\"es_ES\" \/>\n<meta property=\"og:type\" content=\"article\" \/>\n<meta property=\"og:title\" content=\"Vida Creixent a la fira de la gent gran a Porreres\" \/>\n<meta property=\"og:description\" content=\"Organitzada pel Consell de Mallorca, totes les associacions de Gent [...]\" \/>\n<meta property=\"og:url\" content=\"https:\/\/www.bisbatdemallorca.org\/ca\/vida-creixent-a-la-fira-de-la-gent-gran-a-porreres\/\" \/>\n<meta property=\"og:site_name\" content=\"Bisbat de Mallorca\" \/>\n<meta property=\"article:published_time\" content=\"2026-04-27T08:42:51+00:00\" \/>\n<meta property=\"article:modified_time\" content=\"2026-04-27T08:43:31+00:00\" \/>\n<meta name=\"author\" content=\"Administraci\u00f3 Bisbat de Mallorca\" \/>\n<meta name=\"twitter:card\" content=\"summary_large_image\" \/>\n<meta name=\"twitter:label1\" content=\"Escrit per\" \/>\n\t<meta name=\"twitter:data1\" content=\"Administraci\u00f3 Bisbat de Mallorca\" \/>\n\t<meta name=\"twitter:label2\" content=\"Temps estimat de lectura\" \/>\n\t<meta name=\"twitter:data2\" content=\"1 minut\" \/>\n<script type=\"application\/ld+json\" class=\"yoast-schema-graph\">{\"@context\":\"https:\/\/schema.org\",\"@graph\":[{\"@type\":\"Article\",\"@id\":\"https:\/\/www.bisbatdemallorca.org\/vida-creixent-a-la-fira-de-la-gent-gran-a-porreres\/#article\",\"isPartOf\":{\"@id\":\"https:\/\/www.bisbatdemallorca.org\/vida-creixent-a-la-fira-de-la-gent-gran-a-porreres\/\"},\"author\":{\"name\":\"Administraci\u00f3 Bisbat de Mallorca\",\"@id\":\"https:\/\/www.bisbatdemallorca.org\/ca\/#\/schema\/person\/9d198fedaef82cec34c41260a51964a6\"},\"headline\":\"Vida Creixent a la fira de la gent gran a Porreres\",\"datePublished\":\"2026-04-27T08:42:51+00:00\",\"dateModified\":\"2026-04-27T08:43:31+00:00\",\"mainEntityOfPage\":{\"@id\":\"https:\/\/www.bisbatdemallorca.org\/vida-creixent-a-la-fira-de-la-gent-gran-a-porreres\/\"},\"wordCount\":379,\"publisher\":{\"@id\":\"https:\/\/www.bisbatdemallorca.org\/ca\/#organization\"},\"image\":{\"@id\":\"https:\/\/www.bisbatdemallorca.org\/vida-creixent-a-la-fira-de-la-gent-gran-a-porreres\/#primaryimage\"},\"thumbnailUrl\":\"https:\/\/www.bisbatdemallorca.org\/wp-content\/uploads\/2026\/04\/Vida-Creixent-Porreres-3.jpg\",\"articleSection\":[\"Agencia Bal\u00e8ria\"],\"inLanguage\":\"ca\"},{\"@type\":\"WebPage\",\"@id\":\"https:\/\/www.bisbatdemallorca.org\/vida-creixent-a-la-fira-de-la-gent-gran-a-porreres\/\",\"url\":\"https:\/\/www.bisbatdemallorca.org\/vida-creixent-a-la-fira-de-la-gent-gran-a-porreres\/\",\"name\":\"Vida Creixent a la fira de la gent gran a Porreres\",\"isPartOf\":{\"@id\":\"https:\/\/www.bisbatdemallorca.org\/ca\/#website\"},\"primaryImageOfPage\":{\"@id\":\"https:\/\/www.bisbatdemallorca.org\/vida-creixent-a-la-fira-de-la-gent-gran-a-porreres\/#primaryimage\"},\"image\":{\"@id\":\"https:\/\/www.bisbatdemallorca.org\/vida-creixent-a-la-fira-de-la-gent-gran-a-porreres\/#primaryimage\"},\"thumbnailUrl\":\"https:\/\/www.bisbatdemallorca.org\/wp-content\/uploads\/2026\/04\/Vida-Creixent-Porreres-3.jpg\",\"datePublished\":\"2026-04-27T08:42:51+00:00\",\"dateModified\":\"2026-04-27T08:43:31+00:00\",\"breadcrumb\":{\"@id\":\"https:\/\/www.bisbatdemallorca.org\/vida-creixent-a-la-fira-de-la-gent-gran-a-porreres\/#breadcrumb\"},\"inLanguage\":\"ca\",\"potentialAction\":[{\"@type\":\"ReadAction\",\"target\":[\"https:\/\/www.bisbatdemallorca.org\/vida-creixent-a-la-fira-de-la-gent-gran-a-porreres\/\"]}]},{\"@type\":\"ImageObject\",\"inLanguage\":\"ca\",\"@id\":\"https:\/\/www.bisbatdemallorca.org\/vida-creixent-a-la-fira-de-la-gent-gran-a-porreres\/#primaryimage\",\"url\":\"https:\/\/www.bisbatdemallorca.org\/wp-content\/uploads\/2026\/04\/Vida-Creixent-Porreres-3.jpg\",\"contentUrl\":\"https:\/\/www.bisbatdemallorca.org\/wp-content\/uploads\/2026\/04\/Vida-Creixent-Porreres-3.jpg\",\"width\":1500,\"height\":2000},{\"@type\":\"BreadcrumbList\",\"@id\":\"https:\/\/www.bisbatdemallorca.org\/vida-creixent-a-la-fira-de-la-gent-gran-a-porreres\/#breadcrumb\",\"itemListElement\":[{\"@type\":\"ListItem\",\"position\":1,\"name\":\"Portada\",\"item\":\"https:\/\/www.bisbatdemallorca.org\/ca\/\"},{\"@type\":\"ListItem\",\"position\":2,\"name\":\"Vida Creixent en la fira de la gent gran en Porreres\"}]},{\"@type\":\"WebSite\",\"@id\":\"https:\/\/www.bisbatdemallorca.org\/ca\/#website\",\"url\":\"https:\/\/www.bisbatdemallorca.org\/ca\/\",\"name\":\"Bisbat de Mallorca\",\"description\":\"Just another WordPress site\",\"publisher\":{\"@id\":\"https:\/\/www.bisbatdemallorca.org\/ca\/#organization\"},\"potentialAction\":[{\"@type\":\"SearchAction\",\"target\":{\"@type\":\"EntryPoint\",\"urlTemplate\":\"https:\/\/www.bisbatdemallorca.org\/ca\/?s={search_term_string}\"},\"query-input\":{\"@type\":\"PropertyValueSpecification\",\"valueRequired\":true,\"valueName\":\"search_term_string\"}}],\"inLanguage\":\"ca\"},{\"@type\":\"Organization\",\"@id\":\"https:\/\/www.bisbatdemallorca.org\/ca\/#organization\",\"name\":\"Bisbat De Mallorca\",\"url\":\"https:\/\/www.bisbatdemallorca.org\/ca\/\",\"logo\":{\"@type\":\"ImageObject\",\"inLanguage\":\"ca\",\"@id\":\"https:\/\/www.bisbatdemallorca.org\/ca\/#\/schema\/logo\/image\/\",\"url\":\"https:\/\/bisbatdemallorca.org\/wp-content\/uploads\/2022\/04\/Logo_Bisbat-de-Mallorca-scaled.jpeg\",\"contentUrl\":\"https:\/\/bisbatdemallorca.org\/wp-content\/uploads\/2022\/04\/Logo_Bisbat-de-Mallorca-scaled.jpeg\",\"width\":2560,\"height\":1810,\"caption\":\"Bisbat De Mallorca\"},\"image\":{\"@id\":\"https:\/\/www.bisbatdemallorca.org\/ca\/#\/schema\/logo\/image\/\"}},{\"@type\":\"Person\",\"@id\":\"https:\/\/www.bisbatdemallorca.org\/ca\/#\/schema\/person\/9d198fedaef82cec34c41260a51964a6\",\"name\":\"Administraci\u00f3 Bisbat de Mallorca\",\"image\":{\"@type\":\"ImageObject\",\"inLanguage\":\"ca\",\"@id\":\"https:\/\/www.bisbatdemallorca.org\/ca\/#\/schema\/person\/image\/\",\"url\":\"https:\/\/secure.gravatar.com\/avatar\/cc0dac0bd15aa6305e120ea8e5b6c12f94c8fe06a53230fa56abffe62cefceb4?s=96&d=mm&r=g\",\"contentUrl\":\"https:\/\/secure.gravatar.com\/avatar\/cc0dac0bd15aa6305e120ea8e5b6c12f94c8fe06a53230fa56abffe62cefceb4?s=96&d=mm&r=g\",\"caption\":\"Administraci\u00f3 Bisbat de Mallorca\"},\"sameAs\":[\"https:\/\/bisbatdemallorca.org\"],\"url\":\"https:\/\/www.bisbatdemallorca.org\/ca\/author\/administraciobisbat\/\"}]}<\/script>\n<!-- \/ Yoast SEO plugin. -->","yoast_head_json":{"title":"Vida Creixent a la fira de la gent gran a Porreres","robots":{"index":"index","follow":"follow","max-snippet":"max-snippet:-1","max-image-preview":"max-image-preview:large","max-video-preview":"max-video-preview:-1"},"canonical":"https:\/\/www.bisbatdemallorca.org\/ca\/vida-creixent-a-la-fira-de-la-gent-gran-a-porreres\/","og_locale":"ca_ES","og_type":"article","og_title":"[:ca]Vida Creixent a la fira de la gent gran a Porreres[:es]Vida Creixent en la fira de la gent gran en Porreres[:] - Bisbat de Mallorca","og_description":"Organitzada pel Consell de Mallorca, totes les associacions de Gent [...]","og_url":"https:\/\/www.bisbatdemallorca.org\/ca\/vida-creixent-a-la-fira-de-la-gent-gran-a-porreres\/","og_site_name":"Bisbat de Mallorca","article_published_time":"2026-04-27T08:42:51+00:00","article_modified_time":"2026-04-27T08:43:31+00:00","author":"Administraci\u00f3 Bisbat de Mallorca","twitter_card":"summary_large_image","twitter_misc":{"Escrit per":"Administraci\u00f3 Bisbat de Mallorca","Temps estimat de lectura":"1 minut"},"schema":{"@context":"https:\/\/schema.org","@graph":[{"@type":"Article","@id":"https:\/\/www.bisbatdemallorca.org\/vida-creixent-a-la-fira-de-la-gent-gran-a-porreres\/#article","isPartOf":{"@id":"https:\/\/www.bisbatdemallorca.org\/vida-creixent-a-la-fira-de-la-gent-gran-a-porreres\/"},"author":{"name":"Administraci\u00f3 Bisbat de Mallorca","@id":"https:\/\/www.bisbatdemallorca.org\/ca\/#\/schema\/person\/9d198fedaef82cec34c41260a51964a6"},"headline":"Vida Creixent a la fira de la gent gran a Porreres","datePublished":"2026-04-27T08:42:51+00:00","dateModified":"2026-04-27T08:43:31+00:00","mainEntityOfPage":{"@id":"https:\/\/www.bisbatdemallorca.org\/vida-creixent-a-la-fira-de-la-gent-gran-a-porreres\/"},"wordCount":379,"publisher":{"@id":"https:\/\/www.bisbatdemallorca.org\/ca\/#organization"},"image":{"@id":"https:\/\/www.bisbatdemallorca.org\/vida-creixent-a-la-fira-de-la-gent-gran-a-porreres\/#primaryimage"},"thumbnailUrl":"https:\/\/www.bisbatdemallorca.org\/wp-content\/uploads\/2026\/04\/Vida-Creixent-Porreres-3.jpg","articleSection":["Agencia Bal\u00e8ria"],"inLanguage":"ca"},{"@type":"WebPage","@id":"https:\/\/www.bisbatdemallorca.org\/vida-creixent-a-la-fira-de-la-gent-gran-a-porreres\/","url":"https:\/\/www.bisbatdemallorca.org\/vida-creixent-a-la-fira-de-la-gent-gran-a-porreres\/","name":"Vida Creixent a la fira de la gent gran a Porreres","isPartOf":{"@id":"https:\/\/www.bisbatdemallorca.org\/ca\/#website"},"primaryImageOfPage":{"@id":"https:\/\/www.bisbatdemallorca.org\/vida-creixent-a-la-fira-de-la-gent-gran-a-porreres\/#primaryimage"},"image":{"@id":"https:\/\/www.bisbatdemallorca.org\/vida-creixent-a-la-fira-de-la-gent-gran-a-porreres\/#primaryimage"},"thumbnailUrl":"https:\/\/www.bisbatdemallorca.org\/wp-content\/uploads\/2026\/04\/Vida-Creixent-Porreres-3.jpg","datePublished":"2026-04-27T08:42:51+00:00","dateModified":"2026-04-27T08:43:31+00:00","breadcrumb":{"@id":"https:\/\/www.bisbatdemallorca.org\/vida-creixent-a-la-fira-de-la-gent-gran-a-porreres\/#breadcrumb"},"inLanguage":"ca","potentialAction":[{"@type":"ReadAction","target":["https:\/\/www.bisbatdemallorca.org\/vida-creixent-a-la-fira-de-la-gent-gran-a-porreres\/"]}]},{"@type":"ImageObject","inLanguage":"ca","@id":"https:\/\/www.bisbatdemallorca.org\/vida-creixent-a-la-fira-de-la-gent-gran-a-porreres\/#primaryimage","url":"https:\/\/www.bisbatdemallorca.org\/wp-content\/uploads\/2026\/04\/Vida-Creixent-Porreres-3.jpg","contentUrl":"https:\/\/www.bisbatdemallorca.org\/wp-content\/uploads\/2026\/04\/Vida-Creixent-Porreres-3.jpg","width":1500,"height":2000},{"@type":"BreadcrumbList","@id":"https:\/\/www.bisbatdemallorca.org\/vida-creixent-a-la-fira-de-la-gent-gran-a-porreres\/#breadcrumb","itemListElement":[{"@type":"ListItem","position":1,"name":"Portada","item":"https:\/\/www.bisbatdemallorca.org\/ca\/"},{"@type":"ListItem","position":2,"name":"Vida Creixent en la fira de la gent gran en Porreres"}]},{"@type":"WebSite","@id":"https:\/\/www.bisbatdemallorca.org\/ca\/#website","url":"https:\/\/www.bisbatdemallorca.org\/ca\/","name":"Bisbat de Mallorca","description":"Just another WordPress site","publisher":{"@id":"https:\/\/www.bisbatdemallorca.org\/ca\/#organization"},"potentialAction":[{"@type":"SearchAction","target":{"@type":"EntryPoint","urlTemplate":"https:\/\/www.bisbatdemallorca.org\/ca\/?s={search_term_string}"},"query-input":{"@type":"PropertyValueSpecification","valueRequired":true,"valueName":"search_term_string"}}],"inLanguage":"ca"},{"@type":"Organization","@id":"https:\/\/www.bisbatdemallorca.org\/ca\/#organization","name":"Bisbat De Mallorca","url":"https:\/\/www.bisbatdemallorca.org\/ca\/","logo":{"@type":"ImageObject","inLanguage":"ca","@id":"https:\/\/www.bisbatdemallorca.org\/ca\/#\/schema\/logo\/image\/","url":"https:\/\/bisbatdemallorca.org\/wp-content\/uploads\/2022\/04\/Logo_Bisbat-de-Mallorca-scaled.jpeg","contentUrl":"https:\/\/bisbatdemallorca.org\/wp-content\/uploads\/2022\/04\/Logo_Bisbat-de-Mallorca-scaled.jpeg","width":2560,"height":1810,"caption":"Bisbat De Mallorca"},"image":{"@id":"https:\/\/www.bisbatdemallorca.org\/ca\/#\/schema\/logo\/image\/"}},{"@type":"Person","@id":"https:\/\/www.bisbatdemallorca.org\/ca\/#\/schema\/person\/9d198fedaef82cec34c41260a51964a6","name":"Administraci\u00f3 Bisbat de Mallorca","image":{"@type":"ImageObject","inLanguage":"ca","@id":"https:\/\/www.bisbatdemallorca.org\/ca\/#\/schema\/person\/image\/","url":"https:\/\/secure.gravatar.com\/avatar\/cc0dac0bd15aa6305e120ea8e5b6c12f94c8fe06a53230fa56abffe62cefceb4?s=96&d=mm&r=g","contentUrl":"https:\/\/secure.gravatar.com\/avatar\/cc0dac0bd15aa6305e120ea8e5b6c12f94c8fe06a53230fa56abffe62cefceb4?s=96&d=mm&r=g","caption":"Administraci\u00f3 Bisbat de Mallorca"},"sameAs":["https:\/\/bisbatdemallorca.org"],"url":"https:\/\/www.bisbatdemallorca.org\/ca\/author\/administraciobisbat\/"}]}},"_links":{"self":[{"href":"https:\/\/www.bisbatdemallorca.org\/ca\/wp-json\/wp\/v2\/posts\/32425","targetHints":{"allow":["GET"]}}],"collection":[{"href":"https:\/\/www.bisbatdemallorca.org\/ca\/wp-json\/wp\/v2\/posts"}],"about":[{"href":"https:\/\/www.bisbatdemallorca.org\/ca\/wp-json\/wp\/v2\/types\/post"}],"author":[{"embeddable":true,"href":"https:\/\/www.bisbatdemallorca.org\/ca\/wp-json\/wp\/v2\/users\/2"}],"replies":[{"embeddable":true,"href":"https:\/\/www.bisbatdemallorca.org\/ca\/wp-json\/wp\/v2\/comments?post=32425"}],"version-history":[{"count":2,"href":"https:\/\/www.bisbatdemallorca.org\/ca\/wp-json\/wp\/v2\/posts\/32425\/revisions"}],"predecessor-version":[{"id":32430,"href":"https:\/\/www.bisbatdemallorca.org\/ca\/wp-json\/wp\/v2\/posts\/32425\/revisions\/32430"}],"wp:featuredmedia":[{"embeddable":true,"href":"https:\/\/www.bisbatdemallorca.org\/ca\/wp-json\/wp\/v2\/media\/32428"}],"wp:attachment":[{"href":"https:\/\/www.bisbatdemallorca.org\/ca\/wp-json\/wp\/v2\/media?parent=32425"}],"wp:term":[{"taxonomy":"category","embeddable":true,"href":"https:\/\/www.bisbatdemallorca.org\/ca\/wp-json\/wp\/v2\/categories?post=32425"},{"taxonomy":"post_tag","embeddable":true,"href":"https:\/\/www.bisbatdemallorca.org\/ca\/wp-json\/wp\/v2\/tags?post=32425"}],"curies":[{"name":"wp","href":"https:\/\/api.w.org\/{rel}","templated":true}]}}