{"id":32439,"date":"2026-04-27T12:53:49","date_gmt":"2026-04-27T10:53:49","guid":{"rendered":"https:\/\/www.bisbatdemallorca.org\/ca\/?p=32439"},"modified":"2026-04-27T12:54:38","modified_gmt":"2026-04-27T10:54:38","slug":"trobada-formativa-de-la-familia-franciscana","status":"publish","type":"post","link":"https:\/\/www.bisbatdemallorca.org\/ca\/trobada-formativa-de-la-familia-franciscana\/","title":{"rendered":"Trobada formativa de la Fam\u00edlia Franciscana"},"content":{"rendered":"<p>En un comprom\u00eds ferm de mantenir vius els vincles fraterns entre tota la Fam\u00edlia Franciscana de Mallorca, el passat dia 18 d\u2019abril, novament els seus membres es varen aplegar. Aquest cop per compartir una jornada d\u2019oraci\u00f3 i formaci\u00f3. El monestir de la Pur\u00edssima Concepci\u00f3 de Franciscanes del Tercer Orde Regular, de Palma, fou el lloc elegit per a reunir els germans i germanes del Primer, Segon i Tercer Orde establerts a la nostra Di\u00f2cesi. La trobada s\u2019inici\u00e0 amb la preg\u00e0ria i un acte de benvinguda. Llavors, fra \u00d2scar Bernaus, OFM Caputx\u00ed, expos\u00e0 la confer\u00e8ncia: \u201cLa Pasqua de Sant Francesc: passar amb Crist al Pare\u201d, la qual, a la llum del temps de Resurrecci\u00f3 ens prepara per a la joiosa efem\u00e8ride del vuit\u00e8 centenari del tr\u00e0nsit del Pobriss\u00f3 d\u2019Ass\u00eds. Cal apuntar que fou enregistrada per tal que tots els membres de les fraternitats que no hi havien pogut assistir, fos quina fos la causa, la poguessin escoltar i reflexionar.<\/p>\n<p>Seguidament es pogu\u00e9 visitar l\u2019exposici\u00f3 commemorativa dels Centenaris Franciscans que s\u2019ha organitzat en el mateix monestir. S\u2019hi mostren valuoses peces dels propis fons hist\u00f2rics i art\u00edstics, les quals interpreten els cap\u00edtols que marcaren els darrers anys de l\u2019exist\u00e8ncia de Sant Francesc. Aquesta romandr\u00e0 oberta entre els mesos d\u2019abril i octubre del present any. La trobada acab\u00e0 a l\u2019hort conventual compartint un senzill \u00e0pat fratern.<\/p>\n","protected":false},"excerpt":{"rendered":"<p>En un comprom\u00eds ferm de mantenir vius els vincles fraterns  [&#8230;]<\/p>\n","protected":false},"author":2,"featured_media":32442,"comment_status":"closed","ping_status":"open","sticky":false,"template":"","format":"standard","meta":{"footnotes":""},"categories":[16],"tags":[],"class_list":["post-32439","post","type-post","status-publish","format-standard","has-post-thumbnail","hentry","category-agencia-baleria"],"yoast_head":"<!-- This site is optimized with the Yoast SEO plugin v27.0 - https:\/\/yoast.com\/product\/yoast-seo-wordpress\/ -->\n<title>Trobada formativa de la Fam\u00edlia Franciscana<\/title>\n<meta name=\"robots\" content=\"index, follow, max-snippet:-1, max-image-preview:large, max-video-preview:-1\" \/>\n<link rel=\"canonical\" href=\"https:\/\/www.bisbatdemallorca.org\/ca\/trobada-formativa-de-la-familia-franciscana\/\" \/>\n<meta property=\"og:locale\" content=\"ca_ES\" \/>\n<meta property=\"og:locale:alternate\" content=\"en_US\" \/>\n<meta property=\"og:locale:alternate\" content=\"es_ES\" \/>\n<meta property=\"og:type\" content=\"article\" \/>\n<meta property=\"og:title\" content=\"Trobada formativa de la Fam\u00edlia Franciscana\" \/>\n<meta property=\"og:description\" content=\"En un comprom\u00eds ferm de mantenir vius els vincles fraterns [...]\" \/>\n<meta property=\"og:url\" content=\"https:\/\/www.bisbatdemallorca.org\/ca\/trobada-formativa-de-la-familia-franciscana\/\" \/>\n<meta property=\"og:site_name\" content=\"Bisbat de Mallorca\" \/>\n<meta property=\"article:published_time\" content=\"2026-04-27T10:53:49+00:00\" \/>\n<meta property=\"article:modified_time\" content=\"2026-04-27T10:54:38+00:00\" \/>\n<meta name=\"author\" content=\"Administraci\u00f3 Bisbat de Mallorca\" \/>\n<meta name=\"twitter:card\" content=\"summary_large_image\" \/>\n<meta name=\"twitter:label1\" content=\"Escrit per\" \/>\n\t<meta name=\"twitter:data1\" content=\"Administraci\u00f3 Bisbat de Mallorca\" \/>\n\t<meta name=\"twitter:label2\" content=\"Temps estimat de lectura\" \/>\n\t<meta name=\"twitter:data2\" content=\"1 minut\" \/>\n<script type=\"application\/ld+json\" class=\"yoast-schema-graph\">{\"@context\":\"https:\/\/schema.org\",\"@graph\":[{\"@type\":\"Article\",\"@id\":\"https:\/\/www.bisbatdemallorca.org\/trobada-formativa-de-la-familia-franciscana\/#article\",\"isPartOf\":{\"@id\":\"https:\/\/www.bisbatdemallorca.org\/trobada-formativa-de-la-familia-franciscana\/\"},\"author\":{\"name\":\"Administraci\u00f3 Bisbat de Mallorca\",\"@id\":\"https:\/\/www.bisbatdemallorca.org\/ca\/#\/schema\/person\/9d198fedaef82cec34c41260a51964a6\"},\"headline\":\"Trobada formativa de la Fam\u00edlia Franciscana\",\"datePublished\":\"2026-04-27T10:53:49+00:00\",\"dateModified\":\"2026-04-27T10:54:38+00:00\",\"mainEntityOfPage\":{\"@id\":\"https:\/\/www.bisbatdemallorca.org\/trobada-formativa-de-la-familia-franciscana\/\"},\"wordCount\":508,\"publisher\":{\"@id\":\"https:\/\/www.bisbatdemallorca.org\/ca\/#organization\"},\"image\":{\"@id\":\"https:\/\/www.bisbatdemallorca.org\/trobada-formativa-de-la-familia-franciscana\/#primaryimage\"},\"thumbnailUrl\":\"https:\/\/www.bisbatdemallorca.org\/wp-content\/uploads\/2026\/04\/WhatsApp-Image-2026-04-20-at-14.16.23.jpeg\",\"articleSection\":[\"Agencia Bal\u00e8ria\"],\"inLanguage\":\"ca\"},{\"@type\":\"WebPage\",\"@id\":\"https:\/\/www.bisbatdemallorca.org\/trobada-formativa-de-la-familia-franciscana\/\",\"url\":\"https:\/\/www.bisbatdemallorca.org\/trobada-formativa-de-la-familia-franciscana\/\",\"name\":\"Trobada formativa de la Fam\u00edlia Franciscana\",\"isPartOf\":{\"@id\":\"https:\/\/www.bisbatdemallorca.org\/ca\/#website\"},\"primaryImageOfPage\":{\"@id\":\"https:\/\/www.bisbatdemallorca.org\/trobada-formativa-de-la-familia-franciscana\/#primaryimage\"},\"image\":{\"@id\":\"https:\/\/www.bisbatdemallorca.org\/trobada-formativa-de-la-familia-franciscana\/#primaryimage\"},\"thumbnailUrl\":\"https:\/\/www.bisbatdemallorca.org\/wp-content\/uploads\/2026\/04\/WhatsApp-Image-2026-04-20-at-14.16.23.jpeg\",\"datePublished\":\"2026-04-27T10:53:49+00:00\",\"dateModified\":\"2026-04-27T10:54:38+00:00\",\"breadcrumb\":{\"@id\":\"https:\/\/www.bisbatdemallorca.org\/trobada-formativa-de-la-familia-franciscana\/#breadcrumb\"},\"inLanguage\":\"ca\",\"potentialAction\":[{\"@type\":\"ReadAction\",\"target\":[\"https:\/\/www.bisbatdemallorca.org\/trobada-formativa-de-la-familia-franciscana\/\"]}]},{\"@type\":\"ImageObject\",\"inLanguage\":\"ca\",\"@id\":\"https:\/\/www.bisbatdemallorca.org\/trobada-formativa-de-la-familia-franciscana\/#primaryimage\",\"url\":\"https:\/\/www.bisbatdemallorca.org\/wp-content\/uploads\/2026\/04\/WhatsApp-Image-2026-04-20-at-14.16.23.jpeg\",\"contentUrl\":\"https:\/\/www.bisbatdemallorca.org\/wp-content\/uploads\/2026\/04\/WhatsApp-Image-2026-04-20-at-14.16.23.jpeg\",\"width\":1600,\"height\":1200},{\"@type\":\"BreadcrumbList\",\"@id\":\"https:\/\/www.bisbatdemallorca.org\/trobada-formativa-de-la-familia-franciscana\/#breadcrumb\",\"itemListElement\":[{\"@type\":\"ListItem\",\"position\":1,\"name\":\"Portada\",\"item\":\"https:\/\/www.bisbatdemallorca.org\/ca\/\"},{\"@type\":\"ListItem\",\"position\":2,\"name\":\"Encuentro formativo de la Familia Franciscana\"}]},{\"@type\":\"WebSite\",\"@id\":\"https:\/\/www.bisbatdemallorca.org\/ca\/#website\",\"url\":\"https:\/\/www.bisbatdemallorca.org\/ca\/\",\"name\":\"Bisbat de Mallorca\",\"description\":\"Just another WordPress site\",\"publisher\":{\"@id\":\"https:\/\/www.bisbatdemallorca.org\/ca\/#organization\"},\"potentialAction\":[{\"@type\":\"SearchAction\",\"target\":{\"@type\":\"EntryPoint\",\"urlTemplate\":\"https:\/\/www.bisbatdemallorca.org\/ca\/?s={search_term_string}\"},\"query-input\":{\"@type\":\"PropertyValueSpecification\",\"valueRequired\":true,\"valueName\":\"search_term_string\"}}],\"inLanguage\":\"ca\"},{\"@type\":\"Organization\",\"@id\":\"https:\/\/www.bisbatdemallorca.org\/ca\/#organization\",\"name\":\"Bisbat De Mallorca\",\"url\":\"https:\/\/www.bisbatdemallorca.org\/ca\/\",\"logo\":{\"@type\":\"ImageObject\",\"inLanguage\":\"ca\",\"@id\":\"https:\/\/www.bisbatdemallorca.org\/ca\/#\/schema\/logo\/image\/\",\"url\":\"https:\/\/bisbatdemallorca.org\/wp-content\/uploads\/2022\/04\/Logo_Bisbat-de-Mallorca-scaled.jpeg\",\"contentUrl\":\"https:\/\/bisbatdemallorca.org\/wp-content\/uploads\/2022\/04\/Logo_Bisbat-de-Mallorca-scaled.jpeg\",\"width\":2560,\"height\":1810,\"caption\":\"Bisbat De Mallorca\"},\"image\":{\"@id\":\"https:\/\/www.bisbatdemallorca.org\/ca\/#\/schema\/logo\/image\/\"}},{\"@type\":\"Person\",\"@id\":\"https:\/\/www.bisbatdemallorca.org\/ca\/#\/schema\/person\/9d198fedaef82cec34c41260a51964a6\",\"name\":\"Administraci\u00f3 Bisbat de Mallorca\",\"image\":{\"@type\":\"ImageObject\",\"inLanguage\":\"ca\",\"@id\":\"https:\/\/www.bisbatdemallorca.org\/ca\/#\/schema\/person\/image\/\",\"url\":\"https:\/\/secure.gravatar.com\/avatar\/cc0dac0bd15aa6305e120ea8e5b6c12f94c8fe06a53230fa56abffe62cefceb4?s=96&d=mm&r=g\",\"contentUrl\":\"https:\/\/secure.gravatar.com\/avatar\/cc0dac0bd15aa6305e120ea8e5b6c12f94c8fe06a53230fa56abffe62cefceb4?s=96&d=mm&r=g\",\"caption\":\"Administraci\u00f3 Bisbat de Mallorca\"},\"sameAs\":[\"https:\/\/bisbatdemallorca.org\"],\"url\":\"https:\/\/www.bisbatdemallorca.org\/ca\/author\/administraciobisbat\/\"}]}<\/script>\n<!-- \/ Yoast SEO plugin. -->","yoast_head_json":{"title":"Trobada formativa de la Fam\u00edlia Franciscana","robots":{"index":"index","follow":"follow","max-snippet":"max-snippet:-1","max-image-preview":"max-image-preview:large","max-video-preview":"max-video-preview:-1"},"canonical":"https:\/\/www.bisbatdemallorca.org\/ca\/trobada-formativa-de-la-familia-franciscana\/","og_locale":"ca_ES","og_type":"article","og_title":"[:ca]Trobada formativa de la Fam\u00edlia Franciscana[:es]Encuentro formativo de la Familia Franciscana[:] - Bisbat de Mallorca","og_description":"En un comprom\u00eds ferm de mantenir vius els vincles fraterns [...]","og_url":"https:\/\/www.bisbatdemallorca.org\/ca\/trobada-formativa-de-la-familia-franciscana\/","og_site_name":"Bisbat de Mallorca","article_published_time":"2026-04-27T10:53:49+00:00","article_modified_time":"2026-04-27T10:54:38+00:00","author":"Administraci\u00f3 Bisbat de Mallorca","twitter_card":"summary_large_image","twitter_misc":{"Escrit per":"Administraci\u00f3 Bisbat de Mallorca","Temps estimat de lectura":"1 minut"},"schema":{"@context":"https:\/\/schema.org","@graph":[{"@type":"Article","@id":"https:\/\/www.bisbatdemallorca.org\/trobada-formativa-de-la-familia-franciscana\/#article","isPartOf":{"@id":"https:\/\/www.bisbatdemallorca.org\/trobada-formativa-de-la-familia-franciscana\/"},"author":{"name":"Administraci\u00f3 Bisbat de Mallorca","@id":"https:\/\/www.bisbatdemallorca.org\/ca\/#\/schema\/person\/9d198fedaef82cec34c41260a51964a6"},"headline":"Trobada formativa de la Fam\u00edlia Franciscana","datePublished":"2026-04-27T10:53:49+00:00","dateModified":"2026-04-27T10:54:38+00:00","mainEntityOfPage":{"@id":"https:\/\/www.bisbatdemallorca.org\/trobada-formativa-de-la-familia-franciscana\/"},"wordCount":508,"publisher":{"@id":"https:\/\/www.bisbatdemallorca.org\/ca\/#organization"},"image":{"@id":"https:\/\/www.bisbatdemallorca.org\/trobada-formativa-de-la-familia-franciscana\/#primaryimage"},"thumbnailUrl":"https:\/\/www.bisbatdemallorca.org\/wp-content\/uploads\/2026\/04\/WhatsApp-Image-2026-04-20-at-14.16.23.jpeg","articleSection":["Agencia Bal\u00e8ria"],"inLanguage":"ca"},{"@type":"WebPage","@id":"https:\/\/www.bisbatdemallorca.org\/trobada-formativa-de-la-familia-franciscana\/","url":"https:\/\/www.bisbatdemallorca.org\/trobada-formativa-de-la-familia-franciscana\/","name":"Trobada formativa de la Fam\u00edlia Franciscana","isPartOf":{"@id":"https:\/\/www.bisbatdemallorca.org\/ca\/#website"},"primaryImageOfPage":{"@id":"https:\/\/www.bisbatdemallorca.org\/trobada-formativa-de-la-familia-franciscana\/#primaryimage"},"image":{"@id":"https:\/\/www.bisbatdemallorca.org\/trobada-formativa-de-la-familia-franciscana\/#primaryimage"},"thumbnailUrl":"https:\/\/www.bisbatdemallorca.org\/wp-content\/uploads\/2026\/04\/WhatsApp-Image-2026-04-20-at-14.16.23.jpeg","datePublished":"2026-04-27T10:53:49+00:00","dateModified":"2026-04-27T10:54:38+00:00","breadcrumb":{"@id":"https:\/\/www.bisbatdemallorca.org\/trobada-formativa-de-la-familia-franciscana\/#breadcrumb"},"inLanguage":"ca","potentialAction":[{"@type":"ReadAction","target":["https:\/\/www.bisbatdemallorca.org\/trobada-formativa-de-la-familia-franciscana\/"]}]},{"@type":"ImageObject","inLanguage":"ca","@id":"https:\/\/www.bisbatdemallorca.org\/trobada-formativa-de-la-familia-franciscana\/#primaryimage","url":"https:\/\/www.bisbatdemallorca.org\/wp-content\/uploads\/2026\/04\/WhatsApp-Image-2026-04-20-at-14.16.23.jpeg","contentUrl":"https:\/\/www.bisbatdemallorca.org\/wp-content\/uploads\/2026\/04\/WhatsApp-Image-2026-04-20-at-14.16.23.jpeg","width":1600,"height":1200},{"@type":"BreadcrumbList","@id":"https:\/\/www.bisbatdemallorca.org\/trobada-formativa-de-la-familia-franciscana\/#breadcrumb","itemListElement":[{"@type":"ListItem","position":1,"name":"Portada","item":"https:\/\/www.bisbatdemallorca.org\/ca\/"},{"@type":"ListItem","position":2,"name":"Encuentro formativo de la Familia Franciscana"}]},{"@type":"WebSite","@id":"https:\/\/www.bisbatdemallorca.org\/ca\/#website","url":"https:\/\/www.bisbatdemallorca.org\/ca\/","name":"Bisbat de Mallorca","description":"Just another WordPress site","publisher":{"@id":"https:\/\/www.bisbatdemallorca.org\/ca\/#organization"},"potentialAction":[{"@type":"SearchAction","target":{"@type":"EntryPoint","urlTemplate":"https:\/\/www.bisbatdemallorca.org\/ca\/?s={search_term_string}"},"query-input":{"@type":"PropertyValueSpecification","valueRequired":true,"valueName":"search_term_string"}}],"inLanguage":"ca"},{"@type":"Organization","@id":"https:\/\/www.bisbatdemallorca.org\/ca\/#organization","name":"Bisbat De Mallorca","url":"https:\/\/www.bisbatdemallorca.org\/ca\/","logo":{"@type":"ImageObject","inLanguage":"ca","@id":"https:\/\/www.bisbatdemallorca.org\/ca\/#\/schema\/logo\/image\/","url":"https:\/\/bisbatdemallorca.org\/wp-content\/uploads\/2022\/04\/Logo_Bisbat-de-Mallorca-scaled.jpeg","contentUrl":"https:\/\/bisbatdemallorca.org\/wp-content\/uploads\/2022\/04\/Logo_Bisbat-de-Mallorca-scaled.jpeg","width":2560,"height":1810,"caption":"Bisbat De Mallorca"},"image":{"@id":"https:\/\/www.bisbatdemallorca.org\/ca\/#\/schema\/logo\/image\/"}},{"@type":"Person","@id":"https:\/\/www.bisbatdemallorca.org\/ca\/#\/schema\/person\/9d198fedaef82cec34c41260a51964a6","name":"Administraci\u00f3 Bisbat de Mallorca","image":{"@type":"ImageObject","inLanguage":"ca","@id":"https:\/\/www.bisbatdemallorca.org\/ca\/#\/schema\/person\/image\/","url":"https:\/\/secure.gravatar.com\/avatar\/cc0dac0bd15aa6305e120ea8e5b6c12f94c8fe06a53230fa56abffe62cefceb4?s=96&d=mm&r=g","contentUrl":"https:\/\/secure.gravatar.com\/avatar\/cc0dac0bd15aa6305e120ea8e5b6c12f94c8fe06a53230fa56abffe62cefceb4?s=96&d=mm&r=g","caption":"Administraci\u00f3 Bisbat de Mallorca"},"sameAs":["https:\/\/bisbatdemallorca.org"],"url":"https:\/\/www.bisbatdemallorca.org\/ca\/author\/administraciobisbat\/"}]}},"_links":{"self":[{"href":"https:\/\/www.bisbatdemallorca.org\/ca\/wp-json\/wp\/v2\/posts\/32439","targetHints":{"allow":["GET"]}}],"collection":[{"href":"https:\/\/www.bisbatdemallorca.org\/ca\/wp-json\/wp\/v2\/posts"}],"about":[{"href":"https:\/\/www.bisbatdemallorca.org\/ca\/wp-json\/wp\/v2\/types\/post"}],"author":[{"embeddable":true,"href":"https:\/\/www.bisbatdemallorca.org\/ca\/wp-json\/wp\/v2\/users\/2"}],"replies":[{"embeddable":true,"href":"https:\/\/www.bisbatdemallorca.org\/ca\/wp-json\/wp\/v2\/comments?post=32439"}],"version-history":[{"count":2,"href":"https:\/\/www.bisbatdemallorca.org\/ca\/wp-json\/wp\/v2\/posts\/32439\/revisions"}],"predecessor-version":[{"id":32445,"href":"https:\/\/www.bisbatdemallorca.org\/ca\/wp-json\/wp\/v2\/posts\/32439\/revisions\/32445"}],"wp:featuredmedia":[{"embeddable":true,"href":"https:\/\/www.bisbatdemallorca.org\/ca\/wp-json\/wp\/v2\/media\/32442"}],"wp:attachment":[{"href":"https:\/\/www.bisbatdemallorca.org\/ca\/wp-json\/wp\/v2\/media?parent=32439"}],"wp:term":[{"taxonomy":"category","embeddable":true,"href":"https:\/\/www.bisbatdemallorca.org\/ca\/wp-json\/wp\/v2\/categories?post=32439"},{"taxonomy":"post_tag","embeddable":true,"href":"https:\/\/www.bisbatdemallorca.org\/ca\/wp-json\/wp\/v2\/tags?post=32439"}],"curies":[{"name":"wp","href":"https:\/\/api.w.org\/{rel}","templated":true}]}}