{"id":32447,"date":"2026-04-27T12:57:09","date_gmt":"2026-04-27T10:57:09","guid":{"rendered":"https:\/\/www.bisbatdemallorca.org\/ca\/?p=32447"},"modified":"2026-04-27T12:57:49","modified_gmt":"2026-04-27T10:57:49","slug":"nova-priora-al-monestir-de-santa-maria-magdalena","status":"publish","type":"post","link":"https:\/\/www.bisbatdemallorca.org\/ca\/nova-priora-al-monestir-de-santa-maria-magdalena\/","title":{"rendered":"Nova priora al Monestir de Santa Maria Magdalena"},"content":{"rendered":"<p>El proppassat dia 3 de desembre de 2025 la Comunitat de Canongesses Regulars de Sant Agust\u00ed, del Monestir de Santa Maria Magdalena, celebr\u00e0 Cap\u00edtol electiu, essent elegida priora per al proper trienni Sor Margalida Vict\u00f2ria Bruno Morell. Presid\u00ed l\u2019elecci\u00f3 Mons. Sebasti\u00e0 Taltavull, bisbe de Mallorca, actuant com a secretari del Cap\u00edtol el P. Antoni Canyelles CO, vicari episcopal per a la vida consagrada. L\u2019elecci\u00f3 va ser precedida per la visita can\u00f2nica i la celebraci\u00f3 de la missa de l\u2019Esperit Sant que el mateix Bisbe va presidir.<\/p>\n<p>Natural de Valldemossa, la mare Margalida Vict\u00f2ria sempre ha trobat en santa Catalina Thom\u00e0s un exemple clar i fidel per a la seva vocaci\u00f3 consagrada. La Mare Priora ingress\u00e0 de ben jove al monestir just en haver completat els estudis de Magisteri que curs\u00e0 a l\u2019Escola Universit\u00e0ria Alberta Gim\u00e9nez. Al llarg dels m\u00e9s de 46 anys al monestir ha servit la Comunitat amb dedicaci\u00f3 en diferents oficis i c\u00e0rrecs, essent l\u2019ofici d\u2019ec\u00f2noma un dels m\u00e9s importants per la responsabilitat que suposa.<\/p>\n<p>En l\u2019actualitat, el Monestir est\u00e0 format per divuit monges, entre les quals hi ha una postulant, una nov\u00edcia i una professa de vots temporals. La Comunitat inicia aquesta nova etapa amb il\u00b7lusi\u00f3 i esperan\u00e7a renovades.<\/p>\n","protected":false},"excerpt":{"rendered":"<p>El proppassat dia 3 de desembre de 2025 la Comunitat  [&#8230;]<\/p>\n","protected":false},"author":2,"featured_media":32448,"comment_status":"closed","ping_status":"open","sticky":false,"template":"","format":"standard","meta":{"footnotes":""},"categories":[16],"tags":[],"class_list":["post-32447","post","type-post","status-publish","format-standard","has-post-thumbnail","hentry","category-agencia-baleria"],"yoast_head":"<!-- This site is optimized with the Yoast SEO plugin v27.0 - https:\/\/yoast.com\/product\/yoast-seo-wordpress\/ -->\n<title>Nova priora al Monestir de Santa Maria Magdalena<\/title>\n<meta name=\"robots\" content=\"index, follow, max-snippet:-1, max-image-preview:large, max-video-preview:-1\" \/>\n<link rel=\"canonical\" href=\"https:\/\/www.bisbatdemallorca.org\/ca\/nova-priora-al-monestir-de-santa-maria-magdalena\/\" \/>\n<meta property=\"og:locale\" content=\"ca_ES\" \/>\n<meta property=\"og:locale:alternate\" content=\"en_US\" \/>\n<meta property=\"og:locale:alternate\" content=\"es_ES\" \/>\n<meta property=\"og:type\" content=\"article\" \/>\n<meta property=\"og:title\" content=\"Nova priora al Monestir de Santa Maria Magdalena\" \/>\n<meta property=\"og:description\" content=\"El proppassat dia 3 de desembre de 2025 la Comunitat [...]\" \/>\n<meta property=\"og:url\" content=\"https:\/\/www.bisbatdemallorca.org\/ca\/nova-priora-al-monestir-de-santa-maria-magdalena\/\" \/>\n<meta property=\"og:site_name\" content=\"Bisbat de Mallorca\" \/>\n<meta property=\"article:published_time\" content=\"2026-04-27T10:57:09+00:00\" \/>\n<meta property=\"article:modified_time\" content=\"2026-04-27T10:57:49+00:00\" \/>\n<meta name=\"author\" content=\"Administraci\u00f3 Bisbat de Mallorca\" \/>\n<meta name=\"twitter:card\" content=\"summary_large_image\" \/>\n<meta name=\"twitter:label1\" content=\"Escrit per\" \/>\n\t<meta name=\"twitter:data1\" content=\"Administraci\u00f3 Bisbat de Mallorca\" \/>\n\t<meta name=\"twitter:label2\" content=\"Temps estimat de lectura\" \/>\n\t<meta name=\"twitter:data2\" content=\"1 minut\" \/>\n<script type=\"application\/ld+json\" class=\"yoast-schema-graph\">{\"@context\":\"https:\/\/schema.org\",\"@graph\":[{\"@type\":\"Article\",\"@id\":\"https:\/\/www.bisbatdemallorca.org\/nova-priora-al-monestir-de-santa-maria-magdalena\/#article\",\"isPartOf\":{\"@id\":\"https:\/\/www.bisbatdemallorca.org\/nova-priora-al-monestir-de-santa-maria-magdalena\/\"},\"author\":{\"name\":\"Administraci\u00f3 Bisbat de Mallorca\",\"@id\":\"https:\/\/www.bisbatdemallorca.org\/ca\/#\/schema\/person\/9d198fedaef82cec34c41260a51964a6\"},\"headline\":\"Nova priora al Monestir de Santa Maria Magdalena\",\"datePublished\":\"2026-04-27T10:57:09+00:00\",\"dateModified\":\"2026-04-27T10:57:49+00:00\",\"mainEntityOfPage\":{\"@id\":\"https:\/\/www.bisbatdemallorca.org\/nova-priora-al-monestir-de-santa-maria-magdalena\/\"},\"wordCount\":466,\"publisher\":{\"@id\":\"https:\/\/www.bisbatdemallorca.org\/ca\/#organization\"},\"image\":{\"@id\":\"https:\/\/www.bisbatdemallorca.org\/nova-priora-al-monestir-de-santa-maria-magdalena\/#primaryimage\"},\"thumbnailUrl\":\"https:\/\/www.bisbatdemallorca.org\/wp-content\/uploads\/2026\/04\/F-13-scaled.jpg\",\"articleSection\":[\"Agencia Bal\u00e8ria\"],\"inLanguage\":\"ca\"},{\"@type\":\"WebPage\",\"@id\":\"https:\/\/www.bisbatdemallorca.org\/nova-priora-al-monestir-de-santa-maria-magdalena\/\",\"url\":\"https:\/\/www.bisbatdemallorca.org\/nova-priora-al-monestir-de-santa-maria-magdalena\/\",\"name\":\"Nova priora al Monestir de Santa Maria Magdalena\",\"isPartOf\":{\"@id\":\"https:\/\/www.bisbatdemallorca.org\/ca\/#website\"},\"primaryImageOfPage\":{\"@id\":\"https:\/\/www.bisbatdemallorca.org\/nova-priora-al-monestir-de-santa-maria-magdalena\/#primaryimage\"},\"image\":{\"@id\":\"https:\/\/www.bisbatdemallorca.org\/nova-priora-al-monestir-de-santa-maria-magdalena\/#primaryimage\"},\"thumbnailUrl\":\"https:\/\/www.bisbatdemallorca.org\/wp-content\/uploads\/2026\/04\/F-13-scaled.jpg\",\"datePublished\":\"2026-04-27T10:57:09+00:00\",\"dateModified\":\"2026-04-27T10:57:49+00:00\",\"breadcrumb\":{\"@id\":\"https:\/\/www.bisbatdemallorca.org\/nova-priora-al-monestir-de-santa-maria-magdalena\/#breadcrumb\"},\"inLanguage\":\"ca\",\"potentialAction\":[{\"@type\":\"ReadAction\",\"target\":[\"https:\/\/www.bisbatdemallorca.org\/nova-priora-al-monestir-de-santa-maria-magdalena\/\"]}]},{\"@type\":\"ImageObject\",\"inLanguage\":\"ca\",\"@id\":\"https:\/\/www.bisbatdemallorca.org\/nova-priora-al-monestir-de-santa-maria-magdalena\/#primaryimage\",\"url\":\"https:\/\/www.bisbatdemallorca.org\/wp-content\/uploads\/2026\/04\/F-13-scaled.jpg\",\"contentUrl\":\"https:\/\/www.bisbatdemallorca.org\/wp-content\/uploads\/2026\/04\/F-13-scaled.jpg\",\"width\":2560,\"height\":1920},{\"@type\":\"BreadcrumbList\",\"@id\":\"https:\/\/www.bisbatdemallorca.org\/nova-priora-al-monestir-de-santa-maria-magdalena\/#breadcrumb\",\"itemListElement\":[{\"@type\":\"ListItem\",\"position\":1,\"name\":\"Portada\",\"item\":\"https:\/\/www.bisbatdemallorca.org\/ca\/\"},{\"@type\":\"ListItem\",\"position\":2,\"name\":\"Nueva priora en el Monasterio de Santa Maria Magdalena\"}]},{\"@type\":\"WebSite\",\"@id\":\"https:\/\/www.bisbatdemallorca.org\/ca\/#website\",\"url\":\"https:\/\/www.bisbatdemallorca.org\/ca\/\",\"name\":\"Bisbat de Mallorca\",\"description\":\"Just another WordPress site\",\"publisher\":{\"@id\":\"https:\/\/www.bisbatdemallorca.org\/ca\/#organization\"},\"potentialAction\":[{\"@type\":\"SearchAction\",\"target\":{\"@type\":\"EntryPoint\",\"urlTemplate\":\"https:\/\/www.bisbatdemallorca.org\/ca\/?s={search_term_string}\"},\"query-input\":{\"@type\":\"PropertyValueSpecification\",\"valueRequired\":true,\"valueName\":\"search_term_string\"}}],\"inLanguage\":\"ca\"},{\"@type\":\"Organization\",\"@id\":\"https:\/\/www.bisbatdemallorca.org\/ca\/#organization\",\"name\":\"Bisbat De Mallorca\",\"url\":\"https:\/\/www.bisbatdemallorca.org\/ca\/\",\"logo\":{\"@type\":\"ImageObject\",\"inLanguage\":\"ca\",\"@id\":\"https:\/\/www.bisbatdemallorca.org\/ca\/#\/schema\/logo\/image\/\",\"url\":\"https:\/\/bisbatdemallorca.org\/wp-content\/uploads\/2022\/04\/Logo_Bisbat-de-Mallorca-scaled.jpeg\",\"contentUrl\":\"https:\/\/bisbatdemallorca.org\/wp-content\/uploads\/2022\/04\/Logo_Bisbat-de-Mallorca-scaled.jpeg\",\"width\":2560,\"height\":1810,\"caption\":\"Bisbat De Mallorca\"},\"image\":{\"@id\":\"https:\/\/www.bisbatdemallorca.org\/ca\/#\/schema\/logo\/image\/\"}},{\"@type\":\"Person\",\"@id\":\"https:\/\/www.bisbatdemallorca.org\/ca\/#\/schema\/person\/9d198fedaef82cec34c41260a51964a6\",\"name\":\"Administraci\u00f3 Bisbat de Mallorca\",\"image\":{\"@type\":\"ImageObject\",\"inLanguage\":\"ca\",\"@id\":\"https:\/\/www.bisbatdemallorca.org\/ca\/#\/schema\/person\/image\/\",\"url\":\"https:\/\/secure.gravatar.com\/avatar\/cc0dac0bd15aa6305e120ea8e5b6c12f94c8fe06a53230fa56abffe62cefceb4?s=96&d=mm&r=g\",\"contentUrl\":\"https:\/\/secure.gravatar.com\/avatar\/cc0dac0bd15aa6305e120ea8e5b6c12f94c8fe06a53230fa56abffe62cefceb4?s=96&d=mm&r=g\",\"caption\":\"Administraci\u00f3 Bisbat de Mallorca\"},\"sameAs\":[\"https:\/\/bisbatdemallorca.org\"],\"url\":\"https:\/\/www.bisbatdemallorca.org\/ca\/author\/administraciobisbat\/\"}]}<\/script>\n<!-- \/ Yoast SEO plugin. -->","yoast_head_json":{"title":"Nova priora al Monestir de Santa Maria Magdalena","robots":{"index":"index","follow":"follow","max-snippet":"max-snippet:-1","max-image-preview":"max-image-preview:large","max-video-preview":"max-video-preview:-1"},"canonical":"https:\/\/www.bisbatdemallorca.org\/ca\/nova-priora-al-monestir-de-santa-maria-magdalena\/","og_locale":"ca_ES","og_type":"article","og_title":"[:ca]Nova priora al Monestir de Santa Maria Magdalena[:es]Nueva priora en el Monasterio de Santa Maria Magdalena[:] - Bisbat de Mallorca","og_description":"El proppassat dia 3 de desembre de 2025 la Comunitat [...]","og_url":"https:\/\/www.bisbatdemallorca.org\/ca\/nova-priora-al-monestir-de-santa-maria-magdalena\/","og_site_name":"Bisbat de Mallorca","article_published_time":"2026-04-27T10:57:09+00:00","article_modified_time":"2026-04-27T10:57:49+00:00","author":"Administraci\u00f3 Bisbat de Mallorca","twitter_card":"summary_large_image","twitter_misc":{"Escrit per":"Administraci\u00f3 Bisbat de Mallorca","Temps estimat de lectura":"1 minut"},"schema":{"@context":"https:\/\/schema.org","@graph":[{"@type":"Article","@id":"https:\/\/www.bisbatdemallorca.org\/nova-priora-al-monestir-de-santa-maria-magdalena\/#article","isPartOf":{"@id":"https:\/\/www.bisbatdemallorca.org\/nova-priora-al-monestir-de-santa-maria-magdalena\/"},"author":{"name":"Administraci\u00f3 Bisbat de Mallorca","@id":"https:\/\/www.bisbatdemallorca.org\/ca\/#\/schema\/person\/9d198fedaef82cec34c41260a51964a6"},"headline":"Nova priora al Monestir de Santa Maria Magdalena","datePublished":"2026-04-27T10:57:09+00:00","dateModified":"2026-04-27T10:57:49+00:00","mainEntityOfPage":{"@id":"https:\/\/www.bisbatdemallorca.org\/nova-priora-al-monestir-de-santa-maria-magdalena\/"},"wordCount":466,"publisher":{"@id":"https:\/\/www.bisbatdemallorca.org\/ca\/#organization"},"image":{"@id":"https:\/\/www.bisbatdemallorca.org\/nova-priora-al-monestir-de-santa-maria-magdalena\/#primaryimage"},"thumbnailUrl":"https:\/\/www.bisbatdemallorca.org\/wp-content\/uploads\/2026\/04\/F-13-scaled.jpg","articleSection":["Agencia Bal\u00e8ria"],"inLanguage":"ca"},{"@type":"WebPage","@id":"https:\/\/www.bisbatdemallorca.org\/nova-priora-al-monestir-de-santa-maria-magdalena\/","url":"https:\/\/www.bisbatdemallorca.org\/nova-priora-al-monestir-de-santa-maria-magdalena\/","name":"Nova priora al Monestir de Santa Maria Magdalena","isPartOf":{"@id":"https:\/\/www.bisbatdemallorca.org\/ca\/#website"},"primaryImageOfPage":{"@id":"https:\/\/www.bisbatdemallorca.org\/nova-priora-al-monestir-de-santa-maria-magdalena\/#primaryimage"},"image":{"@id":"https:\/\/www.bisbatdemallorca.org\/nova-priora-al-monestir-de-santa-maria-magdalena\/#primaryimage"},"thumbnailUrl":"https:\/\/www.bisbatdemallorca.org\/wp-content\/uploads\/2026\/04\/F-13-scaled.jpg","datePublished":"2026-04-27T10:57:09+00:00","dateModified":"2026-04-27T10:57:49+00:00","breadcrumb":{"@id":"https:\/\/www.bisbatdemallorca.org\/nova-priora-al-monestir-de-santa-maria-magdalena\/#breadcrumb"},"inLanguage":"ca","potentialAction":[{"@type":"ReadAction","target":["https:\/\/www.bisbatdemallorca.org\/nova-priora-al-monestir-de-santa-maria-magdalena\/"]}]},{"@type":"ImageObject","inLanguage":"ca","@id":"https:\/\/www.bisbatdemallorca.org\/nova-priora-al-monestir-de-santa-maria-magdalena\/#primaryimage","url":"https:\/\/www.bisbatdemallorca.org\/wp-content\/uploads\/2026\/04\/F-13-scaled.jpg","contentUrl":"https:\/\/www.bisbatdemallorca.org\/wp-content\/uploads\/2026\/04\/F-13-scaled.jpg","width":2560,"height":1920},{"@type":"BreadcrumbList","@id":"https:\/\/www.bisbatdemallorca.org\/nova-priora-al-monestir-de-santa-maria-magdalena\/#breadcrumb","itemListElement":[{"@type":"ListItem","position":1,"name":"Portada","item":"https:\/\/www.bisbatdemallorca.org\/ca\/"},{"@type":"ListItem","position":2,"name":"Nueva priora en el Monasterio de Santa Maria Magdalena"}]},{"@type":"WebSite","@id":"https:\/\/www.bisbatdemallorca.org\/ca\/#website","url":"https:\/\/www.bisbatdemallorca.org\/ca\/","name":"Bisbat de Mallorca","description":"Just another WordPress site","publisher":{"@id":"https:\/\/www.bisbatdemallorca.org\/ca\/#organization"},"potentialAction":[{"@type":"SearchAction","target":{"@type":"EntryPoint","urlTemplate":"https:\/\/www.bisbatdemallorca.org\/ca\/?s={search_term_string}"},"query-input":{"@type":"PropertyValueSpecification","valueRequired":true,"valueName":"search_term_string"}}],"inLanguage":"ca"},{"@type":"Organization","@id":"https:\/\/www.bisbatdemallorca.org\/ca\/#organization","name":"Bisbat De Mallorca","url":"https:\/\/www.bisbatdemallorca.org\/ca\/","logo":{"@type":"ImageObject","inLanguage":"ca","@id":"https:\/\/www.bisbatdemallorca.org\/ca\/#\/schema\/logo\/image\/","url":"https:\/\/bisbatdemallorca.org\/wp-content\/uploads\/2022\/04\/Logo_Bisbat-de-Mallorca-scaled.jpeg","contentUrl":"https:\/\/bisbatdemallorca.org\/wp-content\/uploads\/2022\/04\/Logo_Bisbat-de-Mallorca-scaled.jpeg","width":2560,"height":1810,"caption":"Bisbat De Mallorca"},"image":{"@id":"https:\/\/www.bisbatdemallorca.org\/ca\/#\/schema\/logo\/image\/"}},{"@type":"Person","@id":"https:\/\/www.bisbatdemallorca.org\/ca\/#\/schema\/person\/9d198fedaef82cec34c41260a51964a6","name":"Administraci\u00f3 Bisbat de Mallorca","image":{"@type":"ImageObject","inLanguage":"ca","@id":"https:\/\/www.bisbatdemallorca.org\/ca\/#\/schema\/person\/image\/","url":"https:\/\/secure.gravatar.com\/avatar\/cc0dac0bd15aa6305e120ea8e5b6c12f94c8fe06a53230fa56abffe62cefceb4?s=96&d=mm&r=g","contentUrl":"https:\/\/secure.gravatar.com\/avatar\/cc0dac0bd15aa6305e120ea8e5b6c12f94c8fe06a53230fa56abffe62cefceb4?s=96&d=mm&r=g","caption":"Administraci\u00f3 Bisbat de Mallorca"},"sameAs":["https:\/\/bisbatdemallorca.org"],"url":"https:\/\/www.bisbatdemallorca.org\/ca\/author\/administraciobisbat\/"}]}},"_links":{"self":[{"href":"https:\/\/www.bisbatdemallorca.org\/ca\/wp-json\/wp\/v2\/posts\/32447","targetHints":{"allow":["GET"]}}],"collection":[{"href":"https:\/\/www.bisbatdemallorca.org\/ca\/wp-json\/wp\/v2\/posts"}],"about":[{"href":"https:\/\/www.bisbatdemallorca.org\/ca\/wp-json\/wp\/v2\/types\/post"}],"author":[{"embeddable":true,"href":"https:\/\/www.bisbatdemallorca.org\/ca\/wp-json\/wp\/v2\/users\/2"}],"replies":[{"embeddable":true,"href":"https:\/\/www.bisbatdemallorca.org\/ca\/wp-json\/wp\/v2\/comments?post=32447"}],"version-history":[{"count":2,"href":"https:\/\/www.bisbatdemallorca.org\/ca\/wp-json\/wp\/v2\/posts\/32447\/revisions"}],"predecessor-version":[{"id":32451,"href":"https:\/\/www.bisbatdemallorca.org\/ca\/wp-json\/wp\/v2\/posts\/32447\/revisions\/32451"}],"wp:featuredmedia":[{"embeddable":true,"href":"https:\/\/www.bisbatdemallorca.org\/ca\/wp-json\/wp\/v2\/media\/32448"}],"wp:attachment":[{"href":"https:\/\/www.bisbatdemallorca.org\/ca\/wp-json\/wp\/v2\/media?parent=32447"}],"wp:term":[{"taxonomy":"category","embeddable":true,"href":"https:\/\/www.bisbatdemallorca.org\/ca\/wp-json\/wp\/v2\/categories?post=32447"},{"taxonomy":"post_tag","embeddable":true,"href":"https:\/\/www.bisbatdemallorca.org\/ca\/wp-json\/wp\/v2\/tags?post=32447"}],"curies":[{"name":"wp","href":"https:\/\/api.w.org\/{rel}","templated":true}]}}