{"id":32453,"date":"2026-04-27T12:59:26","date_gmt":"2026-04-27T10:59:26","guid":{"rendered":"https:\/\/www.bisbatdemallorca.org\/ca\/?p=32453"},"modified":"2026-04-27T13:00:23","modified_gmt":"2026-04-27T11:00:23","slug":"festa-de-santa-maria-de-la-panada","status":"publish","type":"post","link":"https:\/\/www.bisbatdemallorca.org\/ca\/festa-de-santa-maria-de-la-panada\/","title":{"rendered":"Festa de Santa Maria de la Panada"},"content":{"rendered":"<p>Un any m\u00e9s l\u2019ermita de Sant Honorat del puig de Randa, acoll\u00ed la festa de Santa Maria de la Panada. Aquesta sempre s\u2019escau en el tercer diumenge del temps pasqual, per tant, aquest cop el 19 d\u2019abril proppassat. Novament el recinte s\u2019ompl\u00ed de gent que hi puj\u00e0 amb l\u2019objectiu de festejar una jornada en qu\u00e8 es barregen la fe, la joia per la Resurrecci\u00f3 de Crist, la devoci\u00f3 mariana i la cultura mallorquina. L\u2019aplec s\u2019articul\u00e0 entorn de la celebraci\u00f3 de l\u2019Eucaristia.<\/p>\n<p>Seguidament fou presentada una nova publicaci\u00f3 titulada <em>La Mare de D\u00e9u de la Panada: fe viva i tradici\u00f3 al cor de Mallorca<\/em>, escrita pel P. Miquel Mascar\u00f3 i Cresp\u00ed, MSSCC. Un treball que \u00e9s el resultat d\u2019hores de contemplaci\u00f3 i reflexi\u00f3 entorn d\u2019aquesta imatge de la Verge Maria. El seu autor ha sabut captar la profunditat del missatge que Ella ens vol transmetre amb el seu somr\u00eds, amb la seva postura, amb el seu bra\u00e7 allargat presentant-nos la panada de l\u2019Eucaristia, de la solidaritat i del di\u00e0leg. \u00c9s un treball nou, d\u2019avui i per a avui. Un escrit que no es recrea en la hist\u00f2ria de l\u2019advocaci\u00f3, com s\u00ed que la recullen altres publicacions, sin\u00f3 que aprofundeix en la seva naturalesa i en un missatge ben escaient per als nostres dies. Les fotografies de Xisco Juli\u00e0 i Joan Picornell que acompanyen el text ajuden a descobrir totes aquestes dimensions.<\/p>\n<p>En els aplecs de Santa Maria de la Panada no hi manquen mai ni les nostres antigues xeremies, un cop m\u00e9s fetes sonar pels Xerebiols de sa Pobla, ni el folklore mallorqu\u00ed interpretat pels Balladors de la Riba, ni els dol\u00e7os propis de la Pasqua de Mallorca, com s\u00f3n els crespells regats amb vi dol\u00e7. Tots els que s\u2019hi feren presents foren obsequiats amb un exemplar del nou llibre i una estampa editada recentment dins la col\u00b7lecci\u00f3 \u201cLa Caperutxa\u201d (n\u00fam. 5) i que inclou una nota hist\u00f2rica signada per Francesc Salleras i Juan, fundador i president dels Cavallers de Santa Maria de la Panada. Tamb\u00e9 van rebre una de les mides de la Mare de D\u00e9u, que, enguany, per primera vegada s\u2019han bene\u00eft i distribu\u00eft.<\/p>\n","protected":false},"excerpt":{"rendered":"<p>Un any m\u00e9s l\u2019ermita de Sant Honorat del puig de  [&#8230;]<\/p>\n","protected":false},"author":2,"featured_media":32454,"comment_status":"closed","ping_status":"open","sticky":false,"template":"","format":"standard","meta":{"footnotes":""},"categories":[16],"tags":[],"class_list":["post-32453","post","type-post","status-publish","format-standard","has-post-thumbnail","hentry","category-agencia-baleria"],"yoast_head":"<!-- This site is optimized with the Yoast SEO plugin v27.0 - https:\/\/yoast.com\/product\/yoast-seo-wordpress\/ -->\n<title>Festa de Santa Maria de la Panada<\/title>\n<meta name=\"robots\" content=\"index, follow, max-snippet:-1, max-image-preview:large, max-video-preview:-1\" \/>\n<link rel=\"canonical\" href=\"https:\/\/www.bisbatdemallorca.org\/ca\/festa-de-santa-maria-de-la-panada\/\" \/>\n<meta property=\"og:locale\" content=\"ca_ES\" \/>\n<meta property=\"og:locale:alternate\" content=\"en_US\" \/>\n<meta property=\"og:locale:alternate\" content=\"es_ES\" \/>\n<meta property=\"og:type\" content=\"article\" \/>\n<meta property=\"og:title\" content=\"Festa de Santa Maria de la Panada\" \/>\n<meta property=\"og:description\" content=\"Un any m\u00e9s l\u2019ermita de Sant Honorat del puig de [...]\" \/>\n<meta property=\"og:url\" content=\"https:\/\/www.bisbatdemallorca.org\/ca\/festa-de-santa-maria-de-la-panada\/\" \/>\n<meta property=\"og:site_name\" content=\"Bisbat de Mallorca\" \/>\n<meta property=\"article:published_time\" content=\"2026-04-27T10:59:26+00:00\" \/>\n<meta property=\"article:modified_time\" content=\"2026-04-27T11:00:23+00:00\" \/>\n<meta name=\"author\" content=\"Administraci\u00f3 Bisbat de Mallorca\" \/>\n<meta name=\"twitter:card\" content=\"summary_large_image\" \/>\n<meta name=\"twitter:label1\" content=\"Escrit per\" \/>\n\t<meta name=\"twitter:data1\" content=\"Administraci\u00f3 Bisbat de Mallorca\" \/>\n\t<meta name=\"twitter:label2\" content=\"Temps estimat de lectura\" \/>\n\t<meta name=\"twitter:data2\" content=\"1 minut\" \/>\n<script type=\"application\/ld+json\" class=\"yoast-schema-graph\">{\"@context\":\"https:\/\/schema.org\",\"@graph\":[{\"@type\":\"Article\",\"@id\":\"https:\/\/www.bisbatdemallorca.org\/festa-de-santa-maria-de-la-panada\/#article\",\"isPartOf\":{\"@id\":\"https:\/\/www.bisbatdemallorca.org\/festa-de-santa-maria-de-la-panada\/\"},\"author\":{\"name\":\"Administraci\u00f3 Bisbat de Mallorca\",\"@id\":\"https:\/\/www.bisbatdemallorca.org\/ca\/#\/schema\/person\/9d198fedaef82cec34c41260a51964a6\"},\"headline\":\"Festa de Santa Maria de la Panada\",\"datePublished\":\"2026-04-27T10:59:26+00:00\",\"dateModified\":\"2026-04-27T11:00:23+00:00\",\"mainEntityOfPage\":{\"@id\":\"https:\/\/www.bisbatdemallorca.org\/festa-de-santa-maria-de-la-panada\/\"},\"wordCount\":791,\"publisher\":{\"@id\":\"https:\/\/www.bisbatdemallorca.org\/ca\/#organization\"},\"image\":{\"@id\":\"https:\/\/www.bisbatdemallorca.org\/festa-de-santa-maria-de-la-panada\/#primaryimage\"},\"thumbnailUrl\":\"https:\/\/www.bisbatdemallorca.org\/wp-content\/uploads\/2026\/04\/WhatsApp-Image-2026-04-20-at-14.39.54.jpeg\",\"articleSection\":[\"Agencia Bal\u00e8ria\"],\"inLanguage\":\"ca\"},{\"@type\":\"WebPage\",\"@id\":\"https:\/\/www.bisbatdemallorca.org\/festa-de-santa-maria-de-la-panada\/\",\"url\":\"https:\/\/www.bisbatdemallorca.org\/festa-de-santa-maria-de-la-panada\/\",\"name\":\"Festa de Santa Maria de la Panada\",\"isPartOf\":{\"@id\":\"https:\/\/www.bisbatdemallorca.org\/ca\/#website\"},\"primaryImageOfPage\":{\"@id\":\"https:\/\/www.bisbatdemallorca.org\/festa-de-santa-maria-de-la-panada\/#primaryimage\"},\"image\":{\"@id\":\"https:\/\/www.bisbatdemallorca.org\/festa-de-santa-maria-de-la-panada\/#primaryimage\"},\"thumbnailUrl\":\"https:\/\/www.bisbatdemallorca.org\/wp-content\/uploads\/2026\/04\/WhatsApp-Image-2026-04-20-at-14.39.54.jpeg\",\"datePublished\":\"2026-04-27T10:59:26+00:00\",\"dateModified\":\"2026-04-27T11:00:23+00:00\",\"breadcrumb\":{\"@id\":\"https:\/\/www.bisbatdemallorca.org\/festa-de-santa-maria-de-la-panada\/#breadcrumb\"},\"inLanguage\":\"ca\",\"potentialAction\":[{\"@type\":\"ReadAction\",\"target\":[\"https:\/\/www.bisbatdemallorca.org\/festa-de-santa-maria-de-la-panada\/\"]}]},{\"@type\":\"ImageObject\",\"inLanguage\":\"ca\",\"@id\":\"https:\/\/www.bisbatdemallorca.org\/festa-de-santa-maria-de-la-panada\/#primaryimage\",\"url\":\"https:\/\/www.bisbatdemallorca.org\/wp-content\/uploads\/2026\/04\/WhatsApp-Image-2026-04-20-at-14.39.54.jpeg\",\"contentUrl\":\"https:\/\/www.bisbatdemallorca.org\/wp-content\/uploads\/2026\/04\/WhatsApp-Image-2026-04-20-at-14.39.54.jpeg\",\"width\":1168,\"height\":1600},{\"@type\":\"BreadcrumbList\",\"@id\":\"https:\/\/www.bisbatdemallorca.org\/festa-de-santa-maria-de-la-panada\/#breadcrumb\",\"itemListElement\":[{\"@type\":\"ListItem\",\"position\":1,\"name\":\"Portada\",\"item\":\"https:\/\/www.bisbatdemallorca.org\/ca\/\"},{\"@type\":\"ListItem\",\"position\":2,\"name\":\"Fiesta de Santa Maria de la Panada\"}]},{\"@type\":\"WebSite\",\"@id\":\"https:\/\/www.bisbatdemallorca.org\/ca\/#website\",\"url\":\"https:\/\/www.bisbatdemallorca.org\/ca\/\",\"name\":\"Bisbat de Mallorca\",\"description\":\"Just another WordPress site\",\"publisher\":{\"@id\":\"https:\/\/www.bisbatdemallorca.org\/ca\/#organization\"},\"potentialAction\":[{\"@type\":\"SearchAction\",\"target\":{\"@type\":\"EntryPoint\",\"urlTemplate\":\"https:\/\/www.bisbatdemallorca.org\/ca\/?s={search_term_string}\"},\"query-input\":{\"@type\":\"PropertyValueSpecification\",\"valueRequired\":true,\"valueName\":\"search_term_string\"}}],\"inLanguage\":\"ca\"},{\"@type\":\"Organization\",\"@id\":\"https:\/\/www.bisbatdemallorca.org\/ca\/#organization\",\"name\":\"Bisbat De Mallorca\",\"url\":\"https:\/\/www.bisbatdemallorca.org\/ca\/\",\"logo\":{\"@type\":\"ImageObject\",\"inLanguage\":\"ca\",\"@id\":\"https:\/\/www.bisbatdemallorca.org\/ca\/#\/schema\/logo\/image\/\",\"url\":\"https:\/\/bisbatdemallorca.org\/wp-content\/uploads\/2022\/04\/Logo_Bisbat-de-Mallorca-scaled.jpeg\",\"contentUrl\":\"https:\/\/bisbatdemallorca.org\/wp-content\/uploads\/2022\/04\/Logo_Bisbat-de-Mallorca-scaled.jpeg\",\"width\":2560,\"height\":1810,\"caption\":\"Bisbat De Mallorca\"},\"image\":{\"@id\":\"https:\/\/www.bisbatdemallorca.org\/ca\/#\/schema\/logo\/image\/\"}},{\"@type\":\"Person\",\"@id\":\"https:\/\/www.bisbatdemallorca.org\/ca\/#\/schema\/person\/9d198fedaef82cec34c41260a51964a6\",\"name\":\"Administraci\u00f3 Bisbat de Mallorca\",\"image\":{\"@type\":\"ImageObject\",\"inLanguage\":\"ca\",\"@id\":\"https:\/\/www.bisbatdemallorca.org\/ca\/#\/schema\/person\/image\/\",\"url\":\"https:\/\/secure.gravatar.com\/avatar\/cc0dac0bd15aa6305e120ea8e5b6c12f94c8fe06a53230fa56abffe62cefceb4?s=96&d=mm&r=g\",\"contentUrl\":\"https:\/\/secure.gravatar.com\/avatar\/cc0dac0bd15aa6305e120ea8e5b6c12f94c8fe06a53230fa56abffe62cefceb4?s=96&d=mm&r=g\",\"caption\":\"Administraci\u00f3 Bisbat de Mallorca\"},\"sameAs\":[\"https:\/\/bisbatdemallorca.org\"],\"url\":\"https:\/\/www.bisbatdemallorca.org\/ca\/author\/administraciobisbat\/\"}]}<\/script>\n<!-- \/ Yoast SEO plugin. -->","yoast_head_json":{"title":"Festa de Santa Maria de la Panada","robots":{"index":"index","follow":"follow","max-snippet":"max-snippet:-1","max-image-preview":"max-image-preview:large","max-video-preview":"max-video-preview:-1"},"canonical":"https:\/\/www.bisbatdemallorca.org\/ca\/festa-de-santa-maria-de-la-panada\/","og_locale":"ca_ES","og_type":"article","og_title":"[:ca]Festa de Santa Maria de la Panada[:es]Fiesta de Santa Maria de la Panada[:] - Bisbat de Mallorca","og_description":"Un any m\u00e9s l\u2019ermita de Sant Honorat del puig de [...]","og_url":"https:\/\/www.bisbatdemallorca.org\/ca\/festa-de-santa-maria-de-la-panada\/","og_site_name":"Bisbat de Mallorca","article_published_time":"2026-04-27T10:59:26+00:00","article_modified_time":"2026-04-27T11:00:23+00:00","author":"Administraci\u00f3 Bisbat de Mallorca","twitter_card":"summary_large_image","twitter_misc":{"Escrit per":"Administraci\u00f3 Bisbat de Mallorca","Temps estimat de lectura":"1 minut"},"schema":{"@context":"https:\/\/schema.org","@graph":[{"@type":"Article","@id":"https:\/\/www.bisbatdemallorca.org\/festa-de-santa-maria-de-la-panada\/#article","isPartOf":{"@id":"https:\/\/www.bisbatdemallorca.org\/festa-de-santa-maria-de-la-panada\/"},"author":{"name":"Administraci\u00f3 Bisbat de Mallorca","@id":"https:\/\/www.bisbatdemallorca.org\/ca\/#\/schema\/person\/9d198fedaef82cec34c41260a51964a6"},"headline":"Festa de Santa Maria de la Panada","datePublished":"2026-04-27T10:59:26+00:00","dateModified":"2026-04-27T11:00:23+00:00","mainEntityOfPage":{"@id":"https:\/\/www.bisbatdemallorca.org\/festa-de-santa-maria-de-la-panada\/"},"wordCount":791,"publisher":{"@id":"https:\/\/www.bisbatdemallorca.org\/ca\/#organization"},"image":{"@id":"https:\/\/www.bisbatdemallorca.org\/festa-de-santa-maria-de-la-panada\/#primaryimage"},"thumbnailUrl":"https:\/\/www.bisbatdemallorca.org\/wp-content\/uploads\/2026\/04\/WhatsApp-Image-2026-04-20-at-14.39.54.jpeg","articleSection":["Agencia Bal\u00e8ria"],"inLanguage":"ca"},{"@type":"WebPage","@id":"https:\/\/www.bisbatdemallorca.org\/festa-de-santa-maria-de-la-panada\/","url":"https:\/\/www.bisbatdemallorca.org\/festa-de-santa-maria-de-la-panada\/","name":"Festa de Santa Maria de la Panada","isPartOf":{"@id":"https:\/\/www.bisbatdemallorca.org\/ca\/#website"},"primaryImageOfPage":{"@id":"https:\/\/www.bisbatdemallorca.org\/festa-de-santa-maria-de-la-panada\/#primaryimage"},"image":{"@id":"https:\/\/www.bisbatdemallorca.org\/festa-de-santa-maria-de-la-panada\/#primaryimage"},"thumbnailUrl":"https:\/\/www.bisbatdemallorca.org\/wp-content\/uploads\/2026\/04\/WhatsApp-Image-2026-04-20-at-14.39.54.jpeg","datePublished":"2026-04-27T10:59:26+00:00","dateModified":"2026-04-27T11:00:23+00:00","breadcrumb":{"@id":"https:\/\/www.bisbatdemallorca.org\/festa-de-santa-maria-de-la-panada\/#breadcrumb"},"inLanguage":"ca","potentialAction":[{"@type":"ReadAction","target":["https:\/\/www.bisbatdemallorca.org\/festa-de-santa-maria-de-la-panada\/"]}]},{"@type":"ImageObject","inLanguage":"ca","@id":"https:\/\/www.bisbatdemallorca.org\/festa-de-santa-maria-de-la-panada\/#primaryimage","url":"https:\/\/www.bisbatdemallorca.org\/wp-content\/uploads\/2026\/04\/WhatsApp-Image-2026-04-20-at-14.39.54.jpeg","contentUrl":"https:\/\/www.bisbatdemallorca.org\/wp-content\/uploads\/2026\/04\/WhatsApp-Image-2026-04-20-at-14.39.54.jpeg","width":1168,"height":1600},{"@type":"BreadcrumbList","@id":"https:\/\/www.bisbatdemallorca.org\/festa-de-santa-maria-de-la-panada\/#breadcrumb","itemListElement":[{"@type":"ListItem","position":1,"name":"Portada","item":"https:\/\/www.bisbatdemallorca.org\/ca\/"},{"@type":"ListItem","position":2,"name":"Fiesta de Santa Maria de la Panada"}]},{"@type":"WebSite","@id":"https:\/\/www.bisbatdemallorca.org\/ca\/#website","url":"https:\/\/www.bisbatdemallorca.org\/ca\/","name":"Bisbat de Mallorca","description":"Just another WordPress site","publisher":{"@id":"https:\/\/www.bisbatdemallorca.org\/ca\/#organization"},"potentialAction":[{"@type":"SearchAction","target":{"@type":"EntryPoint","urlTemplate":"https:\/\/www.bisbatdemallorca.org\/ca\/?s={search_term_string}"},"query-input":{"@type":"PropertyValueSpecification","valueRequired":true,"valueName":"search_term_string"}}],"inLanguage":"ca"},{"@type":"Organization","@id":"https:\/\/www.bisbatdemallorca.org\/ca\/#organization","name":"Bisbat De Mallorca","url":"https:\/\/www.bisbatdemallorca.org\/ca\/","logo":{"@type":"ImageObject","inLanguage":"ca","@id":"https:\/\/www.bisbatdemallorca.org\/ca\/#\/schema\/logo\/image\/","url":"https:\/\/bisbatdemallorca.org\/wp-content\/uploads\/2022\/04\/Logo_Bisbat-de-Mallorca-scaled.jpeg","contentUrl":"https:\/\/bisbatdemallorca.org\/wp-content\/uploads\/2022\/04\/Logo_Bisbat-de-Mallorca-scaled.jpeg","width":2560,"height":1810,"caption":"Bisbat De Mallorca"},"image":{"@id":"https:\/\/www.bisbatdemallorca.org\/ca\/#\/schema\/logo\/image\/"}},{"@type":"Person","@id":"https:\/\/www.bisbatdemallorca.org\/ca\/#\/schema\/person\/9d198fedaef82cec34c41260a51964a6","name":"Administraci\u00f3 Bisbat de Mallorca","image":{"@type":"ImageObject","inLanguage":"ca","@id":"https:\/\/www.bisbatdemallorca.org\/ca\/#\/schema\/person\/image\/","url":"https:\/\/secure.gravatar.com\/avatar\/cc0dac0bd15aa6305e120ea8e5b6c12f94c8fe06a53230fa56abffe62cefceb4?s=96&d=mm&r=g","contentUrl":"https:\/\/secure.gravatar.com\/avatar\/cc0dac0bd15aa6305e120ea8e5b6c12f94c8fe06a53230fa56abffe62cefceb4?s=96&d=mm&r=g","caption":"Administraci\u00f3 Bisbat de Mallorca"},"sameAs":["https:\/\/bisbatdemallorca.org"],"url":"https:\/\/www.bisbatdemallorca.org\/ca\/author\/administraciobisbat\/"}]}},"_links":{"self":[{"href":"https:\/\/www.bisbatdemallorca.org\/ca\/wp-json\/wp\/v2\/posts\/32453","targetHints":{"allow":["GET"]}}],"collection":[{"href":"https:\/\/www.bisbatdemallorca.org\/ca\/wp-json\/wp\/v2\/posts"}],"about":[{"href":"https:\/\/www.bisbatdemallorca.org\/ca\/wp-json\/wp\/v2\/types\/post"}],"author":[{"embeddable":true,"href":"https:\/\/www.bisbatdemallorca.org\/ca\/wp-json\/wp\/v2\/users\/2"}],"replies":[{"embeddable":true,"href":"https:\/\/www.bisbatdemallorca.org\/ca\/wp-json\/wp\/v2\/comments?post=32453"}],"version-history":[{"count":2,"href":"https:\/\/www.bisbatdemallorca.org\/ca\/wp-json\/wp\/v2\/posts\/32453\/revisions"}],"predecessor-version":[{"id":32456,"href":"https:\/\/www.bisbatdemallorca.org\/ca\/wp-json\/wp\/v2\/posts\/32453\/revisions\/32456"}],"wp:featuredmedia":[{"embeddable":true,"href":"https:\/\/www.bisbatdemallorca.org\/ca\/wp-json\/wp\/v2\/media\/32454"}],"wp:attachment":[{"href":"https:\/\/www.bisbatdemallorca.org\/ca\/wp-json\/wp\/v2\/media?parent=32453"}],"wp:term":[{"taxonomy":"category","embeddable":true,"href":"https:\/\/www.bisbatdemallorca.org\/ca\/wp-json\/wp\/v2\/categories?post=32453"},{"taxonomy":"post_tag","embeddable":true,"href":"https:\/\/www.bisbatdemallorca.org\/ca\/wp-json\/wp\/v2\/tags?post=32453"}],"curies":[{"name":"wp","href":"https:\/\/api.w.org\/{rel}","templated":true}]}}