{"id":32485,"date":"2026-04-28T10:08:43","date_gmt":"2026-04-28T08:08:43","guid":{"rendered":"https:\/\/www.bisbatdemallorca.org\/ca\/?p=32485"},"modified":"2026-04-28T10:10:02","modified_gmt":"2026-04-28T08:10:02","slug":"el-col%c2%b7legi-fra-joan-ballester-posa-la-primera-pedra-del-seu-nou-edifici","status":"publish","type":"post","link":"https:\/\/www.bisbatdemallorca.org\/ca\/el-col%c2%b7legi-fra-joan-ballester-posa-la-primera-pedra-del-seu-nou-edifici\/","title":{"rendered":"El Col\u00b7legi Fra Joan Ballester posa la primera pedra del seu nou edifici"},"content":{"rendered":"<p data-start=\"168\" data-end=\"434\">El Col\u00b7legi Fra Joan Ballester de Campos va celebrar ahir l\u2019acte de col\u00b7locaci\u00f3 de la primera pedra del seu nou edifici, amb la participaci\u00f3 del bisbe de Mallorca, Mons. Sebasti\u00e0 Taltavull, juntament amb diverses autoritats i representants de la comunitat educativa.<\/p>\n<p data-start=\"436\" data-end=\"714\">Entre els assistents hi havia la presidenta del Govern de les Illes Balears, Margalida Prohens, exalumna del centre; el conseller d\u2019Educaci\u00f3, Antoni Vera; la batlessa de Campos, Francisca Porquer; i el director general dels Col\u00b7legis Diocesans de Mallorca i Menorca, Andreu Mir.<\/p>\n<p data-start=\"716\" data-end=\"981\">El projecte contempla la reforma integral i l\u2019ampliaci\u00f3 del centre per donar resposta a l\u2019increment d\u2019alumnat experimentat en els darrers anys. La intervenci\u00f3 inclou l\u2019edifici existent, dues propietats annexes i un solar adjacent al convent, cedit per l\u2019Ajuntament.<\/p>\n<p data-start=\"983\" data-end=\"1317\">El nou conjunt tindr\u00e0 una superf\u00edcie constru\u00efda d\u2019uns 1.690 m\u00b2 i acollir\u00e0 12 aules de prim\u00e0ria i 8 de secund\u00e0ria, a m\u00e9s de laboratoris, aules de desdoblament i nous espais comuns i administratius. Les obres s\u2019executaran en dues fases per garantir la seguretat i compatibilitzar el desenvolupament del projecte amb l\u2019activitat escolar.<\/p>\n<p data-start=\"1319\" data-end=\"1495\">Durant l\u2019acte es va dur a terme la col\u00b7locaci\u00f3 simb\u00f2lica de la primera pedra i la introducci\u00f3 d\u2019una urna commemorativa amb elements representatius del moment actual del centre.<\/p>\n","protected":false},"excerpt":{"rendered":"<p>El Col\u00b7legi Fra Joan Ballester de Campos va celebrar ahir  [&#8230;]<\/p>\n","protected":false},"author":2,"featured_media":32487,"comment_status":"closed","ping_status":"open","sticky":false,"template":"","format":"standard","meta":{"footnotes":""},"categories":[16],"tags":[],"class_list":["post-32485","post","type-post","status-publish","format-standard","has-post-thumbnail","hentry","category-agencia-baleria"],"yoast_head":"<!-- This site is optimized with the Yoast SEO plugin v27.0 - https:\/\/yoast.com\/product\/yoast-seo-wordpress\/ -->\n<title>El Col\u00b7legi Fra Joan Ballester posa la primera pedra del seu nou edifici<\/title>\n<meta name=\"robots\" content=\"index, follow, max-snippet:-1, max-image-preview:large, max-video-preview:-1\" \/>\n<link rel=\"canonical\" href=\"https:\/\/www.bisbatdemallorca.org\/ca\/el-col\u00b7legi-fra-joan-ballester-posa-la-primera-pedra-del-seu-nou-edifici\/\" \/>\n<meta property=\"og:locale\" content=\"ca_ES\" \/>\n<meta property=\"og:locale:alternate\" content=\"en_US\" \/>\n<meta property=\"og:locale:alternate\" content=\"es_ES\" \/>\n<meta property=\"og:type\" content=\"article\" \/>\n<meta property=\"og:title\" content=\"El Col\u00b7legi Fra Joan Ballester posa la primera pedra del seu nou edifici\" \/>\n<meta property=\"og:description\" content=\"El Col\u00b7legi Fra Joan Ballester de Campos va celebrar ahir [...]\" \/>\n<meta property=\"og:url\" content=\"https:\/\/www.bisbatdemallorca.org\/ca\/el-col\u00b7legi-fra-joan-ballester-posa-la-primera-pedra-del-seu-nou-edifici\/\" \/>\n<meta property=\"og:site_name\" content=\"Bisbat de Mallorca\" \/>\n<meta property=\"article:published_time\" content=\"2026-04-28T08:08:43+00:00\" \/>\n<meta property=\"article:modified_time\" content=\"2026-04-28T08:10:02+00:00\" \/>\n<meta name=\"author\" content=\"Administraci\u00f3 Bisbat de Mallorca\" \/>\n<meta name=\"twitter:card\" content=\"summary_large_image\" \/>\n<meta name=\"twitter:label1\" content=\"Escrit per\" \/>\n\t<meta name=\"twitter:data1\" content=\"Administraci\u00f3 Bisbat de Mallorca\" \/>\n\t<meta name=\"twitter:label2\" content=\"Temps estimat de lectura\" \/>\n\t<meta name=\"twitter:data2\" content=\"1 minut\" \/>\n<script type=\"application\/ld+json\" class=\"yoast-schema-graph\">{\"@context\":\"https:\/\/schema.org\",\"@graph\":[{\"@type\":\"Article\",\"@id\":\"https:\/\/www.bisbatdemallorca.org\/el-col%c2%b7legi-fra-joan-ballester-posa-la-primera-pedra-del-seu-nou-edifici\/#article\",\"isPartOf\":{\"@id\":\"https:\/\/www.bisbatdemallorca.org\/el-col%c2%b7legi-fra-joan-ballester-posa-la-primera-pedra-del-seu-nou-edifici\/\"},\"author\":{\"name\":\"Administraci\u00f3 Bisbat de Mallorca\",\"@id\":\"https:\/\/www.bisbatdemallorca.org\/ca\/#\/schema\/person\/9d198fedaef82cec34c41260a51964a6\"},\"headline\":\"El Col\u00b7legi Fra Joan Ballester posa la primera pedra del seu nou edifici\",\"datePublished\":\"2026-04-28T08:08:43+00:00\",\"dateModified\":\"2026-04-28T08:10:02+00:00\",\"mainEntityOfPage\":{\"@id\":\"https:\/\/www.bisbatdemallorca.org\/el-col%c2%b7legi-fra-joan-ballester-posa-la-primera-pedra-del-seu-nou-edifici\/\"},\"wordCount\":469,\"publisher\":{\"@id\":\"https:\/\/www.bisbatdemallorca.org\/ca\/#organization\"},\"image\":{\"@id\":\"https:\/\/www.bisbatdemallorca.org\/el-col%c2%b7legi-fra-joan-ballester-posa-la-primera-pedra-del-seu-nou-edifici\/#primaryimage\"},\"thumbnailUrl\":\"https:\/\/www.bisbatdemallorca.org\/wp-content\/uploads\/2026\/04\/WhatsApp-Image-2026-04-27-at-15.01.27.jpeg\",\"articleSection\":[\"Agencia Bal\u00e8ria\"],\"inLanguage\":\"ca\"},{\"@type\":\"WebPage\",\"@id\":\"https:\/\/www.bisbatdemallorca.org\/el-col%c2%b7legi-fra-joan-ballester-posa-la-primera-pedra-del-seu-nou-edifici\/\",\"url\":\"https:\/\/www.bisbatdemallorca.org\/el-col%c2%b7legi-fra-joan-ballester-posa-la-primera-pedra-del-seu-nou-edifici\/\",\"name\":\"El Col\u00b7legi Fra Joan Ballester posa la primera pedra del seu nou edifici\",\"isPartOf\":{\"@id\":\"https:\/\/www.bisbatdemallorca.org\/ca\/#website\"},\"primaryImageOfPage\":{\"@id\":\"https:\/\/www.bisbatdemallorca.org\/el-col%c2%b7legi-fra-joan-ballester-posa-la-primera-pedra-del-seu-nou-edifici\/#primaryimage\"},\"image\":{\"@id\":\"https:\/\/www.bisbatdemallorca.org\/el-col%c2%b7legi-fra-joan-ballester-posa-la-primera-pedra-del-seu-nou-edifici\/#primaryimage\"},\"thumbnailUrl\":\"https:\/\/www.bisbatdemallorca.org\/wp-content\/uploads\/2026\/04\/WhatsApp-Image-2026-04-27-at-15.01.27.jpeg\",\"datePublished\":\"2026-04-28T08:08:43+00:00\",\"dateModified\":\"2026-04-28T08:10:02+00:00\",\"breadcrumb\":{\"@id\":\"https:\/\/www.bisbatdemallorca.org\/el-col%c2%b7legi-fra-joan-ballester-posa-la-primera-pedra-del-seu-nou-edifici\/#breadcrumb\"},\"inLanguage\":\"ca\",\"potentialAction\":[{\"@type\":\"ReadAction\",\"target\":[\"https:\/\/www.bisbatdemallorca.org\/el-col%c2%b7legi-fra-joan-ballester-posa-la-primera-pedra-del-seu-nou-edifici\/\"]}]},{\"@type\":\"ImageObject\",\"inLanguage\":\"ca\",\"@id\":\"https:\/\/www.bisbatdemallorca.org\/el-col%c2%b7legi-fra-joan-ballester-posa-la-primera-pedra-del-seu-nou-edifici\/#primaryimage\",\"url\":\"https:\/\/www.bisbatdemallorca.org\/wp-content\/uploads\/2026\/04\/WhatsApp-Image-2026-04-27-at-15.01.27.jpeg\",\"contentUrl\":\"https:\/\/www.bisbatdemallorca.org\/wp-content\/uploads\/2026\/04\/WhatsApp-Image-2026-04-27-at-15.01.27.jpeg\",\"width\":1600,\"height\":1066},{\"@type\":\"BreadcrumbList\",\"@id\":\"https:\/\/www.bisbatdemallorca.org\/el-col%c2%b7legi-fra-joan-ballester-posa-la-primera-pedra-del-seu-nou-edifici\/#breadcrumb\",\"itemListElement\":[{\"@type\":\"ListItem\",\"position\":1,\"name\":\"Portada\",\"item\":\"https:\/\/www.bisbatdemallorca.org\/ca\/\"},{\"@type\":\"ListItem\",\"position\":2,\"name\":\"El Colegio Fra Joan Ballester coloca la primera piedra de su nuevo edificio\"}]},{\"@type\":\"WebSite\",\"@id\":\"https:\/\/www.bisbatdemallorca.org\/ca\/#website\",\"url\":\"https:\/\/www.bisbatdemallorca.org\/ca\/\",\"name\":\"Bisbat de Mallorca\",\"description\":\"Just another WordPress site\",\"publisher\":{\"@id\":\"https:\/\/www.bisbatdemallorca.org\/ca\/#organization\"},\"potentialAction\":[{\"@type\":\"SearchAction\",\"target\":{\"@type\":\"EntryPoint\",\"urlTemplate\":\"https:\/\/www.bisbatdemallorca.org\/ca\/?s={search_term_string}\"},\"query-input\":{\"@type\":\"PropertyValueSpecification\",\"valueRequired\":true,\"valueName\":\"search_term_string\"}}],\"inLanguage\":\"ca\"},{\"@type\":\"Organization\",\"@id\":\"https:\/\/www.bisbatdemallorca.org\/ca\/#organization\",\"name\":\"Bisbat De Mallorca\",\"url\":\"https:\/\/www.bisbatdemallorca.org\/ca\/\",\"logo\":{\"@type\":\"ImageObject\",\"inLanguage\":\"ca\",\"@id\":\"https:\/\/www.bisbatdemallorca.org\/ca\/#\/schema\/logo\/image\/\",\"url\":\"https:\/\/bisbatdemallorca.org\/wp-content\/uploads\/2022\/04\/Logo_Bisbat-de-Mallorca-scaled.jpeg\",\"contentUrl\":\"https:\/\/bisbatdemallorca.org\/wp-content\/uploads\/2022\/04\/Logo_Bisbat-de-Mallorca-scaled.jpeg\",\"width\":2560,\"height\":1810,\"caption\":\"Bisbat De Mallorca\"},\"image\":{\"@id\":\"https:\/\/www.bisbatdemallorca.org\/ca\/#\/schema\/logo\/image\/\"}},{\"@type\":\"Person\",\"@id\":\"https:\/\/www.bisbatdemallorca.org\/ca\/#\/schema\/person\/9d198fedaef82cec34c41260a51964a6\",\"name\":\"Administraci\u00f3 Bisbat de Mallorca\",\"image\":{\"@type\":\"ImageObject\",\"inLanguage\":\"ca\",\"@id\":\"https:\/\/www.bisbatdemallorca.org\/ca\/#\/schema\/person\/image\/\",\"url\":\"https:\/\/secure.gravatar.com\/avatar\/cc0dac0bd15aa6305e120ea8e5b6c12f94c8fe06a53230fa56abffe62cefceb4?s=96&d=mm&r=g\",\"contentUrl\":\"https:\/\/secure.gravatar.com\/avatar\/cc0dac0bd15aa6305e120ea8e5b6c12f94c8fe06a53230fa56abffe62cefceb4?s=96&d=mm&r=g\",\"caption\":\"Administraci\u00f3 Bisbat de Mallorca\"},\"sameAs\":[\"https:\/\/bisbatdemallorca.org\"],\"url\":\"https:\/\/www.bisbatdemallorca.org\/ca\/author\/administraciobisbat\/\"}]}<\/script>\n<!-- \/ Yoast SEO plugin. -->","yoast_head_json":{"title":"El Col\u00b7legi Fra Joan Ballester posa la primera pedra del seu nou edifici","robots":{"index":"index","follow":"follow","max-snippet":"max-snippet:-1","max-image-preview":"max-image-preview:large","max-video-preview":"max-video-preview:-1"},"canonical":"https:\/\/www.bisbatdemallorca.org\/ca\/el-col\u00b7legi-fra-joan-ballester-posa-la-primera-pedra-del-seu-nou-edifici\/","og_locale":"ca_ES","og_type":"article","og_title":"[:ca]El Col\u00b7legi Fra Joan Ballester posa la primera pedra del seu nou edifici[:es]El Colegio Fra Joan Ballester coloca la primera piedra de su nuevo edificio[:] - Bisbat de Mallorca","og_description":"El Col\u00b7legi Fra Joan Ballester de Campos va celebrar ahir [...]","og_url":"https:\/\/www.bisbatdemallorca.org\/ca\/el-col\u00b7legi-fra-joan-ballester-posa-la-primera-pedra-del-seu-nou-edifici\/","og_site_name":"Bisbat de Mallorca","article_published_time":"2026-04-28T08:08:43+00:00","article_modified_time":"2026-04-28T08:10:02+00:00","author":"Administraci\u00f3 Bisbat de Mallorca","twitter_card":"summary_large_image","twitter_misc":{"Escrit per":"Administraci\u00f3 Bisbat de Mallorca","Temps estimat de lectura":"1 minut"},"schema":{"@context":"https:\/\/schema.org","@graph":[{"@type":"Article","@id":"https:\/\/www.bisbatdemallorca.org\/el-col%c2%b7legi-fra-joan-ballester-posa-la-primera-pedra-del-seu-nou-edifici\/#article","isPartOf":{"@id":"https:\/\/www.bisbatdemallorca.org\/el-col%c2%b7legi-fra-joan-ballester-posa-la-primera-pedra-del-seu-nou-edifici\/"},"author":{"name":"Administraci\u00f3 Bisbat de Mallorca","@id":"https:\/\/www.bisbatdemallorca.org\/ca\/#\/schema\/person\/9d198fedaef82cec34c41260a51964a6"},"headline":"El Col\u00b7legi Fra Joan Ballester posa la primera pedra del seu nou edifici","datePublished":"2026-04-28T08:08:43+00:00","dateModified":"2026-04-28T08:10:02+00:00","mainEntityOfPage":{"@id":"https:\/\/www.bisbatdemallorca.org\/el-col%c2%b7legi-fra-joan-ballester-posa-la-primera-pedra-del-seu-nou-edifici\/"},"wordCount":469,"publisher":{"@id":"https:\/\/www.bisbatdemallorca.org\/ca\/#organization"},"image":{"@id":"https:\/\/www.bisbatdemallorca.org\/el-col%c2%b7legi-fra-joan-ballester-posa-la-primera-pedra-del-seu-nou-edifici\/#primaryimage"},"thumbnailUrl":"https:\/\/www.bisbatdemallorca.org\/wp-content\/uploads\/2026\/04\/WhatsApp-Image-2026-04-27-at-15.01.27.jpeg","articleSection":["Agencia Bal\u00e8ria"],"inLanguage":"ca"},{"@type":"WebPage","@id":"https:\/\/www.bisbatdemallorca.org\/el-col%c2%b7legi-fra-joan-ballester-posa-la-primera-pedra-del-seu-nou-edifici\/","url":"https:\/\/www.bisbatdemallorca.org\/el-col%c2%b7legi-fra-joan-ballester-posa-la-primera-pedra-del-seu-nou-edifici\/","name":"El Col\u00b7legi Fra Joan Ballester posa la primera pedra del seu nou edifici","isPartOf":{"@id":"https:\/\/www.bisbatdemallorca.org\/ca\/#website"},"primaryImageOfPage":{"@id":"https:\/\/www.bisbatdemallorca.org\/el-col%c2%b7legi-fra-joan-ballester-posa-la-primera-pedra-del-seu-nou-edifici\/#primaryimage"},"image":{"@id":"https:\/\/www.bisbatdemallorca.org\/el-col%c2%b7legi-fra-joan-ballester-posa-la-primera-pedra-del-seu-nou-edifici\/#primaryimage"},"thumbnailUrl":"https:\/\/www.bisbatdemallorca.org\/wp-content\/uploads\/2026\/04\/WhatsApp-Image-2026-04-27-at-15.01.27.jpeg","datePublished":"2026-04-28T08:08:43+00:00","dateModified":"2026-04-28T08:10:02+00:00","breadcrumb":{"@id":"https:\/\/www.bisbatdemallorca.org\/el-col%c2%b7legi-fra-joan-ballester-posa-la-primera-pedra-del-seu-nou-edifici\/#breadcrumb"},"inLanguage":"ca","potentialAction":[{"@type":"ReadAction","target":["https:\/\/www.bisbatdemallorca.org\/el-col%c2%b7legi-fra-joan-ballester-posa-la-primera-pedra-del-seu-nou-edifici\/"]}]},{"@type":"ImageObject","inLanguage":"ca","@id":"https:\/\/www.bisbatdemallorca.org\/el-col%c2%b7legi-fra-joan-ballester-posa-la-primera-pedra-del-seu-nou-edifici\/#primaryimage","url":"https:\/\/www.bisbatdemallorca.org\/wp-content\/uploads\/2026\/04\/WhatsApp-Image-2026-04-27-at-15.01.27.jpeg","contentUrl":"https:\/\/www.bisbatdemallorca.org\/wp-content\/uploads\/2026\/04\/WhatsApp-Image-2026-04-27-at-15.01.27.jpeg","width":1600,"height":1066},{"@type":"BreadcrumbList","@id":"https:\/\/www.bisbatdemallorca.org\/el-col%c2%b7legi-fra-joan-ballester-posa-la-primera-pedra-del-seu-nou-edifici\/#breadcrumb","itemListElement":[{"@type":"ListItem","position":1,"name":"Portada","item":"https:\/\/www.bisbatdemallorca.org\/ca\/"},{"@type":"ListItem","position":2,"name":"El Colegio Fra Joan Ballester coloca la primera piedra de su nuevo edificio"}]},{"@type":"WebSite","@id":"https:\/\/www.bisbatdemallorca.org\/ca\/#website","url":"https:\/\/www.bisbatdemallorca.org\/ca\/","name":"Bisbat de Mallorca","description":"Just another WordPress site","publisher":{"@id":"https:\/\/www.bisbatdemallorca.org\/ca\/#organization"},"potentialAction":[{"@type":"SearchAction","target":{"@type":"EntryPoint","urlTemplate":"https:\/\/www.bisbatdemallorca.org\/ca\/?s={search_term_string}"},"query-input":{"@type":"PropertyValueSpecification","valueRequired":true,"valueName":"search_term_string"}}],"inLanguage":"ca"},{"@type":"Organization","@id":"https:\/\/www.bisbatdemallorca.org\/ca\/#organization","name":"Bisbat De Mallorca","url":"https:\/\/www.bisbatdemallorca.org\/ca\/","logo":{"@type":"ImageObject","inLanguage":"ca","@id":"https:\/\/www.bisbatdemallorca.org\/ca\/#\/schema\/logo\/image\/","url":"https:\/\/bisbatdemallorca.org\/wp-content\/uploads\/2022\/04\/Logo_Bisbat-de-Mallorca-scaled.jpeg","contentUrl":"https:\/\/bisbatdemallorca.org\/wp-content\/uploads\/2022\/04\/Logo_Bisbat-de-Mallorca-scaled.jpeg","width":2560,"height":1810,"caption":"Bisbat De Mallorca"},"image":{"@id":"https:\/\/www.bisbatdemallorca.org\/ca\/#\/schema\/logo\/image\/"}},{"@type":"Person","@id":"https:\/\/www.bisbatdemallorca.org\/ca\/#\/schema\/person\/9d198fedaef82cec34c41260a51964a6","name":"Administraci\u00f3 Bisbat de Mallorca","image":{"@type":"ImageObject","inLanguage":"ca","@id":"https:\/\/www.bisbatdemallorca.org\/ca\/#\/schema\/person\/image\/","url":"https:\/\/secure.gravatar.com\/avatar\/cc0dac0bd15aa6305e120ea8e5b6c12f94c8fe06a53230fa56abffe62cefceb4?s=96&d=mm&r=g","contentUrl":"https:\/\/secure.gravatar.com\/avatar\/cc0dac0bd15aa6305e120ea8e5b6c12f94c8fe06a53230fa56abffe62cefceb4?s=96&d=mm&r=g","caption":"Administraci\u00f3 Bisbat de Mallorca"},"sameAs":["https:\/\/bisbatdemallorca.org"],"url":"https:\/\/www.bisbatdemallorca.org\/ca\/author\/administraciobisbat\/"}]}},"_links":{"self":[{"href":"https:\/\/www.bisbatdemallorca.org\/ca\/wp-json\/wp\/v2\/posts\/32485","targetHints":{"allow":["GET"]}}],"collection":[{"href":"https:\/\/www.bisbatdemallorca.org\/ca\/wp-json\/wp\/v2\/posts"}],"about":[{"href":"https:\/\/www.bisbatdemallorca.org\/ca\/wp-json\/wp\/v2\/types\/post"}],"author":[{"embeddable":true,"href":"https:\/\/www.bisbatdemallorca.org\/ca\/wp-json\/wp\/v2\/users\/2"}],"replies":[{"embeddable":true,"href":"https:\/\/www.bisbatdemallorca.org\/ca\/wp-json\/wp\/v2\/comments?post=32485"}],"version-history":[{"count":2,"href":"https:\/\/www.bisbatdemallorca.org\/ca\/wp-json\/wp\/v2\/posts\/32485\/revisions"}],"predecessor-version":[{"id":32492,"href":"https:\/\/www.bisbatdemallorca.org\/ca\/wp-json\/wp\/v2\/posts\/32485\/revisions\/32492"}],"wp:featuredmedia":[{"embeddable":true,"href":"https:\/\/www.bisbatdemallorca.org\/ca\/wp-json\/wp\/v2\/media\/32487"}],"wp:attachment":[{"href":"https:\/\/www.bisbatdemallorca.org\/ca\/wp-json\/wp\/v2\/media?parent=32485"}],"wp:term":[{"taxonomy":"category","embeddable":true,"href":"https:\/\/www.bisbatdemallorca.org\/ca\/wp-json\/wp\/v2\/categories?post=32485"},{"taxonomy":"post_tag","embeddable":true,"href":"https:\/\/www.bisbatdemallorca.org\/ca\/wp-json\/wp\/v2\/tags?post=32485"}],"curies":[{"name":"wp","href":"https:\/\/api.w.org\/{rel}","templated":true}]}}