{"id":32508,"date":"2026-04-29T11:40:50","date_gmt":"2026-04-29T09:40:50","guid":{"rendered":"https:\/\/www.bisbatdemallorca.org\/ca\/?p=32508"},"modified":"2026-04-29T11:59:13","modified_gmt":"2026-04-29T09:59:13","slug":"festes-marianes-al-convent-de-framenors-caputxins-de-mallorca","status":"publish","type":"post","link":"https:\/\/www.bisbatdemallorca.org\/ca\/festes-marianes-al-convent-de-framenors-caputxins-de-mallorca\/","title":{"rendered":"Festes marianes al convent de framenors Caputxins de Mallorca"},"content":{"rendered":"<p>Entorn del quart diumenge del temps de Pasqua, el convent de Caputxins de Mallorca va intensificar la seva activitat amb motiu de celebrar-s\u2019hi dues festes marianes que consideren pr\u00f2pies. El passat dissabte dia 25 de mar\u00e7, essent la vig\u00edlia de la jornada del Bon Pastor, la fam\u00edlia caputxina honr\u00e0 la Divina Pastora, la qual venera a la nostra illa i en propaga la devoci\u00f3 d\u2019en\u00e7\u00e0 de 1763. Un any m\u00e9s se solemnitz\u00e0 l\u2019eucaristia del vespre i es feu la visita a la capella que presideix la Mare de D\u00e9u vestida de Pastora i que, per a l\u2019ocasi\u00f3, era ben ornada amb flors i llums. L\u2019acte acab\u00e0 amb un plegamans a aquesta imatge, el cant dels seus goigs i el repartiment d\u2019estampes.<\/p>\n<p>El diumenge, com \u00e9s costum, framenors i terciaris comparteixen un dia de sortida i esplai, tot visitant qualque santuari mari\u00e0 o monestir. Enguany, el lloc elegit fou el de Santa Maria de la Real. All\u00e0 varen compartir la missa amb els Missioners dels Sagrats Cors que hi resideixen i la seva comunitat parroquial. Tamb\u00e9, i de la m\u00e0 del P. Josep Amengual, MSSCC, varen poder visitar el claustre, l\u2019antiga sala capitular, altres depend\u00e8ncies de l\u2019hist\u00f2ric cenobi cistercenc i la notable Biblioteca Balear. L\u2019aplec segu\u00ed compartint l\u2019\u00e0pat fratern.<\/p>\n<p>Ja el dilluns, dia 27, escaient-se la festa de la Mare de D\u00e9u de Montserrat, els Caputxins no varen desaprofitar l\u2019ocasi\u00f3 d\u2019honorar la que tenen per patrona de la seva Prov\u00edncia de Catalunya i les Balears, des del moment de la fundaci\u00f3. A la missa vespertina s\u2019hi feu present una bona representaci\u00f3 de gent que altre temps form\u00e0 la Casa Regional Catalana a Mallorca i que conserva ben viva aquesta devoci\u00f3, tamb\u00e9 altres devots i els feligresos habituals. La celebraci\u00f3, amb ressons de solemnitat, acab\u00e0 davant la capella de la Moreneta amb la preg\u00e0ria de la Visita Espiritual que escriv\u00ed el bisbe venerable Josep Torres i Bages, i el cant popular i encimbellat del Virolai. Llavors tots els presents no desaprofitaren l\u2019ocasi\u00f3 de venerar la Mare de D\u00e9u, tot ascendint pels esgraons del seu petit cambril.<\/p>\n","protected":false},"excerpt":{"rendered":"<p>Entorn del quart diumenge del temps de Pasqua, el convent  [&#8230;]<\/p>\n","protected":false},"author":2,"featured_media":32512,"comment_status":"closed","ping_status":"open","sticky":false,"template":"","format":"standard","meta":{"footnotes":""},"categories":[16],"tags":[],"class_list":["post-32508","post","type-post","status-publish","format-standard","has-post-thumbnail","hentry","category-agencia-baleria"],"yoast_head":"<!-- This site is optimized with the Yoast SEO plugin v27.0 - https:\/\/yoast.com\/product\/yoast-seo-wordpress\/ -->\n<title>Festes marianes al convent de framenors Caputxins de Mallorca<\/title>\n<meta name=\"robots\" content=\"index, follow, max-snippet:-1, max-image-preview:large, max-video-preview:-1\" \/>\n<link rel=\"canonical\" href=\"https:\/\/www.bisbatdemallorca.org\/ca\/festes-marianes-al-convent-de-framenors-caputxins-de-mallorca\/\" \/>\n<meta property=\"og:locale\" content=\"ca_ES\" \/>\n<meta property=\"og:locale:alternate\" content=\"en_US\" \/>\n<meta property=\"og:locale:alternate\" content=\"es_ES\" \/>\n<meta property=\"og:type\" content=\"article\" \/>\n<meta property=\"og:title\" content=\"Festes marianes al convent de framenors Caputxins de Mallorca\" \/>\n<meta property=\"og:description\" content=\"Entorn del quart diumenge del temps de Pasqua, el convent [...]\" \/>\n<meta property=\"og:url\" content=\"https:\/\/www.bisbatdemallorca.org\/ca\/festes-marianes-al-convent-de-framenors-caputxins-de-mallorca\/\" \/>\n<meta property=\"og:site_name\" content=\"Bisbat de Mallorca\" \/>\n<meta property=\"article:published_time\" content=\"2026-04-29T09:40:50+00:00\" \/>\n<meta property=\"article:modified_time\" content=\"2026-04-29T09:59:13+00:00\" \/>\n<meta name=\"author\" content=\"Administraci\u00f3 Bisbat de Mallorca\" \/>\n<meta name=\"twitter:card\" content=\"summary_large_image\" \/>\n<meta name=\"twitter:label1\" content=\"Escrit per\" \/>\n\t<meta name=\"twitter:data1\" content=\"Administraci\u00f3 Bisbat de Mallorca\" \/>\n\t<meta name=\"twitter:label2\" content=\"Temps estimat de lectura\" \/>\n\t<meta name=\"twitter:data2\" content=\"1 minut\" \/>\n<script type=\"application\/ld+json\" class=\"yoast-schema-graph\">{\"@context\":\"https:\/\/schema.org\",\"@graph\":[{\"@type\":\"Article\",\"@id\":\"https:\/\/www.bisbatdemallorca.org\/festes-marianes-al-convent-de-framenors-caputxins-de-mallorca\/#article\",\"isPartOf\":{\"@id\":\"https:\/\/www.bisbatdemallorca.org\/festes-marianes-al-convent-de-framenors-caputxins-de-mallorca\/\"},\"author\":{\"name\":\"Administraci\u00f3 Bisbat de Mallorca\",\"@id\":\"https:\/\/www.bisbatdemallorca.org\/ca\/#\/schema\/person\/9d198fedaef82cec34c41260a51964a6\"},\"headline\":\"Festes marianes al convent de framenors Caputxins de Mallorca\",\"datePublished\":\"2026-04-29T09:40:50+00:00\",\"dateModified\":\"2026-04-29T09:59:13+00:00\",\"mainEntityOfPage\":{\"@id\":\"https:\/\/www.bisbatdemallorca.org\/festes-marianes-al-convent-de-framenors-caputxins-de-mallorca\/\"},\"wordCount\":752,\"publisher\":{\"@id\":\"https:\/\/www.bisbatdemallorca.org\/ca\/#organization\"},\"image\":{\"@id\":\"https:\/\/www.bisbatdemallorca.org\/festes-marianes-al-convent-de-framenors-caputxins-de-mallorca\/#primaryimage\"},\"thumbnailUrl\":\"https:\/\/www.bisbatdemallorca.org\/wp-content\/uploads\/2026\/04\/WhatsApp-Image-2026-04-28-at-14.48.49.jpeg\",\"articleSection\":[\"Agencia Bal\u00e8ria\"],\"inLanguage\":\"ca\"},{\"@type\":\"WebPage\",\"@id\":\"https:\/\/www.bisbatdemallorca.org\/festes-marianes-al-convent-de-framenors-caputxins-de-mallorca\/\",\"url\":\"https:\/\/www.bisbatdemallorca.org\/festes-marianes-al-convent-de-framenors-caputxins-de-mallorca\/\",\"name\":\"Festes marianes al convent de framenors Caputxins de Mallorca\",\"isPartOf\":{\"@id\":\"https:\/\/www.bisbatdemallorca.org\/ca\/#website\"},\"primaryImageOfPage\":{\"@id\":\"https:\/\/www.bisbatdemallorca.org\/festes-marianes-al-convent-de-framenors-caputxins-de-mallorca\/#primaryimage\"},\"image\":{\"@id\":\"https:\/\/www.bisbatdemallorca.org\/festes-marianes-al-convent-de-framenors-caputxins-de-mallorca\/#primaryimage\"},\"thumbnailUrl\":\"https:\/\/www.bisbatdemallorca.org\/wp-content\/uploads\/2026\/04\/WhatsApp-Image-2026-04-28-at-14.48.49.jpeg\",\"datePublished\":\"2026-04-29T09:40:50+00:00\",\"dateModified\":\"2026-04-29T09:59:13+00:00\",\"breadcrumb\":{\"@id\":\"https:\/\/www.bisbatdemallorca.org\/festes-marianes-al-convent-de-framenors-caputxins-de-mallorca\/#breadcrumb\"},\"inLanguage\":\"ca\",\"potentialAction\":[{\"@type\":\"ReadAction\",\"target\":[\"https:\/\/www.bisbatdemallorca.org\/festes-marianes-al-convent-de-framenors-caputxins-de-mallorca\/\"]}]},{\"@type\":\"ImageObject\",\"inLanguage\":\"ca\",\"@id\":\"https:\/\/www.bisbatdemallorca.org\/festes-marianes-al-convent-de-framenors-caputxins-de-mallorca\/#primaryimage\",\"url\":\"https:\/\/www.bisbatdemallorca.org\/wp-content\/uploads\/2026\/04\/WhatsApp-Image-2026-04-28-at-14.48.49.jpeg\",\"contentUrl\":\"https:\/\/www.bisbatdemallorca.org\/wp-content\/uploads\/2026\/04\/WhatsApp-Image-2026-04-28-at-14.48.49.jpeg\",\"width\":1600,\"height\":1200},{\"@type\":\"BreadcrumbList\",\"@id\":\"https:\/\/www.bisbatdemallorca.org\/festes-marianes-al-convent-de-framenors-caputxins-de-mallorca\/#breadcrumb\",\"itemListElement\":[{\"@type\":\"ListItem\",\"position\":1,\"name\":\"Portada\",\"item\":\"https:\/\/www.bisbatdemallorca.org\/ca\/\"},{\"@type\":\"ListItem\",\"position\":2,\"name\":\"Fiestas marianas en el Convento de frailes menores Capuchinos de Mallorca\"}]},{\"@type\":\"WebSite\",\"@id\":\"https:\/\/www.bisbatdemallorca.org\/ca\/#website\",\"url\":\"https:\/\/www.bisbatdemallorca.org\/ca\/\",\"name\":\"Bisbat de Mallorca\",\"description\":\"Just another WordPress site\",\"publisher\":{\"@id\":\"https:\/\/www.bisbatdemallorca.org\/ca\/#organization\"},\"potentialAction\":[{\"@type\":\"SearchAction\",\"target\":{\"@type\":\"EntryPoint\",\"urlTemplate\":\"https:\/\/www.bisbatdemallorca.org\/ca\/?s={search_term_string}\"},\"query-input\":{\"@type\":\"PropertyValueSpecification\",\"valueRequired\":true,\"valueName\":\"search_term_string\"}}],\"inLanguage\":\"ca\"},{\"@type\":\"Organization\",\"@id\":\"https:\/\/www.bisbatdemallorca.org\/ca\/#organization\",\"name\":\"Bisbat De Mallorca\",\"url\":\"https:\/\/www.bisbatdemallorca.org\/ca\/\",\"logo\":{\"@type\":\"ImageObject\",\"inLanguage\":\"ca\",\"@id\":\"https:\/\/www.bisbatdemallorca.org\/ca\/#\/schema\/logo\/image\/\",\"url\":\"https:\/\/bisbatdemallorca.org\/wp-content\/uploads\/2022\/04\/Logo_Bisbat-de-Mallorca-scaled.jpeg\",\"contentUrl\":\"https:\/\/bisbatdemallorca.org\/wp-content\/uploads\/2022\/04\/Logo_Bisbat-de-Mallorca-scaled.jpeg\",\"width\":2560,\"height\":1810,\"caption\":\"Bisbat De Mallorca\"},\"image\":{\"@id\":\"https:\/\/www.bisbatdemallorca.org\/ca\/#\/schema\/logo\/image\/\"}},{\"@type\":\"Person\",\"@id\":\"https:\/\/www.bisbatdemallorca.org\/ca\/#\/schema\/person\/9d198fedaef82cec34c41260a51964a6\",\"name\":\"Administraci\u00f3 Bisbat de Mallorca\",\"image\":{\"@type\":\"ImageObject\",\"inLanguage\":\"ca\",\"@id\":\"https:\/\/www.bisbatdemallorca.org\/ca\/#\/schema\/person\/image\/\",\"url\":\"https:\/\/secure.gravatar.com\/avatar\/cc0dac0bd15aa6305e120ea8e5b6c12f94c8fe06a53230fa56abffe62cefceb4?s=96&d=mm&r=g\",\"contentUrl\":\"https:\/\/secure.gravatar.com\/avatar\/cc0dac0bd15aa6305e120ea8e5b6c12f94c8fe06a53230fa56abffe62cefceb4?s=96&d=mm&r=g\",\"caption\":\"Administraci\u00f3 Bisbat de Mallorca\"},\"sameAs\":[\"https:\/\/bisbatdemallorca.org\"],\"url\":\"https:\/\/www.bisbatdemallorca.org\/ca\/author\/administraciobisbat\/\"}]}<\/script>\n<!-- \/ Yoast SEO plugin. -->","yoast_head_json":{"title":"Festes marianes al convent de framenors Caputxins de Mallorca","robots":{"index":"index","follow":"follow","max-snippet":"max-snippet:-1","max-image-preview":"max-image-preview:large","max-video-preview":"max-video-preview:-1"},"canonical":"https:\/\/www.bisbatdemallorca.org\/ca\/festes-marianes-al-convent-de-framenors-caputxins-de-mallorca\/","og_locale":"ca_ES","og_type":"article","og_title":"[:ca]Festes marianes al convent de framenors Caputxins de Mallorca[:es]Fiestas marianas en el Convento de frailes menores Capuchinos de Mallorca[:] - Bisbat de Mallorca","og_description":"Entorn del quart diumenge del temps de Pasqua, el convent [...]","og_url":"https:\/\/www.bisbatdemallorca.org\/ca\/festes-marianes-al-convent-de-framenors-caputxins-de-mallorca\/","og_site_name":"Bisbat de Mallorca","article_published_time":"2026-04-29T09:40:50+00:00","article_modified_time":"2026-04-29T09:59:13+00:00","author":"Administraci\u00f3 Bisbat de Mallorca","twitter_card":"summary_large_image","twitter_misc":{"Escrit per":"Administraci\u00f3 Bisbat de Mallorca","Temps estimat de lectura":"1 minut"},"schema":{"@context":"https:\/\/schema.org","@graph":[{"@type":"Article","@id":"https:\/\/www.bisbatdemallorca.org\/festes-marianes-al-convent-de-framenors-caputxins-de-mallorca\/#article","isPartOf":{"@id":"https:\/\/www.bisbatdemallorca.org\/festes-marianes-al-convent-de-framenors-caputxins-de-mallorca\/"},"author":{"name":"Administraci\u00f3 Bisbat de Mallorca","@id":"https:\/\/www.bisbatdemallorca.org\/ca\/#\/schema\/person\/9d198fedaef82cec34c41260a51964a6"},"headline":"Festes marianes al convent de framenors Caputxins de Mallorca","datePublished":"2026-04-29T09:40:50+00:00","dateModified":"2026-04-29T09:59:13+00:00","mainEntityOfPage":{"@id":"https:\/\/www.bisbatdemallorca.org\/festes-marianes-al-convent-de-framenors-caputxins-de-mallorca\/"},"wordCount":752,"publisher":{"@id":"https:\/\/www.bisbatdemallorca.org\/ca\/#organization"},"image":{"@id":"https:\/\/www.bisbatdemallorca.org\/festes-marianes-al-convent-de-framenors-caputxins-de-mallorca\/#primaryimage"},"thumbnailUrl":"https:\/\/www.bisbatdemallorca.org\/wp-content\/uploads\/2026\/04\/WhatsApp-Image-2026-04-28-at-14.48.49.jpeg","articleSection":["Agencia Bal\u00e8ria"],"inLanguage":"ca"},{"@type":"WebPage","@id":"https:\/\/www.bisbatdemallorca.org\/festes-marianes-al-convent-de-framenors-caputxins-de-mallorca\/","url":"https:\/\/www.bisbatdemallorca.org\/festes-marianes-al-convent-de-framenors-caputxins-de-mallorca\/","name":"Festes marianes al convent de framenors Caputxins de Mallorca","isPartOf":{"@id":"https:\/\/www.bisbatdemallorca.org\/ca\/#website"},"primaryImageOfPage":{"@id":"https:\/\/www.bisbatdemallorca.org\/festes-marianes-al-convent-de-framenors-caputxins-de-mallorca\/#primaryimage"},"image":{"@id":"https:\/\/www.bisbatdemallorca.org\/festes-marianes-al-convent-de-framenors-caputxins-de-mallorca\/#primaryimage"},"thumbnailUrl":"https:\/\/www.bisbatdemallorca.org\/wp-content\/uploads\/2026\/04\/WhatsApp-Image-2026-04-28-at-14.48.49.jpeg","datePublished":"2026-04-29T09:40:50+00:00","dateModified":"2026-04-29T09:59:13+00:00","breadcrumb":{"@id":"https:\/\/www.bisbatdemallorca.org\/festes-marianes-al-convent-de-framenors-caputxins-de-mallorca\/#breadcrumb"},"inLanguage":"ca","potentialAction":[{"@type":"ReadAction","target":["https:\/\/www.bisbatdemallorca.org\/festes-marianes-al-convent-de-framenors-caputxins-de-mallorca\/"]}]},{"@type":"ImageObject","inLanguage":"ca","@id":"https:\/\/www.bisbatdemallorca.org\/festes-marianes-al-convent-de-framenors-caputxins-de-mallorca\/#primaryimage","url":"https:\/\/www.bisbatdemallorca.org\/wp-content\/uploads\/2026\/04\/WhatsApp-Image-2026-04-28-at-14.48.49.jpeg","contentUrl":"https:\/\/www.bisbatdemallorca.org\/wp-content\/uploads\/2026\/04\/WhatsApp-Image-2026-04-28-at-14.48.49.jpeg","width":1600,"height":1200},{"@type":"BreadcrumbList","@id":"https:\/\/www.bisbatdemallorca.org\/festes-marianes-al-convent-de-framenors-caputxins-de-mallorca\/#breadcrumb","itemListElement":[{"@type":"ListItem","position":1,"name":"Portada","item":"https:\/\/www.bisbatdemallorca.org\/ca\/"},{"@type":"ListItem","position":2,"name":"Fiestas marianas en el Convento de frailes menores Capuchinos de Mallorca"}]},{"@type":"WebSite","@id":"https:\/\/www.bisbatdemallorca.org\/ca\/#website","url":"https:\/\/www.bisbatdemallorca.org\/ca\/","name":"Bisbat de Mallorca","description":"Just another WordPress site","publisher":{"@id":"https:\/\/www.bisbatdemallorca.org\/ca\/#organization"},"potentialAction":[{"@type":"SearchAction","target":{"@type":"EntryPoint","urlTemplate":"https:\/\/www.bisbatdemallorca.org\/ca\/?s={search_term_string}"},"query-input":{"@type":"PropertyValueSpecification","valueRequired":true,"valueName":"search_term_string"}}],"inLanguage":"ca"},{"@type":"Organization","@id":"https:\/\/www.bisbatdemallorca.org\/ca\/#organization","name":"Bisbat De Mallorca","url":"https:\/\/www.bisbatdemallorca.org\/ca\/","logo":{"@type":"ImageObject","inLanguage":"ca","@id":"https:\/\/www.bisbatdemallorca.org\/ca\/#\/schema\/logo\/image\/","url":"https:\/\/bisbatdemallorca.org\/wp-content\/uploads\/2022\/04\/Logo_Bisbat-de-Mallorca-scaled.jpeg","contentUrl":"https:\/\/bisbatdemallorca.org\/wp-content\/uploads\/2022\/04\/Logo_Bisbat-de-Mallorca-scaled.jpeg","width":2560,"height":1810,"caption":"Bisbat De Mallorca"},"image":{"@id":"https:\/\/www.bisbatdemallorca.org\/ca\/#\/schema\/logo\/image\/"}},{"@type":"Person","@id":"https:\/\/www.bisbatdemallorca.org\/ca\/#\/schema\/person\/9d198fedaef82cec34c41260a51964a6","name":"Administraci\u00f3 Bisbat de Mallorca","image":{"@type":"ImageObject","inLanguage":"ca","@id":"https:\/\/www.bisbatdemallorca.org\/ca\/#\/schema\/person\/image\/","url":"https:\/\/secure.gravatar.com\/avatar\/cc0dac0bd15aa6305e120ea8e5b6c12f94c8fe06a53230fa56abffe62cefceb4?s=96&d=mm&r=g","contentUrl":"https:\/\/secure.gravatar.com\/avatar\/cc0dac0bd15aa6305e120ea8e5b6c12f94c8fe06a53230fa56abffe62cefceb4?s=96&d=mm&r=g","caption":"Administraci\u00f3 Bisbat de Mallorca"},"sameAs":["https:\/\/bisbatdemallorca.org"],"url":"https:\/\/www.bisbatdemallorca.org\/ca\/author\/administraciobisbat\/"}]}},"_links":{"self":[{"href":"https:\/\/www.bisbatdemallorca.org\/ca\/wp-json\/wp\/v2\/posts\/32508","targetHints":{"allow":["GET"]}}],"collection":[{"href":"https:\/\/www.bisbatdemallorca.org\/ca\/wp-json\/wp\/v2\/posts"}],"about":[{"href":"https:\/\/www.bisbatdemallorca.org\/ca\/wp-json\/wp\/v2\/types\/post"}],"author":[{"embeddable":true,"href":"https:\/\/www.bisbatdemallorca.org\/ca\/wp-json\/wp\/v2\/users\/2"}],"replies":[{"embeddable":true,"href":"https:\/\/www.bisbatdemallorca.org\/ca\/wp-json\/wp\/v2\/comments?post=32508"}],"version-history":[{"count":2,"href":"https:\/\/www.bisbatdemallorca.org\/ca\/wp-json\/wp\/v2\/posts\/32508\/revisions"}],"predecessor-version":[{"id":32514,"href":"https:\/\/www.bisbatdemallorca.org\/ca\/wp-json\/wp\/v2\/posts\/32508\/revisions\/32514"}],"wp:featuredmedia":[{"embeddable":true,"href":"https:\/\/www.bisbatdemallorca.org\/ca\/wp-json\/wp\/v2\/media\/32512"}],"wp:attachment":[{"href":"https:\/\/www.bisbatdemallorca.org\/ca\/wp-json\/wp\/v2\/media?parent=32508"}],"wp:term":[{"taxonomy":"category","embeddable":true,"href":"https:\/\/www.bisbatdemallorca.org\/ca\/wp-json\/wp\/v2\/categories?post=32508"},{"taxonomy":"post_tag","embeddable":true,"href":"https:\/\/www.bisbatdemallorca.org\/ca\/wp-json\/wp\/v2\/tags?post=32508"}],"curies":[{"name":"wp","href":"https:\/\/api.w.org\/{rel}","templated":true}]}}