{"id":32536,"date":"2026-04-26T11:08:29","date_gmt":"2026-04-26T09:08:29","guid":{"rendered":"https:\/\/www.bisbatdemallorca.org\/ca\/?p=32536"},"modified":"2026-04-30T11:10:41","modified_gmt":"2026-04-30T09:10:41","slug":"la-fidelitat-que-genera-futur-i-construeix-la-pau","status":"publish","type":"post","link":"https:\/\/www.bisbatdemallorca.org\/ca\/la-fidelitat-que-genera-futur-i-construeix-la-pau\/","title":{"rendered":"26 de abril de 2026. La fidelitat que genera futur i construeix la pau"},"content":{"rendered":"<p><strong>La fidelitat que genera futur i construeix la pau<\/strong><\/p>\n<p>Quan Jes\u00fas diu: \u00ab<strong><em>Jo som la porta<\/em><\/strong>\u00bb (<em>Jn <\/em>10,7), ens est\u00e0 indicant per on hem d\u2019entrar per trobar-nos amb Ell i quin sentit t\u00e9 el seu guiatge com a \u00ab<strong><em>bon pastor<\/em><\/strong>\u00bb (<em>Jn<\/em> 10,11.14) que ens vol \u00abamb olor d\u2019ovella\u00bb. Em ve a la mem\u00f2ria la soledat d\u2019un jove que em vaig trobar a la porta de l\u2019esgl\u00e9sia de la parr\u00f2quia i que havia llegit la frase de Jes\u00fas \u00ab<strong><em>Jo som la porta<\/em><\/strong>\u00bb, i em va dir: \u00ab<em>ben segur que aquesta porta est\u00e0 oberta!<\/em>\u00bb. Em va emocionar el que em contava i per qu\u00e8 entrava, ja que se li havien tancat totes les portes&#8230; Vaig entendre m\u00e9s, despr\u00e9s d\u2019acollir-lo i escoltar la dram\u00e0tica situaci\u00f3 en qu\u00e8 es trobava, qu\u00e8 ens volia dir Jes\u00fas i qu\u00e8 volia que f\u00e9ssim. Avui tamb\u00e9, en tantes ocasions que se\u2019ns presenten, vull descobrir una vegada m\u00e9s que \u00e9s ben actual el que diu Jes\u00fas: \u00ab<strong><em>tot all\u00f2 que f\u00e8ieu a un d\u2019aquests germans meus m\u00e9s petits, a mi m\u2019ho f\u00e8ieu<\/em><\/strong>\u00bb (<em>Mt <\/em>25,40). Tota persona \u00e9s tamb\u00e9 la \u00ab<em>porta<\/em>\u00bb per a trobar-lo. Aquestes persones avui s\u00f3n moltes!<\/p>\n<p><strong>Si llegim l\u2019Evangeli en clau pastoral<\/strong>, ens trobam amb l\u2019estil d\u2019actuaci\u00f3 que ens proposa Jes\u00fas amb el seu exemple com a bon pastor. I, en concret, si ens ho aplicam a nosaltres, preveres i bisbes, \u00e9s quan hem de referir-nos, com ens demana el papa Lle\u00f3 XIV, a la consci\u00e8ncia que perseverar en la missi\u00f3 apost\u00f2lica ens ofereix la possibilitat d\u2019interrogar-nos sobre el futur del ministeri i d\u2019ajudar-ne d\u2019altres a percebre l\u2019alegria de la vocaci\u00f3 presbiteral. Estam cridats a \u00ab<strong>una fidelitat que genera futur<\/strong>\u00bb. Mirem aix\u00ed la import\u00e0ncia de la <em>promoci\u00f3 vocacional<\/em> i el treball que ens toca fer personalment i institucionalment perqu\u00e8 siguin molts els qui descobresquin i tri\u00efn aquest cam\u00ed, al qual D\u00e9u els crida. Facem tot el possible perqu\u00e8 aquesta preocupaci\u00f3 i acci\u00f3 sigui priorit\u00e0ria dins tots els organismes de la nostra Esgl\u00e9sia diocesana, especialment <em>comunitats parroquials<\/em> i <em>fam\u00edlies<\/em>, <em>centres educatius<\/em> i de <em>catequesi<\/em>, <em>moviments juvenils<\/em> i tantes altres inst\u00e0ncies.<\/p>\n<p><strong>Des de la fidelitat, obrim portes i treballem la pau<\/strong>, com ho fa Jes\u00fas ressuscitat, bon pastor, cada vegada que es presenta viu davant dels seus deixebles, parla amb ells i comparteix taula. Aquest treball fidel demana construir una <strong>arquitectura de la pau<\/strong>, posant aquest \u00e8mfasi en tota acci\u00f3 pastoral i humanit\u00e0ria. El papa Lle\u00f3, en la Vig\u00edlia de preg\u00e0ria per la pau de fa dues setmanes, deia que \u00ab<em>la guerra divideix, l\u2019esperan\u00e7a uneix. La prepot\u00e8ncia trepitja, l\u2019amor aixeca. La idolatria ens fa cecs, el D\u00e9u viu il\u00b7lumina. N\u2019hi ha prou amb un poc de fe per enfrontar junts, com a humanitat i amb humanitat, aquesta hora dram\u00e0tica de la hist\u00f2ria <\/em>[&#8230;]<em>. Aixequem la mirada! Tornem a aixecar-nos des de les escombraries! <\/em>[&#8230;].<em> \u201cSent el deure de dir a tots els joves <\/em>[&#8230;]<em>: <strong>Mai m\u00e9s la guerra!<\/strong>\u201d<\/em>\u00bb Posa tot el valor en la <strong>preg\u00e0ria<\/strong>, que \u00e9s la que ens educa per a actuar. \u00ab<em>Les limitades possibilitats humanes s\u2019uneixen en la preg\u00e0ria a les infinites possibilitats de D\u00e9u<\/em>\u00bb. I afegir\u00e0 que \u00ab<em>el qui prega \u00e9s conscient dels seus propis l\u00edmits, no mata ni amena\u00e7a amb la mort<\/em>\u00bb.<\/p>\n<p>Havent-nos trobat amb Jes\u00fas, escoltem les paraules que Pere ens adre\u00e7a avui: \u00ab<strong><em>Ara heu tornat a aquell que \u00e9s el vostre pastor i guardi\u00e0<\/em><\/strong>\u00bb (<em>1Pe<\/em> 2,23). <em>Qu\u00e8 vol dir tornar al ramat? A qu\u00e8 ens porta passar per la seva porta? Qu\u00e8 suposa trobar-se amb el pastor i el ramat?<\/em> Els qui van escoltar el discurs de Pere el dia de Pentecosta van experimentar que els passava alguna cosa nova. Van ser unes paraules expl\u00edcites sobre Jes\u00fas les que van fer que preguntessin a Pere i als altres ap\u00f2stols: \u00ab<strong><em>Germans, qu\u00e8 hem de fer?<\/em><\/strong>\u00bb (<em>Ac<\/em> 2,37). La resposta \u00e9s contundent: \u00ab<strong><em>Convertiu-vos!<\/em><\/strong>\u00bb (<em>Ac<\/em> 2,38). I en aix\u00f2 estam!<\/p>\n","protected":false},"excerpt":{"rendered":"<p>La fidelitat que genera futur i construeix la pau Quan  [&#8230;]<\/p>\n","protected":false},"author":2,"featured_media":0,"comment_status":"closed","ping_status":"open","sticky":false,"template":"","format":"standard","meta":{"footnotes":""},"categories":[39],"tags":[],"class_list":["post-32536","post","type-post","status-publish","format-standard","hentry","category-articles-del-bisbe"],"yoast_head":"<!-- This site is optimized with the Yoast SEO plugin v27.0 - https:\/\/yoast.com\/product\/yoast-seo-wordpress\/ -->\n<title>26 de abril de 2026. La fidelitat que genera futur i construeix la pau<\/title>\n<meta name=\"robots\" content=\"index, follow, max-snippet:-1, max-image-preview:large, max-video-preview:-1\" \/>\n<link rel=\"canonical\" href=\"https:\/\/www.bisbatdemallorca.org\/ca\/la-fidelitat-que-genera-futur-i-construeix-la-pau\/\" \/>\n<meta property=\"og:locale\" content=\"ca_ES\" \/>\n<meta property=\"og:locale:alternate\" content=\"en_US\" \/>\n<meta property=\"og:locale:alternate\" content=\"es_ES\" \/>\n<meta property=\"og:type\" content=\"article\" \/>\n<meta property=\"og:title\" content=\"26 de abril de 2026. La fidelitat que genera futur i construeix la pau\" \/>\n<meta property=\"og:description\" content=\"La fidelitat que genera futur i construeix la pau Quan [...]\" \/>\n<meta property=\"og:url\" content=\"https:\/\/www.bisbatdemallorca.org\/ca\/la-fidelitat-que-genera-futur-i-construeix-la-pau\/\" \/>\n<meta property=\"og:site_name\" content=\"Bisbat de Mallorca\" \/>\n<meta property=\"article:published_time\" content=\"2026-04-26T09:08:29+00:00\" \/>\n<meta property=\"article:modified_time\" content=\"2026-04-30T09:10:41+00:00\" \/>\n<meta name=\"author\" content=\"Administraci\u00f3 Bisbat de Mallorca\" \/>\n<meta name=\"twitter:card\" content=\"summary_large_image\" \/>\n<meta name=\"twitter:label1\" content=\"Escrit per\" \/>\n\t<meta name=\"twitter:data1\" content=\"Administraci\u00f3 Bisbat de Mallorca\" \/>\n\t<meta name=\"twitter:label2\" content=\"Temps estimat de lectura\" \/>\n\t<meta name=\"twitter:data2\" content=\"3 minuts\" \/>\n<script type=\"application\/ld+json\" class=\"yoast-schema-graph\">{\"@context\":\"https:\/\/schema.org\",\"@graph\":[{\"@type\":\"Article\",\"@id\":\"https:\/\/www.bisbatdemallorca.org\/ca\/la-fidelitat-que-genera-futur-i-construeix-la-pau\/#article\",\"isPartOf\":{\"@id\":\"https:\/\/www.bisbatdemallorca.org\/ca\/la-fidelitat-que-genera-futur-i-construeix-la-pau\/\"},\"author\":{\"name\":\"Administraci\u00f3 Bisbat de Mallorca\",\"@id\":\"https:\/\/www.bisbatdemallorca.org\/ca\/#\/schema\/person\/9d198fedaef82cec34c41260a51964a6\"},\"headline\":\"26 de abril de 2026. La fidelitat que genera futur i construeix la pau\",\"datePublished\":\"2026-04-26T09:08:29+00:00\",\"dateModified\":\"2026-04-30T09:10:41+00:00\",\"mainEntityOfPage\":{\"@id\":\"https:\/\/www.bisbatdemallorca.org\/ca\/la-fidelitat-que-genera-futur-i-construeix-la-pau\/\"},\"wordCount\":1401,\"publisher\":{\"@id\":\"https:\/\/www.bisbatdemallorca.org\/ca\/#organization\"},\"articleSection\":[\"Articles del Bisbe\"],\"inLanguage\":\"ca\"},{\"@type\":\"WebPage\",\"@id\":\"https:\/\/www.bisbatdemallorca.org\/ca\/la-fidelitat-que-genera-futur-i-construeix-la-pau\/\",\"url\":\"https:\/\/www.bisbatdemallorca.org\/ca\/la-fidelitat-que-genera-futur-i-construeix-la-pau\/\",\"name\":\"26 de abril de 2026. La fidelitat que genera futur i construeix la pau\",\"isPartOf\":{\"@id\":\"https:\/\/www.bisbatdemallorca.org\/ca\/#website\"},\"datePublished\":\"2026-04-26T09:08:29+00:00\",\"dateModified\":\"2026-04-30T09:10:41+00:00\",\"breadcrumb\":{\"@id\":\"https:\/\/www.bisbatdemallorca.org\/ca\/la-fidelitat-que-genera-futur-i-construeix-la-pau\/#breadcrumb\"},\"inLanguage\":\"ca\",\"potentialAction\":[{\"@type\":\"ReadAction\",\"target\":[\"https:\/\/www.bisbatdemallorca.org\/ca\/la-fidelitat-que-genera-futur-i-construeix-la-pau\/\"]}]},{\"@type\":\"BreadcrumbList\",\"@id\":\"https:\/\/www.bisbatdemallorca.org\/ca\/la-fidelitat-que-genera-futur-i-construeix-la-pau\/#breadcrumb\",\"itemListElement\":[{\"@type\":\"ListItem\",\"position\":1,\"name\":\"Portada\",\"item\":\"https:\/\/www.bisbatdemallorca.org\/ca\/\"},{\"@type\":\"ListItem\",\"position\":2,\"name\":\"26 de abril de 2026. La fidelitat que genera futur i construeix la pau\"}]},{\"@type\":\"WebSite\",\"@id\":\"https:\/\/www.bisbatdemallorca.org\/ca\/#website\",\"url\":\"https:\/\/www.bisbatdemallorca.org\/ca\/\",\"name\":\"Bisbat de Mallorca\",\"description\":\"Just another WordPress site\",\"publisher\":{\"@id\":\"https:\/\/www.bisbatdemallorca.org\/ca\/#organization\"},\"potentialAction\":[{\"@type\":\"SearchAction\",\"target\":{\"@type\":\"EntryPoint\",\"urlTemplate\":\"https:\/\/www.bisbatdemallorca.org\/ca\/?s={search_term_string}\"},\"query-input\":{\"@type\":\"PropertyValueSpecification\",\"valueRequired\":true,\"valueName\":\"search_term_string\"}}],\"inLanguage\":\"ca\"},{\"@type\":\"Organization\",\"@id\":\"https:\/\/www.bisbatdemallorca.org\/ca\/#organization\",\"name\":\"Bisbat De Mallorca\",\"url\":\"https:\/\/www.bisbatdemallorca.org\/ca\/\",\"logo\":{\"@type\":\"ImageObject\",\"inLanguage\":\"ca\",\"@id\":\"https:\/\/www.bisbatdemallorca.org\/ca\/#\/schema\/logo\/image\/\",\"url\":\"https:\/\/bisbatdemallorca.org\/wp-content\/uploads\/2022\/04\/Logo_Bisbat-de-Mallorca-scaled.jpeg\",\"contentUrl\":\"https:\/\/bisbatdemallorca.org\/wp-content\/uploads\/2022\/04\/Logo_Bisbat-de-Mallorca-scaled.jpeg\",\"width\":2560,\"height\":1810,\"caption\":\"Bisbat De Mallorca\"},\"image\":{\"@id\":\"https:\/\/www.bisbatdemallorca.org\/ca\/#\/schema\/logo\/image\/\"}},{\"@type\":\"Person\",\"@id\":\"https:\/\/www.bisbatdemallorca.org\/ca\/#\/schema\/person\/9d198fedaef82cec34c41260a51964a6\",\"name\":\"Administraci\u00f3 Bisbat de Mallorca\",\"image\":{\"@type\":\"ImageObject\",\"inLanguage\":\"ca\",\"@id\":\"https:\/\/www.bisbatdemallorca.org\/ca\/#\/schema\/person\/image\/\",\"url\":\"https:\/\/secure.gravatar.com\/avatar\/cc0dac0bd15aa6305e120ea8e5b6c12f94c8fe06a53230fa56abffe62cefceb4?s=96&d=mm&r=g\",\"contentUrl\":\"https:\/\/secure.gravatar.com\/avatar\/cc0dac0bd15aa6305e120ea8e5b6c12f94c8fe06a53230fa56abffe62cefceb4?s=96&d=mm&r=g\",\"caption\":\"Administraci\u00f3 Bisbat de Mallorca\"},\"sameAs\":[\"https:\/\/bisbatdemallorca.org\"],\"url\":\"https:\/\/www.bisbatdemallorca.org\/ca\/author\/administraciobisbat\/\"}]}<\/script>\n<!-- \/ Yoast SEO plugin. -->","yoast_head_json":{"title":"26 de abril de 2026. La fidelitat que genera futur i construeix la pau","robots":{"index":"index","follow":"follow","max-snippet":"max-snippet:-1","max-image-preview":"max-image-preview:large","max-video-preview":"max-video-preview:-1"},"canonical":"https:\/\/www.bisbatdemallorca.org\/ca\/la-fidelitat-que-genera-futur-i-construeix-la-pau\/","og_locale":"ca_ES","og_type":"article","og_title":"[:ca]26 de abril de 2026. La fidelitat que genera futur i construeix la pau[:es]26 d'abril de 2026. La fidelidad que genera futuro y construye la paz[:] - Bisbat de Mallorca","og_description":"La fidelitat que genera futur i construeix la pau Quan [...]","og_url":"https:\/\/www.bisbatdemallorca.org\/ca\/la-fidelitat-que-genera-futur-i-construeix-la-pau\/","og_site_name":"Bisbat de Mallorca","article_published_time":"2026-04-26T09:08:29+00:00","article_modified_time":"2026-04-30T09:10:41+00:00","author":"Administraci\u00f3 Bisbat de Mallorca","twitter_card":"summary_large_image","twitter_misc":{"Escrit per":"Administraci\u00f3 Bisbat de Mallorca","Temps estimat de lectura":"3 minuts"},"schema":{"@context":"https:\/\/schema.org","@graph":[{"@type":"Article","@id":"https:\/\/www.bisbatdemallorca.org\/ca\/la-fidelitat-que-genera-futur-i-construeix-la-pau\/#article","isPartOf":{"@id":"https:\/\/www.bisbatdemallorca.org\/ca\/la-fidelitat-que-genera-futur-i-construeix-la-pau\/"},"author":{"name":"Administraci\u00f3 Bisbat de Mallorca","@id":"https:\/\/www.bisbatdemallorca.org\/ca\/#\/schema\/person\/9d198fedaef82cec34c41260a51964a6"},"headline":"26 de abril de 2026. La fidelitat que genera futur i construeix la pau","datePublished":"2026-04-26T09:08:29+00:00","dateModified":"2026-04-30T09:10:41+00:00","mainEntityOfPage":{"@id":"https:\/\/www.bisbatdemallorca.org\/ca\/la-fidelitat-que-genera-futur-i-construeix-la-pau\/"},"wordCount":1401,"publisher":{"@id":"https:\/\/www.bisbatdemallorca.org\/ca\/#organization"},"articleSection":["Articles del Bisbe"],"inLanguage":"ca"},{"@type":"WebPage","@id":"https:\/\/www.bisbatdemallorca.org\/ca\/la-fidelitat-que-genera-futur-i-construeix-la-pau\/","url":"https:\/\/www.bisbatdemallorca.org\/ca\/la-fidelitat-que-genera-futur-i-construeix-la-pau\/","name":"26 de abril de 2026. La fidelitat que genera futur i construeix la pau","isPartOf":{"@id":"https:\/\/www.bisbatdemallorca.org\/ca\/#website"},"datePublished":"2026-04-26T09:08:29+00:00","dateModified":"2026-04-30T09:10:41+00:00","breadcrumb":{"@id":"https:\/\/www.bisbatdemallorca.org\/ca\/la-fidelitat-que-genera-futur-i-construeix-la-pau\/#breadcrumb"},"inLanguage":"ca","potentialAction":[{"@type":"ReadAction","target":["https:\/\/www.bisbatdemallorca.org\/ca\/la-fidelitat-que-genera-futur-i-construeix-la-pau\/"]}]},{"@type":"BreadcrumbList","@id":"https:\/\/www.bisbatdemallorca.org\/ca\/la-fidelitat-que-genera-futur-i-construeix-la-pau\/#breadcrumb","itemListElement":[{"@type":"ListItem","position":1,"name":"Portada","item":"https:\/\/www.bisbatdemallorca.org\/ca\/"},{"@type":"ListItem","position":2,"name":"26 de abril de 2026. La fidelitat que genera futur i construeix la pau"}]},{"@type":"WebSite","@id":"https:\/\/www.bisbatdemallorca.org\/ca\/#website","url":"https:\/\/www.bisbatdemallorca.org\/ca\/","name":"Bisbat de Mallorca","description":"Just another WordPress site","publisher":{"@id":"https:\/\/www.bisbatdemallorca.org\/ca\/#organization"},"potentialAction":[{"@type":"SearchAction","target":{"@type":"EntryPoint","urlTemplate":"https:\/\/www.bisbatdemallorca.org\/ca\/?s={search_term_string}"},"query-input":{"@type":"PropertyValueSpecification","valueRequired":true,"valueName":"search_term_string"}}],"inLanguage":"ca"},{"@type":"Organization","@id":"https:\/\/www.bisbatdemallorca.org\/ca\/#organization","name":"Bisbat De Mallorca","url":"https:\/\/www.bisbatdemallorca.org\/ca\/","logo":{"@type":"ImageObject","inLanguage":"ca","@id":"https:\/\/www.bisbatdemallorca.org\/ca\/#\/schema\/logo\/image\/","url":"https:\/\/bisbatdemallorca.org\/wp-content\/uploads\/2022\/04\/Logo_Bisbat-de-Mallorca-scaled.jpeg","contentUrl":"https:\/\/bisbatdemallorca.org\/wp-content\/uploads\/2022\/04\/Logo_Bisbat-de-Mallorca-scaled.jpeg","width":2560,"height":1810,"caption":"Bisbat De Mallorca"},"image":{"@id":"https:\/\/www.bisbatdemallorca.org\/ca\/#\/schema\/logo\/image\/"}},{"@type":"Person","@id":"https:\/\/www.bisbatdemallorca.org\/ca\/#\/schema\/person\/9d198fedaef82cec34c41260a51964a6","name":"Administraci\u00f3 Bisbat de Mallorca","image":{"@type":"ImageObject","inLanguage":"ca","@id":"https:\/\/www.bisbatdemallorca.org\/ca\/#\/schema\/person\/image\/","url":"https:\/\/secure.gravatar.com\/avatar\/cc0dac0bd15aa6305e120ea8e5b6c12f94c8fe06a53230fa56abffe62cefceb4?s=96&d=mm&r=g","contentUrl":"https:\/\/secure.gravatar.com\/avatar\/cc0dac0bd15aa6305e120ea8e5b6c12f94c8fe06a53230fa56abffe62cefceb4?s=96&d=mm&r=g","caption":"Administraci\u00f3 Bisbat de Mallorca"},"sameAs":["https:\/\/bisbatdemallorca.org"],"url":"https:\/\/www.bisbatdemallorca.org\/ca\/author\/administraciobisbat\/"}]}},"_links":{"self":[{"href":"https:\/\/www.bisbatdemallorca.org\/ca\/wp-json\/wp\/v2\/posts\/32536","targetHints":{"allow":["GET"]}}],"collection":[{"href":"https:\/\/www.bisbatdemallorca.org\/ca\/wp-json\/wp\/v2\/posts"}],"about":[{"href":"https:\/\/www.bisbatdemallorca.org\/ca\/wp-json\/wp\/v2\/types\/post"}],"author":[{"embeddable":true,"href":"https:\/\/www.bisbatdemallorca.org\/ca\/wp-json\/wp\/v2\/users\/2"}],"replies":[{"embeddable":true,"href":"https:\/\/www.bisbatdemallorca.org\/ca\/wp-json\/wp\/v2\/comments?post=32536"}],"version-history":[{"count":0,"href":"https:\/\/www.bisbatdemallorca.org\/ca\/wp-json\/wp\/v2\/posts\/32536\/revisions"}],"wp:attachment":[{"href":"https:\/\/www.bisbatdemallorca.org\/ca\/wp-json\/wp\/v2\/media?parent=32536"}],"wp:term":[{"taxonomy":"category","embeddable":true,"href":"https:\/\/www.bisbatdemallorca.org\/ca\/wp-json\/wp\/v2\/categories?post=32536"},{"taxonomy":"post_tag","embeddable":true,"href":"https:\/\/www.bisbatdemallorca.org\/ca\/wp-json\/wp\/v2\/tags?post=32536"}],"curies":[{"name":"wp","href":"https:\/\/api.w.org\/{rel}","templated":true}]}}