{"id":34012,"date":"2026-08-31T11:21:27","date_gmt":"2026-08-31T09:21:27","guid":{"rendered":"https:\/\/www.bisbatdemallorca.org\/ca\/?p=34012"},"modified":"2026-08-31T11:22:47","modified_gmt":"2026-08-31T09:22:47","slug":"lesglesia-de-mallorca-inicia-dema-el-temps-de-la-creacio-amb-una-crida-a-cuidar-i-defensar-la-bellesa-de-les-illes","status":"publish","type":"post","link":"https:\/\/www.bisbatdemallorca.org\/ca\/lesglesia-de-mallorca-inicia-dema-el-temps-de-la-creacio-amb-una-crida-a-cuidar-i-defensar-la-bellesa-de-les-illes\/","title":{"rendered":"L\u2019Esgl\u00e9sia de Mallorca inicia dem\u00e0 el Temps de la Creaci\u00f3 amb una crida a cuidar i defensar la bellesa de les Illes"},"content":{"rendered":"<p>Dem\u00e0, 1 de setembre de 2026, comen\u00e7a el Temps de la Creaci\u00f3, un per\u00edode ecum\u00e8nic de preg\u00e0ria, reflexi\u00f3 i comprom\u00eds per la cura del planeta que es prolongar\u00e0 fins al 4 d\u2019octubre, festa de sant Francesc d\u2019Ass\u00eds. L\u2019Esgl\u00e9sia de Mallorca se suma a aquest cam\u00ed en comuni\u00f3 amb el papa Lle\u00f3 XIV i amb tota l\u2019Esgl\u00e9sia universal, unint-se aix\u00ed a les diferents celebracions que durant aquestes setmanes tindran lloc en comunitats cristianes de tot el m\u00f3n.<\/p>\n<p>El bisbe Mons. Sebasti\u00e0 Taltavull presidir\u00e0 <strong>dem\u00e0, a les 9 h<\/strong>, la missa conventual de la <strong>Catedral<\/strong>, amb la qual s\u2019iniciar\u00e0 a Mallorca aquest temps dedicat a la <strong>Jornada Mundial de Preg\u00e0ria per la Cura de la Creaci\u00f3<\/strong>. La celebraci\u00f3 diocesana s\u2019uneix aix\u00ed a la que el mateix dia presidir\u00e0 el papa Lle\u00f3 XIV, a les 18.30 h, al Jard\u00ed de la Madonnina de Borgo Laudato Si\u2019, als Jardins Pontificis de Castel Gandolfo, amb motiu d\u2019aquesta Jornada. <strong>Aix\u00ed mateix, diumenge 6 de setembre se celebrar\u00e0 a les 10.30 h una missa solemne dedicada a la Cura de la Creaci\u00f3, tamb\u00e9 a la Catedral de Mallorca.<\/strong><\/p>\n<p>El Temps de la Creaci\u00f3 \u00e9s un cam\u00ed ecum\u00e8nic que convida les comunitats cristianes de tot el m\u00f3n a dedicar un per\u00edode especial a la preg\u00e0ria, la conversi\u00f3 i el comprom\u00eds amb la cura de la creaci\u00f3. El lema d\u2019enguany, <strong>\u00abAigua viva\u00bb<\/strong>, posa l\u2019accent en l\u2019aigua com a font de vida, renovaci\u00f3 i restauraci\u00f3.<\/p>\n<p><strong>Una crida especialment significativa per a Mallorca<\/strong><\/p>\n<p>En el seu missatge amb motiu d\u2019aquesta Jornada, Mons. Sebasti\u00e0 Taltavull recorda la bellesa de les Illes i afirma: <strong>\u00abLa Creaci\u00f3 \u00e9s bella a les nostres Illes: respectem-la, defensem-la i cuidem-la!\u00bb<\/strong>. El bisbe recupera en la seva reflexi\u00f3 una afirmaci\u00f3 de la carta pastoral <em>Ecologia i Turisme a les nostres Illes<\/em>, publicada fa trenta-sis anys pels bisbes de les Illes Balears, que ja aleshores subratllava la responsabilitat dels habitants de les Illes envers el territori que han rebut. \u00abSi tenim seny, si estimam de bon de veres la natura i si sabem dosificar convenientment el progr\u00e9s, posant-lo al servei del b\u00e9 com\u00fa, la nostra terra tindr\u00e0 futur\u00bb, recordava aquell document.<\/p>\n<p>Per a Mons. Taltavull, el Temps de la Creaci\u00f3 ofereix precisament una oportunitat per <strong>\u00abcontinuar fent una reflexi\u00f3 seriosa sobre el moment actual\u00bb<\/strong>, tenint en compte les possibilitats, oportunitats i reptes que planteja la realitat de les Illes. Per aix\u00f2, convida a viure aquestes setmanes com <strong>\u00abun temps especialment dedicat tant a la preg\u00e0ria i la reflexi\u00f3 com a la sensibilitzaci\u00f3 i conscienciaci\u00f3 entorn del tema ecol\u00f2gic en totes les seves vessants\u00bb<\/strong>.<\/p>\n<p><strong>El missatge de Lle\u00f3 XIV: cuidar la creaci\u00f3 i guarir un m\u00f3n ferit<\/strong><\/p>\n<p>En el seu missatge per a la XI Jornada Mundial de Preg\u00e0ria per la Cura de la Creaci\u00f3, Lle\u00f3 XIV convida a contemplar \u00abel do de la vida i a apreciar la terra que la sost\u00e9\u00bb com a formes concretes d\u2019alabar el Creador. El Papa vincula el deteriorament de la creaci\u00f3 amb les ferides provocades per la viol\u00e8ncia i la guerra, assenyalant que ambdues realitats constitueixen \u00abuna \u00fanica apel\u00b7laci\u00f3 per a la guarici\u00f3 i la pau que brollen d\u2019un m\u00f3n ferit\u00bb.<\/p>\n<p>El Pont\u00edfex subratlla que la cura de la creaci\u00f3 exigeix tamb\u00e9 una conversi\u00f3 del cor i proposa transformar all\u00f2 que genera destrucci\u00f3 en instruments al servei de la vida. <strong>\u00abEns convida a transformar la ferida en vida\u00bb<\/strong>, afirma, cridant a tenir cura dels diferents \u00abecosistemes\u00bb que han estat confiats a l\u2019\u00e9sser hum\u00e0: els de la creaci\u00f3, les relacions humanes i el mateix cor.<\/p>\n<p>El missatge conclou amb una crida a avan\u00e7ar <strong>\u00abdel desert cap al jard\u00ed, de la divisi\u00f3 cap a la comuni\u00f3 i de la viol\u00e8ncia cap a la pau\u00bb<\/strong>, com a expressi\u00f3 d\u2019una aut\u00e8ntica conversi\u00f3 ecol\u00f2gica i de la construcci\u00f3 d\u2019una civilitzaci\u00f3 de l\u2019amor.<\/p>\n<p><strong>Un temps de preg\u00e0ria, reflexi\u00f3 i comprom\u00eds<\/strong><\/p>\n<p>El lema d\u2019enguany, <strong>\u00abAigua viva\u00bb<\/strong>, est\u00e0 inspirat en la visi\u00f3 del profeta Ezequiel (Ez 47,9.12), en qu\u00e8 l\u2019aigua que brolla del santuari de D\u00e9u porta vida i guarici\u00f3 a tota la creaci\u00f3. Aquesta imatge d\u2019esperan\u00e7a contrasta amb la realitat de la crisi h\u00eddrica que afronta avui el m\u00f3n i que afecta de manera especialment greu les comunitats m\u00e9s vulnerables, les generacions futures i els ecosistemes.<\/p>\n<p>Des de la fe cristiana, aquesta realitat convida a superar una visi\u00f3 de l\u2019aigua com un simple recurs de consum i a recon\u00e8ixer-la com <strong>un do essencial per a la vida que genera una responsabilitat compartida<\/strong>. El Temps de la Creaci\u00f3 vol ser aix\u00ed una oportunitat per unir preg\u00e0ria i acci\u00f3, sensibilitzaci\u00f3 i comprom\u00eds concret amb la cura de la creaci\u00f3.<\/p>\n<p>Aquesta crida adquireix una especial rellev\u00e0ncia a les <strong>Illes Balears<\/strong>, per la singularitat del seu territori i la necessitat de preservar els seus recursos naturals. L\u2019Esgl\u00e9sia de Mallorca convida a viure aquest temps des de l\u2019acci\u00f3 de gr\u00e0cies per la bellesa rebuda, per\u00f2 tamb\u00e9 des de la responsabilitat de cuidar-la i transmetre-la a les generacions futures.<\/p>\n<p>Al llarg de les properes setmanes se celebraran a Mallorca diferents <strong>iniciatives de preg\u00e0ria, reflexi\u00f3 i sensibilitzaci\u00f3<\/strong>, que s\u2019aniran anunciant progressivament. El recorregut conclour\u00e0 el <strong>4 d\u2019octubre, festa de sant Francesc d\u2019Ass\u00eds<\/strong>.<\/p>\n","protected":false},"excerpt":{"rendered":"<p>Dem\u00e0, 1 de setembre de 2026, comen\u00e7a el Temps de  [&#8230;]<\/p>\n","protected":false},"author":4,"featured_media":34013,"comment_status":"closed","ping_status":"open","sticky":false,"template":"","format":"standard","meta":{"footnotes":""},"categories":[16],"tags":[],"class_list":["post-34012","post","type-post","status-publish","format-standard","has-post-thumbnail","hentry","category-agencia-baleria"],"yoast_head":"<!-- This site is optimized with the Yoast SEO plugin v28.3 - https:\/\/yoast.com\/product\/yoast-seo-wordpress\/ -->\n<title>L\u2019Esgl\u00e9sia de Mallorca inicia dem\u00e0 el Temps de la Creaci\u00f3 amb una crida a cuidar i defensar la bellesa de les Illes<\/title>\n<meta name=\"robots\" content=\"index, follow, max-snippet:-1, max-image-preview:large, max-video-preview:-1\" \/>\n<link rel=\"canonical\" href=\"https:\/\/www.bisbatdemallorca.org\/ca\/lesglesia-de-mallorca-inicia-dema-el-temps-de-la-creacio-amb-una-crida-a-cuidar-i-defensar-la-bellesa-de-les-illes\/\" \/>\n<meta property=\"og:locale\" content=\"ca_ES\" \/>\n<meta property=\"og:locale:alternate\" content=\"es_ES\" \/>\n<meta property=\"og:type\" content=\"article\" \/>\n<meta property=\"og:title\" content=\"L\u2019Esgl\u00e9sia de Mallorca inicia dem\u00e0 el Temps de la Creaci\u00f3 amb una crida a cuidar i defensar la bellesa de les Illes\" \/>\n<meta property=\"og:description\" content=\"Dem\u00e0, 1 de setembre de 2026, comen\u00e7a el Temps de [...]\" \/>\n<meta property=\"og:url\" content=\"https:\/\/www.bisbatdemallorca.org\/ca\/lesglesia-de-mallorca-inicia-dema-el-temps-de-la-creacio-amb-una-crida-a-cuidar-i-defensar-la-bellesa-de-les-illes\/\" \/>\n<meta property=\"og:site_name\" content=\"Bisbat de Mallorca\" \/>\n<meta property=\"article:published_time\" content=\"2026-08-31T09:21:27+00:00\" \/>\n<meta property=\"article:modified_time\" content=\"2026-08-31T09:22:47+00:00\" \/>\n<meta name=\"author\" content=\"Celia Rossell\u00f3\" \/>\n<meta name=\"twitter:card\" content=\"summary_large_image\" \/>\n<meta name=\"twitter:label1\" content=\"Escrit per\" \/>\n\t<meta name=\"twitter:data1\" content=\"Celia Rossell\u00f3\" \/>\n\t<meta name=\"twitter:label2\" content=\"Temps estimat de lectura\" \/>\n\t<meta name=\"twitter:data2\" content=\"1 minut\" \/>\n<script type=\"application\/ld+json\" class=\"yoast-schema-graph\">{\"@context\":\"https:\\\/\\\/schema.org\",\"@graph\":[{\"@type\":\"Article\",\"@id\":\"https:\\\/\\\/www.bisbatdemallorca.org\\\/lesglesia-de-mallorca-inicia-dema-el-temps-de-la-creacio-amb-una-crida-a-cuidar-i-defensar-la-bellesa-de-les-illes\\\/#article\",\"isPartOf\":{\"@id\":\"https:\\\/\\\/www.bisbatdemallorca.org\\\/lesglesia-de-mallorca-inicia-dema-el-temps-de-la-creacio-amb-una-crida-a-cuidar-i-defensar-la-bellesa-de-les-illes\\\/\"},\"author\":{\"name\":\"Celia Rossell\u00f3\",\"@id\":\"https:\\\/\\\/www.bisbatdemallorca.org\\\/ca\\\/#\\\/schema\\\/person\\\/c28e09d9a44c2b92d6ef8e13212d8bfb\"},\"headline\":\"L\u2019Esgl\u00e9sia de Mallorca inicia dem\u00e0 el Temps de la Creaci\u00f3 amb una crida a cuidar i defensar la bellesa de les Illes\",\"datePublished\":\"2026-08-31T09:21:27+00:00\",\"dateModified\":\"2026-08-31T09:22:47+00:00\",\"mainEntityOfPage\":{\"@id\":\"https:\\\/\\\/www.bisbatdemallorca.org\\\/lesglesia-de-mallorca-inicia-dema-el-temps-de-la-creacio-amb-una-crida-a-cuidar-i-defensar-la-bellesa-de-les-illes\\\/\"},\"wordCount\":1896,\"publisher\":{\"@id\":\"https:\\\/\\\/www.bisbatdemallorca.org\\\/ca\\\/#organization\"},\"image\":{\"@id\":\"https:\\\/\\\/www.bisbatdemallorca.org\\\/lesglesia-de-mallorca-inicia-dema-el-temps-de-la-creacio-amb-una-crida-a-cuidar-i-defensar-la-bellesa-de-les-illes\\\/#primaryimage\"},\"thumbnailUrl\":\"https:\\\/\\\/www.bisbatdemallorca.org\\\/wp-content\\\/uploads\\\/2026\\\/08\\\/Lleo-XIV-Missa-de-la-Creacio.jpeg\",\"articleSection\":[\"Agencia Bal\u00e8ria\"],\"inLanguage\":\"ca\"},{\"@type\":\"WebPage\",\"@id\":\"https:\\\/\\\/www.bisbatdemallorca.org\\\/lesglesia-de-mallorca-inicia-dema-el-temps-de-la-creacio-amb-una-crida-a-cuidar-i-defensar-la-bellesa-de-les-illes\\\/\",\"url\":\"https:\\\/\\\/www.bisbatdemallorca.org\\\/lesglesia-de-mallorca-inicia-dema-el-temps-de-la-creacio-amb-una-crida-a-cuidar-i-defensar-la-bellesa-de-les-illes\\\/\",\"name\":\"L\u2019Esgl\u00e9sia de Mallorca inicia dem\u00e0 el Temps de la Creaci\u00f3 amb una crida a cuidar i defensar la bellesa de les Illes\",\"isPartOf\":{\"@id\":\"https:\\\/\\\/www.bisbatdemallorca.org\\\/ca\\\/#website\"},\"primaryImageOfPage\":{\"@id\":\"https:\\\/\\\/www.bisbatdemallorca.org\\\/lesglesia-de-mallorca-inicia-dema-el-temps-de-la-creacio-amb-una-crida-a-cuidar-i-defensar-la-bellesa-de-les-illes\\\/#primaryimage\"},\"image\":{\"@id\":\"https:\\\/\\\/www.bisbatdemallorca.org\\\/lesglesia-de-mallorca-inicia-dema-el-temps-de-la-creacio-amb-una-crida-a-cuidar-i-defensar-la-bellesa-de-les-illes\\\/#primaryimage\"},\"thumbnailUrl\":\"https:\\\/\\\/www.bisbatdemallorca.org\\\/wp-content\\\/uploads\\\/2026\\\/08\\\/Lleo-XIV-Missa-de-la-Creacio.jpeg\",\"datePublished\":\"2026-08-31T09:21:27+00:00\",\"dateModified\":\"2026-08-31T09:22:47+00:00\",\"breadcrumb\":{\"@id\":\"https:\\\/\\\/www.bisbatdemallorca.org\\\/lesglesia-de-mallorca-inicia-dema-el-temps-de-la-creacio-amb-una-crida-a-cuidar-i-defensar-la-bellesa-de-les-illes\\\/#breadcrumb\"},\"inLanguage\":\"ca\",\"potentialAction\":[{\"@type\":\"ReadAction\",\"target\":[\"https:\\\/\\\/www.bisbatdemallorca.org\\\/lesglesia-de-mallorca-inicia-dema-el-temps-de-la-creacio-amb-una-crida-a-cuidar-i-defensar-la-bellesa-de-les-illes\\\/\"]}]},{\"@type\":\"ImageObject\",\"inLanguage\":\"ca\",\"@id\":\"https:\\\/\\\/www.bisbatdemallorca.org\\\/lesglesia-de-mallorca-inicia-dema-el-temps-de-la-creacio-amb-una-crida-a-cuidar-i-defensar-la-bellesa-de-les-illes\\\/#primaryimage\",\"url\":\"https:\\\/\\\/www.bisbatdemallorca.org\\\/wp-content\\\/uploads\\\/2026\\\/08\\\/Lleo-XIV-Missa-de-la-Creacio.jpeg\",\"contentUrl\":\"https:\\\/\\\/www.bisbatdemallorca.org\\\/wp-content\\\/uploads\\\/2026\\\/08\\\/Lleo-XIV-Missa-de-la-Creacio.jpeg\",\"width\":1280,\"height\":844},{\"@type\":\"BreadcrumbList\",\"@id\":\"https:\\\/\\\/www.bisbatdemallorca.org\\\/lesglesia-de-mallorca-inicia-dema-el-temps-de-la-creacio-amb-una-crida-a-cuidar-i-defensar-la-bellesa-de-les-illes\\\/#breadcrumb\",\"itemListElement\":[{\"@type\":\"ListItem\",\"position\":1,\"name\":\"Portada\",\"item\":\"https:\\\/\\\/www.bisbatdemallorca.org\\\/ca\\\/\"},{\"@type\":\"ListItem\",\"position\":2,\"name\":\"La Iglesia de Mallorca inicia ma\u00f1ana el Tiempo de la Creaci\u00f3n con una llamada a cuidar y defender la belleza de las Islas\"}]},{\"@type\":\"WebSite\",\"@id\":\"https:\\\/\\\/www.bisbatdemallorca.org\\\/ca\\\/#website\",\"url\":\"https:\\\/\\\/www.bisbatdemallorca.org\\\/ca\\\/\",\"name\":\"Bisbat de Mallorca\",\"description\":\"Just another WordPress site\",\"publisher\":{\"@id\":\"https:\\\/\\\/www.bisbatdemallorca.org\\\/ca\\\/#organization\"},\"potentialAction\":[{\"@type\":\"SearchAction\",\"target\":{\"@type\":\"EntryPoint\",\"urlTemplate\":\"https:\\\/\\\/www.bisbatdemallorca.org\\\/ca\\\/?s={search_term_string}\"},\"query-input\":{\"@type\":\"PropertyValueSpecification\",\"valueRequired\":true,\"valueName\":\"search_term_string\"}}],\"inLanguage\":\"ca\"},{\"@type\":\"Organization\",\"@id\":\"https:\\\/\\\/www.bisbatdemallorca.org\\\/ca\\\/#organization\",\"name\":\"Bisbat De Mallorca\",\"url\":\"https:\\\/\\\/www.bisbatdemallorca.org\\\/ca\\\/\",\"logo\":{\"@type\":\"ImageObject\",\"inLanguage\":\"ca\",\"@id\":\"https:\\\/\\\/www.bisbatdemallorca.org\\\/ca\\\/#\\\/schema\\\/logo\\\/image\\\/\",\"url\":\"https:\\\/\\\/bisbatdemallorca.org\\\/wp-content\\\/uploads\\\/2022\\\/04\\\/Logo_Bisbat-de-Mallorca-scaled.jpeg\",\"contentUrl\":\"https:\\\/\\\/bisbatdemallorca.org\\\/wp-content\\\/uploads\\\/2022\\\/04\\\/Logo_Bisbat-de-Mallorca-scaled.jpeg\",\"width\":2560,\"height\":1810,\"caption\":\"Bisbat De Mallorca\"},\"image\":{\"@id\":\"https:\\\/\\\/www.bisbatdemallorca.org\\\/ca\\\/#\\\/schema\\\/logo\\\/image\\\/\"}},{\"@type\":\"Person\",\"@id\":\"https:\\\/\\\/www.bisbatdemallorca.org\\\/ca\\\/#\\\/schema\\\/person\\\/c28e09d9a44c2b92d6ef8e13212d8bfb\",\"name\":\"Celia Rossell\u00f3\",\"image\":{\"@type\":\"ImageObject\",\"inLanguage\":\"ca\",\"@id\":\"https:\\\/\\\/secure.gravatar.com\\\/avatar\\\/420e0255b03790580e4c2533a9980850b0cb4d52047c59dcfe403090111c7959?s=96&d=mm&r=g\",\"url\":\"https:\\\/\\\/secure.gravatar.com\\\/avatar\\\/420e0255b03790580e4c2533a9980850b0cb4d52047c59dcfe403090111c7959?s=96&d=mm&r=g\",\"contentUrl\":\"https:\\\/\\\/secure.gravatar.com\\\/avatar\\\/420e0255b03790580e4c2533a9980850b0cb4d52047c59dcfe403090111c7959?s=96&d=mm&r=g\",\"caption\":\"Celia Rossell\u00f3\"},\"url\":\"https:\\\/\\\/www.bisbatdemallorca.org\\\/ca\\\/author\\\/celia-rossello\\\/\"}]}<\/script>\n<!-- \/ Yoast SEO plugin. -->","yoast_head_json":{"title":"L\u2019Esgl\u00e9sia de Mallorca inicia dem\u00e0 el Temps de la Creaci\u00f3 amb una crida a cuidar i defensar la bellesa de les Illes","robots":{"index":"index","follow":"follow","max-snippet":"max-snippet:-1","max-image-preview":"max-image-preview:large","max-video-preview":"max-video-preview:-1"},"canonical":"https:\/\/www.bisbatdemallorca.org\/ca\/lesglesia-de-mallorca-inicia-dema-el-temps-de-la-creacio-amb-una-crida-a-cuidar-i-defensar-la-bellesa-de-les-illes\/","og_locale":"ca_ES","og_type":"article","og_title":"[:ca]L\u2019Esgl\u00e9sia de Mallorca inicia dem\u00e0 el Temps de la Creaci\u00f3 amb una crida a cuidar i defensar la bellesa de les Illes[:es]La Iglesia de Mallorca inicia ma\u00f1ana el Tiempo de la Creaci\u00f3n con una llamada a cuidar y defender la belleza de las Islas[:] - Bisbat de Mallorca","og_description":"Dem\u00e0, 1 de setembre de 2026, comen\u00e7a el Temps de [...]","og_url":"https:\/\/www.bisbatdemallorca.org\/ca\/lesglesia-de-mallorca-inicia-dema-el-temps-de-la-creacio-amb-una-crida-a-cuidar-i-defensar-la-bellesa-de-les-illes\/","og_site_name":"Bisbat de Mallorca","article_published_time":"2026-08-31T09:21:27+00:00","article_modified_time":"2026-08-31T09:22:47+00:00","author":"Celia Rossell\u00f3","twitter_card":"summary_large_image","twitter_misc":{"Escrit per":"Celia Rossell\u00f3","Temps estimat de lectura":"1 minut"},"schema":{"@context":"https:\/\/schema.org","@graph":[{"@type":"Article","@id":"https:\/\/www.bisbatdemallorca.org\/lesglesia-de-mallorca-inicia-dema-el-temps-de-la-creacio-amb-una-crida-a-cuidar-i-defensar-la-bellesa-de-les-illes\/#article","isPartOf":{"@id":"https:\/\/www.bisbatdemallorca.org\/lesglesia-de-mallorca-inicia-dema-el-temps-de-la-creacio-amb-una-crida-a-cuidar-i-defensar-la-bellesa-de-les-illes\/"},"author":{"name":"Celia Rossell\u00f3","@id":"https:\/\/www.bisbatdemallorca.org\/ca\/#\/schema\/person\/c28e09d9a44c2b92d6ef8e13212d8bfb"},"headline":"L\u2019Esgl\u00e9sia de Mallorca inicia dem\u00e0 el Temps de la Creaci\u00f3 amb una crida a cuidar i defensar la bellesa de les Illes","datePublished":"2026-08-31T09:21:27+00:00","dateModified":"2026-08-31T09:22:47+00:00","mainEntityOfPage":{"@id":"https:\/\/www.bisbatdemallorca.org\/lesglesia-de-mallorca-inicia-dema-el-temps-de-la-creacio-amb-una-crida-a-cuidar-i-defensar-la-bellesa-de-les-illes\/"},"wordCount":1896,"publisher":{"@id":"https:\/\/www.bisbatdemallorca.org\/ca\/#organization"},"image":{"@id":"https:\/\/www.bisbatdemallorca.org\/lesglesia-de-mallorca-inicia-dema-el-temps-de-la-creacio-amb-una-crida-a-cuidar-i-defensar-la-bellesa-de-les-illes\/#primaryimage"},"thumbnailUrl":"https:\/\/www.bisbatdemallorca.org\/wp-content\/uploads\/2026\/08\/Lleo-XIV-Missa-de-la-Creacio.jpeg","articleSection":["Agencia Bal\u00e8ria"],"inLanguage":"ca"},{"@type":"WebPage","@id":"https:\/\/www.bisbatdemallorca.org\/lesglesia-de-mallorca-inicia-dema-el-temps-de-la-creacio-amb-una-crida-a-cuidar-i-defensar-la-bellesa-de-les-illes\/","url":"https:\/\/www.bisbatdemallorca.org\/lesglesia-de-mallorca-inicia-dema-el-temps-de-la-creacio-amb-una-crida-a-cuidar-i-defensar-la-bellesa-de-les-illes\/","name":"L\u2019Esgl\u00e9sia de Mallorca inicia dem\u00e0 el Temps de la Creaci\u00f3 amb una crida a cuidar i defensar la bellesa de les Illes","isPartOf":{"@id":"https:\/\/www.bisbatdemallorca.org\/ca\/#website"},"primaryImageOfPage":{"@id":"https:\/\/www.bisbatdemallorca.org\/lesglesia-de-mallorca-inicia-dema-el-temps-de-la-creacio-amb-una-crida-a-cuidar-i-defensar-la-bellesa-de-les-illes\/#primaryimage"},"image":{"@id":"https:\/\/www.bisbatdemallorca.org\/lesglesia-de-mallorca-inicia-dema-el-temps-de-la-creacio-amb-una-crida-a-cuidar-i-defensar-la-bellesa-de-les-illes\/#primaryimage"},"thumbnailUrl":"https:\/\/www.bisbatdemallorca.org\/wp-content\/uploads\/2026\/08\/Lleo-XIV-Missa-de-la-Creacio.jpeg","datePublished":"2026-08-31T09:21:27+00:00","dateModified":"2026-08-31T09:22:47+00:00","breadcrumb":{"@id":"https:\/\/www.bisbatdemallorca.org\/lesglesia-de-mallorca-inicia-dema-el-temps-de-la-creacio-amb-una-crida-a-cuidar-i-defensar-la-bellesa-de-les-illes\/#breadcrumb"},"inLanguage":"ca","potentialAction":[{"@type":"ReadAction","target":["https:\/\/www.bisbatdemallorca.org\/lesglesia-de-mallorca-inicia-dema-el-temps-de-la-creacio-amb-una-crida-a-cuidar-i-defensar-la-bellesa-de-les-illes\/"]}]},{"@type":"ImageObject","inLanguage":"ca","@id":"https:\/\/www.bisbatdemallorca.org\/lesglesia-de-mallorca-inicia-dema-el-temps-de-la-creacio-amb-una-crida-a-cuidar-i-defensar-la-bellesa-de-les-illes\/#primaryimage","url":"https:\/\/www.bisbatdemallorca.org\/wp-content\/uploads\/2026\/08\/Lleo-XIV-Missa-de-la-Creacio.jpeg","contentUrl":"https:\/\/www.bisbatdemallorca.org\/wp-content\/uploads\/2026\/08\/Lleo-XIV-Missa-de-la-Creacio.jpeg","width":1280,"height":844},{"@type":"BreadcrumbList","@id":"https:\/\/www.bisbatdemallorca.org\/lesglesia-de-mallorca-inicia-dema-el-temps-de-la-creacio-amb-una-crida-a-cuidar-i-defensar-la-bellesa-de-les-illes\/#breadcrumb","itemListElement":[{"@type":"ListItem","position":1,"name":"Portada","item":"https:\/\/www.bisbatdemallorca.org\/ca\/"},{"@type":"ListItem","position":2,"name":"La Iglesia de Mallorca inicia ma\u00f1ana el Tiempo de la Creaci\u00f3n con una llamada a cuidar y defender la belleza de las Islas"}]},{"@type":"WebSite","@id":"https:\/\/www.bisbatdemallorca.org\/ca\/#website","url":"https:\/\/www.bisbatdemallorca.org\/ca\/","name":"Bisbat de Mallorca","description":"Just another WordPress site","publisher":{"@id":"https:\/\/www.bisbatdemallorca.org\/ca\/#organization"},"potentialAction":[{"@type":"SearchAction","target":{"@type":"EntryPoint","urlTemplate":"https:\/\/www.bisbatdemallorca.org\/ca\/?s={search_term_string}"},"query-input":{"@type":"PropertyValueSpecification","valueRequired":true,"valueName":"search_term_string"}}],"inLanguage":"ca"},{"@type":"Organization","@id":"https:\/\/www.bisbatdemallorca.org\/ca\/#organization","name":"Bisbat De Mallorca","url":"https:\/\/www.bisbatdemallorca.org\/ca\/","logo":{"@type":"ImageObject","inLanguage":"ca","@id":"https:\/\/www.bisbatdemallorca.org\/ca\/#\/schema\/logo\/image\/","url":"https:\/\/bisbatdemallorca.org\/wp-content\/uploads\/2022\/04\/Logo_Bisbat-de-Mallorca-scaled.jpeg","contentUrl":"https:\/\/bisbatdemallorca.org\/wp-content\/uploads\/2022\/04\/Logo_Bisbat-de-Mallorca-scaled.jpeg","width":2560,"height":1810,"caption":"Bisbat De Mallorca"},"image":{"@id":"https:\/\/www.bisbatdemallorca.org\/ca\/#\/schema\/logo\/image\/"}},{"@type":"Person","@id":"https:\/\/www.bisbatdemallorca.org\/ca\/#\/schema\/person\/c28e09d9a44c2b92d6ef8e13212d8bfb","name":"Celia Rossell\u00f3","image":{"@type":"ImageObject","inLanguage":"ca","@id":"https:\/\/secure.gravatar.com\/avatar\/420e0255b03790580e4c2533a9980850b0cb4d52047c59dcfe403090111c7959?s=96&d=mm&r=g","url":"https:\/\/secure.gravatar.com\/avatar\/420e0255b03790580e4c2533a9980850b0cb4d52047c59dcfe403090111c7959?s=96&d=mm&r=g","contentUrl":"https:\/\/secure.gravatar.com\/avatar\/420e0255b03790580e4c2533a9980850b0cb4d52047c59dcfe403090111c7959?s=96&d=mm&r=g","caption":"Celia Rossell\u00f3"},"url":"https:\/\/www.bisbatdemallorca.org\/ca\/author\/celia-rossello\/"}]}},"_links":{"self":[{"href":"https:\/\/www.bisbatdemallorca.org\/ca\/wp-json\/wp\/v2\/posts\/34012","targetHints":{"allow":["GET"]}}],"collection":[{"href":"https:\/\/www.bisbatdemallorca.org\/ca\/wp-json\/wp\/v2\/posts"}],"about":[{"href":"https:\/\/www.bisbatdemallorca.org\/ca\/wp-json\/wp\/v2\/types\/post"}],"author":[{"embeddable":true,"href":"https:\/\/www.bisbatdemallorca.org\/ca\/wp-json\/wp\/v2\/users\/4"}],"replies":[{"embeddable":true,"href":"https:\/\/www.bisbatdemallorca.org\/ca\/wp-json\/wp\/v2\/comments?post=34012"}],"version-history":[{"count":2,"href":"https:\/\/www.bisbatdemallorca.org\/ca\/wp-json\/wp\/v2\/posts\/34012\/revisions"}],"predecessor-version":[{"id":34015,"href":"https:\/\/www.bisbatdemallorca.org\/ca\/wp-json\/wp\/v2\/posts\/34012\/revisions\/34015"}],"wp:featuredmedia":[{"embeddable":true,"href":"https:\/\/www.bisbatdemallorca.org\/ca\/wp-json\/wp\/v2\/media\/34013"}],"wp:attachment":[{"href":"https:\/\/www.bisbatdemallorca.org\/ca\/wp-json\/wp\/v2\/media?parent=34012"}],"wp:term":[{"taxonomy":"category","embeddable":true,"href":"https:\/\/www.bisbatdemallorca.org\/ca\/wp-json\/wp\/v2\/categories?post=34012"},{"taxonomy":"post_tag","embeddable":true,"href":"https:\/\/www.bisbatdemallorca.org\/ca\/wp-json\/wp\/v2\/tags?post=34012"}],"curies":[{"name":"wp","href":"https:\/\/api.w.org\/{rel}","templated":true}]}}