{"id":34017,"date":"2026-08-31T11:51:30","date_gmt":"2026-08-31T09:51:30","guid":{"rendered":"https:\/\/www.bisbatdemallorca.org\/ca\/?p=34017"},"modified":"2026-08-31T11:52:35","modified_gmt":"2026-08-31T09:52:35","slug":"festa-patronal-destellencs-en-honor-de-sant-joan-degollat","status":"publish","type":"post","link":"https:\/\/www.bisbatdemallorca.org\/ca\/festa-patronal-destellencs-en-honor-de-sant-joan-degollat\/","title":{"rendered":"Festa patronal d\u2019Estellencs en honor de Sant Joan Degollat"},"content":{"rendered":"<p data-start=\"64\" data-end=\"193\">Dissabte, dia 29 d\u2019agost, el poble d\u2019Estellencs va celebrar, amb gran solemnitat, la festa del seu patr\u00f3, Sant Joan Degollat.<\/p>\n<p data-start=\"195\" data-end=\"528\">A les 12 h del migdia, les autoritats, encap\u00e7alades pel batle d\u2019Estellencs, Bernardo Isern, i amb la participaci\u00f3 de membres de l\u2019equip de govern i del consistori, varen fer entrada al temple i comen\u00e7\u00e0 l\u2019Eucaristia, presidida pel rector i servida pels dos diaques de la Unitat de Pastoral, amb l\u2019acompanyament del cor parroquial.<\/p>\n<p data-start=\"530\" data-end=\"716\">Com \u00e9s tradici\u00f3, els balladors i balladores estellenquins varen oferir el pa i el vi i varen ballar l\u2019Oferta, mantenint aix\u00ed viva una de les expressions m\u00e9s pr\u00f2pies de la festa patronal.<\/p>\n<p data-start=\"718\" data-end=\"980\">Durant la celebraci\u00f3 es va fer un merescut homenatge a Maria Comes i Fina Jaume, per la seva dedicaci\u00f3 a la parr\u00f2quia durant molts d\u2019anys. El rector els va fer entrega d\u2019un record d\u2019aquest dia i els va agrair de tot cor la seva entrega i servei a l\u2019Esgl\u00e9sia.<\/p>\n<p data-start=\"982\" data-end=\"1194\">A la celebraci\u00f3 tamb\u00e9 hi va participar el conseller d\u2019Empresa, Aut\u00f2noms i Energia, Alejandro S\u00e1enz de San Pedro, que va acompanyar els ve\u00efnats i ve\u00efnades d\u2019Estellencs en aquesta jornada festiva i de tradici\u00f3.<\/p>\n<p data-start=\"1196\" data-end=\"1359\" data-is-last-node=\"\" data-is-only-node=\"\">Finalitzada l\u2019Eucaristia, l\u2019Ajuntament va convidar els assistents a un refrigeri a la pla\u00e7a, on es va continuar compartint la festa i la trobada entre els ve\u00efnats.<\/p>\n","protected":false},"excerpt":{"rendered":"<p>Dissabte, dia 29 d\u2019agost, el poble d\u2019Estellencs va celebrar, amb  [&#8230;]<\/p>\n","protected":false},"author":4,"featured_media":34018,"comment_status":"closed","ping_status":"open","sticky":false,"template":"","format":"standard","meta":{"footnotes":""},"categories":[16],"tags":[],"class_list":["post-34017","post","type-post","status-publish","format-standard","has-post-thumbnail","hentry","category-agencia-baleria"],"yoast_head":"<!-- This site is optimized with the Yoast SEO plugin v28.3 - https:\/\/yoast.com\/product\/yoast-seo-wordpress\/ -->\n<title>Festa patronal d\u2019Estellencs en honor de Sant Joan Degollat<\/title>\n<meta name=\"robots\" content=\"index, follow, max-snippet:-1, max-image-preview:large, max-video-preview:-1\" \/>\n<link rel=\"canonical\" href=\"https:\/\/www.bisbatdemallorca.org\/ca\/festa-patronal-destellencs-en-honor-de-sant-joan-degollat\/\" \/>\n<meta property=\"og:locale\" content=\"ca_ES\" \/>\n<meta property=\"og:locale:alternate\" content=\"es_ES\" \/>\n<meta property=\"og:type\" content=\"article\" \/>\n<meta property=\"og:title\" content=\"Festa patronal d\u2019Estellencs en honor de Sant Joan Degollat\" \/>\n<meta property=\"og:description\" content=\"Dissabte, dia 29 d\u2019agost, el poble d\u2019Estellencs va celebrar, amb [...]\" \/>\n<meta property=\"og:url\" content=\"https:\/\/www.bisbatdemallorca.org\/ca\/festa-patronal-destellencs-en-honor-de-sant-joan-degollat\/\" \/>\n<meta property=\"og:site_name\" content=\"Bisbat de Mallorca\" \/>\n<meta property=\"article:published_time\" content=\"2026-08-31T09:51:30+00:00\" \/>\n<meta property=\"article:modified_time\" content=\"2026-08-31T09:52:35+00:00\" \/>\n<meta name=\"author\" content=\"Celia Rossell\u00f3\" \/>\n<meta name=\"twitter:card\" content=\"summary_large_image\" \/>\n<meta name=\"twitter:label1\" content=\"Escrit per\" \/>\n\t<meta name=\"twitter:data1\" content=\"Celia Rossell\u00f3\" \/>\n\t<meta name=\"twitter:label2\" content=\"Temps estimat de lectura\" \/>\n\t<meta name=\"twitter:data2\" content=\"1 minut\" \/>\n<script type=\"application\/ld+json\" class=\"yoast-schema-graph\">{\"@context\":\"https:\\\/\\\/schema.org\",\"@graph\":[{\"@type\":\"Article\",\"@id\":\"https:\\\/\\\/www.bisbatdemallorca.org\\\/festa-patronal-destellencs-en-honor-de-sant-joan-degollat\\\/#article\",\"isPartOf\":{\"@id\":\"https:\\\/\\\/www.bisbatdemallorca.org\\\/festa-patronal-destellencs-en-honor-de-sant-joan-degollat\\\/\"},\"author\":{\"name\":\"Celia Rossell\u00f3\",\"@id\":\"https:\\\/\\\/www.bisbatdemallorca.org\\\/ca\\\/#\\\/schema\\\/person\\\/c28e09d9a44c2b92d6ef8e13212d8bfb\"},\"headline\":\"Festa patronal d\u2019Estellencs en honor de Sant Joan Degollat\",\"datePublished\":\"2026-08-31T09:51:30+00:00\",\"dateModified\":\"2026-08-31T09:52:35+00:00\",\"mainEntityOfPage\":{\"@id\":\"https:\\\/\\\/www.bisbatdemallorca.org\\\/festa-patronal-destellencs-en-honor-de-sant-joan-degollat\\\/\"},\"wordCount\":502,\"publisher\":{\"@id\":\"https:\\\/\\\/www.bisbatdemallorca.org\\\/ca\\\/#organization\"},\"image\":{\"@id\":\"https:\\\/\\\/www.bisbatdemallorca.org\\\/festa-patronal-destellencs-en-honor-de-sant-joan-degollat\\\/#primaryimage\"},\"thumbnailUrl\":\"https:\\\/\\\/www.bisbatdemallorca.org\\\/wp-content\\\/uploads\\\/2026\\\/08\\\/787818003_17991190644034119_994216594362362418_n.jpg\",\"articleSection\":[\"Agencia Bal\u00e8ria\"],\"inLanguage\":\"ca\"},{\"@type\":\"WebPage\",\"@id\":\"https:\\\/\\\/www.bisbatdemallorca.org\\\/festa-patronal-destellencs-en-honor-de-sant-joan-degollat\\\/\",\"url\":\"https:\\\/\\\/www.bisbatdemallorca.org\\\/festa-patronal-destellencs-en-honor-de-sant-joan-degollat\\\/\",\"name\":\"Festa patronal d\u2019Estellencs en honor de Sant Joan Degollat\",\"isPartOf\":{\"@id\":\"https:\\\/\\\/www.bisbatdemallorca.org\\\/ca\\\/#website\"},\"primaryImageOfPage\":{\"@id\":\"https:\\\/\\\/www.bisbatdemallorca.org\\\/festa-patronal-destellencs-en-honor-de-sant-joan-degollat\\\/#primaryimage\"},\"image\":{\"@id\":\"https:\\\/\\\/www.bisbatdemallorca.org\\\/festa-patronal-destellencs-en-honor-de-sant-joan-degollat\\\/#primaryimage\"},\"thumbnailUrl\":\"https:\\\/\\\/www.bisbatdemallorca.org\\\/wp-content\\\/uploads\\\/2026\\\/08\\\/787818003_17991190644034119_994216594362362418_n.jpg\",\"datePublished\":\"2026-08-31T09:51:30+00:00\",\"dateModified\":\"2026-08-31T09:52:35+00:00\",\"breadcrumb\":{\"@id\":\"https:\\\/\\\/www.bisbatdemallorca.org\\\/festa-patronal-destellencs-en-honor-de-sant-joan-degollat\\\/#breadcrumb\"},\"inLanguage\":\"ca\",\"potentialAction\":[{\"@type\":\"ReadAction\",\"target\":[\"https:\\\/\\\/www.bisbatdemallorca.org\\\/festa-patronal-destellencs-en-honor-de-sant-joan-degollat\\\/\"]}]},{\"@type\":\"ImageObject\",\"inLanguage\":\"ca\",\"@id\":\"https:\\\/\\\/www.bisbatdemallorca.org\\\/festa-patronal-destellencs-en-honor-de-sant-joan-degollat\\\/#primaryimage\",\"url\":\"https:\\\/\\\/www.bisbatdemallorca.org\\\/wp-content\\\/uploads\\\/2026\\\/08\\\/787818003_17991190644034119_994216594362362418_n.jpg\",\"contentUrl\":\"https:\\\/\\\/www.bisbatdemallorca.org\\\/wp-content\\\/uploads\\\/2026\\\/08\\\/787818003_17991190644034119_994216594362362418_n.jpg\",\"width\":1067,\"height\":712},{\"@type\":\"BreadcrumbList\",\"@id\":\"https:\\\/\\\/www.bisbatdemallorca.org\\\/festa-patronal-destellencs-en-honor-de-sant-joan-degollat\\\/#breadcrumb\",\"itemListElement\":[{\"@type\":\"ListItem\",\"position\":1,\"name\":\"Portada\",\"item\":\"https:\\\/\\\/www.bisbatdemallorca.org\\\/ca\\\/\"},{\"@type\":\"ListItem\",\"position\":2,\"name\":\"Fiesta patronal de Estellencs en honor de San Juan Degollado\"}]},{\"@type\":\"WebSite\",\"@id\":\"https:\\\/\\\/www.bisbatdemallorca.org\\\/ca\\\/#website\",\"url\":\"https:\\\/\\\/www.bisbatdemallorca.org\\\/ca\\\/\",\"name\":\"Bisbat de Mallorca\",\"description\":\"Just another WordPress site\",\"publisher\":{\"@id\":\"https:\\\/\\\/www.bisbatdemallorca.org\\\/ca\\\/#organization\"},\"potentialAction\":[{\"@type\":\"SearchAction\",\"target\":{\"@type\":\"EntryPoint\",\"urlTemplate\":\"https:\\\/\\\/www.bisbatdemallorca.org\\\/ca\\\/?s={search_term_string}\"},\"query-input\":{\"@type\":\"PropertyValueSpecification\",\"valueRequired\":true,\"valueName\":\"search_term_string\"}}],\"inLanguage\":\"ca\"},{\"@type\":\"Organization\",\"@id\":\"https:\\\/\\\/www.bisbatdemallorca.org\\\/ca\\\/#organization\",\"name\":\"Bisbat De Mallorca\",\"url\":\"https:\\\/\\\/www.bisbatdemallorca.org\\\/ca\\\/\",\"logo\":{\"@type\":\"ImageObject\",\"inLanguage\":\"ca\",\"@id\":\"https:\\\/\\\/www.bisbatdemallorca.org\\\/ca\\\/#\\\/schema\\\/logo\\\/image\\\/\",\"url\":\"https:\\\/\\\/bisbatdemallorca.org\\\/wp-content\\\/uploads\\\/2022\\\/04\\\/Logo_Bisbat-de-Mallorca-scaled.jpeg\",\"contentUrl\":\"https:\\\/\\\/bisbatdemallorca.org\\\/wp-content\\\/uploads\\\/2022\\\/04\\\/Logo_Bisbat-de-Mallorca-scaled.jpeg\",\"width\":2560,\"height\":1810,\"caption\":\"Bisbat De Mallorca\"},\"image\":{\"@id\":\"https:\\\/\\\/www.bisbatdemallorca.org\\\/ca\\\/#\\\/schema\\\/logo\\\/image\\\/\"}},{\"@type\":\"Person\",\"@id\":\"https:\\\/\\\/www.bisbatdemallorca.org\\\/ca\\\/#\\\/schema\\\/person\\\/c28e09d9a44c2b92d6ef8e13212d8bfb\",\"name\":\"Celia Rossell\u00f3\",\"image\":{\"@type\":\"ImageObject\",\"inLanguage\":\"ca\",\"@id\":\"https:\\\/\\\/secure.gravatar.com\\\/avatar\\\/420e0255b03790580e4c2533a9980850b0cb4d52047c59dcfe403090111c7959?s=96&d=mm&r=g\",\"url\":\"https:\\\/\\\/secure.gravatar.com\\\/avatar\\\/420e0255b03790580e4c2533a9980850b0cb4d52047c59dcfe403090111c7959?s=96&d=mm&r=g\",\"contentUrl\":\"https:\\\/\\\/secure.gravatar.com\\\/avatar\\\/420e0255b03790580e4c2533a9980850b0cb4d52047c59dcfe403090111c7959?s=96&d=mm&r=g\",\"caption\":\"Celia Rossell\u00f3\"},\"url\":\"https:\\\/\\\/www.bisbatdemallorca.org\\\/ca\\\/author\\\/celia-rossello\\\/\"}]}<\/script>\n<!-- \/ Yoast SEO plugin. -->","yoast_head_json":{"title":"Festa patronal d\u2019Estellencs en honor de Sant Joan Degollat","robots":{"index":"index","follow":"follow","max-snippet":"max-snippet:-1","max-image-preview":"max-image-preview:large","max-video-preview":"max-video-preview:-1"},"canonical":"https:\/\/www.bisbatdemallorca.org\/ca\/festa-patronal-destellencs-en-honor-de-sant-joan-degollat\/","og_locale":"ca_ES","og_type":"article","og_title":"[:ca]Festa patronal d\u2019Estellencs en honor de Sant Joan Degollat[:es]Fiesta patronal de Estellencs en honor de San Juan Degollado[:] - Bisbat de Mallorca","og_description":"Dissabte, dia 29 d\u2019agost, el poble d\u2019Estellencs va celebrar, amb [...]","og_url":"https:\/\/www.bisbatdemallorca.org\/ca\/festa-patronal-destellencs-en-honor-de-sant-joan-degollat\/","og_site_name":"Bisbat de Mallorca","article_published_time":"2026-08-31T09:51:30+00:00","article_modified_time":"2026-08-31T09:52:35+00:00","author":"Celia Rossell\u00f3","twitter_card":"summary_large_image","twitter_misc":{"Escrit per":"Celia Rossell\u00f3","Temps estimat de lectura":"1 minut"},"schema":{"@context":"https:\/\/schema.org","@graph":[{"@type":"Article","@id":"https:\/\/www.bisbatdemallorca.org\/festa-patronal-destellencs-en-honor-de-sant-joan-degollat\/#article","isPartOf":{"@id":"https:\/\/www.bisbatdemallorca.org\/festa-patronal-destellencs-en-honor-de-sant-joan-degollat\/"},"author":{"name":"Celia Rossell\u00f3","@id":"https:\/\/www.bisbatdemallorca.org\/ca\/#\/schema\/person\/c28e09d9a44c2b92d6ef8e13212d8bfb"},"headline":"Festa patronal d\u2019Estellencs en honor de Sant Joan Degollat","datePublished":"2026-08-31T09:51:30+00:00","dateModified":"2026-08-31T09:52:35+00:00","mainEntityOfPage":{"@id":"https:\/\/www.bisbatdemallorca.org\/festa-patronal-destellencs-en-honor-de-sant-joan-degollat\/"},"wordCount":502,"publisher":{"@id":"https:\/\/www.bisbatdemallorca.org\/ca\/#organization"},"image":{"@id":"https:\/\/www.bisbatdemallorca.org\/festa-patronal-destellencs-en-honor-de-sant-joan-degollat\/#primaryimage"},"thumbnailUrl":"https:\/\/www.bisbatdemallorca.org\/wp-content\/uploads\/2026\/08\/787818003_17991190644034119_994216594362362418_n.jpg","articleSection":["Agencia Bal\u00e8ria"],"inLanguage":"ca"},{"@type":"WebPage","@id":"https:\/\/www.bisbatdemallorca.org\/festa-patronal-destellencs-en-honor-de-sant-joan-degollat\/","url":"https:\/\/www.bisbatdemallorca.org\/festa-patronal-destellencs-en-honor-de-sant-joan-degollat\/","name":"Festa patronal d\u2019Estellencs en honor de Sant Joan Degollat","isPartOf":{"@id":"https:\/\/www.bisbatdemallorca.org\/ca\/#website"},"primaryImageOfPage":{"@id":"https:\/\/www.bisbatdemallorca.org\/festa-patronal-destellencs-en-honor-de-sant-joan-degollat\/#primaryimage"},"image":{"@id":"https:\/\/www.bisbatdemallorca.org\/festa-patronal-destellencs-en-honor-de-sant-joan-degollat\/#primaryimage"},"thumbnailUrl":"https:\/\/www.bisbatdemallorca.org\/wp-content\/uploads\/2026\/08\/787818003_17991190644034119_994216594362362418_n.jpg","datePublished":"2026-08-31T09:51:30+00:00","dateModified":"2026-08-31T09:52:35+00:00","breadcrumb":{"@id":"https:\/\/www.bisbatdemallorca.org\/festa-patronal-destellencs-en-honor-de-sant-joan-degollat\/#breadcrumb"},"inLanguage":"ca","potentialAction":[{"@type":"ReadAction","target":["https:\/\/www.bisbatdemallorca.org\/festa-patronal-destellencs-en-honor-de-sant-joan-degollat\/"]}]},{"@type":"ImageObject","inLanguage":"ca","@id":"https:\/\/www.bisbatdemallorca.org\/festa-patronal-destellencs-en-honor-de-sant-joan-degollat\/#primaryimage","url":"https:\/\/www.bisbatdemallorca.org\/wp-content\/uploads\/2026\/08\/787818003_17991190644034119_994216594362362418_n.jpg","contentUrl":"https:\/\/www.bisbatdemallorca.org\/wp-content\/uploads\/2026\/08\/787818003_17991190644034119_994216594362362418_n.jpg","width":1067,"height":712},{"@type":"BreadcrumbList","@id":"https:\/\/www.bisbatdemallorca.org\/festa-patronal-destellencs-en-honor-de-sant-joan-degollat\/#breadcrumb","itemListElement":[{"@type":"ListItem","position":1,"name":"Portada","item":"https:\/\/www.bisbatdemallorca.org\/ca\/"},{"@type":"ListItem","position":2,"name":"Fiesta patronal de Estellencs en honor de San Juan Degollado"}]},{"@type":"WebSite","@id":"https:\/\/www.bisbatdemallorca.org\/ca\/#website","url":"https:\/\/www.bisbatdemallorca.org\/ca\/","name":"Bisbat de Mallorca","description":"Just another WordPress site","publisher":{"@id":"https:\/\/www.bisbatdemallorca.org\/ca\/#organization"},"potentialAction":[{"@type":"SearchAction","target":{"@type":"EntryPoint","urlTemplate":"https:\/\/www.bisbatdemallorca.org\/ca\/?s={search_term_string}"},"query-input":{"@type":"PropertyValueSpecification","valueRequired":true,"valueName":"search_term_string"}}],"inLanguage":"ca"},{"@type":"Organization","@id":"https:\/\/www.bisbatdemallorca.org\/ca\/#organization","name":"Bisbat De Mallorca","url":"https:\/\/www.bisbatdemallorca.org\/ca\/","logo":{"@type":"ImageObject","inLanguage":"ca","@id":"https:\/\/www.bisbatdemallorca.org\/ca\/#\/schema\/logo\/image\/","url":"https:\/\/bisbatdemallorca.org\/wp-content\/uploads\/2022\/04\/Logo_Bisbat-de-Mallorca-scaled.jpeg","contentUrl":"https:\/\/bisbatdemallorca.org\/wp-content\/uploads\/2022\/04\/Logo_Bisbat-de-Mallorca-scaled.jpeg","width":2560,"height":1810,"caption":"Bisbat De Mallorca"},"image":{"@id":"https:\/\/www.bisbatdemallorca.org\/ca\/#\/schema\/logo\/image\/"}},{"@type":"Person","@id":"https:\/\/www.bisbatdemallorca.org\/ca\/#\/schema\/person\/c28e09d9a44c2b92d6ef8e13212d8bfb","name":"Celia Rossell\u00f3","image":{"@type":"ImageObject","inLanguage":"ca","@id":"https:\/\/secure.gravatar.com\/avatar\/420e0255b03790580e4c2533a9980850b0cb4d52047c59dcfe403090111c7959?s=96&d=mm&r=g","url":"https:\/\/secure.gravatar.com\/avatar\/420e0255b03790580e4c2533a9980850b0cb4d52047c59dcfe403090111c7959?s=96&d=mm&r=g","contentUrl":"https:\/\/secure.gravatar.com\/avatar\/420e0255b03790580e4c2533a9980850b0cb4d52047c59dcfe403090111c7959?s=96&d=mm&r=g","caption":"Celia Rossell\u00f3"},"url":"https:\/\/www.bisbatdemallorca.org\/ca\/author\/celia-rossello\/"}]}},"_links":{"self":[{"href":"https:\/\/www.bisbatdemallorca.org\/ca\/wp-json\/wp\/v2\/posts\/34017","targetHints":{"allow":["GET"]}}],"collection":[{"href":"https:\/\/www.bisbatdemallorca.org\/ca\/wp-json\/wp\/v2\/posts"}],"about":[{"href":"https:\/\/www.bisbatdemallorca.org\/ca\/wp-json\/wp\/v2\/types\/post"}],"author":[{"embeddable":true,"href":"https:\/\/www.bisbatdemallorca.org\/ca\/wp-json\/wp\/v2\/users\/4"}],"replies":[{"embeddable":true,"href":"https:\/\/www.bisbatdemallorca.org\/ca\/wp-json\/wp\/v2\/comments?post=34017"}],"version-history":[{"count":2,"href":"https:\/\/www.bisbatdemallorca.org\/ca\/wp-json\/wp\/v2\/posts\/34017\/revisions"}],"predecessor-version":[{"id":34024,"href":"https:\/\/www.bisbatdemallorca.org\/ca\/wp-json\/wp\/v2\/posts\/34017\/revisions\/34024"}],"wp:featuredmedia":[{"embeddable":true,"href":"https:\/\/www.bisbatdemallorca.org\/ca\/wp-json\/wp\/v2\/media\/34018"}],"wp:attachment":[{"href":"https:\/\/www.bisbatdemallorca.org\/ca\/wp-json\/wp\/v2\/media?parent=34017"}],"wp:term":[{"taxonomy":"category","embeddable":true,"href":"https:\/\/www.bisbatdemallorca.org\/ca\/wp-json\/wp\/v2\/categories?post=34017"},{"taxonomy":"post_tag","embeddable":true,"href":"https:\/\/www.bisbatdemallorca.org\/ca\/wp-json\/wp\/v2\/tags?post=34017"}],"curies":[{"name":"wp","href":"https:\/\/api.w.org\/{rel}","templated":true}]}}