{"id":34026,"date":"2026-08-31T12:12:20","date_gmt":"2026-08-31T10:12:20","guid":{"rendered":"https:\/\/www.bisbatdemallorca.org\/ca\/?p=34026"},"modified":"2026-08-31T12:15:58","modified_gmt":"2026-08-31T10:15:58","slug":"el-santuari-de-lluc-celebra-les-festes-de-la-diada-del-5-al-13-de-setembre","status":"publish","type":"post","link":"https:\/\/www.bisbatdemallorca.org\/ca\/el-santuari-de-lluc-celebra-les-festes-de-la-diada-del-5-al-13-de-setembre\/","title":{"rendered":"El Santuari de Lluc celebra les Festes de la Diada del 5 al 13 de setembre"},"content":{"rendered":"<p data-start=\"79\" data-end=\"258\"><strong data-start=\"79\" data-end=\"258\">Les celebracions en honor de la Mare de D\u00e9u de Lluc combinen actes religiosos, m\u00fasica, cultura popular, activitats familiars i propostes per con\u00e8ixer el patrimoni del Santuari<\/strong><\/p>\n<p data-start=\"260\" data-end=\"629\">El Santuari de Lluc es prepara per celebrar, del <strong data-start=\"309\" data-end=\"332\">5 al 13 de setembre<\/strong>, les <strong data-start=\"338\" data-end=\"365\">Festes de la Diada 2026<\/strong>, uns dies de festa i trobada al voltant de la Mare de D\u00e9u de Lluc que reuniran celebracions religioses, m\u00fasica, cultura popular, activitats familiars i diverses propostes per descobrir la hist\u00f2ria i el patrimoni del Santuari.<\/p>\n<p data-start=\"631\" data-end=\"929\">El programa comen\u00e7ar\u00e0 <strong data-start=\"653\" data-end=\"679\">dissabte 5 de setembre<\/strong> amb la missa de les 12.30 h i la Salve cantada per l\u2019Escolania. A les 19 h tindr\u00e0 lloc la vestici\u00f3 dels nous Blauets i, a les 21 h, al pati dels Blauets, la cloenda del curs instrumental a c\u00e0rrec de l\u2019Escolania.<\/p>\n<p data-start=\"931\" data-end=\"1391\"><strong data-start=\"931\" data-end=\"956\">Dijous 10 de setembre<\/strong> es reprendran les activitats amb la missa i la Salve, un taller de dibuix per a fam\u00edlies a c\u00e0rrec de Pepmi Garau i, a les 18 h, la cercavila, amb sortida de la pla\u00e7a del Bisbe Campins, i la pujada de la bandera de Lluc, amb la participaci\u00f3 dels caparrots i els Xeremiers de Lluc. La jornada acabar\u00e0 amb la missa i el tr\u00edduum en honor de la Mare de D\u00e9u de Lluc, amb la participaci\u00f3 de l\u2019Escolania.<\/p>\n<p data-start=\"1393\" data-end=\"2124\"><strong data-start=\"1393\" data-end=\"1421\">Divendres 11 de setembre<\/strong> hi haur\u00e0, a m\u00e9s de les celebracions lit\u00fargiques, un taller per als Blauets i les seves fam\u00edlies titulat <strong data-start=\"1526\" data-end=\"1567\">\u00abAprendre a tenir cura de la creaci\u00f3\u00bb<\/strong>, a c\u00e0rrec de la Delegaci\u00f3 d\u2019Ecologia del Bisbat de Mallorca. Tamb\u00e9 es far\u00e0 una jornada de portes obertes a l\u2019Arxiu de la Col\u00b7legiata de Lluc, amb una visita guiada en qu\u00e8 es podr\u00e0 con\u00e8ixer el fons documental, que inclou pergamins, manuscrits i documents dels segles XIII al XXI, aix\u00ed com el manuscrit original de <em data-start=\"1881\" data-end=\"1896\">La Balanguera<\/em>. La visita acabar\u00e0 a la Bas\u00edlica amb la interpretaci\u00f3 de <em data-start=\"1954\" data-end=\"1969\">La Balanguera<\/em> a c\u00e0rrec dels Blauets. El vespre es completar\u00e0 amb la missa i el tr\u00edduum i amb <strong data-start=\"2049\" data-end=\"2085\">La nit m\u00e0gica del M\u00e0gic Cloquell<\/strong>.<\/p>\n<h3 data-section-id=\"13ffod3\" data-start=\"2126\" data-end=\"2164\">La Festa de la Mare de D\u00e9u de Lluc<\/h3>\n<p data-start=\"2166\" data-end=\"2760\">El <strong data-start=\"2169\" data-end=\"2196\">dissabte 12 de setembre<\/strong>, Festa de la Mare de D\u00e9u de Lluc, el programa inclou una <strong data-start=\"2254\" data-end=\"2284\">\u00abPassetjada contemplativa\u00bb<\/strong>, la <strong data-start=\"2289\" data-end=\"2347\">VII Festa dels Goigs i Trobada de gogistes mallorquins<\/strong> i diverses celebracions lit\u00fargiques. Tamb\u00e9 hi haur\u00e0 una emissi\u00f3 en directe del programa de r\u00e0dio <em data-start=\"2445\" data-end=\"2460\">Onda Viajeros<\/em>, una cercavila amb els Xeremiers Orats i, a les 19 h, la commemoraci\u00f3 de la Trobada de Nostra Dona de Lluc, amb el r\u00e9s del Sant Rosari pels monuments dels Misteris, el cant dels Goigs del segle XVII <em data-start=\"2660\" data-end=\"2688\">Puix rebem tants de favors<\/em> i la veneraci\u00f3 de la Mare de D\u00e9u.<\/p>\n<p data-start=\"2762\" data-end=\"3120\">La jornada acabar\u00e0 amb la <strong data-start=\"2788\" data-end=\"2824\">tradicional Revetlla de la Diada<\/strong>, a partir de les 21.30 h a la pla\u00e7a dels Pelegrins, amb la participaci\u00f3 dels Balladors de Lluc i Sarau Alcudienc i una ballada popular amb balladors d\u2019arreu de Mallorca. A mitjanit, a la Bas\u00edlica, es cantar\u00e0 la Salve i es far\u00e0 el plegamans a la Mare de D\u00e9u.<\/p>\n<p data-start=\"3122\" data-end=\"3508\">Les festes culminaran <strong data-start=\"3144\" data-end=\"3190\">diumenge 13 de setembre, Festa de la Diada<\/strong>, amb la <strong data-start=\"3199\" data-end=\"3244\">XLV Pujada a Lluc a Peu de la Part Forana<\/strong>, que comen\u00e7ar\u00e0 a les 4.30 h a la pla\u00e7a del Bestiar d\u2019Inca. Els pelegrins seran rebuts a partir de les 6 h a Sa Font Coberta i Ca s\u2019Amitger, on hi haur\u00e0 xocolata i es lliuraran les tradicionals Mides de la Mare de D\u00e9u de Lluc.<\/p>\n<p data-start=\"3510\" data-end=\"4104\">A les 8.45 h tindr\u00e0 lloc la benvinguda als pelegrins i l\u2019ofrena dels pobles que han pujat a Lluc a peu, seguida de l\u2019Eucaristia dels pelegrins. A les <strong data-start=\"3660\" data-end=\"3668\">11 h<\/strong>, a la Bas\u00edlica, se celebrar\u00e0 la <strong data-start=\"3701\" data-end=\"3836\">Missa solemne de la Mare de D\u00e9u de Lluc, amb el ball de l\u2019Oferta, presidida pel bisbe de Mallorca, Mons. Sebasti\u00e0 Taltavull Anglada<\/strong>. La jornada continuar\u00e0 amb una ballada popular a l\u2019Acolliment i una missa a les 12.30 h. Durant tot el dia hi haur\u00e0 tamb\u00e9 jornada de portes obertes a la Sala dels Ex-vots, el Museu del Santuari i el Jard\u00ed Bot\u00e0nic del Germ\u00e0 Maci\u00e0.<\/p>\n<p data-start=\"4106\" data-end=\"4614\">El programa d\u2019enguany vol convidar a viure aquestes festes com un temps de <strong data-start=\"4181\" data-end=\"4259\">trobada, preg\u00e0ria i descoberta del patrimoni espiritual i cultural de Lluc<\/strong>. Com explica el prior del Santuari, Mari\u00e0 Gastalver, \u00abper estimar, primer \u00e9s necessari con\u00e8ixer\u00bb; per aix\u00f2, les activitats d\u2019aquests dies ofereixen tamb\u00e9 l\u2019oportunitat de descobrir alguns dels molts \u00abmisteris de Lluc\u00bb i la petjada que generacions de pelegrins, devots i persones vinculades al Santuari hi han deixat.<\/p>\n<p data-start=\"4616\" data-end=\"5025\">Aquest any, a m\u00e9s, les Festes de la Diada coincideixen amb dos aniversaris culturals destacats: el <strong data-start=\"4715\" data-end=\"4754\">centenari de la mort d\u2019Antoni Gaud\u00ed<\/strong> i el <strong data-start=\"4760\" data-end=\"4800\">centenari de la mort de Joan Alcover<\/strong>. El programa dedica una atenci\u00f3 especial a la vinculaci\u00f3 d\u2019ambd\u00f3s amb Lluc i, en el cas de Joan Alcover, al manuscrit original de <em data-start=\"4931\" data-end=\"4946\">La Balanguera<\/em>, que es conserva a l\u2019arxiu del Santuari.<\/p>\n<p data-start=\"5027\" data-end=\"5121\" data-is-last-node=\"\" data-is-only-node=\"\"><strong data-start=\"5027\" data-end=\"5121\" data-is-last-node=\"\">El programa complet de les Festes de la Diada 2026 es pot consultar <a href=\"https:\/\/www.bisbatdemallorca.org\/wp-content\/uploads\/2026\/08\/diada-26.pdf\">AQUI<\/a>.<\/strong><\/p>\n","protected":false},"excerpt":{"rendered":"<p>Les celebracions en honor de la Mare de D\u00e9u de  [&#8230;]<\/p>\n","protected":false},"author":4,"featured_media":34028,"comment_status":"closed","ping_status":"open","sticky":false,"template":"","format":"standard","meta":{"footnotes":""},"categories":[16],"tags":[],"class_list":["post-34026","post","type-post","status-publish","format-standard","has-post-thumbnail","hentry","category-agencia-baleria"],"yoast_head":"<!-- This site is optimized with the Yoast SEO plugin v28.3 - https:\/\/yoast.com\/product\/yoast-seo-wordpress\/ -->\n<title>El Santuari de Lluc celebra les Festes de la Diada del 5 al 13 de setembre<\/title>\n<meta name=\"robots\" content=\"index, follow, max-snippet:-1, max-image-preview:large, max-video-preview:-1\" \/>\n<link rel=\"canonical\" href=\"https:\/\/www.bisbatdemallorca.org\/ca\/el-santuari-de-lluc-celebra-les-festes-de-la-diada-del-5-al-13-de-setembre\/\" \/>\n<meta property=\"og:locale\" content=\"ca_ES\" \/>\n<meta property=\"og:locale:alternate\" content=\"es_ES\" \/>\n<meta property=\"og:type\" content=\"article\" \/>\n<meta property=\"og:title\" content=\"El Santuari de Lluc celebra les Festes de la Diada del 5 al 13 de setembre\" \/>\n<meta property=\"og:description\" content=\"Les celebracions en honor de la Mare de D\u00e9u de [...]\" \/>\n<meta property=\"og:url\" content=\"https:\/\/www.bisbatdemallorca.org\/ca\/el-santuari-de-lluc-celebra-les-festes-de-la-diada-del-5-al-13-de-setembre\/\" \/>\n<meta property=\"og:site_name\" content=\"Bisbat de Mallorca\" \/>\n<meta property=\"article:published_time\" content=\"2026-08-31T10:12:20+00:00\" \/>\n<meta property=\"article:modified_time\" content=\"2026-08-31T10:15:58+00:00\" \/>\n<meta property=\"og:image\" content=\"https:\/\/www.bisbatdemallorca.org\/wp-content\/uploads\/2026\/08\/IMG_8802.jpg\" \/>\n\t<meta property=\"og:image:width\" content=\"1082\" \/>\n\t<meta property=\"og:image:height\" content=\"1088\" \/>\n\t<meta property=\"og:image:type\" content=\"image\/jpeg\" \/>\n<meta name=\"author\" content=\"Celia Rossell\u00f3\" \/>\n<meta name=\"twitter:card\" content=\"summary_large_image\" \/>\n<meta name=\"twitter:label1\" content=\"Escrit per\" \/>\n\t<meta name=\"twitter:data1\" content=\"Celia Rossell\u00f3\" \/>\n\t<meta name=\"twitter:label2\" content=\"Temps estimat de lectura\" \/>\n\t<meta name=\"twitter:data2\" content=\"5 minuts\" \/>\n<script type=\"application\/ld+json\" class=\"yoast-schema-graph\">{\"@context\":\"https:\\\/\\\/schema.org\",\"@graph\":[{\"@type\":\"Article\",\"@id\":\"https:\\\/\\\/www.bisbatdemallorca.org\\\/el-santuari-de-lluc-celebra-les-festes-de-la-diada-del-5-al-13-de-setembre\\\/#article\",\"isPartOf\":{\"@id\":\"https:\\\/\\\/www.bisbatdemallorca.org\\\/el-santuari-de-lluc-celebra-les-festes-de-la-diada-del-5-al-13-de-setembre\\\/\"},\"author\":{\"name\":\"Celia Rossell\u00f3\",\"@id\":\"https:\\\/\\\/www.bisbatdemallorca.org\\\/ca\\\/#\\\/schema\\\/person\\\/c28e09d9a44c2b92d6ef8e13212d8bfb\"},\"headline\":\"El Santuari de Lluc celebra les Festes de la Diada del 5 al 13 de setembre\",\"datePublished\":\"2026-08-31T10:12:20+00:00\",\"dateModified\":\"2026-08-31T10:15:58+00:00\",\"mainEntityOfPage\":{\"@id\":\"https:\\\/\\\/www.bisbatdemallorca.org\\\/el-santuari-de-lluc-celebra-les-festes-de-la-diada-del-5-al-13-de-setembre\\\/\"},\"wordCount\":1749,\"publisher\":{\"@id\":\"https:\\\/\\\/www.bisbatdemallorca.org\\\/ca\\\/#organization\"},\"image\":{\"@id\":\"https:\\\/\\\/www.bisbatdemallorca.org\\\/el-santuari-de-lluc-celebra-les-festes-de-la-diada-del-5-al-13-de-setembre\\\/#primaryimage\"},\"thumbnailUrl\":\"https:\\\/\\\/www.bisbatdemallorca.org\\\/wp-content\\\/uploads\\\/2026\\\/08\\\/IMG_8802.jpg\",\"articleSection\":[\"Agencia Bal\u00e8ria\"],\"inLanguage\":\"ca\"},{\"@type\":\"WebPage\",\"@id\":\"https:\\\/\\\/www.bisbatdemallorca.org\\\/el-santuari-de-lluc-celebra-les-festes-de-la-diada-del-5-al-13-de-setembre\\\/\",\"url\":\"https:\\\/\\\/www.bisbatdemallorca.org\\\/el-santuari-de-lluc-celebra-les-festes-de-la-diada-del-5-al-13-de-setembre\\\/\",\"name\":\"El Santuari de Lluc celebra les Festes de la Diada del 5 al 13 de setembre\",\"isPartOf\":{\"@id\":\"https:\\\/\\\/www.bisbatdemallorca.org\\\/ca\\\/#website\"},\"primaryImageOfPage\":{\"@id\":\"https:\\\/\\\/www.bisbatdemallorca.org\\\/el-santuari-de-lluc-celebra-les-festes-de-la-diada-del-5-al-13-de-setembre\\\/#primaryimage\"},\"image\":{\"@id\":\"https:\\\/\\\/www.bisbatdemallorca.org\\\/el-santuari-de-lluc-celebra-les-festes-de-la-diada-del-5-al-13-de-setembre\\\/#primaryimage\"},\"thumbnailUrl\":\"https:\\\/\\\/www.bisbatdemallorca.org\\\/wp-content\\\/uploads\\\/2026\\\/08\\\/IMG_8802.jpg\",\"datePublished\":\"2026-08-31T10:12:20+00:00\",\"dateModified\":\"2026-08-31T10:15:58+00:00\",\"breadcrumb\":{\"@id\":\"https:\\\/\\\/www.bisbatdemallorca.org\\\/el-santuari-de-lluc-celebra-les-festes-de-la-diada-del-5-al-13-de-setembre\\\/#breadcrumb\"},\"inLanguage\":\"ca\",\"potentialAction\":[{\"@type\":\"ReadAction\",\"target\":[\"https:\\\/\\\/www.bisbatdemallorca.org\\\/el-santuari-de-lluc-celebra-les-festes-de-la-diada-del-5-al-13-de-setembre\\\/\"]}]},{\"@type\":\"ImageObject\",\"inLanguage\":\"ca\",\"@id\":\"https:\\\/\\\/www.bisbatdemallorca.org\\\/el-santuari-de-lluc-celebra-les-festes-de-la-diada-del-5-al-13-de-setembre\\\/#primaryimage\",\"url\":\"https:\\\/\\\/www.bisbatdemallorca.org\\\/wp-content\\\/uploads\\\/2026\\\/08\\\/IMG_8802.jpg\",\"contentUrl\":\"https:\\\/\\\/www.bisbatdemallorca.org\\\/wp-content\\\/uploads\\\/2026\\\/08\\\/IMG_8802.jpg\",\"width\":1082,\"height\":1088,\"caption\":\"Screenshot\"},{\"@type\":\"BreadcrumbList\",\"@id\":\"https:\\\/\\\/www.bisbatdemallorca.org\\\/el-santuari-de-lluc-celebra-les-festes-de-la-diada-del-5-al-13-de-setembre\\\/#breadcrumb\",\"itemListElement\":[{\"@type\":\"ListItem\",\"position\":1,\"name\":\"Portada\",\"item\":\"https:\\\/\\\/www.bisbatdemallorca.org\\\/ca\\\/\"},{\"@type\":\"ListItem\",\"position\":2,\"name\":\"El Santuario de Lluc celebra las Fiestas de la Diada del 5 al 13 de septiembre\"}]},{\"@type\":\"WebSite\",\"@id\":\"https:\\\/\\\/www.bisbatdemallorca.org\\\/ca\\\/#website\",\"url\":\"https:\\\/\\\/www.bisbatdemallorca.org\\\/ca\\\/\",\"name\":\"Bisbat de Mallorca\",\"description\":\"Just another WordPress site\",\"publisher\":{\"@id\":\"https:\\\/\\\/www.bisbatdemallorca.org\\\/ca\\\/#organization\"},\"potentialAction\":[{\"@type\":\"SearchAction\",\"target\":{\"@type\":\"EntryPoint\",\"urlTemplate\":\"https:\\\/\\\/www.bisbatdemallorca.org\\\/ca\\\/?s={search_term_string}\"},\"query-input\":{\"@type\":\"PropertyValueSpecification\",\"valueRequired\":true,\"valueName\":\"search_term_string\"}}],\"inLanguage\":\"ca\"},{\"@type\":\"Organization\",\"@id\":\"https:\\\/\\\/www.bisbatdemallorca.org\\\/ca\\\/#organization\",\"name\":\"Bisbat De Mallorca\",\"url\":\"https:\\\/\\\/www.bisbatdemallorca.org\\\/ca\\\/\",\"logo\":{\"@type\":\"ImageObject\",\"inLanguage\":\"ca\",\"@id\":\"https:\\\/\\\/www.bisbatdemallorca.org\\\/ca\\\/#\\\/schema\\\/logo\\\/image\\\/\",\"url\":\"https:\\\/\\\/bisbatdemallorca.org\\\/wp-content\\\/uploads\\\/2022\\\/04\\\/Logo_Bisbat-de-Mallorca-scaled.jpeg\",\"contentUrl\":\"https:\\\/\\\/bisbatdemallorca.org\\\/wp-content\\\/uploads\\\/2022\\\/04\\\/Logo_Bisbat-de-Mallorca-scaled.jpeg\",\"width\":2560,\"height\":1810,\"caption\":\"Bisbat De Mallorca\"},\"image\":{\"@id\":\"https:\\\/\\\/www.bisbatdemallorca.org\\\/ca\\\/#\\\/schema\\\/logo\\\/image\\\/\"}},{\"@type\":\"Person\",\"@id\":\"https:\\\/\\\/www.bisbatdemallorca.org\\\/ca\\\/#\\\/schema\\\/person\\\/c28e09d9a44c2b92d6ef8e13212d8bfb\",\"name\":\"Celia Rossell\u00f3\",\"image\":{\"@type\":\"ImageObject\",\"inLanguage\":\"ca\",\"@id\":\"https:\\\/\\\/secure.gravatar.com\\\/avatar\\\/420e0255b03790580e4c2533a9980850b0cb4d52047c59dcfe403090111c7959?s=96&d=mm&r=g\",\"url\":\"https:\\\/\\\/secure.gravatar.com\\\/avatar\\\/420e0255b03790580e4c2533a9980850b0cb4d52047c59dcfe403090111c7959?s=96&d=mm&r=g\",\"contentUrl\":\"https:\\\/\\\/secure.gravatar.com\\\/avatar\\\/420e0255b03790580e4c2533a9980850b0cb4d52047c59dcfe403090111c7959?s=96&d=mm&r=g\",\"caption\":\"Celia Rossell\u00f3\"},\"url\":\"https:\\\/\\\/www.bisbatdemallorca.org\\\/ca\\\/author\\\/celia-rossello\\\/\"}]}<\/script>\n<!-- \/ Yoast SEO plugin. -->","yoast_head_json":{"title":"El Santuari de Lluc celebra les Festes de la Diada del 5 al 13 de setembre","robots":{"index":"index","follow":"follow","max-snippet":"max-snippet:-1","max-image-preview":"max-image-preview:large","max-video-preview":"max-video-preview:-1"},"canonical":"https:\/\/www.bisbatdemallorca.org\/ca\/el-santuari-de-lluc-celebra-les-festes-de-la-diada-del-5-al-13-de-setembre\/","og_locale":"ca_ES","og_type":"article","og_title":"[:ca]El Santuari de Lluc celebra les Festes de la Diada del 5 al 13 de setembre[:es]El Santuario de Lluc celebra las Fiestas de la Diada del 5 al 13 de septiembre[:] - Bisbat de Mallorca","og_description":"Les celebracions en honor de la Mare de D\u00e9u de [...]","og_url":"https:\/\/www.bisbatdemallorca.org\/ca\/el-santuari-de-lluc-celebra-les-festes-de-la-diada-del-5-al-13-de-setembre\/","og_site_name":"Bisbat de Mallorca","article_published_time":"2026-08-31T10:12:20+00:00","article_modified_time":"2026-08-31T10:15:58+00:00","og_image":[{"width":1082,"height":1088,"url":"https:\/\/www.bisbatdemallorca.org\/wp-content\/uploads\/2026\/08\/IMG_8802.jpg","type":"image\/jpeg"}],"author":"Celia Rossell\u00f3","twitter_card":"summary_large_image","twitter_misc":{"Escrit per":"Celia Rossell\u00f3","Temps estimat de lectura":"5 minuts"},"schema":{"@context":"https:\/\/schema.org","@graph":[{"@type":"Article","@id":"https:\/\/www.bisbatdemallorca.org\/el-santuari-de-lluc-celebra-les-festes-de-la-diada-del-5-al-13-de-setembre\/#article","isPartOf":{"@id":"https:\/\/www.bisbatdemallorca.org\/el-santuari-de-lluc-celebra-les-festes-de-la-diada-del-5-al-13-de-setembre\/"},"author":{"name":"Celia Rossell\u00f3","@id":"https:\/\/www.bisbatdemallorca.org\/ca\/#\/schema\/person\/c28e09d9a44c2b92d6ef8e13212d8bfb"},"headline":"El Santuari de Lluc celebra les Festes de la Diada del 5 al 13 de setembre","datePublished":"2026-08-31T10:12:20+00:00","dateModified":"2026-08-31T10:15:58+00:00","mainEntityOfPage":{"@id":"https:\/\/www.bisbatdemallorca.org\/el-santuari-de-lluc-celebra-les-festes-de-la-diada-del-5-al-13-de-setembre\/"},"wordCount":1749,"publisher":{"@id":"https:\/\/www.bisbatdemallorca.org\/ca\/#organization"},"image":{"@id":"https:\/\/www.bisbatdemallorca.org\/el-santuari-de-lluc-celebra-les-festes-de-la-diada-del-5-al-13-de-setembre\/#primaryimage"},"thumbnailUrl":"https:\/\/www.bisbatdemallorca.org\/wp-content\/uploads\/2026\/08\/IMG_8802.jpg","articleSection":["Agencia Bal\u00e8ria"],"inLanguage":"ca"},{"@type":"WebPage","@id":"https:\/\/www.bisbatdemallorca.org\/el-santuari-de-lluc-celebra-les-festes-de-la-diada-del-5-al-13-de-setembre\/","url":"https:\/\/www.bisbatdemallorca.org\/el-santuari-de-lluc-celebra-les-festes-de-la-diada-del-5-al-13-de-setembre\/","name":"El Santuari de Lluc celebra les Festes de la Diada del 5 al 13 de setembre","isPartOf":{"@id":"https:\/\/www.bisbatdemallorca.org\/ca\/#website"},"primaryImageOfPage":{"@id":"https:\/\/www.bisbatdemallorca.org\/el-santuari-de-lluc-celebra-les-festes-de-la-diada-del-5-al-13-de-setembre\/#primaryimage"},"image":{"@id":"https:\/\/www.bisbatdemallorca.org\/el-santuari-de-lluc-celebra-les-festes-de-la-diada-del-5-al-13-de-setembre\/#primaryimage"},"thumbnailUrl":"https:\/\/www.bisbatdemallorca.org\/wp-content\/uploads\/2026\/08\/IMG_8802.jpg","datePublished":"2026-08-31T10:12:20+00:00","dateModified":"2026-08-31T10:15:58+00:00","breadcrumb":{"@id":"https:\/\/www.bisbatdemallorca.org\/el-santuari-de-lluc-celebra-les-festes-de-la-diada-del-5-al-13-de-setembre\/#breadcrumb"},"inLanguage":"ca","potentialAction":[{"@type":"ReadAction","target":["https:\/\/www.bisbatdemallorca.org\/el-santuari-de-lluc-celebra-les-festes-de-la-diada-del-5-al-13-de-setembre\/"]}]},{"@type":"ImageObject","inLanguage":"ca","@id":"https:\/\/www.bisbatdemallorca.org\/el-santuari-de-lluc-celebra-les-festes-de-la-diada-del-5-al-13-de-setembre\/#primaryimage","url":"https:\/\/www.bisbatdemallorca.org\/wp-content\/uploads\/2026\/08\/IMG_8802.jpg","contentUrl":"https:\/\/www.bisbatdemallorca.org\/wp-content\/uploads\/2026\/08\/IMG_8802.jpg","width":1082,"height":1088,"caption":"Screenshot"},{"@type":"BreadcrumbList","@id":"https:\/\/www.bisbatdemallorca.org\/el-santuari-de-lluc-celebra-les-festes-de-la-diada-del-5-al-13-de-setembre\/#breadcrumb","itemListElement":[{"@type":"ListItem","position":1,"name":"Portada","item":"https:\/\/www.bisbatdemallorca.org\/ca\/"},{"@type":"ListItem","position":2,"name":"El Santuario de Lluc celebra las Fiestas de la Diada del 5 al 13 de septiembre"}]},{"@type":"WebSite","@id":"https:\/\/www.bisbatdemallorca.org\/ca\/#website","url":"https:\/\/www.bisbatdemallorca.org\/ca\/","name":"Bisbat de Mallorca","description":"Just another WordPress site","publisher":{"@id":"https:\/\/www.bisbatdemallorca.org\/ca\/#organization"},"potentialAction":[{"@type":"SearchAction","target":{"@type":"EntryPoint","urlTemplate":"https:\/\/www.bisbatdemallorca.org\/ca\/?s={search_term_string}"},"query-input":{"@type":"PropertyValueSpecification","valueRequired":true,"valueName":"search_term_string"}}],"inLanguage":"ca"},{"@type":"Organization","@id":"https:\/\/www.bisbatdemallorca.org\/ca\/#organization","name":"Bisbat De Mallorca","url":"https:\/\/www.bisbatdemallorca.org\/ca\/","logo":{"@type":"ImageObject","inLanguage":"ca","@id":"https:\/\/www.bisbatdemallorca.org\/ca\/#\/schema\/logo\/image\/","url":"https:\/\/bisbatdemallorca.org\/wp-content\/uploads\/2022\/04\/Logo_Bisbat-de-Mallorca-scaled.jpeg","contentUrl":"https:\/\/bisbatdemallorca.org\/wp-content\/uploads\/2022\/04\/Logo_Bisbat-de-Mallorca-scaled.jpeg","width":2560,"height":1810,"caption":"Bisbat De Mallorca"},"image":{"@id":"https:\/\/www.bisbatdemallorca.org\/ca\/#\/schema\/logo\/image\/"}},{"@type":"Person","@id":"https:\/\/www.bisbatdemallorca.org\/ca\/#\/schema\/person\/c28e09d9a44c2b92d6ef8e13212d8bfb","name":"Celia Rossell\u00f3","image":{"@type":"ImageObject","inLanguage":"ca","@id":"https:\/\/secure.gravatar.com\/avatar\/420e0255b03790580e4c2533a9980850b0cb4d52047c59dcfe403090111c7959?s=96&d=mm&r=g","url":"https:\/\/secure.gravatar.com\/avatar\/420e0255b03790580e4c2533a9980850b0cb4d52047c59dcfe403090111c7959?s=96&d=mm&r=g","contentUrl":"https:\/\/secure.gravatar.com\/avatar\/420e0255b03790580e4c2533a9980850b0cb4d52047c59dcfe403090111c7959?s=96&d=mm&r=g","caption":"Celia Rossell\u00f3"},"url":"https:\/\/www.bisbatdemallorca.org\/ca\/author\/celia-rossello\/"}]}},"_links":{"self":[{"href":"https:\/\/www.bisbatdemallorca.org\/ca\/wp-json\/wp\/v2\/posts\/34026","targetHints":{"allow":["GET"]}}],"collection":[{"href":"https:\/\/www.bisbatdemallorca.org\/ca\/wp-json\/wp\/v2\/posts"}],"about":[{"href":"https:\/\/www.bisbatdemallorca.org\/ca\/wp-json\/wp\/v2\/types\/post"}],"author":[{"embeddable":true,"href":"https:\/\/www.bisbatdemallorca.org\/ca\/wp-json\/wp\/v2\/users\/4"}],"replies":[{"embeddable":true,"href":"https:\/\/www.bisbatdemallorca.org\/ca\/wp-json\/wp\/v2\/comments?post=34026"}],"version-history":[{"count":2,"href":"https:\/\/www.bisbatdemallorca.org\/ca\/wp-json\/wp\/v2\/posts\/34026\/revisions"}],"predecessor-version":[{"id":34030,"href":"https:\/\/www.bisbatdemallorca.org\/ca\/wp-json\/wp\/v2\/posts\/34026\/revisions\/34030"}],"wp:featuredmedia":[{"embeddable":true,"href":"https:\/\/www.bisbatdemallorca.org\/ca\/wp-json\/wp\/v2\/media\/34028"}],"wp:attachment":[{"href":"https:\/\/www.bisbatdemallorca.org\/ca\/wp-json\/wp\/v2\/media?parent=34026"}],"wp:term":[{"taxonomy":"category","embeddable":true,"href":"https:\/\/www.bisbatdemallorca.org\/ca\/wp-json\/wp\/v2\/categories?post=34026"},{"taxonomy":"post_tag","embeddable":true,"href":"https:\/\/www.bisbatdemallorca.org\/ca\/wp-json\/wp\/v2\/tags?post=34026"}],"curies":[{"name":"wp","href":"https:\/\/api.w.org\/{rel}","templated":true}]}}