{"id":34056,"date":"2026-09-02T09:48:02","date_gmt":"2026-09-02T07:48:02","guid":{"rendered":"https:\/\/www.bisbatdemallorca.org\/ca\/?p=34056"},"modified":"2026-09-02T09:58:44","modified_gmt":"2026-09-02T07:58:44","slug":"180-educadors-de-la-salle-de-palma-visiten-el-palau-episcopal-en-linici-de-curs","status":"publish","type":"post","link":"https:\/\/www.bisbatdemallorca.org\/ca\/180-educadors-de-la-salle-de-palma-visiten-el-palau-episcopal-en-linici-de-curs\/","title":{"rendered":"180 educadors de La Salle de Palma visiten el Palau Episcopal en l\u2019inici de curs"},"content":{"rendered":"<p data-start=\"186\" data-end=\"664\">Dimarts passat, 1 de setembre, els 180 educadors del Col\u00b7legi La Salle de Son Rapinya varen iniciar el nou curs amb una experi\u00e8ncia itinerant per diversos llocs de Palma. Durant la jornada varen visitar el Palau Episcopal, on varen ser rebuts pel bisbe de Mallorca, Mons. Sebasti\u00e0 Taltavull, amb qui varen poder compartir una estona de trobada i di\u00e0leg. L\u2019experi\u00e8ncia s\u2019emmarc\u00e0 en el lema que anima totes les obres educatives lasal\u00b7lianes d\u2019Europa: \u00abConstruint un m\u00f3n m\u00e9s fraternal\u00bb.<\/p>\n<p data-start=\"666\" data-end=\"1160\">Al llarg de l\u2019itinerari, els 16 grups de treball varen visitar tamb\u00e9 els Monestirs de la Pur\u00edssima Concepci\u00f3 (TOR) i de Santa Clara, la Casa Mare de les Religioses de Puresa de Maria, l&#8217;Oratori de Sant Felip Neri, el dels Missioners dels Sagrats Cors, el dels Frares Caputxins i les Religioses Franciscanes Filles de la Miseric\u00f2rdia. En tots aquests llocs varen rebre un acolliment fraternal i varen tenir l\u2019oportunitat de con\u00e8ixer de prop diferents realitats eclesials de Palma.<\/p>\n<p data-start=\"1162\" data-end=\"1473\">Aquesta experi\u00e8ncia ha perm\u00e8s als educadors iniciar el nou curs amb il\u00b7lusi\u00f3 i amb un comprom\u00eds renovat amb la missi\u00f3 educativa i evangelitzadora. L\u2019itinerari va culminar a la Cripta de Santa Creu, on es va tenir un temps de preg\u00e0ria i es varen escoltar unes paraules motivadores del director, Sr. Miquel Salom.<\/p>\n","protected":false},"excerpt":{"rendered":"<p>Dimarts passat, 1 de setembre, els 180 educadors del Col\u00b7legi  [&#8230;]<\/p>\n","protected":false},"author":4,"featured_media":34057,"comment_status":"closed","ping_status":"open","sticky":false,"template":"","format":"standard","meta":{"footnotes":""},"categories":[16],"tags":[],"class_list":["post-34056","post","type-post","status-publish","format-standard","has-post-thumbnail","hentry","category-agencia-baleria"],"yoast_head":"<!-- This site is optimized with the Yoast SEO plugin v28.3 - https:\/\/yoast.com\/product\/yoast-seo-wordpress\/ -->\n<title>180 educadors de La Salle de Palma visiten el Palau Episcopal en l\u2019inici de curs<\/title>\n<meta name=\"robots\" content=\"index, follow, max-snippet:-1, max-image-preview:large, max-video-preview:-1\" \/>\n<link rel=\"canonical\" href=\"https:\/\/www.bisbatdemallorca.org\/ca\/180-educadors-de-la-salle-de-palma-visiten-el-palau-episcopal-en-linici-de-curs\/\" \/>\n<meta property=\"og:locale\" content=\"ca_ES\" \/>\n<meta property=\"og:locale:alternate\" content=\"es_ES\" \/>\n<meta property=\"og:type\" content=\"article\" \/>\n<meta property=\"og:title\" content=\"180 educadors de La Salle de Palma visiten el Palau Episcopal en l\u2019inici de curs\" \/>\n<meta property=\"og:description\" content=\"Dimarts passat, 1 de setembre, els 180 educadors del Col\u00b7legi [...]\" \/>\n<meta property=\"og:url\" content=\"https:\/\/www.bisbatdemallorca.org\/ca\/180-educadors-de-la-salle-de-palma-visiten-el-palau-episcopal-en-linici-de-curs\/\" \/>\n<meta property=\"og:site_name\" content=\"Bisbat de Mallorca\" \/>\n<meta property=\"article:published_time\" content=\"2026-09-02T07:48:02+00:00\" \/>\n<meta property=\"article:modified_time\" content=\"2026-09-02T07:58:44+00:00\" \/>\n<meta property=\"og:image\" content=\"https:\/\/www.bisbatdemallorca.org\/wp-content\/uploads\/2026\/09\/WhatsApp-Image-2026-09-01-at-19.52.35.jpeg\" \/>\n\t<meta property=\"og:image:width\" content=\"1600\" \/>\n\t<meta property=\"og:image:height\" content=\"1200\" \/>\n\t<meta property=\"og:image:type\" content=\"image\/jpeg\" \/>\n<meta name=\"author\" content=\"Celia Rossell\u00f3\" \/>\n<meta name=\"twitter:card\" content=\"summary_large_image\" \/>\n<meta name=\"twitter:label1\" content=\"Escrit per\" \/>\n\t<meta name=\"twitter:data1\" content=\"Celia Rossell\u00f3\" \/>\n\t<meta name=\"twitter:label2\" content=\"Temps estimat de lectura\" \/>\n\t<meta name=\"twitter:data2\" content=\"2 minuts\" \/>\n<script type=\"application\/ld+json\" class=\"yoast-schema-graph\">{\"@context\":\"https:\\\/\\\/schema.org\",\"@graph\":[{\"@type\":\"Article\",\"@id\":\"https:\\\/\\\/www.bisbatdemallorca.org\\\/ca\\\/180-educadors-de-la-salle-de-palma-visiten-el-palau-episcopal-en-linici-de-curs\\\/#article\",\"isPartOf\":{\"@id\":\"https:\\\/\\\/www.bisbatdemallorca.org\\\/ca\\\/180-educadors-de-la-salle-de-palma-visiten-el-palau-episcopal-en-linici-de-curs\\\/\"},\"author\":{\"name\":\"Celia Rossell\u00f3\",\"@id\":\"https:\\\/\\\/www.bisbatdemallorca.org\\\/ca\\\/#\\\/schema\\\/person\\\/c28e09d9a44c2b92d6ef8e13212d8bfb\"},\"headline\":\"180 educadors de La Salle de Palma visiten el Palau Episcopal en l\u2019inici de curs\",\"datePublished\":\"2026-09-02T07:48:02+00:00\",\"dateModified\":\"2026-09-02T07:58:44+00:00\",\"mainEntityOfPage\":{\"@id\":\"https:\\\/\\\/www.bisbatdemallorca.org\\\/ca\\\/180-educadors-de-la-salle-de-palma-visiten-el-palau-episcopal-en-linici-de-curs\\\/\"},\"wordCount\":477,\"publisher\":{\"@id\":\"https:\\\/\\\/www.bisbatdemallorca.org\\\/ca\\\/#organization\"},\"image\":{\"@id\":\"https:\\\/\\\/www.bisbatdemallorca.org\\\/ca\\\/180-educadors-de-la-salle-de-palma-visiten-el-palau-episcopal-en-linici-de-curs\\\/#primaryimage\"},\"thumbnailUrl\":\"https:\\\/\\\/www.bisbatdemallorca.org\\\/wp-content\\\/uploads\\\/2026\\\/09\\\/WhatsApp-Image-2026-09-01-at-19.52.35.jpeg\",\"articleSection\":[\"Agencia Bal\u00e8ria\"],\"inLanguage\":\"ca\"},{\"@type\":\"WebPage\",\"@id\":\"https:\\\/\\\/www.bisbatdemallorca.org\\\/ca\\\/180-educadors-de-la-salle-de-palma-visiten-el-palau-episcopal-en-linici-de-curs\\\/\",\"url\":\"https:\\\/\\\/www.bisbatdemallorca.org\\\/ca\\\/180-educadors-de-la-salle-de-palma-visiten-el-palau-episcopal-en-linici-de-curs\\\/\",\"name\":\"180 educadors de La Salle de Palma visiten el Palau Episcopal en l\u2019inici de curs\",\"isPartOf\":{\"@id\":\"https:\\\/\\\/www.bisbatdemallorca.org\\\/ca\\\/#website\"},\"primaryImageOfPage\":{\"@id\":\"https:\\\/\\\/www.bisbatdemallorca.org\\\/ca\\\/180-educadors-de-la-salle-de-palma-visiten-el-palau-episcopal-en-linici-de-curs\\\/#primaryimage\"},\"image\":{\"@id\":\"https:\\\/\\\/www.bisbatdemallorca.org\\\/ca\\\/180-educadors-de-la-salle-de-palma-visiten-el-palau-episcopal-en-linici-de-curs\\\/#primaryimage\"},\"thumbnailUrl\":\"https:\\\/\\\/www.bisbatdemallorca.org\\\/wp-content\\\/uploads\\\/2026\\\/09\\\/WhatsApp-Image-2026-09-01-at-19.52.35.jpeg\",\"datePublished\":\"2026-09-02T07:48:02+00:00\",\"dateModified\":\"2026-09-02T07:58:44+00:00\",\"breadcrumb\":{\"@id\":\"https:\\\/\\\/www.bisbatdemallorca.org\\\/ca\\\/180-educadors-de-la-salle-de-palma-visiten-el-palau-episcopal-en-linici-de-curs\\\/#breadcrumb\"},\"inLanguage\":\"ca\",\"potentialAction\":[{\"@type\":\"ReadAction\",\"target\":[\"https:\\\/\\\/www.bisbatdemallorca.org\\\/ca\\\/180-educadors-de-la-salle-de-palma-visiten-el-palau-episcopal-en-linici-de-curs\\\/\"]}]},{\"@type\":\"ImageObject\",\"inLanguage\":\"ca\",\"@id\":\"https:\\\/\\\/www.bisbatdemallorca.org\\\/ca\\\/180-educadors-de-la-salle-de-palma-visiten-el-palau-episcopal-en-linici-de-curs\\\/#primaryimage\",\"url\":\"https:\\\/\\\/www.bisbatdemallorca.org\\\/wp-content\\\/uploads\\\/2026\\\/09\\\/WhatsApp-Image-2026-09-01-at-19.52.35.jpeg\",\"contentUrl\":\"https:\\\/\\\/www.bisbatdemallorca.org\\\/wp-content\\\/uploads\\\/2026\\\/09\\\/WhatsApp-Image-2026-09-01-at-19.52.35.jpeg\",\"width\":1600,\"height\":1200},{\"@type\":\"BreadcrumbList\",\"@id\":\"https:\\\/\\\/www.bisbatdemallorca.org\\\/ca\\\/180-educadors-de-la-salle-de-palma-visiten-el-palau-episcopal-en-linici-de-curs\\\/#breadcrumb\",\"itemListElement\":[{\"@type\":\"ListItem\",\"position\":1,\"name\":\"Portada\",\"item\":\"https:\\\/\\\/www.bisbatdemallorca.org\\\/ca\\\/\"},{\"@type\":\"ListItem\",\"position\":2,\"name\":\"180 educadors de La Salle de Palma visiten el Palau Episcopal en l\u2019inici de curs\"}]},{\"@type\":\"WebSite\",\"@id\":\"https:\\\/\\\/www.bisbatdemallorca.org\\\/ca\\\/#website\",\"url\":\"https:\\\/\\\/www.bisbatdemallorca.org\\\/ca\\\/\",\"name\":\"Bisbat de Mallorca\",\"description\":\"Just another WordPress site\",\"publisher\":{\"@id\":\"https:\\\/\\\/www.bisbatdemallorca.org\\\/ca\\\/#organization\"},\"potentialAction\":[{\"@type\":\"SearchAction\",\"target\":{\"@type\":\"EntryPoint\",\"urlTemplate\":\"https:\\\/\\\/www.bisbatdemallorca.org\\\/ca\\\/?s={search_term_string}\"},\"query-input\":{\"@type\":\"PropertyValueSpecification\",\"valueRequired\":true,\"valueName\":\"search_term_string\"}}],\"inLanguage\":\"ca\"},{\"@type\":\"Organization\",\"@id\":\"https:\\\/\\\/www.bisbatdemallorca.org\\\/ca\\\/#organization\",\"name\":\"Bisbat De Mallorca\",\"url\":\"https:\\\/\\\/www.bisbatdemallorca.org\\\/ca\\\/\",\"logo\":{\"@type\":\"ImageObject\",\"inLanguage\":\"ca\",\"@id\":\"https:\\\/\\\/www.bisbatdemallorca.org\\\/ca\\\/#\\\/schema\\\/logo\\\/image\\\/\",\"url\":\"https:\\\/\\\/bisbatdemallorca.org\\\/wp-content\\\/uploads\\\/2022\\\/04\\\/Logo_Bisbat-de-Mallorca-scaled.jpeg\",\"contentUrl\":\"https:\\\/\\\/bisbatdemallorca.org\\\/wp-content\\\/uploads\\\/2022\\\/04\\\/Logo_Bisbat-de-Mallorca-scaled.jpeg\",\"width\":2560,\"height\":1810,\"caption\":\"Bisbat De Mallorca\"},\"image\":{\"@id\":\"https:\\\/\\\/www.bisbatdemallorca.org\\\/ca\\\/#\\\/schema\\\/logo\\\/image\\\/\"}},{\"@type\":\"Person\",\"@id\":\"https:\\\/\\\/www.bisbatdemallorca.org\\\/ca\\\/#\\\/schema\\\/person\\\/c28e09d9a44c2b92d6ef8e13212d8bfb\",\"name\":\"Celia Rossell\u00f3\",\"image\":{\"@type\":\"ImageObject\",\"inLanguage\":\"ca\",\"@id\":\"https:\\\/\\\/secure.gravatar.com\\\/avatar\\\/420e0255b03790580e4c2533a9980850b0cb4d52047c59dcfe403090111c7959?s=96&d=mm&r=g\",\"url\":\"https:\\\/\\\/secure.gravatar.com\\\/avatar\\\/420e0255b03790580e4c2533a9980850b0cb4d52047c59dcfe403090111c7959?s=96&d=mm&r=g\",\"contentUrl\":\"https:\\\/\\\/secure.gravatar.com\\\/avatar\\\/420e0255b03790580e4c2533a9980850b0cb4d52047c59dcfe403090111c7959?s=96&d=mm&r=g\",\"caption\":\"Celia Rossell\u00f3\"},\"url\":\"https:\\\/\\\/www.bisbatdemallorca.org\\\/ca\\\/author\\\/celia-rossello\\\/\"}]}<\/script>\n<!-- \/ Yoast SEO plugin. -->","yoast_head_json":{"title":"180 educadors de La Salle de Palma visiten el Palau Episcopal en l\u2019inici de curs","robots":{"index":"index","follow":"follow","max-snippet":"max-snippet:-1","max-image-preview":"max-image-preview:large","max-video-preview":"max-video-preview:-1"},"canonical":"https:\/\/www.bisbatdemallorca.org\/ca\/180-educadors-de-la-salle-de-palma-visiten-el-palau-episcopal-en-linici-de-curs\/","og_locale":"ca_ES","og_type":"article","og_title":"[:ca]180 educadors de La Salle de Palma visiten el Palau Episcopal en l\u2019inici de curs[:es]180 educadores de La Salle de Palma visitan el Palacio Episcopal en el inicio de curso[:] - Bisbat de Mallorca","og_description":"Dimarts passat, 1 de setembre, els 180 educadors del Col\u00b7legi [...]","og_url":"https:\/\/www.bisbatdemallorca.org\/ca\/180-educadors-de-la-salle-de-palma-visiten-el-palau-episcopal-en-linici-de-curs\/","og_site_name":"Bisbat de Mallorca","article_published_time":"2026-09-02T07:48:02+00:00","article_modified_time":"2026-09-02T07:58:44+00:00","og_image":[{"width":1600,"height":1200,"url":"https:\/\/www.bisbatdemallorca.org\/wp-content\/uploads\/2026\/09\/WhatsApp-Image-2026-09-01-at-19.52.35.jpeg","type":"image\/jpeg"}],"author":"Celia Rossell\u00f3","twitter_card":"summary_large_image","twitter_misc":{"Escrit per":"Celia Rossell\u00f3","Temps estimat de lectura":"2 minuts"},"schema":{"@context":"https:\/\/schema.org","@graph":[{"@type":"Article","@id":"https:\/\/www.bisbatdemallorca.org\/ca\/180-educadors-de-la-salle-de-palma-visiten-el-palau-episcopal-en-linici-de-curs\/#article","isPartOf":{"@id":"https:\/\/www.bisbatdemallorca.org\/ca\/180-educadors-de-la-salle-de-palma-visiten-el-palau-episcopal-en-linici-de-curs\/"},"author":{"name":"Celia Rossell\u00f3","@id":"https:\/\/www.bisbatdemallorca.org\/ca\/#\/schema\/person\/c28e09d9a44c2b92d6ef8e13212d8bfb"},"headline":"180 educadors de La Salle de Palma visiten el Palau Episcopal en l\u2019inici de curs","datePublished":"2026-09-02T07:48:02+00:00","dateModified":"2026-09-02T07:58:44+00:00","mainEntityOfPage":{"@id":"https:\/\/www.bisbatdemallorca.org\/ca\/180-educadors-de-la-salle-de-palma-visiten-el-palau-episcopal-en-linici-de-curs\/"},"wordCount":477,"publisher":{"@id":"https:\/\/www.bisbatdemallorca.org\/ca\/#organization"},"image":{"@id":"https:\/\/www.bisbatdemallorca.org\/ca\/180-educadors-de-la-salle-de-palma-visiten-el-palau-episcopal-en-linici-de-curs\/#primaryimage"},"thumbnailUrl":"https:\/\/www.bisbatdemallorca.org\/wp-content\/uploads\/2026\/09\/WhatsApp-Image-2026-09-01-at-19.52.35.jpeg","articleSection":["Agencia Bal\u00e8ria"],"inLanguage":"ca"},{"@type":"WebPage","@id":"https:\/\/www.bisbatdemallorca.org\/ca\/180-educadors-de-la-salle-de-palma-visiten-el-palau-episcopal-en-linici-de-curs\/","url":"https:\/\/www.bisbatdemallorca.org\/ca\/180-educadors-de-la-salle-de-palma-visiten-el-palau-episcopal-en-linici-de-curs\/","name":"180 educadors de La Salle de Palma visiten el Palau Episcopal en l\u2019inici de curs","isPartOf":{"@id":"https:\/\/www.bisbatdemallorca.org\/ca\/#website"},"primaryImageOfPage":{"@id":"https:\/\/www.bisbatdemallorca.org\/ca\/180-educadors-de-la-salle-de-palma-visiten-el-palau-episcopal-en-linici-de-curs\/#primaryimage"},"image":{"@id":"https:\/\/www.bisbatdemallorca.org\/ca\/180-educadors-de-la-salle-de-palma-visiten-el-palau-episcopal-en-linici-de-curs\/#primaryimage"},"thumbnailUrl":"https:\/\/www.bisbatdemallorca.org\/wp-content\/uploads\/2026\/09\/WhatsApp-Image-2026-09-01-at-19.52.35.jpeg","datePublished":"2026-09-02T07:48:02+00:00","dateModified":"2026-09-02T07:58:44+00:00","breadcrumb":{"@id":"https:\/\/www.bisbatdemallorca.org\/ca\/180-educadors-de-la-salle-de-palma-visiten-el-palau-episcopal-en-linici-de-curs\/#breadcrumb"},"inLanguage":"ca","potentialAction":[{"@type":"ReadAction","target":["https:\/\/www.bisbatdemallorca.org\/ca\/180-educadors-de-la-salle-de-palma-visiten-el-palau-episcopal-en-linici-de-curs\/"]}]},{"@type":"ImageObject","inLanguage":"ca","@id":"https:\/\/www.bisbatdemallorca.org\/ca\/180-educadors-de-la-salle-de-palma-visiten-el-palau-episcopal-en-linici-de-curs\/#primaryimage","url":"https:\/\/www.bisbatdemallorca.org\/wp-content\/uploads\/2026\/09\/WhatsApp-Image-2026-09-01-at-19.52.35.jpeg","contentUrl":"https:\/\/www.bisbatdemallorca.org\/wp-content\/uploads\/2026\/09\/WhatsApp-Image-2026-09-01-at-19.52.35.jpeg","width":1600,"height":1200},{"@type":"BreadcrumbList","@id":"https:\/\/www.bisbatdemallorca.org\/ca\/180-educadors-de-la-salle-de-palma-visiten-el-palau-episcopal-en-linici-de-curs\/#breadcrumb","itemListElement":[{"@type":"ListItem","position":1,"name":"Portada","item":"https:\/\/www.bisbatdemallorca.org\/ca\/"},{"@type":"ListItem","position":2,"name":"180 educadors de La Salle de Palma visiten el Palau Episcopal en l\u2019inici de curs"}]},{"@type":"WebSite","@id":"https:\/\/www.bisbatdemallorca.org\/ca\/#website","url":"https:\/\/www.bisbatdemallorca.org\/ca\/","name":"Bisbat de Mallorca","description":"Just another WordPress site","publisher":{"@id":"https:\/\/www.bisbatdemallorca.org\/ca\/#organization"},"potentialAction":[{"@type":"SearchAction","target":{"@type":"EntryPoint","urlTemplate":"https:\/\/www.bisbatdemallorca.org\/ca\/?s={search_term_string}"},"query-input":{"@type":"PropertyValueSpecification","valueRequired":true,"valueName":"search_term_string"}}],"inLanguage":"ca"},{"@type":"Organization","@id":"https:\/\/www.bisbatdemallorca.org\/ca\/#organization","name":"Bisbat De Mallorca","url":"https:\/\/www.bisbatdemallorca.org\/ca\/","logo":{"@type":"ImageObject","inLanguage":"ca","@id":"https:\/\/www.bisbatdemallorca.org\/ca\/#\/schema\/logo\/image\/","url":"https:\/\/bisbatdemallorca.org\/wp-content\/uploads\/2022\/04\/Logo_Bisbat-de-Mallorca-scaled.jpeg","contentUrl":"https:\/\/bisbatdemallorca.org\/wp-content\/uploads\/2022\/04\/Logo_Bisbat-de-Mallorca-scaled.jpeg","width":2560,"height":1810,"caption":"Bisbat De Mallorca"},"image":{"@id":"https:\/\/www.bisbatdemallorca.org\/ca\/#\/schema\/logo\/image\/"}},{"@type":"Person","@id":"https:\/\/www.bisbatdemallorca.org\/ca\/#\/schema\/person\/c28e09d9a44c2b92d6ef8e13212d8bfb","name":"Celia Rossell\u00f3","image":{"@type":"ImageObject","inLanguage":"ca","@id":"https:\/\/secure.gravatar.com\/avatar\/420e0255b03790580e4c2533a9980850b0cb4d52047c59dcfe403090111c7959?s=96&d=mm&r=g","url":"https:\/\/secure.gravatar.com\/avatar\/420e0255b03790580e4c2533a9980850b0cb4d52047c59dcfe403090111c7959?s=96&d=mm&r=g","contentUrl":"https:\/\/secure.gravatar.com\/avatar\/420e0255b03790580e4c2533a9980850b0cb4d52047c59dcfe403090111c7959?s=96&d=mm&r=g","caption":"Celia Rossell\u00f3"},"url":"https:\/\/www.bisbatdemallorca.org\/ca\/author\/celia-rossello\/"}]}},"_links":{"self":[{"href":"https:\/\/www.bisbatdemallorca.org\/ca\/wp-json\/wp\/v2\/posts\/34056","targetHints":{"allow":["GET"]}}],"collection":[{"href":"https:\/\/www.bisbatdemallorca.org\/ca\/wp-json\/wp\/v2\/posts"}],"about":[{"href":"https:\/\/www.bisbatdemallorca.org\/ca\/wp-json\/wp\/v2\/types\/post"}],"author":[{"embeddable":true,"href":"https:\/\/www.bisbatdemallorca.org\/ca\/wp-json\/wp\/v2\/users\/4"}],"replies":[{"embeddable":true,"href":"https:\/\/www.bisbatdemallorca.org\/ca\/wp-json\/wp\/v2\/comments?post=34056"}],"version-history":[{"count":4,"href":"https:\/\/www.bisbatdemallorca.org\/ca\/wp-json\/wp\/v2\/posts\/34056\/revisions"}],"predecessor-version":[{"id":34061,"href":"https:\/\/www.bisbatdemallorca.org\/ca\/wp-json\/wp\/v2\/posts\/34056\/revisions\/34061"}],"wp:featuredmedia":[{"embeddable":true,"href":"https:\/\/www.bisbatdemallorca.org\/ca\/wp-json\/wp\/v2\/media\/34057"}],"wp:attachment":[{"href":"https:\/\/www.bisbatdemallorca.org\/ca\/wp-json\/wp\/v2\/media?parent=34056"}],"wp:term":[{"taxonomy":"category","embeddable":true,"href":"https:\/\/www.bisbatdemallorca.org\/ca\/wp-json\/wp\/v2\/categories?post=34056"},{"taxonomy":"post_tag","embeddable":true,"href":"https:\/\/www.bisbatdemallorca.org\/ca\/wp-json\/wp\/v2\/tags?post=34056"}],"curies":[{"name":"wp","href":"https:\/\/api.w.org\/{rel}","templated":true}]}}