{"id":34063,"date":"2026-09-02T10:06:36","date_gmt":"2026-09-02T08:06:36","guid":{"rendered":"https:\/\/www.bisbatdemallorca.org\/ca\/?p=34063"},"modified":"2026-09-02T10:35:44","modified_gmt":"2026-09-02T08:35:44","slug":"son-sardina-commemora-el-centenari-de-la-col%c2%b7locacio-de-la-primera-pedra-de-lesglesia-de-la-immaculada-concepcio","status":"publish","type":"post","link":"https:\/\/www.bisbatdemallorca.org\/ca\/son-sardina-commemora-el-centenari-de-la-col%c2%b7locacio-de-la-primera-pedra-de-lesglesia-de-la-immaculada-concepcio\/","title":{"rendered":"Son Sardina commemora el centenari de la col\u00b7locaci\u00f3 de la primera pedra de l\u2019esgl\u00e9sia de la Immaculada Concepci\u00f3"},"content":{"rendered":"<div class=\"flex max-w-full flex-col gap-4 grow\">\n<div class=\"min-h-8 text-message relative flex w-full flex-col items-end gap-2 text-start break-words whitespace-normal outline-none keyboard-focused:focus-ring [.text-message+&amp;]:mt-1\" dir=\"auto\" tabindex=\"0\" data-message-author-role=\"assistant\" data-message-id=\"97c24cbf-858d-441a-8e43-10cfd1adc5a4\" data-message-model-slug=\"gpt-5-6\" data-turn-start-message=\"true\">\n<div class=\"flex w-full flex-col gap-1 empty:hidden\">\n<div class=\"markdown prose dark:prose-invert wrap-break-word w-full light markdown-new-styling\">\n<p class=\"PDq2pG_selectionAnchorContainer\" data-start=\"119\" data-end=\"540\">El 8 d\u2019agost de 1926 es va col\u00b7locar la primera pedra de la nova esgl\u00e9sia de Son Sardina. Enguany, amb motiu del centenari d\u2019aquell moment, un grup de ve\u00efnats de Son Sardina \u2014Antoni Bauz\u00e1 Balaguer, Josep Llu\u00eds Hern\u00e1ndez Jaume, Antoni Marimon Riutort i Guillem Sastre Coll\u2014, amb el suport del vicari Mn. Albert Jos\u00e9 March\u00e1n, han impulsat un programa d\u2019activitats per commemorar aquesta efem\u00e8ride tan significativa per al poble.<\/p>\n<p data-start=\"542\" data-end=\"865\">Els actes commemoratius inclouen una exposici\u00f3 fotogr\u00e0fica, una confer\u00e8ncia i una visita guiada a l\u2019esgl\u00e9sia. La confer\u00e8ncia, a c\u00e0rrec del catedr\u00e0tic d\u2019Hist\u00f2ria Contempor\u00e0nia de la UIB Antoni Marimon Riutort, es va celebrar el passat 30 d\u2019agost i va comptar amb una gran assist\u00e8ncia.<\/p>\n<p data-start=\"867\" data-end=\"1131\">L\u2019exposici\u00f3 fotogr\u00e0fica, formada per unes 250 imatges que van ser recopilades per Antoni Bauz\u00e1, ofereix un recorregut per la hist\u00f2ria de Son Sardina i del seu entorn. La mostra repassa els or\u00edgens de Son Sardina, sa Garriga i Son Espanyol, aix\u00ed com la hist\u00f2ria de l\u2019antic oratori sardiner del segle XVIII. Tamb\u00e9 dedica una atenci\u00f3 especial als principals impulsors de la construcci\u00f3 del nou temple, als pl\u00e0nols i al proc\u00e9s de construcci\u00f3 de l\u2019esgl\u00e9sia, fins a arribar a la seva benedicci\u00f3. La mostra posa igualment en valor el paper que l\u2019esgl\u00e9sia ha tengut en la vida social i comunit\u00e0ria de Son Sardina al llarg d\u2019aquests darrers cent anys. L\u2019exposici\u00f3 es pot visitar fins diumenge 6 de setembre, de 18 a 20 h, tot i que est\u00e0 previst que romangui instal\u00b7lada durant m\u00e9s temps.<\/p>\n<p data-start=\"1608\" data-end=\"1997\">El programa commemoratiu es completar\u00e0 amb una visita guiada a l\u2019esgl\u00e9sia de la Immaculada Concepci\u00f3, a c\u00e0rrec de Josep Llu\u00eds Hern\u00e1ndez Jaume, que tendr\u00e0 lloc dissabte 5 de setembre, a les 10 h. La visita permetr\u00e0 con\u00e8ixer amb m\u00e9s detall la hist\u00f2ria de l\u2019edifici, el seu proc\u00e9s de construcci\u00f3 i alguns dels elements que formen part del patrimoni i de la mem\u00f2ria col\u00b7lectiva de Son Sardina.<\/p>\n<p data-start=\"1999\" data-end=\"2205\" data-is-last-node=\"\" data-is-only-node=\"\">Amb aquest conjunt d\u2019activitats, els organitzadors volen contribuir a recuperar i difondre la hist\u00f2ria de l\u2019esgl\u00e9sia i, alhora, posar en valor la mem\u00f2ria de Son Sardina al llarg d\u2019aquests darrers cent anys.<\/p>\n<\/div>\n<\/div>\n<\/div>\n<\/div>\n<div class=\"z-0 flex min-h-[46px] justify-start\"><\/div>\n<div class=\"pointer-events-none -mb-px h-px w-full opacity-0\" aria-hidden=\"true\"><\/div>\n","protected":false},"excerpt":{"rendered":"<p>El 8 d\u2019agost de 1926 es va col\u00b7locar la primera  [&#8230;]<\/p>\n","protected":false},"author":4,"featured_media":34067,"comment_status":"closed","ping_status":"open","sticky":false,"template":"","format":"standard","meta":{"footnotes":""},"categories":[16],"tags":[],"class_list":["post-34063","post","type-post","status-publish","format-standard","has-post-thumbnail","hentry","category-agencia-baleria"],"yoast_head":"<!-- This site is optimized with the Yoast SEO plugin v28.3 - https:\/\/yoast.com\/product\/yoast-seo-wordpress\/ -->\n<title>Son Sardina commemora el centenari de la col\u00b7locaci\u00f3 de la primera pedra de l\u2019esgl\u00e9sia de la Immaculada Concepci\u00f3<\/title>\n<meta name=\"robots\" content=\"index, follow, max-snippet:-1, max-image-preview:large, max-video-preview:-1\" \/>\n<link rel=\"canonical\" href=\"https:\/\/www.bisbatdemallorca.org\/ca\/son-sardina-commemora-el-centenari-de-la-col\u00b7locacio-de-la-primera-pedra-de-lesglesia-de-la-immaculada-concepcio\/\" \/>\n<meta property=\"og:locale\" content=\"ca_ES\" \/>\n<meta property=\"og:locale:alternate\" content=\"es_ES\" \/>\n<meta property=\"og:type\" content=\"article\" \/>\n<meta property=\"og:title\" content=\"Son Sardina commemora el centenari de la col\u00b7locaci\u00f3 de la primera pedra de l\u2019esgl\u00e9sia de la Immaculada Concepci\u00f3\" \/>\n<meta property=\"og:description\" content=\"El 8 d\u2019agost de 1926 es va col\u00b7locar la primera [...]\" \/>\n<meta property=\"og:url\" content=\"https:\/\/www.bisbatdemallorca.org\/ca\/son-sardina-commemora-el-centenari-de-la-col\u00b7locacio-de-la-primera-pedra-de-lesglesia-de-la-immaculada-concepcio\/\" \/>\n<meta property=\"og:site_name\" content=\"Bisbat de Mallorca\" \/>\n<meta property=\"article:published_time\" content=\"2026-09-02T08:06:36+00:00\" \/>\n<meta property=\"article:modified_time\" content=\"2026-09-02T08:35:44+00:00\" \/>\n<meta property=\"og:image\" content=\"https:\/\/www.bisbatdemallorca.org\/wp-content\/uploads\/2026\/09\/WhatsApp-Image-2026-09-01-at-13.06.25.jpeg\" \/>\n\t<meta property=\"og:image:width\" content=\"2040\" \/>\n\t<meta property=\"og:image:height\" content=\"1530\" \/>\n\t<meta property=\"og:image:type\" content=\"image\/jpeg\" \/>\n<meta name=\"author\" content=\"Celia Rossell\u00f3\" \/>\n<meta name=\"twitter:card\" content=\"summary_large_image\" \/>\n<meta name=\"twitter:label1\" content=\"Escrit per\" \/>\n\t<meta name=\"twitter:data1\" content=\"Celia Rossell\u00f3\" \/>\n\t<meta name=\"twitter:label2\" content=\"Temps estimat de lectura\" \/>\n\t<meta name=\"twitter:data2\" content=\"2 minuts\" \/>\n<script type=\"application\/ld+json\" class=\"yoast-schema-graph\">{\"@context\":\"https:\\\/\\\/schema.org\",\"@graph\":[{\"@type\":\"Article\",\"@id\":\"https:\\\/\\\/www.bisbatdemallorca.org\\\/ca\\\/son-sardina-commemora-el-centenari-de-la-col%c2%b7locacio-de-la-primera-pedra-de-lesglesia-de-la-immaculada-concepcio\\\/#article\",\"isPartOf\":{\"@id\":\"https:\\\/\\\/www.bisbatdemallorca.org\\\/ca\\\/son-sardina-commemora-el-centenari-de-la-col%c2%b7locacio-de-la-primera-pedra-de-lesglesia-de-la-immaculada-concepcio\\\/\"},\"author\":{\"name\":\"Celia Rossell\u00f3\",\"@id\":\"https:\\\/\\\/www.bisbatdemallorca.org\\\/ca\\\/#\\\/schema\\\/person\\\/c28e09d9a44c2b92d6ef8e13212d8bfb\"},\"headline\":\"Son Sardina commemora el centenari de la col\u00b7locaci\u00f3 de la primera pedra de l\u2019esgl\u00e9sia de la Immaculada Concepci\u00f3\",\"datePublished\":\"2026-09-02T08:06:36+00:00\",\"dateModified\":\"2026-09-02T08:35:44+00:00\",\"mainEntityOfPage\":{\"@id\":\"https:\\\/\\\/www.bisbatdemallorca.org\\\/ca\\\/son-sardina-commemora-el-centenari-de-la-col%c2%b7locacio-de-la-primera-pedra-de-lesglesia-de-la-immaculada-concepcio\\\/\"},\"wordCount\":816,\"publisher\":{\"@id\":\"https:\\\/\\\/www.bisbatdemallorca.org\\\/ca\\\/#organization\"},\"image\":{\"@id\":\"https:\\\/\\\/www.bisbatdemallorca.org\\\/ca\\\/son-sardina-commemora-el-centenari-de-la-col%c2%b7locacio-de-la-primera-pedra-de-lesglesia-de-la-immaculada-concepcio\\\/#primaryimage\"},\"thumbnailUrl\":\"https:\\\/\\\/www.bisbatdemallorca.org\\\/wp-content\\\/uploads\\\/2026\\\/09\\\/WhatsApp-Image-2026-09-01-at-13.06.25.jpeg\",\"articleSection\":[\"Agencia Bal\u00e8ria\"],\"inLanguage\":\"ca\"},{\"@type\":\"WebPage\",\"@id\":\"https:\\\/\\\/www.bisbatdemallorca.org\\\/ca\\\/son-sardina-commemora-el-centenari-de-la-col%c2%b7locacio-de-la-primera-pedra-de-lesglesia-de-la-immaculada-concepcio\\\/\",\"url\":\"https:\\\/\\\/www.bisbatdemallorca.org\\\/ca\\\/son-sardina-commemora-el-centenari-de-la-col%c2%b7locacio-de-la-primera-pedra-de-lesglesia-de-la-immaculada-concepcio\\\/\",\"name\":\"Son Sardina commemora el centenari de la col\u00b7locaci\u00f3 de la primera pedra de l\u2019esgl\u00e9sia de la Immaculada Concepci\u00f3\",\"isPartOf\":{\"@id\":\"https:\\\/\\\/www.bisbatdemallorca.org\\\/ca\\\/#website\"},\"primaryImageOfPage\":{\"@id\":\"https:\\\/\\\/www.bisbatdemallorca.org\\\/ca\\\/son-sardina-commemora-el-centenari-de-la-col%c2%b7locacio-de-la-primera-pedra-de-lesglesia-de-la-immaculada-concepcio\\\/#primaryimage\"},\"image\":{\"@id\":\"https:\\\/\\\/www.bisbatdemallorca.org\\\/ca\\\/son-sardina-commemora-el-centenari-de-la-col%c2%b7locacio-de-la-primera-pedra-de-lesglesia-de-la-immaculada-concepcio\\\/#primaryimage\"},\"thumbnailUrl\":\"https:\\\/\\\/www.bisbatdemallorca.org\\\/wp-content\\\/uploads\\\/2026\\\/09\\\/WhatsApp-Image-2026-09-01-at-13.06.25.jpeg\",\"datePublished\":\"2026-09-02T08:06:36+00:00\",\"dateModified\":\"2026-09-02T08:35:44+00:00\",\"breadcrumb\":{\"@id\":\"https:\\\/\\\/www.bisbatdemallorca.org\\\/ca\\\/son-sardina-commemora-el-centenari-de-la-col%c2%b7locacio-de-la-primera-pedra-de-lesglesia-de-la-immaculada-concepcio\\\/#breadcrumb\"},\"inLanguage\":\"ca\",\"potentialAction\":[{\"@type\":\"ReadAction\",\"target\":[\"https:\\\/\\\/www.bisbatdemallorca.org\\\/ca\\\/son-sardina-commemora-el-centenari-de-la-col%c2%b7locacio-de-la-primera-pedra-de-lesglesia-de-la-immaculada-concepcio\\\/\"]}]},{\"@type\":\"ImageObject\",\"inLanguage\":\"ca\",\"@id\":\"https:\\\/\\\/www.bisbatdemallorca.org\\\/ca\\\/son-sardina-commemora-el-centenari-de-la-col%c2%b7locacio-de-la-primera-pedra-de-lesglesia-de-la-immaculada-concepcio\\\/#primaryimage\",\"url\":\"https:\\\/\\\/www.bisbatdemallorca.org\\\/wp-content\\\/uploads\\\/2026\\\/09\\\/WhatsApp-Image-2026-09-01-at-13.06.25.jpeg\",\"contentUrl\":\"https:\\\/\\\/www.bisbatdemallorca.org\\\/wp-content\\\/uploads\\\/2026\\\/09\\\/WhatsApp-Image-2026-09-01-at-13.06.25.jpeg\",\"width\":2040,\"height\":1530},{\"@type\":\"BreadcrumbList\",\"@id\":\"https:\\\/\\\/www.bisbatdemallorca.org\\\/ca\\\/son-sardina-commemora-el-centenari-de-la-col%c2%b7locacio-de-la-primera-pedra-de-lesglesia-de-la-immaculada-concepcio\\\/#breadcrumb\",\"itemListElement\":[{\"@type\":\"ListItem\",\"position\":1,\"name\":\"Portada\",\"item\":\"https:\\\/\\\/www.bisbatdemallorca.org\\\/ca\\\/\"},{\"@type\":\"ListItem\",\"position\":2,\"name\":\"Son Sardina commemora el centenari de la col\u00b7locaci\u00f3 de la primera pedra de l\u2019esgl\u00e9sia de la Immaculada Concepci\u00f3\"}]},{\"@type\":\"WebSite\",\"@id\":\"https:\\\/\\\/www.bisbatdemallorca.org\\\/ca\\\/#website\",\"url\":\"https:\\\/\\\/www.bisbatdemallorca.org\\\/ca\\\/\",\"name\":\"Bisbat de Mallorca\",\"description\":\"Just another WordPress site\",\"publisher\":{\"@id\":\"https:\\\/\\\/www.bisbatdemallorca.org\\\/ca\\\/#organization\"},\"potentialAction\":[{\"@type\":\"SearchAction\",\"target\":{\"@type\":\"EntryPoint\",\"urlTemplate\":\"https:\\\/\\\/www.bisbatdemallorca.org\\\/ca\\\/?s={search_term_string}\"},\"query-input\":{\"@type\":\"PropertyValueSpecification\",\"valueRequired\":true,\"valueName\":\"search_term_string\"}}],\"inLanguage\":\"ca\"},{\"@type\":\"Organization\",\"@id\":\"https:\\\/\\\/www.bisbatdemallorca.org\\\/ca\\\/#organization\",\"name\":\"Bisbat De Mallorca\",\"url\":\"https:\\\/\\\/www.bisbatdemallorca.org\\\/ca\\\/\",\"logo\":{\"@type\":\"ImageObject\",\"inLanguage\":\"ca\",\"@id\":\"https:\\\/\\\/www.bisbatdemallorca.org\\\/ca\\\/#\\\/schema\\\/logo\\\/image\\\/\",\"url\":\"https:\\\/\\\/bisbatdemallorca.org\\\/wp-content\\\/uploads\\\/2022\\\/04\\\/Logo_Bisbat-de-Mallorca-scaled.jpeg\",\"contentUrl\":\"https:\\\/\\\/bisbatdemallorca.org\\\/wp-content\\\/uploads\\\/2022\\\/04\\\/Logo_Bisbat-de-Mallorca-scaled.jpeg\",\"width\":2560,\"height\":1810,\"caption\":\"Bisbat De Mallorca\"},\"image\":{\"@id\":\"https:\\\/\\\/www.bisbatdemallorca.org\\\/ca\\\/#\\\/schema\\\/logo\\\/image\\\/\"}},{\"@type\":\"Person\",\"@id\":\"https:\\\/\\\/www.bisbatdemallorca.org\\\/ca\\\/#\\\/schema\\\/person\\\/c28e09d9a44c2b92d6ef8e13212d8bfb\",\"name\":\"Celia Rossell\u00f3\",\"image\":{\"@type\":\"ImageObject\",\"inLanguage\":\"ca\",\"@id\":\"https:\\\/\\\/secure.gravatar.com\\\/avatar\\\/420e0255b03790580e4c2533a9980850b0cb4d52047c59dcfe403090111c7959?s=96&d=mm&r=g\",\"url\":\"https:\\\/\\\/secure.gravatar.com\\\/avatar\\\/420e0255b03790580e4c2533a9980850b0cb4d52047c59dcfe403090111c7959?s=96&d=mm&r=g\",\"contentUrl\":\"https:\\\/\\\/secure.gravatar.com\\\/avatar\\\/420e0255b03790580e4c2533a9980850b0cb4d52047c59dcfe403090111c7959?s=96&d=mm&r=g\",\"caption\":\"Celia Rossell\u00f3\"},\"url\":\"https:\\\/\\\/www.bisbatdemallorca.org\\\/ca\\\/author\\\/celia-rossello\\\/\"}]}<\/script>\n<!-- \/ Yoast SEO plugin. -->","yoast_head_json":{"title":"Son Sardina commemora el centenari de la col\u00b7locaci\u00f3 de la primera pedra de l\u2019esgl\u00e9sia de la Immaculada Concepci\u00f3","robots":{"index":"index","follow":"follow","max-snippet":"max-snippet:-1","max-image-preview":"max-image-preview:large","max-video-preview":"max-video-preview:-1"},"canonical":"https:\/\/www.bisbatdemallorca.org\/ca\/son-sardina-commemora-el-centenari-de-la-col\u00b7locacio-de-la-primera-pedra-de-lesglesia-de-la-immaculada-concepcio\/","og_locale":"ca_ES","og_type":"article","og_title":"[:ca]Son Sardina commemora el centenari de la col\u00b7locaci\u00f3 de la primera pedra de l\u2019esgl\u00e9sia de la Immaculada Concepci\u00f3[:es]Son Sardina conmemora el centenario de la colocaci\u00f3n de la primera piedra de la iglesia de la Inmaculada Concepci\u00f3n[:] - Bisbat de Mallorca","og_description":"El 8 d\u2019agost de 1926 es va col\u00b7locar la primera [...]","og_url":"https:\/\/www.bisbatdemallorca.org\/ca\/son-sardina-commemora-el-centenari-de-la-col\u00b7locacio-de-la-primera-pedra-de-lesglesia-de-la-immaculada-concepcio\/","og_site_name":"Bisbat de Mallorca","article_published_time":"2026-09-02T08:06:36+00:00","article_modified_time":"2026-09-02T08:35:44+00:00","og_image":[{"width":2040,"height":1530,"url":"https:\/\/www.bisbatdemallorca.org\/wp-content\/uploads\/2026\/09\/WhatsApp-Image-2026-09-01-at-13.06.25.jpeg","type":"image\/jpeg"}],"author":"Celia Rossell\u00f3","twitter_card":"summary_large_image","twitter_misc":{"Escrit per":"Celia Rossell\u00f3","Temps estimat de lectura":"2 minuts"},"schema":{"@context":"https:\/\/schema.org","@graph":[{"@type":"Article","@id":"https:\/\/www.bisbatdemallorca.org\/ca\/son-sardina-commemora-el-centenari-de-la-col%c2%b7locacio-de-la-primera-pedra-de-lesglesia-de-la-immaculada-concepcio\/#article","isPartOf":{"@id":"https:\/\/www.bisbatdemallorca.org\/ca\/son-sardina-commemora-el-centenari-de-la-col%c2%b7locacio-de-la-primera-pedra-de-lesglesia-de-la-immaculada-concepcio\/"},"author":{"name":"Celia Rossell\u00f3","@id":"https:\/\/www.bisbatdemallorca.org\/ca\/#\/schema\/person\/c28e09d9a44c2b92d6ef8e13212d8bfb"},"headline":"Son Sardina commemora el centenari de la col\u00b7locaci\u00f3 de la primera pedra de l\u2019esgl\u00e9sia de la Immaculada Concepci\u00f3","datePublished":"2026-09-02T08:06:36+00:00","dateModified":"2026-09-02T08:35:44+00:00","mainEntityOfPage":{"@id":"https:\/\/www.bisbatdemallorca.org\/ca\/son-sardina-commemora-el-centenari-de-la-col%c2%b7locacio-de-la-primera-pedra-de-lesglesia-de-la-immaculada-concepcio\/"},"wordCount":816,"publisher":{"@id":"https:\/\/www.bisbatdemallorca.org\/ca\/#organization"},"image":{"@id":"https:\/\/www.bisbatdemallorca.org\/ca\/son-sardina-commemora-el-centenari-de-la-col%c2%b7locacio-de-la-primera-pedra-de-lesglesia-de-la-immaculada-concepcio\/#primaryimage"},"thumbnailUrl":"https:\/\/www.bisbatdemallorca.org\/wp-content\/uploads\/2026\/09\/WhatsApp-Image-2026-09-01-at-13.06.25.jpeg","articleSection":["Agencia Bal\u00e8ria"],"inLanguage":"ca"},{"@type":"WebPage","@id":"https:\/\/www.bisbatdemallorca.org\/ca\/son-sardina-commemora-el-centenari-de-la-col%c2%b7locacio-de-la-primera-pedra-de-lesglesia-de-la-immaculada-concepcio\/","url":"https:\/\/www.bisbatdemallorca.org\/ca\/son-sardina-commemora-el-centenari-de-la-col%c2%b7locacio-de-la-primera-pedra-de-lesglesia-de-la-immaculada-concepcio\/","name":"Son Sardina commemora el centenari de la col\u00b7locaci\u00f3 de la primera pedra de l\u2019esgl\u00e9sia de la Immaculada Concepci\u00f3","isPartOf":{"@id":"https:\/\/www.bisbatdemallorca.org\/ca\/#website"},"primaryImageOfPage":{"@id":"https:\/\/www.bisbatdemallorca.org\/ca\/son-sardina-commemora-el-centenari-de-la-col%c2%b7locacio-de-la-primera-pedra-de-lesglesia-de-la-immaculada-concepcio\/#primaryimage"},"image":{"@id":"https:\/\/www.bisbatdemallorca.org\/ca\/son-sardina-commemora-el-centenari-de-la-col%c2%b7locacio-de-la-primera-pedra-de-lesglesia-de-la-immaculada-concepcio\/#primaryimage"},"thumbnailUrl":"https:\/\/www.bisbatdemallorca.org\/wp-content\/uploads\/2026\/09\/WhatsApp-Image-2026-09-01-at-13.06.25.jpeg","datePublished":"2026-09-02T08:06:36+00:00","dateModified":"2026-09-02T08:35:44+00:00","breadcrumb":{"@id":"https:\/\/www.bisbatdemallorca.org\/ca\/son-sardina-commemora-el-centenari-de-la-col%c2%b7locacio-de-la-primera-pedra-de-lesglesia-de-la-immaculada-concepcio\/#breadcrumb"},"inLanguage":"ca","potentialAction":[{"@type":"ReadAction","target":["https:\/\/www.bisbatdemallorca.org\/ca\/son-sardina-commemora-el-centenari-de-la-col%c2%b7locacio-de-la-primera-pedra-de-lesglesia-de-la-immaculada-concepcio\/"]}]},{"@type":"ImageObject","inLanguage":"ca","@id":"https:\/\/www.bisbatdemallorca.org\/ca\/son-sardina-commemora-el-centenari-de-la-col%c2%b7locacio-de-la-primera-pedra-de-lesglesia-de-la-immaculada-concepcio\/#primaryimage","url":"https:\/\/www.bisbatdemallorca.org\/wp-content\/uploads\/2026\/09\/WhatsApp-Image-2026-09-01-at-13.06.25.jpeg","contentUrl":"https:\/\/www.bisbatdemallorca.org\/wp-content\/uploads\/2026\/09\/WhatsApp-Image-2026-09-01-at-13.06.25.jpeg","width":2040,"height":1530},{"@type":"BreadcrumbList","@id":"https:\/\/www.bisbatdemallorca.org\/ca\/son-sardina-commemora-el-centenari-de-la-col%c2%b7locacio-de-la-primera-pedra-de-lesglesia-de-la-immaculada-concepcio\/#breadcrumb","itemListElement":[{"@type":"ListItem","position":1,"name":"Portada","item":"https:\/\/www.bisbatdemallorca.org\/ca\/"},{"@type":"ListItem","position":2,"name":"Son Sardina commemora el centenari de la col\u00b7locaci\u00f3 de la primera pedra de l\u2019esgl\u00e9sia de la Immaculada Concepci\u00f3"}]},{"@type":"WebSite","@id":"https:\/\/www.bisbatdemallorca.org\/ca\/#website","url":"https:\/\/www.bisbatdemallorca.org\/ca\/","name":"Bisbat de Mallorca","description":"Just another WordPress site","publisher":{"@id":"https:\/\/www.bisbatdemallorca.org\/ca\/#organization"},"potentialAction":[{"@type":"SearchAction","target":{"@type":"EntryPoint","urlTemplate":"https:\/\/www.bisbatdemallorca.org\/ca\/?s={search_term_string}"},"query-input":{"@type":"PropertyValueSpecification","valueRequired":true,"valueName":"search_term_string"}}],"inLanguage":"ca"},{"@type":"Organization","@id":"https:\/\/www.bisbatdemallorca.org\/ca\/#organization","name":"Bisbat De Mallorca","url":"https:\/\/www.bisbatdemallorca.org\/ca\/","logo":{"@type":"ImageObject","inLanguage":"ca","@id":"https:\/\/www.bisbatdemallorca.org\/ca\/#\/schema\/logo\/image\/","url":"https:\/\/bisbatdemallorca.org\/wp-content\/uploads\/2022\/04\/Logo_Bisbat-de-Mallorca-scaled.jpeg","contentUrl":"https:\/\/bisbatdemallorca.org\/wp-content\/uploads\/2022\/04\/Logo_Bisbat-de-Mallorca-scaled.jpeg","width":2560,"height":1810,"caption":"Bisbat De Mallorca"},"image":{"@id":"https:\/\/www.bisbatdemallorca.org\/ca\/#\/schema\/logo\/image\/"}},{"@type":"Person","@id":"https:\/\/www.bisbatdemallorca.org\/ca\/#\/schema\/person\/c28e09d9a44c2b92d6ef8e13212d8bfb","name":"Celia Rossell\u00f3","image":{"@type":"ImageObject","inLanguage":"ca","@id":"https:\/\/secure.gravatar.com\/avatar\/420e0255b03790580e4c2533a9980850b0cb4d52047c59dcfe403090111c7959?s=96&d=mm&r=g","url":"https:\/\/secure.gravatar.com\/avatar\/420e0255b03790580e4c2533a9980850b0cb4d52047c59dcfe403090111c7959?s=96&d=mm&r=g","contentUrl":"https:\/\/secure.gravatar.com\/avatar\/420e0255b03790580e4c2533a9980850b0cb4d52047c59dcfe403090111c7959?s=96&d=mm&r=g","caption":"Celia Rossell\u00f3"},"url":"https:\/\/www.bisbatdemallorca.org\/ca\/author\/celia-rossello\/"}]}},"_links":{"self":[{"href":"https:\/\/www.bisbatdemallorca.org\/ca\/wp-json\/wp\/v2\/posts\/34063","targetHints":{"allow":["GET"]}}],"collection":[{"href":"https:\/\/www.bisbatdemallorca.org\/ca\/wp-json\/wp\/v2\/posts"}],"about":[{"href":"https:\/\/www.bisbatdemallorca.org\/ca\/wp-json\/wp\/v2\/types\/post"}],"author":[{"embeddable":true,"href":"https:\/\/www.bisbatdemallorca.org\/ca\/wp-json\/wp\/v2\/users\/4"}],"replies":[{"embeddable":true,"href":"https:\/\/www.bisbatdemallorca.org\/ca\/wp-json\/wp\/v2\/comments?post=34063"}],"version-history":[{"count":7,"href":"https:\/\/www.bisbatdemallorca.org\/ca\/wp-json\/wp\/v2\/posts\/34063\/revisions"}],"predecessor-version":[{"id":34079,"href":"https:\/\/www.bisbatdemallorca.org\/ca\/wp-json\/wp\/v2\/posts\/34063\/revisions\/34079"}],"wp:featuredmedia":[{"embeddable":true,"href":"https:\/\/www.bisbatdemallorca.org\/ca\/wp-json\/wp\/v2\/media\/34067"}],"wp:attachment":[{"href":"https:\/\/www.bisbatdemallorca.org\/ca\/wp-json\/wp\/v2\/media?parent=34063"}],"wp:term":[{"taxonomy":"category","embeddable":true,"href":"https:\/\/www.bisbatdemallorca.org\/ca\/wp-json\/wp\/v2\/categories?post=34063"},{"taxonomy":"post_tag","embeddable":true,"href":"https:\/\/www.bisbatdemallorca.org\/ca\/wp-json\/wp\/v2\/tags?post=34063"}],"curies":[{"name":"wp","href":"https:\/\/api.w.org\/{rel}","templated":true}]}}