{"id":34073,"date":"2026-09-02T10:31:06","date_gmt":"2026-09-02T08:31:06","guid":{"rendered":"https:\/\/www.bisbatdemallorca.org\/ca\/?p=34073"},"modified":"2026-09-02T10:32:20","modified_gmt":"2026-09-02T08:32:20","slug":"sarraco-celebra-la-festa-de-sant-agusti-amb-lexaltacio-de-la-santa-creu","status":"publish","type":"post","link":"https:\/\/www.bisbatdemallorca.org\/ca\/sarraco-celebra-la-festa-de-sant-agusti-amb-lexaltacio-de-la-santa-creu\/","title":{"rendered":"S\u2019Arrac\u00f3 celebra la festa de Sant Agust\u00ed amb l\u2019Exaltaci\u00f3 de la Santa Creu"},"content":{"rendered":"<p data-start=\"79\" data-end=\"412\">En el marc de les festes patronals de Sant Agust\u00ed i de la Mare de D\u00e9u de la Trapa, la comunitat de s\u2019Arrac\u00f3 va celebrar el passat 28 d\u2019agost la missa solemne en honor al Sant Crist. Durant l\u2019Eucaristia es va celebrar tamb\u00e9 la lit\u00fargia de l\u2019Exaltaci\u00f3 de la Santa Creu, que tradicionalment t\u00e9 lloc amb motiu de la festa de Sant Agust\u00ed.<\/p>\n<p data-start=\"414\" data-end=\"663\">L\u2019origen d\u2019aquesta festivitat es remunta a la consagraci\u00f3 de la bas\u00edlica que es va construir a Jerusalem sobre el lloc de la mort i la sepultura de Jes\u00fas. Des d\u2019all\u00e0, la veneraci\u00f3 i exaltaci\u00f3 de la Creu salvadora es va estendre a tot el m\u00f3n cristi\u00e0.<\/p>\n<p data-start=\"665\" data-end=\"888\">La celebraci\u00f3 va ser presidida pel P. Carlos Fuentes, rector de les parr\u00f2quies de Calvi\u00e0 i delegat episcopal de Comunicaci\u00f3, i concelebrada per Mn. Joan Bordoy, rector de s\u2019Arrac\u00f3, i Mn. Antoni Pujol, rector de Valldemossa.<\/p>\n<p data-start=\"890\" data-end=\"1142\" data-is-last-node=\"\" data-is-only-node=\"\">L\u2019Eucaristia, que va comptar amb el tradicional Ball de l\u2019Oferta, va ser viscuda amb especial intensitat pels feligresos i va comptar amb la participaci\u00f3 de molts ve\u00efnats i ve\u00efnades de s\u2019Arrac\u00f3. A la celebraci\u00f3 hi va assistir tamb\u00e9 la batlessa d\u2019Andratx, Estefan\u00eda Gonzalvo.<\/p>\n","protected":false},"excerpt":{"rendered":"<p>En el marc de les festes patronals de Sant Agust\u00ed  [&#8230;]<\/p>\n","protected":false},"author":4,"featured_media":34074,"comment_status":"closed","ping_status":"open","sticky":false,"template":"","format":"standard","meta":{"footnotes":""},"categories":[16],"tags":[],"class_list":["post-34073","post","type-post","status-publish","format-standard","has-post-thumbnail","hentry","category-agencia-baleria"],"yoast_head":"<!-- This site is optimized with the Yoast SEO plugin v28.3 - https:\/\/yoast.com\/product\/yoast-seo-wordpress\/ -->\n<title>S\u2019Arrac\u00f3 celebra la festa de Sant Agust\u00ed amb l\u2019Exaltaci\u00f3 de la Santa Creu<\/title>\n<meta name=\"robots\" content=\"index, follow, max-snippet:-1, max-image-preview:large, max-video-preview:-1\" \/>\n<link rel=\"canonical\" href=\"https:\/\/www.bisbatdemallorca.org\/ca\/sarraco-celebra-la-festa-de-sant-agusti-amb-lexaltacio-de-la-santa-creu\/\" \/>\n<meta property=\"og:locale\" content=\"ca_ES\" \/>\n<meta property=\"og:locale:alternate\" content=\"es_ES\" \/>\n<meta property=\"og:type\" content=\"article\" \/>\n<meta property=\"og:title\" content=\"S\u2019Arrac\u00f3 celebra la festa de Sant Agust\u00ed amb l\u2019Exaltaci\u00f3 de la Santa Creu\" \/>\n<meta property=\"og:description\" content=\"En el marc de les festes patronals de Sant Agust\u00ed [...]\" \/>\n<meta property=\"og:url\" content=\"https:\/\/www.bisbatdemallorca.org\/ca\/sarraco-celebra-la-festa-de-sant-agusti-amb-lexaltacio-de-la-santa-creu\/\" \/>\n<meta property=\"og:site_name\" content=\"Bisbat de Mallorca\" \/>\n<meta property=\"article:published_time\" content=\"2026-09-02T08:31:06+00:00\" \/>\n<meta property=\"article:modified_time\" content=\"2026-09-02T08:32:20+00:00\" \/>\n<meta name=\"author\" content=\"Celia Rossell\u00f3\" \/>\n<meta name=\"twitter:card\" content=\"summary_large_image\" \/>\n<meta name=\"twitter:label1\" content=\"Escrit per\" \/>\n\t<meta name=\"twitter:data1\" content=\"Celia Rossell\u00f3\" \/>\n\t<meta name=\"twitter:label2\" content=\"Temps estimat de lectura\" \/>\n\t<meta name=\"twitter:data2\" content=\"1 minut\" \/>\n<script type=\"application\/ld+json\" class=\"yoast-schema-graph\">{\"@context\":\"https:\\\/\\\/schema.org\",\"@graph\":[{\"@type\":\"Article\",\"@id\":\"https:\\\/\\\/www.bisbatdemallorca.org\\\/sarraco-celebra-la-festa-de-sant-agusti-amb-lexaltacio-de-la-santa-creu\\\/#article\",\"isPartOf\":{\"@id\":\"https:\\\/\\\/www.bisbatdemallorca.org\\\/sarraco-celebra-la-festa-de-sant-agusti-amb-lexaltacio-de-la-santa-creu\\\/\"},\"author\":{\"name\":\"Celia Rossell\u00f3\",\"@id\":\"https:\\\/\\\/www.bisbatdemallorca.org\\\/ca\\\/#\\\/schema\\\/person\\\/c28e09d9a44c2b92d6ef8e13212d8bfb\"},\"headline\":\"S\u2019Arrac\u00f3 celebra la festa de Sant Agust\u00ed amb l\u2019Exaltaci\u00f3 de la Santa Creu\",\"datePublished\":\"2026-09-02T08:31:06+00:00\",\"dateModified\":\"2026-09-02T08:32:20+00:00\",\"mainEntityOfPage\":{\"@id\":\"https:\\\/\\\/www.bisbatdemallorca.org\\\/sarraco-celebra-la-festa-de-sant-agusti-amb-lexaltacio-de-la-santa-creu\\\/\"},\"wordCount\":450,\"publisher\":{\"@id\":\"https:\\\/\\\/www.bisbatdemallorca.org\\\/ca\\\/#organization\"},\"image\":{\"@id\":\"https:\\\/\\\/www.bisbatdemallorca.org\\\/sarraco-celebra-la-festa-de-sant-agusti-amb-lexaltacio-de-la-santa-creu\\\/#primaryimage\"},\"thumbnailUrl\":\"https:\\\/\\\/www.bisbatdemallorca.org\\\/wp-content\\\/uploads\\\/2026\\\/09\\\/WhatsApp-Image-2026-09-01-at-10.12.22.jpeg\",\"articleSection\":[\"Agencia Bal\u00e8ria\"],\"inLanguage\":\"ca\"},{\"@type\":\"WebPage\",\"@id\":\"https:\\\/\\\/www.bisbatdemallorca.org\\\/sarraco-celebra-la-festa-de-sant-agusti-amb-lexaltacio-de-la-santa-creu\\\/\",\"url\":\"https:\\\/\\\/www.bisbatdemallorca.org\\\/sarraco-celebra-la-festa-de-sant-agusti-amb-lexaltacio-de-la-santa-creu\\\/\",\"name\":\"S\u2019Arrac\u00f3 celebra la festa de Sant Agust\u00ed amb l\u2019Exaltaci\u00f3 de la Santa Creu\",\"isPartOf\":{\"@id\":\"https:\\\/\\\/www.bisbatdemallorca.org\\\/ca\\\/#website\"},\"primaryImageOfPage\":{\"@id\":\"https:\\\/\\\/www.bisbatdemallorca.org\\\/sarraco-celebra-la-festa-de-sant-agusti-amb-lexaltacio-de-la-santa-creu\\\/#primaryimage\"},\"image\":{\"@id\":\"https:\\\/\\\/www.bisbatdemallorca.org\\\/sarraco-celebra-la-festa-de-sant-agusti-amb-lexaltacio-de-la-santa-creu\\\/#primaryimage\"},\"thumbnailUrl\":\"https:\\\/\\\/www.bisbatdemallorca.org\\\/wp-content\\\/uploads\\\/2026\\\/09\\\/WhatsApp-Image-2026-09-01-at-10.12.22.jpeg\",\"datePublished\":\"2026-09-02T08:31:06+00:00\",\"dateModified\":\"2026-09-02T08:32:20+00:00\",\"breadcrumb\":{\"@id\":\"https:\\\/\\\/www.bisbatdemallorca.org\\\/sarraco-celebra-la-festa-de-sant-agusti-amb-lexaltacio-de-la-santa-creu\\\/#breadcrumb\"},\"inLanguage\":\"ca\",\"potentialAction\":[{\"@type\":\"ReadAction\",\"target\":[\"https:\\\/\\\/www.bisbatdemallorca.org\\\/sarraco-celebra-la-festa-de-sant-agusti-amb-lexaltacio-de-la-santa-creu\\\/\"]}]},{\"@type\":\"ImageObject\",\"inLanguage\":\"ca\",\"@id\":\"https:\\\/\\\/www.bisbatdemallorca.org\\\/sarraco-celebra-la-festa-de-sant-agusti-amb-lexaltacio-de-la-santa-creu\\\/#primaryimage\",\"url\":\"https:\\\/\\\/www.bisbatdemallorca.org\\\/wp-content\\\/uploads\\\/2026\\\/09\\\/WhatsApp-Image-2026-09-01-at-10.12.22.jpeg\",\"contentUrl\":\"https:\\\/\\\/www.bisbatdemallorca.org\\\/wp-content\\\/uploads\\\/2026\\\/09\\\/WhatsApp-Image-2026-09-01-at-10.12.22.jpeg\",\"width\":926,\"height\":1600},{\"@type\":\"BreadcrumbList\",\"@id\":\"https:\\\/\\\/www.bisbatdemallorca.org\\\/sarraco-celebra-la-festa-de-sant-agusti-amb-lexaltacio-de-la-santa-creu\\\/#breadcrumb\",\"itemListElement\":[{\"@type\":\"ListItem\",\"position\":1,\"name\":\"Portada\",\"item\":\"https:\\\/\\\/www.bisbatdemallorca.org\\\/ca\\\/\"},{\"@type\":\"ListItem\",\"position\":2,\"name\":\"S\u2019Arrac\u00f3 celebra la fiesta de San Agust\u00edn con la Exaltaci\u00f3n de la Santa Cruz\"}]},{\"@type\":\"WebSite\",\"@id\":\"https:\\\/\\\/www.bisbatdemallorca.org\\\/ca\\\/#website\",\"url\":\"https:\\\/\\\/www.bisbatdemallorca.org\\\/ca\\\/\",\"name\":\"Bisbat de Mallorca\",\"description\":\"Just another WordPress site\",\"publisher\":{\"@id\":\"https:\\\/\\\/www.bisbatdemallorca.org\\\/ca\\\/#organization\"},\"potentialAction\":[{\"@type\":\"SearchAction\",\"target\":{\"@type\":\"EntryPoint\",\"urlTemplate\":\"https:\\\/\\\/www.bisbatdemallorca.org\\\/ca\\\/?s={search_term_string}\"},\"query-input\":{\"@type\":\"PropertyValueSpecification\",\"valueRequired\":true,\"valueName\":\"search_term_string\"}}],\"inLanguage\":\"ca\"},{\"@type\":\"Organization\",\"@id\":\"https:\\\/\\\/www.bisbatdemallorca.org\\\/ca\\\/#organization\",\"name\":\"Bisbat De Mallorca\",\"url\":\"https:\\\/\\\/www.bisbatdemallorca.org\\\/ca\\\/\",\"logo\":{\"@type\":\"ImageObject\",\"inLanguage\":\"ca\",\"@id\":\"https:\\\/\\\/www.bisbatdemallorca.org\\\/ca\\\/#\\\/schema\\\/logo\\\/image\\\/\",\"url\":\"https:\\\/\\\/bisbatdemallorca.org\\\/wp-content\\\/uploads\\\/2022\\\/04\\\/Logo_Bisbat-de-Mallorca-scaled.jpeg\",\"contentUrl\":\"https:\\\/\\\/bisbatdemallorca.org\\\/wp-content\\\/uploads\\\/2022\\\/04\\\/Logo_Bisbat-de-Mallorca-scaled.jpeg\",\"width\":2560,\"height\":1810,\"caption\":\"Bisbat De Mallorca\"},\"image\":{\"@id\":\"https:\\\/\\\/www.bisbatdemallorca.org\\\/ca\\\/#\\\/schema\\\/logo\\\/image\\\/\"}},{\"@type\":\"Person\",\"@id\":\"https:\\\/\\\/www.bisbatdemallorca.org\\\/ca\\\/#\\\/schema\\\/person\\\/c28e09d9a44c2b92d6ef8e13212d8bfb\",\"name\":\"Celia Rossell\u00f3\",\"image\":{\"@type\":\"ImageObject\",\"inLanguage\":\"ca\",\"@id\":\"https:\\\/\\\/secure.gravatar.com\\\/avatar\\\/420e0255b03790580e4c2533a9980850b0cb4d52047c59dcfe403090111c7959?s=96&d=mm&r=g\",\"url\":\"https:\\\/\\\/secure.gravatar.com\\\/avatar\\\/420e0255b03790580e4c2533a9980850b0cb4d52047c59dcfe403090111c7959?s=96&d=mm&r=g\",\"contentUrl\":\"https:\\\/\\\/secure.gravatar.com\\\/avatar\\\/420e0255b03790580e4c2533a9980850b0cb4d52047c59dcfe403090111c7959?s=96&d=mm&r=g\",\"caption\":\"Celia Rossell\u00f3\"},\"url\":\"https:\\\/\\\/www.bisbatdemallorca.org\\\/ca\\\/author\\\/celia-rossello\\\/\"}]}<\/script>\n<!-- \/ Yoast SEO plugin. -->","yoast_head_json":{"title":"S\u2019Arrac\u00f3 celebra la festa de Sant Agust\u00ed amb l\u2019Exaltaci\u00f3 de la Santa Creu","robots":{"index":"index","follow":"follow","max-snippet":"max-snippet:-1","max-image-preview":"max-image-preview:large","max-video-preview":"max-video-preview:-1"},"canonical":"https:\/\/www.bisbatdemallorca.org\/ca\/sarraco-celebra-la-festa-de-sant-agusti-amb-lexaltacio-de-la-santa-creu\/","og_locale":"ca_ES","og_type":"article","og_title":"[:ca]S\u2019Arrac\u00f3 celebra la festa de Sant Agust\u00ed amb l\u2019Exaltaci\u00f3 de la Santa Creu[:es]S\u2019Arrac\u00f3 celebra la fiesta de San Agust\u00edn con la Exaltaci\u00f3n de la Santa Cruz[:] - Bisbat de Mallorca","og_description":"En el marc de les festes patronals de Sant Agust\u00ed [...]","og_url":"https:\/\/www.bisbatdemallorca.org\/ca\/sarraco-celebra-la-festa-de-sant-agusti-amb-lexaltacio-de-la-santa-creu\/","og_site_name":"Bisbat de Mallorca","article_published_time":"2026-09-02T08:31:06+00:00","article_modified_time":"2026-09-02T08:32:20+00:00","author":"Celia Rossell\u00f3","twitter_card":"summary_large_image","twitter_misc":{"Escrit per":"Celia Rossell\u00f3","Temps estimat de lectura":"1 minut"},"schema":{"@context":"https:\/\/schema.org","@graph":[{"@type":"Article","@id":"https:\/\/www.bisbatdemallorca.org\/sarraco-celebra-la-festa-de-sant-agusti-amb-lexaltacio-de-la-santa-creu\/#article","isPartOf":{"@id":"https:\/\/www.bisbatdemallorca.org\/sarraco-celebra-la-festa-de-sant-agusti-amb-lexaltacio-de-la-santa-creu\/"},"author":{"name":"Celia Rossell\u00f3","@id":"https:\/\/www.bisbatdemallorca.org\/ca\/#\/schema\/person\/c28e09d9a44c2b92d6ef8e13212d8bfb"},"headline":"S\u2019Arrac\u00f3 celebra la festa de Sant Agust\u00ed amb l\u2019Exaltaci\u00f3 de la Santa Creu","datePublished":"2026-09-02T08:31:06+00:00","dateModified":"2026-09-02T08:32:20+00:00","mainEntityOfPage":{"@id":"https:\/\/www.bisbatdemallorca.org\/sarraco-celebra-la-festa-de-sant-agusti-amb-lexaltacio-de-la-santa-creu\/"},"wordCount":450,"publisher":{"@id":"https:\/\/www.bisbatdemallorca.org\/ca\/#organization"},"image":{"@id":"https:\/\/www.bisbatdemallorca.org\/sarraco-celebra-la-festa-de-sant-agusti-amb-lexaltacio-de-la-santa-creu\/#primaryimage"},"thumbnailUrl":"https:\/\/www.bisbatdemallorca.org\/wp-content\/uploads\/2026\/09\/WhatsApp-Image-2026-09-01-at-10.12.22.jpeg","articleSection":["Agencia Bal\u00e8ria"],"inLanguage":"ca"},{"@type":"WebPage","@id":"https:\/\/www.bisbatdemallorca.org\/sarraco-celebra-la-festa-de-sant-agusti-amb-lexaltacio-de-la-santa-creu\/","url":"https:\/\/www.bisbatdemallorca.org\/sarraco-celebra-la-festa-de-sant-agusti-amb-lexaltacio-de-la-santa-creu\/","name":"S\u2019Arrac\u00f3 celebra la festa de Sant Agust\u00ed amb l\u2019Exaltaci\u00f3 de la Santa Creu","isPartOf":{"@id":"https:\/\/www.bisbatdemallorca.org\/ca\/#website"},"primaryImageOfPage":{"@id":"https:\/\/www.bisbatdemallorca.org\/sarraco-celebra-la-festa-de-sant-agusti-amb-lexaltacio-de-la-santa-creu\/#primaryimage"},"image":{"@id":"https:\/\/www.bisbatdemallorca.org\/sarraco-celebra-la-festa-de-sant-agusti-amb-lexaltacio-de-la-santa-creu\/#primaryimage"},"thumbnailUrl":"https:\/\/www.bisbatdemallorca.org\/wp-content\/uploads\/2026\/09\/WhatsApp-Image-2026-09-01-at-10.12.22.jpeg","datePublished":"2026-09-02T08:31:06+00:00","dateModified":"2026-09-02T08:32:20+00:00","breadcrumb":{"@id":"https:\/\/www.bisbatdemallorca.org\/sarraco-celebra-la-festa-de-sant-agusti-amb-lexaltacio-de-la-santa-creu\/#breadcrumb"},"inLanguage":"ca","potentialAction":[{"@type":"ReadAction","target":["https:\/\/www.bisbatdemallorca.org\/sarraco-celebra-la-festa-de-sant-agusti-amb-lexaltacio-de-la-santa-creu\/"]}]},{"@type":"ImageObject","inLanguage":"ca","@id":"https:\/\/www.bisbatdemallorca.org\/sarraco-celebra-la-festa-de-sant-agusti-amb-lexaltacio-de-la-santa-creu\/#primaryimage","url":"https:\/\/www.bisbatdemallorca.org\/wp-content\/uploads\/2026\/09\/WhatsApp-Image-2026-09-01-at-10.12.22.jpeg","contentUrl":"https:\/\/www.bisbatdemallorca.org\/wp-content\/uploads\/2026\/09\/WhatsApp-Image-2026-09-01-at-10.12.22.jpeg","width":926,"height":1600},{"@type":"BreadcrumbList","@id":"https:\/\/www.bisbatdemallorca.org\/sarraco-celebra-la-festa-de-sant-agusti-amb-lexaltacio-de-la-santa-creu\/#breadcrumb","itemListElement":[{"@type":"ListItem","position":1,"name":"Portada","item":"https:\/\/www.bisbatdemallorca.org\/ca\/"},{"@type":"ListItem","position":2,"name":"S\u2019Arrac\u00f3 celebra la fiesta de San Agust\u00edn con la Exaltaci\u00f3n de la Santa Cruz"}]},{"@type":"WebSite","@id":"https:\/\/www.bisbatdemallorca.org\/ca\/#website","url":"https:\/\/www.bisbatdemallorca.org\/ca\/","name":"Bisbat de Mallorca","description":"Just another WordPress site","publisher":{"@id":"https:\/\/www.bisbatdemallorca.org\/ca\/#organization"},"potentialAction":[{"@type":"SearchAction","target":{"@type":"EntryPoint","urlTemplate":"https:\/\/www.bisbatdemallorca.org\/ca\/?s={search_term_string}"},"query-input":{"@type":"PropertyValueSpecification","valueRequired":true,"valueName":"search_term_string"}}],"inLanguage":"ca"},{"@type":"Organization","@id":"https:\/\/www.bisbatdemallorca.org\/ca\/#organization","name":"Bisbat De Mallorca","url":"https:\/\/www.bisbatdemallorca.org\/ca\/","logo":{"@type":"ImageObject","inLanguage":"ca","@id":"https:\/\/www.bisbatdemallorca.org\/ca\/#\/schema\/logo\/image\/","url":"https:\/\/bisbatdemallorca.org\/wp-content\/uploads\/2022\/04\/Logo_Bisbat-de-Mallorca-scaled.jpeg","contentUrl":"https:\/\/bisbatdemallorca.org\/wp-content\/uploads\/2022\/04\/Logo_Bisbat-de-Mallorca-scaled.jpeg","width":2560,"height":1810,"caption":"Bisbat De Mallorca"},"image":{"@id":"https:\/\/www.bisbatdemallorca.org\/ca\/#\/schema\/logo\/image\/"}},{"@type":"Person","@id":"https:\/\/www.bisbatdemallorca.org\/ca\/#\/schema\/person\/c28e09d9a44c2b92d6ef8e13212d8bfb","name":"Celia Rossell\u00f3","image":{"@type":"ImageObject","inLanguage":"ca","@id":"https:\/\/secure.gravatar.com\/avatar\/420e0255b03790580e4c2533a9980850b0cb4d52047c59dcfe403090111c7959?s=96&d=mm&r=g","url":"https:\/\/secure.gravatar.com\/avatar\/420e0255b03790580e4c2533a9980850b0cb4d52047c59dcfe403090111c7959?s=96&d=mm&r=g","contentUrl":"https:\/\/secure.gravatar.com\/avatar\/420e0255b03790580e4c2533a9980850b0cb4d52047c59dcfe403090111c7959?s=96&d=mm&r=g","caption":"Celia Rossell\u00f3"},"url":"https:\/\/www.bisbatdemallorca.org\/ca\/author\/celia-rossello\/"}]}},"_links":{"self":[{"href":"https:\/\/www.bisbatdemallorca.org\/ca\/wp-json\/wp\/v2\/posts\/34073","targetHints":{"allow":["GET"]}}],"collection":[{"href":"https:\/\/www.bisbatdemallorca.org\/ca\/wp-json\/wp\/v2\/posts"}],"about":[{"href":"https:\/\/www.bisbatdemallorca.org\/ca\/wp-json\/wp\/v2\/types\/post"}],"author":[{"embeddable":true,"href":"https:\/\/www.bisbatdemallorca.org\/ca\/wp-json\/wp\/v2\/users\/4"}],"replies":[{"embeddable":true,"href":"https:\/\/www.bisbatdemallorca.org\/ca\/wp-json\/wp\/v2\/comments?post=34073"}],"version-history":[{"count":2,"href":"https:\/\/www.bisbatdemallorca.org\/ca\/wp-json\/wp\/v2\/posts\/34073\/revisions"}],"predecessor-version":[{"id":34076,"href":"https:\/\/www.bisbatdemallorca.org\/ca\/wp-json\/wp\/v2\/posts\/34073\/revisions\/34076"}],"wp:featuredmedia":[{"embeddable":true,"href":"https:\/\/www.bisbatdemallorca.org\/ca\/wp-json\/wp\/v2\/media\/34074"}],"wp:attachment":[{"href":"https:\/\/www.bisbatdemallorca.org\/ca\/wp-json\/wp\/v2\/media?parent=34073"}],"wp:term":[{"taxonomy":"category","embeddable":true,"href":"https:\/\/www.bisbatdemallorca.org\/ca\/wp-json\/wp\/v2\/categories?post=34073"},{"taxonomy":"post_tag","embeddable":true,"href":"https:\/\/www.bisbatdemallorca.org\/ca\/wp-json\/wp\/v2\/tags?post=34073"}],"curies":[{"name":"wp","href":"https:\/\/api.w.org\/{rel}","templated":true}]}}