{"id":34080,"date":"2026-09-02T10:43:26","date_gmt":"2026-09-02T08:43:26","guid":{"rendered":"https:\/\/www.bisbatdemallorca.org\/ca\/?p=34080"},"modified":"2026-09-02T10:48:49","modified_gmt":"2026-09-02T08:48:49","slug":"les-agustines-germanes-de-lempar-celebren-la-festa-de-sant-agusti-al-monestir-de-la-concepcio","status":"publish","type":"post","link":"https:\/\/www.bisbatdemallorca.org\/ca\/les-agustines-germanes-de-lempar-celebren-la-festa-de-sant-agusti-al-monestir-de-la-concepcio\/","title":{"rendered":"Les Agustines Germanes de l\u2019Empar celebren la festa de sant Agust\u00ed al monestir de la Concepci\u00f3"},"content":{"rendered":"<p data-start=\"100\" data-end=\"364\">El passat 28 d\u2019agost, les Agustines Germanes de l\u2019Empar varen celebrar la festa de sant Agust\u00ed al monestir de la Concepci\u00f3 de Palma, en una celebraci\u00f3 que va reunir les germanes de les diferents comunitats de Mallorca i nombrosos membres de la fam\u00edlia agustiniana.<\/p>\n<p data-start=\"366\" data-end=\"712\">L\u2019Eucaristia va ser presidida pel P. \u00c1lvaro Jos\u00e9 Garc\u00eda Cort\u00e9s, acompanyat pel seu germ\u00e0, el P. \u00c1ngel Garc\u00eda Cort\u00e9s, i pel diaca permanent Marcos Arturo Herrera Beltr\u00e1n, a m\u00e9s de cinc escolans. A la celebraci\u00f3 hi varen assistir la superiora general de la Congregaci\u00f3 i el seu consell, aix\u00ed com les germanes residents a les comunitats de Mallorca.<\/p>\n<p data-start=\"714\" data-end=\"1055\">Tamb\u00e9 hi varen participar membres de la fam\u00edlia agustiniana vinculats als col\u00b7legis de les Agustines de l\u2019Empar, membres de les confraries, especialment de la Confraria de Santa M\u00f2nica, i persones que participen en els recessos organitzats a la casa d\u2019espiritualitat de Son Fe.<\/p>\n<p data-start=\"1057\" data-end=\"1261\" data-is-last-node=\"\" data-is-only-node=\"\">En acabar l\u2019Eucaristia, els assistents varen poder venerar la rel\u00edquia de sant Agust\u00ed. La jornada va concloure amb un petit \u00e0pat compartit al claustre del convent, en un ambient fraternal i de celebraci\u00f3.<\/p>\n","protected":false},"excerpt":{"rendered":"<p>El passat 28 d\u2019agost, les Agustines Germanes de l\u2019Empar varen  [&#8230;]<\/p>\n","protected":false},"author":4,"featured_media":34081,"comment_status":"closed","ping_status":"open","sticky":false,"template":"","format":"standard","meta":{"footnotes":""},"categories":[16],"tags":[],"class_list":["post-34080","post","type-post","status-publish","format-standard","has-post-thumbnail","hentry","category-agencia-baleria"],"yoast_head":"<!-- This site is optimized with the Yoast SEO plugin v28.3 - https:\/\/yoast.com\/product\/yoast-seo-wordpress\/ -->\n<title>Les Agustines Germanes de l\u2019Empar celebren la festa de sant Agust\u00ed al monestir de la Concepci\u00f3<\/title>\n<meta name=\"robots\" content=\"index, follow, max-snippet:-1, max-image-preview:large, max-video-preview:-1\" \/>\n<link rel=\"canonical\" href=\"https:\/\/www.bisbatdemallorca.org\/ca\/les-agustines-germanes-de-lempar-celebren-la-festa-de-sant-agusti-al-monestir-de-la-concepcio\/\" \/>\n<meta property=\"og:locale\" content=\"ca_ES\" \/>\n<meta property=\"og:locale:alternate\" content=\"es_ES\" \/>\n<meta property=\"og:type\" content=\"article\" \/>\n<meta property=\"og:title\" content=\"Les Agustines Germanes de l\u2019Empar celebren la festa de sant Agust\u00ed al monestir de la Concepci\u00f3\" \/>\n<meta property=\"og:description\" content=\"El passat 28 d\u2019agost, les Agustines Germanes de l\u2019Empar varen [...]\" \/>\n<meta property=\"og:url\" content=\"https:\/\/www.bisbatdemallorca.org\/ca\/les-agustines-germanes-de-lempar-celebren-la-festa-de-sant-agusti-al-monestir-de-la-concepcio\/\" \/>\n<meta property=\"og:site_name\" content=\"Bisbat de Mallorca\" \/>\n<meta property=\"article:published_time\" content=\"2026-09-02T08:43:26+00:00\" \/>\n<meta property=\"article:modified_time\" content=\"2026-09-02T08:48:49+00:00\" \/>\n<meta name=\"author\" content=\"Celia Rossell\u00f3\" \/>\n<meta name=\"twitter:card\" content=\"summary_large_image\" \/>\n<meta name=\"twitter:label1\" content=\"Escrit per\" \/>\n\t<meta name=\"twitter:data1\" content=\"Celia Rossell\u00f3\" \/>\n\t<meta name=\"twitter:label2\" content=\"Temps estimat de lectura\" \/>\n\t<meta name=\"twitter:data2\" content=\"1 minut\" \/>\n<script type=\"application\/ld+json\" class=\"yoast-schema-graph\">{\"@context\":\"https:\\\/\\\/schema.org\",\"@graph\":[{\"@type\":\"Article\",\"@id\":\"https:\\\/\\\/www.bisbatdemallorca.org\\\/les-agustines-germanes-de-lempar-celebren-la-festa-de-sant-agusti-al-monestir-de-la-concepcio\\\/#article\",\"isPartOf\":{\"@id\":\"https:\\\/\\\/www.bisbatdemallorca.org\\\/les-agustines-germanes-de-lempar-celebren-la-festa-de-sant-agusti-al-monestir-de-la-concepcio\\\/\"},\"author\":{\"name\":\"Celia Rossell\u00f3\",\"@id\":\"https:\\\/\\\/www.bisbatdemallorca.org\\\/ca\\\/#\\\/schema\\\/person\\\/c28e09d9a44c2b92d6ef8e13212d8bfb\"},\"headline\":\"Les Agustines Germanes de l\u2019Empar celebren la festa de sant Agust\u00ed al monestir de la Concepci\u00f3\",\"datePublished\":\"2026-09-02T08:43:26+00:00\",\"dateModified\":\"2026-09-02T08:48:49+00:00\",\"mainEntityOfPage\":{\"@id\":\"https:\\\/\\\/www.bisbatdemallorca.org\\\/les-agustines-germanes-de-lempar-celebren-la-festa-de-sant-agusti-al-monestir-de-la-concepcio\\\/\"},\"wordCount\":433,\"publisher\":{\"@id\":\"https:\\\/\\\/www.bisbatdemallorca.org\\\/ca\\\/#organization\"},\"image\":{\"@id\":\"https:\\\/\\\/www.bisbatdemallorca.org\\\/les-agustines-germanes-de-lempar-celebren-la-festa-de-sant-agusti-al-monestir-de-la-concepcio\\\/#primaryimage\"},\"thumbnailUrl\":\"https:\\\/\\\/www.bisbatdemallorca.org\\\/wp-content\\\/uploads\\\/2026\\\/09\\\/1000132148.jpg\",\"articleSection\":[\"Agencia Bal\u00e8ria\"],\"inLanguage\":\"ca\"},{\"@type\":\"WebPage\",\"@id\":\"https:\\\/\\\/www.bisbatdemallorca.org\\\/les-agustines-germanes-de-lempar-celebren-la-festa-de-sant-agusti-al-monestir-de-la-concepcio\\\/\",\"url\":\"https:\\\/\\\/www.bisbatdemallorca.org\\\/les-agustines-germanes-de-lempar-celebren-la-festa-de-sant-agusti-al-monestir-de-la-concepcio\\\/\",\"name\":\"Les Agustines Germanes de l\u2019Empar celebren la festa de sant Agust\u00ed al monestir de la Concepci\u00f3\",\"isPartOf\":{\"@id\":\"https:\\\/\\\/www.bisbatdemallorca.org\\\/ca\\\/#website\"},\"primaryImageOfPage\":{\"@id\":\"https:\\\/\\\/www.bisbatdemallorca.org\\\/les-agustines-germanes-de-lempar-celebren-la-festa-de-sant-agusti-al-monestir-de-la-concepcio\\\/#primaryimage\"},\"image\":{\"@id\":\"https:\\\/\\\/www.bisbatdemallorca.org\\\/les-agustines-germanes-de-lempar-celebren-la-festa-de-sant-agusti-al-monestir-de-la-concepcio\\\/#primaryimage\"},\"thumbnailUrl\":\"https:\\\/\\\/www.bisbatdemallorca.org\\\/wp-content\\\/uploads\\\/2026\\\/09\\\/1000132148.jpg\",\"datePublished\":\"2026-09-02T08:43:26+00:00\",\"dateModified\":\"2026-09-02T08:48:49+00:00\",\"breadcrumb\":{\"@id\":\"https:\\\/\\\/www.bisbatdemallorca.org\\\/les-agustines-germanes-de-lempar-celebren-la-festa-de-sant-agusti-al-monestir-de-la-concepcio\\\/#breadcrumb\"},\"inLanguage\":\"ca\",\"potentialAction\":[{\"@type\":\"ReadAction\",\"target\":[\"https:\\\/\\\/www.bisbatdemallorca.org\\\/les-agustines-germanes-de-lempar-celebren-la-festa-de-sant-agusti-al-monestir-de-la-concepcio\\\/\"]}]},{\"@type\":\"ImageObject\",\"inLanguage\":\"ca\",\"@id\":\"https:\\\/\\\/www.bisbatdemallorca.org\\\/les-agustines-germanes-de-lempar-celebren-la-festa-de-sant-agusti-al-monestir-de-la-concepcio\\\/#primaryimage\",\"url\":\"https:\\\/\\\/www.bisbatdemallorca.org\\\/wp-content\\\/uploads\\\/2026\\\/09\\\/1000132148.jpg\",\"contentUrl\":\"https:\\\/\\\/www.bisbatdemallorca.org\\\/wp-content\\\/uploads\\\/2026\\\/09\\\/1000132148.jpg\",\"width\":1498,\"height\":1726},{\"@type\":\"BreadcrumbList\",\"@id\":\"https:\\\/\\\/www.bisbatdemallorca.org\\\/les-agustines-germanes-de-lempar-celebren-la-festa-de-sant-agusti-al-monestir-de-la-concepcio\\\/#breadcrumb\",\"itemListElement\":[{\"@type\":\"ListItem\",\"position\":1,\"name\":\"Portada\",\"item\":\"https:\\\/\\\/www.bisbatdemallorca.org\\\/ca\\\/\"},{\"@type\":\"ListItem\",\"position\":2,\"name\":\"Las Agustinas Hermanas del Amparo celebran la fiesta de San Agust\u00edn en el monasterio de la Concepci\u00f3n\"}]},{\"@type\":\"WebSite\",\"@id\":\"https:\\\/\\\/www.bisbatdemallorca.org\\\/ca\\\/#website\",\"url\":\"https:\\\/\\\/www.bisbatdemallorca.org\\\/ca\\\/\",\"name\":\"Bisbat de Mallorca\",\"description\":\"Just another WordPress site\",\"publisher\":{\"@id\":\"https:\\\/\\\/www.bisbatdemallorca.org\\\/ca\\\/#organization\"},\"potentialAction\":[{\"@type\":\"SearchAction\",\"target\":{\"@type\":\"EntryPoint\",\"urlTemplate\":\"https:\\\/\\\/www.bisbatdemallorca.org\\\/ca\\\/?s={search_term_string}\"},\"query-input\":{\"@type\":\"PropertyValueSpecification\",\"valueRequired\":true,\"valueName\":\"search_term_string\"}}],\"inLanguage\":\"ca\"},{\"@type\":\"Organization\",\"@id\":\"https:\\\/\\\/www.bisbatdemallorca.org\\\/ca\\\/#organization\",\"name\":\"Bisbat De Mallorca\",\"url\":\"https:\\\/\\\/www.bisbatdemallorca.org\\\/ca\\\/\",\"logo\":{\"@type\":\"ImageObject\",\"inLanguage\":\"ca\",\"@id\":\"https:\\\/\\\/www.bisbatdemallorca.org\\\/ca\\\/#\\\/schema\\\/logo\\\/image\\\/\",\"url\":\"https:\\\/\\\/bisbatdemallorca.org\\\/wp-content\\\/uploads\\\/2022\\\/04\\\/Logo_Bisbat-de-Mallorca-scaled.jpeg\",\"contentUrl\":\"https:\\\/\\\/bisbatdemallorca.org\\\/wp-content\\\/uploads\\\/2022\\\/04\\\/Logo_Bisbat-de-Mallorca-scaled.jpeg\",\"width\":2560,\"height\":1810,\"caption\":\"Bisbat De Mallorca\"},\"image\":{\"@id\":\"https:\\\/\\\/www.bisbatdemallorca.org\\\/ca\\\/#\\\/schema\\\/logo\\\/image\\\/\"}},{\"@type\":\"Person\",\"@id\":\"https:\\\/\\\/www.bisbatdemallorca.org\\\/ca\\\/#\\\/schema\\\/person\\\/c28e09d9a44c2b92d6ef8e13212d8bfb\",\"name\":\"Celia Rossell\u00f3\",\"image\":{\"@type\":\"ImageObject\",\"inLanguage\":\"ca\",\"@id\":\"https:\\\/\\\/secure.gravatar.com\\\/avatar\\\/420e0255b03790580e4c2533a9980850b0cb4d52047c59dcfe403090111c7959?s=96&d=mm&r=g\",\"url\":\"https:\\\/\\\/secure.gravatar.com\\\/avatar\\\/420e0255b03790580e4c2533a9980850b0cb4d52047c59dcfe403090111c7959?s=96&d=mm&r=g\",\"contentUrl\":\"https:\\\/\\\/secure.gravatar.com\\\/avatar\\\/420e0255b03790580e4c2533a9980850b0cb4d52047c59dcfe403090111c7959?s=96&d=mm&r=g\",\"caption\":\"Celia Rossell\u00f3\"},\"url\":\"https:\\\/\\\/www.bisbatdemallorca.org\\\/ca\\\/author\\\/celia-rossello\\\/\"}]}<\/script>\n<!-- \/ Yoast SEO plugin. -->","yoast_head_json":{"title":"Les Agustines Germanes de l\u2019Empar celebren la festa de sant Agust\u00ed al monestir de la Concepci\u00f3","robots":{"index":"index","follow":"follow","max-snippet":"max-snippet:-1","max-image-preview":"max-image-preview:large","max-video-preview":"max-video-preview:-1"},"canonical":"https:\/\/www.bisbatdemallorca.org\/ca\/les-agustines-germanes-de-lempar-celebren-la-festa-de-sant-agusti-al-monestir-de-la-concepcio\/","og_locale":"ca_ES","og_type":"article","og_title":"[:ca]Les Agustines Germanes de l\u2019Empar celebren la festa de sant Agust\u00ed al monestir de la Concepci\u00f3[:es]Las Agustinas Hermanas del Amparo celebran la fiesta de San Agust\u00edn en el monasterio de la Concepci\u00f3n[:] - Bisbat de Mallorca","og_description":"El passat 28 d\u2019agost, les Agustines Germanes de l\u2019Empar varen [...]","og_url":"https:\/\/www.bisbatdemallorca.org\/ca\/les-agustines-germanes-de-lempar-celebren-la-festa-de-sant-agusti-al-monestir-de-la-concepcio\/","og_site_name":"Bisbat de Mallorca","article_published_time":"2026-09-02T08:43:26+00:00","article_modified_time":"2026-09-02T08:48:49+00:00","author":"Celia Rossell\u00f3","twitter_card":"summary_large_image","twitter_misc":{"Escrit per":"Celia Rossell\u00f3","Temps estimat de lectura":"1 minut"},"schema":{"@context":"https:\/\/schema.org","@graph":[{"@type":"Article","@id":"https:\/\/www.bisbatdemallorca.org\/les-agustines-germanes-de-lempar-celebren-la-festa-de-sant-agusti-al-monestir-de-la-concepcio\/#article","isPartOf":{"@id":"https:\/\/www.bisbatdemallorca.org\/les-agustines-germanes-de-lempar-celebren-la-festa-de-sant-agusti-al-monestir-de-la-concepcio\/"},"author":{"name":"Celia Rossell\u00f3","@id":"https:\/\/www.bisbatdemallorca.org\/ca\/#\/schema\/person\/c28e09d9a44c2b92d6ef8e13212d8bfb"},"headline":"Les Agustines Germanes de l\u2019Empar celebren la festa de sant Agust\u00ed al monestir de la Concepci\u00f3","datePublished":"2026-09-02T08:43:26+00:00","dateModified":"2026-09-02T08:48:49+00:00","mainEntityOfPage":{"@id":"https:\/\/www.bisbatdemallorca.org\/les-agustines-germanes-de-lempar-celebren-la-festa-de-sant-agusti-al-monestir-de-la-concepcio\/"},"wordCount":433,"publisher":{"@id":"https:\/\/www.bisbatdemallorca.org\/ca\/#organization"},"image":{"@id":"https:\/\/www.bisbatdemallorca.org\/les-agustines-germanes-de-lempar-celebren-la-festa-de-sant-agusti-al-monestir-de-la-concepcio\/#primaryimage"},"thumbnailUrl":"https:\/\/www.bisbatdemallorca.org\/wp-content\/uploads\/2026\/09\/1000132148.jpg","articleSection":["Agencia Bal\u00e8ria"],"inLanguage":"ca"},{"@type":"WebPage","@id":"https:\/\/www.bisbatdemallorca.org\/les-agustines-germanes-de-lempar-celebren-la-festa-de-sant-agusti-al-monestir-de-la-concepcio\/","url":"https:\/\/www.bisbatdemallorca.org\/les-agustines-germanes-de-lempar-celebren-la-festa-de-sant-agusti-al-monestir-de-la-concepcio\/","name":"Les Agustines Germanes de l\u2019Empar celebren la festa de sant Agust\u00ed al monestir de la Concepci\u00f3","isPartOf":{"@id":"https:\/\/www.bisbatdemallorca.org\/ca\/#website"},"primaryImageOfPage":{"@id":"https:\/\/www.bisbatdemallorca.org\/les-agustines-germanes-de-lempar-celebren-la-festa-de-sant-agusti-al-monestir-de-la-concepcio\/#primaryimage"},"image":{"@id":"https:\/\/www.bisbatdemallorca.org\/les-agustines-germanes-de-lempar-celebren-la-festa-de-sant-agusti-al-monestir-de-la-concepcio\/#primaryimage"},"thumbnailUrl":"https:\/\/www.bisbatdemallorca.org\/wp-content\/uploads\/2026\/09\/1000132148.jpg","datePublished":"2026-09-02T08:43:26+00:00","dateModified":"2026-09-02T08:48:49+00:00","breadcrumb":{"@id":"https:\/\/www.bisbatdemallorca.org\/les-agustines-germanes-de-lempar-celebren-la-festa-de-sant-agusti-al-monestir-de-la-concepcio\/#breadcrumb"},"inLanguage":"ca","potentialAction":[{"@type":"ReadAction","target":["https:\/\/www.bisbatdemallorca.org\/les-agustines-germanes-de-lempar-celebren-la-festa-de-sant-agusti-al-monestir-de-la-concepcio\/"]}]},{"@type":"ImageObject","inLanguage":"ca","@id":"https:\/\/www.bisbatdemallorca.org\/les-agustines-germanes-de-lempar-celebren-la-festa-de-sant-agusti-al-monestir-de-la-concepcio\/#primaryimage","url":"https:\/\/www.bisbatdemallorca.org\/wp-content\/uploads\/2026\/09\/1000132148.jpg","contentUrl":"https:\/\/www.bisbatdemallorca.org\/wp-content\/uploads\/2026\/09\/1000132148.jpg","width":1498,"height":1726},{"@type":"BreadcrumbList","@id":"https:\/\/www.bisbatdemallorca.org\/les-agustines-germanes-de-lempar-celebren-la-festa-de-sant-agusti-al-monestir-de-la-concepcio\/#breadcrumb","itemListElement":[{"@type":"ListItem","position":1,"name":"Portada","item":"https:\/\/www.bisbatdemallorca.org\/ca\/"},{"@type":"ListItem","position":2,"name":"Las Agustinas Hermanas del Amparo celebran la fiesta de San Agust\u00edn en el monasterio de la Concepci\u00f3n"}]},{"@type":"WebSite","@id":"https:\/\/www.bisbatdemallorca.org\/ca\/#website","url":"https:\/\/www.bisbatdemallorca.org\/ca\/","name":"Bisbat de Mallorca","description":"Just another WordPress site","publisher":{"@id":"https:\/\/www.bisbatdemallorca.org\/ca\/#organization"},"potentialAction":[{"@type":"SearchAction","target":{"@type":"EntryPoint","urlTemplate":"https:\/\/www.bisbatdemallorca.org\/ca\/?s={search_term_string}"},"query-input":{"@type":"PropertyValueSpecification","valueRequired":true,"valueName":"search_term_string"}}],"inLanguage":"ca"},{"@type":"Organization","@id":"https:\/\/www.bisbatdemallorca.org\/ca\/#organization","name":"Bisbat De Mallorca","url":"https:\/\/www.bisbatdemallorca.org\/ca\/","logo":{"@type":"ImageObject","inLanguage":"ca","@id":"https:\/\/www.bisbatdemallorca.org\/ca\/#\/schema\/logo\/image\/","url":"https:\/\/bisbatdemallorca.org\/wp-content\/uploads\/2022\/04\/Logo_Bisbat-de-Mallorca-scaled.jpeg","contentUrl":"https:\/\/bisbatdemallorca.org\/wp-content\/uploads\/2022\/04\/Logo_Bisbat-de-Mallorca-scaled.jpeg","width":2560,"height":1810,"caption":"Bisbat De Mallorca"},"image":{"@id":"https:\/\/www.bisbatdemallorca.org\/ca\/#\/schema\/logo\/image\/"}},{"@type":"Person","@id":"https:\/\/www.bisbatdemallorca.org\/ca\/#\/schema\/person\/c28e09d9a44c2b92d6ef8e13212d8bfb","name":"Celia Rossell\u00f3","image":{"@type":"ImageObject","inLanguage":"ca","@id":"https:\/\/secure.gravatar.com\/avatar\/420e0255b03790580e4c2533a9980850b0cb4d52047c59dcfe403090111c7959?s=96&d=mm&r=g","url":"https:\/\/secure.gravatar.com\/avatar\/420e0255b03790580e4c2533a9980850b0cb4d52047c59dcfe403090111c7959?s=96&d=mm&r=g","contentUrl":"https:\/\/secure.gravatar.com\/avatar\/420e0255b03790580e4c2533a9980850b0cb4d52047c59dcfe403090111c7959?s=96&d=mm&r=g","caption":"Celia Rossell\u00f3"},"url":"https:\/\/www.bisbatdemallorca.org\/ca\/author\/celia-rossello\/"}]}},"_links":{"self":[{"href":"https:\/\/www.bisbatdemallorca.org\/ca\/wp-json\/wp\/v2\/posts\/34080","targetHints":{"allow":["GET"]}}],"collection":[{"href":"https:\/\/www.bisbatdemallorca.org\/ca\/wp-json\/wp\/v2\/posts"}],"about":[{"href":"https:\/\/www.bisbatdemallorca.org\/ca\/wp-json\/wp\/v2\/types\/post"}],"author":[{"embeddable":true,"href":"https:\/\/www.bisbatdemallorca.org\/ca\/wp-json\/wp\/v2\/users\/4"}],"replies":[{"embeddable":true,"href":"https:\/\/www.bisbatdemallorca.org\/ca\/wp-json\/wp\/v2\/comments?post=34080"}],"version-history":[{"count":3,"href":"https:\/\/www.bisbatdemallorca.org\/ca\/wp-json\/wp\/v2\/posts\/34080\/revisions"}],"predecessor-version":[{"id":34087,"href":"https:\/\/www.bisbatdemallorca.org\/ca\/wp-json\/wp\/v2\/posts\/34080\/revisions\/34087"}],"wp:featuredmedia":[{"embeddable":true,"href":"https:\/\/www.bisbatdemallorca.org\/ca\/wp-json\/wp\/v2\/media\/34081"}],"wp:attachment":[{"href":"https:\/\/www.bisbatdemallorca.org\/ca\/wp-json\/wp\/v2\/media?parent=34080"}],"wp:term":[{"taxonomy":"category","embeddable":true,"href":"https:\/\/www.bisbatdemallorca.org\/ca\/wp-json\/wp\/v2\/categories?post=34080"},{"taxonomy":"post_tag","embeddable":true,"href":"https:\/\/www.bisbatdemallorca.org\/ca\/wp-json\/wp\/v2\/tags?post=34080"}],"curies":[{"name":"wp","href":"https:\/\/api.w.org\/{rel}","templated":true}]}}