{"id":5112,"date":"2022-03-28T00:00:00","date_gmt":"2022-03-28T00:00:00","guid":{"rendered":"https:\/\/bisbatdemallorca.aplicacionesinteligentes.es\/capresentacio-dels-actes-de-setmana-santa-2022espresentacio-dels-actes-de-setmana-santa-2022\/"},"modified":"2022-03-28T00:00:00","modified_gmt":"2022-03-28T00:00:00","slug":"capresentacio-dels-actes-de-setmana-santa-2022espresentacio-dels-actes-de-setmana-santa-2022","status":"publish","type":"post","link":"https:\/\/www.bisbatdemallorca.org\/ca\/capresentacio-dels-actes-de-setmana-santa-2022espresentacio-dels-actes-de-setmana-santa-2022\/","title":{"rendered":"Presentaci\u00f3 dels actes de Setmana Santa 2022"},"content":{"rendered":"<p>El Bisbe ha destacat els tres objectius de les confraries: la formaci\u00f3, l&#8217;espiritualitat i l&#8217;acci\u00f3 social<\/p>\n<p>Avui dilluns, dia 28 de mar\u00e7, ha tingut lloc al Palau Episcopal la presentaci\u00f3 dels actes de Setmana Santa a Mallorca per enguany.<br \/>\nHan assistit a la roda de premsa Mons. Sebasti\u00e0 Taltavull, bisbe de Mallorca; Sra. Marisa P\u00e9rez, portaveu de la Junta Gestora de l&#8217;Associaci\u00f3 de Confraries de Palma; Sra. Maria Sans\u00f3, presidenta de l&#8217;Associaci\u00f3 de Confraries de Manacor; Sr. Josep Noguera, president de l&#8217;Associaci\u00f3 de Confraries d&#8217;Inca; Sr. Tomeu Mulet, batle de Sineu; Sr. Miquel Vives, representant de l&#8217;Associaci\u00f3 de Confraries de Pollen\u00e7a, i Sr. Maties Llompart, representant de les confraries de Llucmajor.<\/p>\n<p>El Bisbe Sebasti\u00e0 ha fet una intervenci\u00f3 inicial durant la qual ha expressat la il\u00b7lusi\u00f3 que tota la comunitat de confraries de Mallorca t\u00e9 per tornar reprendre les processons, que s\u00f3n, ha dit &#8220;un acte de manifestaci\u00f3 de la fe, una acci\u00f3 de penit\u00e8ncia i un pelegrinatge per als cat\u00f2lics&#8221;. Aix\u00ed mateix ha volgut explicar els objectius de les Confraries en tres vessants: la formaci\u00f3 cristiana que han de tenir els seus membres; l&#8217;espiritualitat; i l&#8217;acci\u00f3 social. El Bisbe ha recordat les paraules de Benet XVI, sobre la m\u00e9s genu\u00efna identitat de les confraries: \u00abun conjunt de germans que, volent viure l&#8217;Evangeli amb la certesa de ser part viva de l&#8217;Esgl\u00e9sia, es proposen posar en pr\u00e0ctica el manament de l&#8217;amor, que impulsa a obrir el cor als altres, de manera especial als qui es troben amb m\u00e9s dificultats\u00bb.  I recordant els damnificats per la guerra a Ucra\u00efna i el drama que pateixen els tres milions de refugiats, ha dit: &#8220;avui, en moments de crisi social, econ\u00f2mica i sanit\u00e0ria, la dimensi\u00f3 sociocaritativa de les confraries adquireix encara m\u00e9s un protagonisme extraordinari. La caritat i la solidaritat segueixen essent elements imprescindibles com a grups de germans creients&#8221;.<\/p>\n<p>El portaveu del Secretariat de Formaci\u00f3 i Acompanyament de Confraries i Obreries del Bisbat de Mallorca, Jaume Rigo, ha explicat les mesures sanit\u00e0ries que es prendran per garantir un desenvolupament responsable dels actes de Setmana Santa, detallant que tots els confrares que duen la cara descoberta han de dur mascareta i els qui no poden mantenir la dist\u00e0ncia de seguretat han d&#8217;estar vacunats i presentar un test d&#8217;ant\u00edgens realitzat les hores pr\u00e8vies. Aix\u00ed mateix, ha insistit que les persones que acudeixin a veure les processons ho facin amb mascareta i evitant aglomeracions.<br \/>\nEls representants de les associacions de confraries que han participat a la roda de premsa han manifestat les &#8220;ganes, il\u00b7lusi\u00f3 i esperan\u00e7a&#8221; amb les quals afronten aquesta Setmana Santa, destacant en cada cas les novetats i els canvis en l&#8217;organitzaci\u00f3 dels actes per adaptar-se a la realitat sociosanit\u00e0ria. <\/p>\n<p>El Bisbat de Mallorca penjar\u00e0 a la seva p\u00e0gina web els propers dies tots els horaris de misses i els programes d&#8217;actes elaborats per les associacions.<\/p>\n<p><\/p>\n","protected":false},"excerpt":{"rendered":"<p>El Bisbe ha destacat els tres objectius de les confraries: la formaci\u00f3, l&#8217;espiritualitat i l&#8217;acci\u00f3 social<\/p>\n","protected":false},"author":1,"featured_media":5113,"comment_status":"open","ping_status":"open","sticky":false,"template":"","format":"standard","meta":{"footnotes":""},"categories":[16],"tags":[],"class_list":["post-5112","post","type-post","status-publish","format-standard","has-post-thumbnail","hentry","category-agencia-baleria"],"yoast_head":"<!-- This site is optimized with the Yoast SEO plugin v27.0 - https:\/\/yoast.com\/product\/yoast-seo-wordpress\/ -->\n<title>Presentaci\u00f3 dels actes de Setmana Santa 2022<\/title>\n<meta name=\"robots\" content=\"index, follow, max-snippet:-1, max-image-preview:large, max-video-preview:-1\" \/>\n<link rel=\"canonical\" href=\"https:\/\/www.bisbatdemallorca.org\/ca\/capresentacio-dels-actes-de-setmana-santa-2022espresentacio-dels-actes-de-setmana-santa-2022\/\" \/>\n<meta property=\"og:locale\" content=\"ca_ES\" \/>\n<meta property=\"og:locale:alternate\" content=\"en_US\" \/>\n<meta property=\"og:locale:alternate\" content=\"es_ES\" \/>\n<meta property=\"og:type\" content=\"article\" \/>\n<meta property=\"og:title\" content=\"Presentaci\u00f3 dels actes de Setmana Santa 2022\" \/>\n<meta property=\"og:description\" content=\"El Bisbe ha destacat els tres objectius de les confraries: la formaci\u00f3, l&#039;espiritualitat i l&#039;acci\u00f3 social\" \/>\n<meta property=\"og:url\" content=\"https:\/\/www.bisbatdemallorca.org\/ca\/capresentacio-dels-actes-de-setmana-santa-2022espresentacio-dels-actes-de-setmana-santa-2022\/\" \/>\n<meta property=\"og:site_name\" content=\"Bisbat de Mallorca\" \/>\n<meta property=\"article:published_time\" content=\"2022-03-28T00:00:00+00:00\" \/>\n<meta property=\"og:image\" content=\"https:\/\/www.bisbatdemallorca.org\/wp-content\/uploads\/2022\/03\/5ba7bff2a70144ba50145ae01d8cf0d0a8a994a8c1117b43a52c57e1e9d3b679.jpeg\" \/>\n\t<meta property=\"og:image:width\" content=\"1024\" \/>\n\t<meta property=\"og:image:height\" content=\"683\" \/>\n\t<meta property=\"og:image:type\" content=\"image\/jpeg\" \/>\n<meta name=\"author\" content=\"admin\" \/>\n<meta name=\"twitter:card\" content=\"summary_large_image\" \/>\n<meta name=\"twitter:label1\" content=\"Escrit per\" \/>\n\t<meta name=\"twitter:data1\" content=\"admin\" \/>\n\t<meta name=\"twitter:label2\" content=\"Temps estimat de lectura\" \/>\n\t<meta name=\"twitter:data2\" content=\"5 minuts\" \/>\n<script type=\"application\/ld+json\" class=\"yoast-schema-graph\">{\"@context\":\"https:\/\/schema.org\",\"@graph\":[{\"@type\":\"Article\",\"@id\":\"https:\/\/www.bisbatdemallorca.org\/capresentacio-dels-actes-de-setmana-santa-2022espresentacio-dels-actes-de-setmana-santa-2022\/#article\",\"isPartOf\":{\"@id\":\"https:\/\/www.bisbatdemallorca.org\/capresentacio-dels-actes-de-setmana-santa-2022espresentacio-dels-actes-de-setmana-santa-2022\/\"},\"author\":{\"name\":\"admin\",\"@id\":\"https:\/\/www.bisbatdemallorca.org\/ca\/#\/schema\/person\/4aab9713229c738e4a763607fc0bd588\"},\"headline\":\"Presentaci\u00f3 dels actes de Setmana Santa 2022\",\"datePublished\":\"2022-03-28T00:00:00+00:00\",\"mainEntityOfPage\":{\"@id\":\"https:\/\/www.bisbatdemallorca.org\/capresentacio-dels-actes-de-setmana-santa-2022espresentacio-dels-actes-de-setmana-santa-2022\/\"},\"wordCount\":1036,\"commentCount\":0,\"publisher\":{\"@id\":\"https:\/\/www.bisbatdemallorca.org\/ca\/#organization\"},\"image\":{\"@id\":\"https:\/\/www.bisbatdemallorca.org\/capresentacio-dels-actes-de-setmana-santa-2022espresentacio-dels-actes-de-setmana-santa-2022\/#primaryimage\"},\"thumbnailUrl\":\"https:\/\/www.bisbatdemallorca.org\/wp-content\/uploads\/2022\/03\/5ba7bff2a70144ba50145ae01d8cf0d0a8a994a8c1117b43a52c57e1e9d3b679.jpeg\",\"articleSection\":[\"Agencia Bal\u00e8ria\"],\"inLanguage\":\"ca\",\"potentialAction\":[{\"@type\":\"CommentAction\",\"name\":\"Comment\",\"target\":[\"https:\/\/www.bisbatdemallorca.org\/capresentacio-dels-actes-de-setmana-santa-2022espresentacio-dels-actes-de-setmana-santa-2022\/#respond\"]}]},{\"@type\":\"WebPage\",\"@id\":\"https:\/\/www.bisbatdemallorca.org\/capresentacio-dels-actes-de-setmana-santa-2022espresentacio-dels-actes-de-setmana-santa-2022\/\",\"url\":\"https:\/\/www.bisbatdemallorca.org\/capresentacio-dels-actes-de-setmana-santa-2022espresentacio-dels-actes-de-setmana-santa-2022\/\",\"name\":\"Presentaci\u00f3 dels actes de Setmana Santa 2022\",\"isPartOf\":{\"@id\":\"https:\/\/www.bisbatdemallorca.org\/ca\/#website\"},\"primaryImageOfPage\":{\"@id\":\"https:\/\/www.bisbatdemallorca.org\/capresentacio-dels-actes-de-setmana-santa-2022espresentacio-dels-actes-de-setmana-santa-2022\/#primaryimage\"},\"image\":{\"@id\":\"https:\/\/www.bisbatdemallorca.org\/capresentacio-dels-actes-de-setmana-santa-2022espresentacio-dels-actes-de-setmana-santa-2022\/#primaryimage\"},\"thumbnailUrl\":\"https:\/\/www.bisbatdemallorca.org\/wp-content\/uploads\/2022\/03\/5ba7bff2a70144ba50145ae01d8cf0d0a8a994a8c1117b43a52c57e1e9d3b679.jpeg\",\"datePublished\":\"2022-03-28T00:00:00+00:00\",\"breadcrumb\":{\"@id\":\"https:\/\/www.bisbatdemallorca.org\/capresentacio-dels-actes-de-setmana-santa-2022espresentacio-dels-actes-de-setmana-santa-2022\/#breadcrumb\"},\"inLanguage\":\"ca\",\"potentialAction\":[{\"@type\":\"ReadAction\",\"target\":[\"https:\/\/www.bisbatdemallorca.org\/capresentacio-dels-actes-de-setmana-santa-2022espresentacio-dels-actes-de-setmana-santa-2022\/\"]}]},{\"@type\":\"ImageObject\",\"inLanguage\":\"ca\",\"@id\":\"https:\/\/www.bisbatdemallorca.org\/capresentacio-dels-actes-de-setmana-santa-2022espresentacio-dels-actes-de-setmana-santa-2022\/#primaryimage\",\"url\":\"https:\/\/www.bisbatdemallorca.org\/wp-content\/uploads\/2022\/03\/5ba7bff2a70144ba50145ae01d8cf0d0a8a994a8c1117b43a52c57e1e9d3b679.jpeg\",\"contentUrl\":\"https:\/\/www.bisbatdemallorca.org\/wp-content\/uploads\/2022\/03\/5ba7bff2a70144ba50145ae01d8cf0d0a8a994a8c1117b43a52c57e1e9d3b679.jpeg\",\"width\":1024,\"height\":683},{\"@type\":\"BreadcrumbList\",\"@id\":\"https:\/\/www.bisbatdemallorca.org\/capresentacio-dels-actes-de-setmana-santa-2022espresentacio-dels-actes-de-setmana-santa-2022\/#breadcrumb\",\"itemListElement\":[{\"@type\":\"ListItem\",\"position\":1,\"name\":\"Portada\",\"item\":\"https:\/\/www.bisbatdemallorca.org\/ca\/\"},{\"@type\":\"ListItem\",\"position\":2,\"name\":\"Presentaci\u00f3 dels actes de Setmana Santa 2022\"}]},{\"@type\":\"WebSite\",\"@id\":\"https:\/\/www.bisbatdemallorca.org\/ca\/#website\",\"url\":\"https:\/\/www.bisbatdemallorca.org\/ca\/\",\"name\":\"Bisbat de Mallorca\",\"description\":\"Just another WordPress site\",\"publisher\":{\"@id\":\"https:\/\/www.bisbatdemallorca.org\/ca\/#organization\"},\"potentialAction\":[{\"@type\":\"SearchAction\",\"target\":{\"@type\":\"EntryPoint\",\"urlTemplate\":\"https:\/\/www.bisbatdemallorca.org\/ca\/?s={search_term_string}\"},\"query-input\":{\"@type\":\"PropertyValueSpecification\",\"valueRequired\":true,\"valueName\":\"search_term_string\"}}],\"inLanguage\":\"ca\"},{\"@type\":\"Organization\",\"@id\":\"https:\/\/www.bisbatdemallorca.org\/ca\/#organization\",\"name\":\"Bisbat De Mallorca\",\"url\":\"https:\/\/www.bisbatdemallorca.org\/ca\/\",\"logo\":{\"@type\":\"ImageObject\",\"inLanguage\":\"ca\",\"@id\":\"https:\/\/www.bisbatdemallorca.org\/ca\/#\/schema\/logo\/image\/\",\"url\":\"https:\/\/bisbatdemallorca.org\/wp-content\/uploads\/2022\/04\/Logo_Bisbat-de-Mallorca-scaled.jpeg\",\"contentUrl\":\"https:\/\/bisbatdemallorca.org\/wp-content\/uploads\/2022\/04\/Logo_Bisbat-de-Mallorca-scaled.jpeg\",\"width\":2560,\"height\":1810,\"caption\":\"Bisbat De Mallorca\"},\"image\":{\"@id\":\"https:\/\/www.bisbatdemallorca.org\/ca\/#\/schema\/logo\/image\/\"}},{\"@type\":\"Person\",\"@id\":\"https:\/\/www.bisbatdemallorca.org\/ca\/#\/schema\/person\/4aab9713229c738e4a763607fc0bd588\",\"name\":\"admin\",\"image\":{\"@type\":\"ImageObject\",\"inLanguage\":\"ca\",\"@id\":\"https:\/\/www.bisbatdemallorca.org\/ca\/#\/schema\/person\/image\/\",\"url\":\"https:\/\/secure.gravatar.com\/avatar\/db14643139881ffd81e1296c9de82290e7857ed2bb4d40dbe42069dd80ef4774?s=96&d=mm&r=g\",\"contentUrl\":\"https:\/\/secure.gravatar.com\/avatar\/db14643139881ffd81e1296c9de82290e7857ed2bb4d40dbe42069dd80ef4774?s=96&d=mm&r=g\",\"caption\":\"admin\"},\"sameAs\":[\"https:\/\/bisbatdemallorca.org\"],\"url\":\"https:\/\/www.bisbatdemallorca.org\/ca\/author\/departamentoweb_bzjy60os\/\"}]}<\/script>\n<!-- \/ Yoast SEO plugin. -->","yoast_head_json":{"title":"Presentaci\u00f3 dels actes de Setmana Santa 2022","robots":{"index":"index","follow":"follow","max-snippet":"max-snippet:-1","max-image-preview":"max-image-preview:large","max-video-preview":"max-video-preview:-1"},"canonical":"https:\/\/www.bisbatdemallorca.org\/ca\/capresentacio-dels-actes-de-setmana-santa-2022espresentacio-dels-actes-de-setmana-santa-2022\/","og_locale":"ca_ES","og_type":"article","og_title":"[:ca]Presentaci\u00f3 dels actes de Setmana Santa 2022[:es]Presentaci\u00f3 dels actes de Setmana Santa 2022 - Bisbat de Mallorca","og_description":"El Bisbe ha destacat els tres objectius de les confraries: la formaci\u00f3, l'espiritualitat i l'acci\u00f3 social","og_url":"https:\/\/www.bisbatdemallorca.org\/ca\/capresentacio-dels-actes-de-setmana-santa-2022espresentacio-dels-actes-de-setmana-santa-2022\/","og_site_name":"Bisbat de Mallorca","article_published_time":"2022-03-28T00:00:00+00:00","og_image":[{"width":1024,"height":683,"url":"https:\/\/www.bisbatdemallorca.org\/wp-content\/uploads\/2022\/03\/5ba7bff2a70144ba50145ae01d8cf0d0a8a994a8c1117b43a52c57e1e9d3b679.jpeg","type":"image\/jpeg"}],"author":"admin","twitter_card":"summary_large_image","twitter_misc":{"Escrit per":"admin","Temps estimat de lectura":"5 minuts"},"schema":{"@context":"https:\/\/schema.org","@graph":[{"@type":"Article","@id":"https:\/\/www.bisbatdemallorca.org\/capresentacio-dels-actes-de-setmana-santa-2022espresentacio-dels-actes-de-setmana-santa-2022\/#article","isPartOf":{"@id":"https:\/\/www.bisbatdemallorca.org\/capresentacio-dels-actes-de-setmana-santa-2022espresentacio-dels-actes-de-setmana-santa-2022\/"},"author":{"name":"admin","@id":"https:\/\/www.bisbatdemallorca.org\/ca\/#\/schema\/person\/4aab9713229c738e4a763607fc0bd588"},"headline":"Presentaci\u00f3 dels actes de Setmana Santa 2022","datePublished":"2022-03-28T00:00:00+00:00","mainEntityOfPage":{"@id":"https:\/\/www.bisbatdemallorca.org\/capresentacio-dels-actes-de-setmana-santa-2022espresentacio-dels-actes-de-setmana-santa-2022\/"},"wordCount":1036,"commentCount":0,"publisher":{"@id":"https:\/\/www.bisbatdemallorca.org\/ca\/#organization"},"image":{"@id":"https:\/\/www.bisbatdemallorca.org\/capresentacio-dels-actes-de-setmana-santa-2022espresentacio-dels-actes-de-setmana-santa-2022\/#primaryimage"},"thumbnailUrl":"https:\/\/www.bisbatdemallorca.org\/wp-content\/uploads\/2022\/03\/5ba7bff2a70144ba50145ae01d8cf0d0a8a994a8c1117b43a52c57e1e9d3b679.jpeg","articleSection":["Agencia Bal\u00e8ria"],"inLanguage":"ca","potentialAction":[{"@type":"CommentAction","name":"Comment","target":["https:\/\/www.bisbatdemallorca.org\/capresentacio-dels-actes-de-setmana-santa-2022espresentacio-dels-actes-de-setmana-santa-2022\/#respond"]}]},{"@type":"WebPage","@id":"https:\/\/www.bisbatdemallorca.org\/capresentacio-dels-actes-de-setmana-santa-2022espresentacio-dels-actes-de-setmana-santa-2022\/","url":"https:\/\/www.bisbatdemallorca.org\/capresentacio-dels-actes-de-setmana-santa-2022espresentacio-dels-actes-de-setmana-santa-2022\/","name":"Presentaci\u00f3 dels actes de Setmana Santa 2022","isPartOf":{"@id":"https:\/\/www.bisbatdemallorca.org\/ca\/#website"},"primaryImageOfPage":{"@id":"https:\/\/www.bisbatdemallorca.org\/capresentacio-dels-actes-de-setmana-santa-2022espresentacio-dels-actes-de-setmana-santa-2022\/#primaryimage"},"image":{"@id":"https:\/\/www.bisbatdemallorca.org\/capresentacio-dels-actes-de-setmana-santa-2022espresentacio-dels-actes-de-setmana-santa-2022\/#primaryimage"},"thumbnailUrl":"https:\/\/www.bisbatdemallorca.org\/wp-content\/uploads\/2022\/03\/5ba7bff2a70144ba50145ae01d8cf0d0a8a994a8c1117b43a52c57e1e9d3b679.jpeg","datePublished":"2022-03-28T00:00:00+00:00","breadcrumb":{"@id":"https:\/\/www.bisbatdemallorca.org\/capresentacio-dels-actes-de-setmana-santa-2022espresentacio-dels-actes-de-setmana-santa-2022\/#breadcrumb"},"inLanguage":"ca","potentialAction":[{"@type":"ReadAction","target":["https:\/\/www.bisbatdemallorca.org\/capresentacio-dels-actes-de-setmana-santa-2022espresentacio-dels-actes-de-setmana-santa-2022\/"]}]},{"@type":"ImageObject","inLanguage":"ca","@id":"https:\/\/www.bisbatdemallorca.org\/capresentacio-dels-actes-de-setmana-santa-2022espresentacio-dels-actes-de-setmana-santa-2022\/#primaryimage","url":"https:\/\/www.bisbatdemallorca.org\/wp-content\/uploads\/2022\/03\/5ba7bff2a70144ba50145ae01d8cf0d0a8a994a8c1117b43a52c57e1e9d3b679.jpeg","contentUrl":"https:\/\/www.bisbatdemallorca.org\/wp-content\/uploads\/2022\/03\/5ba7bff2a70144ba50145ae01d8cf0d0a8a994a8c1117b43a52c57e1e9d3b679.jpeg","width":1024,"height":683},{"@type":"BreadcrumbList","@id":"https:\/\/www.bisbatdemallorca.org\/capresentacio-dels-actes-de-setmana-santa-2022espresentacio-dels-actes-de-setmana-santa-2022\/#breadcrumb","itemListElement":[{"@type":"ListItem","position":1,"name":"Portada","item":"https:\/\/www.bisbatdemallorca.org\/ca\/"},{"@type":"ListItem","position":2,"name":"Presentaci\u00f3 dels actes de Setmana Santa 2022"}]},{"@type":"WebSite","@id":"https:\/\/www.bisbatdemallorca.org\/ca\/#website","url":"https:\/\/www.bisbatdemallorca.org\/ca\/","name":"Bisbat de Mallorca","description":"Just another WordPress site","publisher":{"@id":"https:\/\/www.bisbatdemallorca.org\/ca\/#organization"},"potentialAction":[{"@type":"SearchAction","target":{"@type":"EntryPoint","urlTemplate":"https:\/\/www.bisbatdemallorca.org\/ca\/?s={search_term_string}"},"query-input":{"@type":"PropertyValueSpecification","valueRequired":true,"valueName":"search_term_string"}}],"inLanguage":"ca"},{"@type":"Organization","@id":"https:\/\/www.bisbatdemallorca.org\/ca\/#organization","name":"Bisbat De Mallorca","url":"https:\/\/www.bisbatdemallorca.org\/ca\/","logo":{"@type":"ImageObject","inLanguage":"ca","@id":"https:\/\/www.bisbatdemallorca.org\/ca\/#\/schema\/logo\/image\/","url":"https:\/\/bisbatdemallorca.org\/wp-content\/uploads\/2022\/04\/Logo_Bisbat-de-Mallorca-scaled.jpeg","contentUrl":"https:\/\/bisbatdemallorca.org\/wp-content\/uploads\/2022\/04\/Logo_Bisbat-de-Mallorca-scaled.jpeg","width":2560,"height":1810,"caption":"Bisbat De Mallorca"},"image":{"@id":"https:\/\/www.bisbatdemallorca.org\/ca\/#\/schema\/logo\/image\/"}},{"@type":"Person","@id":"https:\/\/www.bisbatdemallorca.org\/ca\/#\/schema\/person\/4aab9713229c738e4a763607fc0bd588","name":"admin","image":{"@type":"ImageObject","inLanguage":"ca","@id":"https:\/\/www.bisbatdemallorca.org\/ca\/#\/schema\/person\/image\/","url":"https:\/\/secure.gravatar.com\/avatar\/db14643139881ffd81e1296c9de82290e7857ed2bb4d40dbe42069dd80ef4774?s=96&d=mm&r=g","contentUrl":"https:\/\/secure.gravatar.com\/avatar\/db14643139881ffd81e1296c9de82290e7857ed2bb4d40dbe42069dd80ef4774?s=96&d=mm&r=g","caption":"admin"},"sameAs":["https:\/\/bisbatdemallorca.org"],"url":"https:\/\/www.bisbatdemallorca.org\/ca\/author\/departamentoweb_bzjy60os\/"}]}},"_links":{"self":[{"href":"https:\/\/www.bisbatdemallorca.org\/ca\/wp-json\/wp\/v2\/posts\/5112","targetHints":{"allow":["GET"]}}],"collection":[{"href":"https:\/\/www.bisbatdemallorca.org\/ca\/wp-json\/wp\/v2\/posts"}],"about":[{"href":"https:\/\/www.bisbatdemallorca.org\/ca\/wp-json\/wp\/v2\/types\/post"}],"author":[{"embeddable":true,"href":"https:\/\/www.bisbatdemallorca.org\/ca\/wp-json\/wp\/v2\/users\/1"}],"replies":[{"embeddable":true,"href":"https:\/\/www.bisbatdemallorca.org\/ca\/wp-json\/wp\/v2\/comments?post=5112"}],"version-history":[{"count":0,"href":"https:\/\/www.bisbatdemallorca.org\/ca\/wp-json\/wp\/v2\/posts\/5112\/revisions"}],"wp:featuredmedia":[{"embeddable":true,"href":"https:\/\/www.bisbatdemallorca.org\/ca\/wp-json\/wp\/v2\/media\/5113"}],"wp:attachment":[{"href":"https:\/\/www.bisbatdemallorca.org\/ca\/wp-json\/wp\/v2\/media?parent=5112"}],"wp:term":[{"taxonomy":"category","embeddable":true,"href":"https:\/\/www.bisbatdemallorca.org\/ca\/wp-json\/wp\/v2\/categories?post=5112"},{"taxonomy":"post_tag","embeddable":true,"href":"https:\/\/www.bisbatdemallorca.org\/ca\/wp-json\/wp\/v2\/tags?post=5112"}],"curies":[{"name":"wp","href":"https:\/\/api.w.org\/{rel}","templated":true}]}}