{"id":5114,"date":"2022-03-28T00:00:00","date_gmt":"2022-03-28T00:00:00","guid":{"rendered":"https:\/\/bisbatdemallorca.aplicacionesinteligentes.es\/espresentacion-de-los-actos-de-semana-santa-2022capresentacion-de-los-actos-de-semana-santa-2022\/"},"modified":"2022-03-28T00:00:00","modified_gmt":"2022-03-28T00:00:00","slug":"espresentacion-de-los-actos-de-semana-santa-2022capresentacion-de-los-actos-de-semana-santa-2022","status":"publish","type":"post","link":"https:\/\/www.bisbatdemallorca.org\/ca\/espresentacion-de-los-actos-de-semana-santa-2022capresentacion-de-los-actos-de-semana-santa-2022\/","title":{"rendered":"Presentaci\u00f3n de los actos de Semana Santa 2022"},"content":{"rendered":"<p>El Obispo ha destacado los tres objetivos de las confrad\u00edas: la formaci\u00f3n, la espiritualidad y la acci\u00f3n social.<\/p>\n<p>Hoy lunes, d\u00eda 28 de marzo, ha tenido lugar en el Palau Episcopal la presentaci\u00f3n de los actos de Semana Santa en Mallorca durante este a\u00f1o. <\/p>\n<p>Han asistido a la rueda de prensa Mons. Sebasti\u00e0 Taltavull, obispo de Mallorca; Sra. Marisa P\u00e9rez, portavoz de la Junta Gestora de la Asociaci\u00f3n de Cofrad\u00edas de Palma; Sra. Maria Sans\u00f3, presidenta de la Asociaci\u00f3n de Cofrad\u00edas de Manacor; Sr. Josep Noguera, presidente de la Asociaci\u00f3n de Cofrad\u00edas de Inca; Sr. Tomeu Mulet, alcalde de Sineu; Sr. Miquel Vives, representante de la Asociaci\u00f3n de Cofrad\u00edas de Pollen\u00e7a, y Sr. Maties Llompart, representante de las cofrad\u00edas de Llucmajor.<\/p>\n<p>El Obispo Sebasti\u00e0 ha tenido una intervenci\u00f3n inicial durante la que ha expresado la ilusi\u00f3n que toda la comunidad de cofrad\u00edas de Mallorca tiene para volver a retomar las procesiones, que son, ha dicho &#8220;un acto de manifestaci\u00f3n de la fe, una acci\u00f3n de penitencia y una peregrinaci\u00f3n para los cat\u00f3licos&#8221;. Asimismo, ha querido explicar los objetivos de las Cofrad\u00edas en tres vertientes: la formaci\u00f3n cristiana que han de tener sus miembros; la espiritualidad; y la acci\u00f3n social. El Obispo ha recordado las palabras de Benedicto XVI, sobre la m\u00e1s genuina identidad de las cofrad\u00edas: \u00abun conjunto de hermanos que, queriendo vivir el Evangelio con la certeza de ser parte viva de la Iglesia, se proponen poner en pr\u00e1ctica el mandamiento del amor, que impulsa a abrir el coraz\u00f3n a los dem\u00e1s, de manera especial a los que se encuentran con m\u00e1s dificultades\u00bb.  Y recordando a los damnificados por la guerra en Ucrania y el drama que padecen los tres millones de refugiados, ha dicho: &#8220;hoy, en momentos de crisis social, econ\u00f3mica y sanitaria, la dimensi\u00f3n socio-caritativa de las cofrad\u00edas adquiere a\u00fan m\u00e1s un protagonismo extraordinario. La caridad y la solidaridad siguen siendo elementos imprescindibles como grupos de hermanos creyentes&#8221;.<\/p>\n<p>El portavoz del Secretariado de Formaci\u00f3n y Acompa\u00f1amiento de Cofrad\u00edas y Obrer\u00edas del Obispado de Mallorca, Jaume Rigo, ha explicado las medidas sanitarias que se tomar\u00e1n para garantizar un desarrollo responsable de los actos de Semana Santa, detallando que todos los cofrades que llevan la cara descubierta tienen que llevar mascarilla y los que no pueden mantener la distancia de seguridad tienen que estar vacunados y presentar un test de ant\u00edgenos realizado en las horas previas. Asimismo, ha insistido en que las personas que acudan a ver las procesiones lo hagan con mascarilla y evitando aglomeraciones.<\/p>\n<p>Los representantes de las asociaciones de cofrad\u00edas que han participado en la rueda de prensa han manifestado las &#8220;ganas, ilusi\u00f3n y esperanza&#8221; con las que afrontan esta Semana Santa, destacando en cada caso las novedades y cambios en la organizaci\u00f3n de los actos para adaptarse a la realidad sociosanitaria. <\/p>\n<p>El Obispado de Mallorca colgar\u00e1 en su p\u00e1gina web en los pr\u00f3ximos d\u00edas todos los horarios de misas y los programas de actos elaborados por las asociaciones. <\/p>\n<p><\/p>\n","protected":false},"excerpt":{"rendered":"<p>El Obispo ha destacado los tres objetivos de las confrad\u00edas: la formaci\u00f3n, la espiritualidad y la acci\u00f3n social.<\/p>\n","protected":false},"author":1,"featured_media":5113,"comment_status":"open","ping_status":"open","sticky":false,"template":"","format":"standard","meta":{"footnotes":""},"categories":[16],"tags":[],"class_list":["post-5114","post","type-post","status-publish","format-standard","has-post-thumbnail","hentry","category-agencia-baleria"],"yoast_head":"<!-- This site is optimized with the Yoast SEO plugin v27.0 - https:\/\/yoast.com\/product\/yoast-seo-wordpress\/ -->\n<title>Presentaci\u00f3n de los actos de Semana Santa 2022 - Bisbat de Mallorca<\/title>\n<meta name=\"robots\" content=\"index, follow, max-snippet:-1, max-image-preview:large, max-video-preview:-1\" \/>\n<link rel=\"canonical\" href=\"https:\/\/www.bisbatdemallorca.org\/ca\/espresentacion-de-los-actos-de-semana-santa-2022capresentacion-de-los-actos-de-semana-santa-2022\/\" \/>\n<meta property=\"og:locale\" content=\"ca_ES\" \/>\n<meta property=\"og:locale:alternate\" content=\"en_US\" \/>\n<meta property=\"og:locale:alternate\" content=\"es_ES\" \/>\n<meta property=\"og:type\" content=\"article\" \/>\n<meta property=\"og:title\" content=\"Presentaci\u00f3n de los actos de Semana Santa 2022 - Bisbat de Mallorca\" \/>\n<meta property=\"og:description\" content=\"El Obispo ha destacado los tres objetivos de las confrad\u00edas: la formaci\u00f3n, la espiritualidad y la acci\u00f3n social.\" \/>\n<meta property=\"og:url\" content=\"https:\/\/www.bisbatdemallorca.org\/ca\/espresentacion-de-los-actos-de-semana-santa-2022capresentacion-de-los-actos-de-semana-santa-2022\/\" \/>\n<meta property=\"og:site_name\" content=\"Bisbat de Mallorca\" \/>\n<meta property=\"article:published_time\" content=\"2022-03-28T00:00:00+00:00\" \/>\n<meta property=\"og:image\" content=\"https:\/\/www.bisbatdemallorca.org\/wp-content\/uploads\/2022\/03\/5ba7bff2a70144ba50145ae01d8cf0d0a8a994a8c1117b43a52c57e1e9d3b679.jpeg\" \/>\n\t<meta property=\"og:image:width\" content=\"1024\" \/>\n\t<meta property=\"og:image:height\" content=\"683\" \/>\n\t<meta property=\"og:image:type\" content=\"image\/jpeg\" \/>\n<meta name=\"author\" content=\"admin\" \/>\n<meta name=\"twitter:card\" content=\"summary_large_image\" \/>\n<meta name=\"twitter:label1\" content=\"Escrit per\" \/>\n\t<meta name=\"twitter:data1\" content=\"admin\" \/>\n\t<meta name=\"twitter:label2\" content=\"Temps estimat de lectura\" \/>\n\t<meta name=\"twitter:data2\" content=\"5 minuts\" \/>\n<script type=\"application\/ld+json\" class=\"yoast-schema-graph\">{\"@context\":\"https:\/\/schema.org\",\"@graph\":[{\"@type\":\"Article\",\"@id\":\"https:\/\/www.bisbatdemallorca.org\/espresentacion-de-los-actos-de-semana-santa-2022capresentacion-de-los-actos-de-semana-santa-2022\/#article\",\"isPartOf\":{\"@id\":\"https:\/\/www.bisbatdemallorca.org\/espresentacion-de-los-actos-de-semana-santa-2022capresentacion-de-los-actos-de-semana-santa-2022\/\"},\"author\":{\"name\":\"admin\",\"@id\":\"https:\/\/www.bisbatdemallorca.org\/ca\/#\/schema\/person\/4aab9713229c738e4a763607fc0bd588\"},\"headline\":\"Presentaci\u00f3n de los actos de Semana Santa 2022\",\"datePublished\":\"2022-03-28T00:00:00+00:00\",\"mainEntityOfPage\":{\"@id\":\"https:\/\/www.bisbatdemallorca.org\/espresentacion-de-los-actos-de-semana-santa-2022capresentacion-de-los-actos-de-semana-santa-2022\/\"},\"wordCount\":1104,\"commentCount\":0,\"publisher\":{\"@id\":\"https:\/\/www.bisbatdemallorca.org\/ca\/#organization\"},\"image\":{\"@id\":\"https:\/\/www.bisbatdemallorca.org\/espresentacion-de-los-actos-de-semana-santa-2022capresentacion-de-los-actos-de-semana-santa-2022\/#primaryimage\"},\"thumbnailUrl\":\"https:\/\/www.bisbatdemallorca.org\/wp-content\/uploads\/2022\/03\/5ba7bff2a70144ba50145ae01d8cf0d0a8a994a8c1117b43a52c57e1e9d3b679.jpeg\",\"articleSection\":[\"Agencia Bal\u00e8ria\"],\"inLanguage\":\"ca\",\"potentialAction\":[{\"@type\":\"CommentAction\",\"name\":\"Comment\",\"target\":[\"https:\/\/www.bisbatdemallorca.org\/espresentacion-de-los-actos-de-semana-santa-2022capresentacion-de-los-actos-de-semana-santa-2022\/#respond\"]}]},{\"@type\":\"WebPage\",\"@id\":\"https:\/\/www.bisbatdemallorca.org\/espresentacion-de-los-actos-de-semana-santa-2022capresentacion-de-los-actos-de-semana-santa-2022\/\",\"url\":\"https:\/\/www.bisbatdemallorca.org\/espresentacion-de-los-actos-de-semana-santa-2022capresentacion-de-los-actos-de-semana-santa-2022\/\",\"name\":\"Presentaci\u00f3n de los actos de Semana Santa 2022 - Bisbat de Mallorca\",\"isPartOf\":{\"@id\":\"https:\/\/www.bisbatdemallorca.org\/ca\/#website\"},\"primaryImageOfPage\":{\"@id\":\"https:\/\/www.bisbatdemallorca.org\/espresentacion-de-los-actos-de-semana-santa-2022capresentacion-de-los-actos-de-semana-santa-2022\/#primaryimage\"},\"image\":{\"@id\":\"https:\/\/www.bisbatdemallorca.org\/espresentacion-de-los-actos-de-semana-santa-2022capresentacion-de-los-actos-de-semana-santa-2022\/#primaryimage\"},\"thumbnailUrl\":\"https:\/\/www.bisbatdemallorca.org\/wp-content\/uploads\/2022\/03\/5ba7bff2a70144ba50145ae01d8cf0d0a8a994a8c1117b43a52c57e1e9d3b679.jpeg\",\"datePublished\":\"2022-03-28T00:00:00+00:00\",\"breadcrumb\":{\"@id\":\"https:\/\/www.bisbatdemallorca.org\/espresentacion-de-los-actos-de-semana-santa-2022capresentacion-de-los-actos-de-semana-santa-2022\/#breadcrumb\"},\"inLanguage\":\"ca\",\"potentialAction\":[{\"@type\":\"ReadAction\",\"target\":[\"https:\/\/www.bisbatdemallorca.org\/espresentacion-de-los-actos-de-semana-santa-2022capresentacion-de-los-actos-de-semana-santa-2022\/\"]}]},{\"@type\":\"ImageObject\",\"inLanguage\":\"ca\",\"@id\":\"https:\/\/www.bisbatdemallorca.org\/espresentacion-de-los-actos-de-semana-santa-2022capresentacion-de-los-actos-de-semana-santa-2022\/#primaryimage\",\"url\":\"https:\/\/www.bisbatdemallorca.org\/wp-content\/uploads\/2022\/03\/5ba7bff2a70144ba50145ae01d8cf0d0a8a994a8c1117b43a52c57e1e9d3b679.jpeg\",\"contentUrl\":\"https:\/\/www.bisbatdemallorca.org\/wp-content\/uploads\/2022\/03\/5ba7bff2a70144ba50145ae01d8cf0d0a8a994a8c1117b43a52c57e1e9d3b679.jpeg\",\"width\":1024,\"height\":683},{\"@type\":\"BreadcrumbList\",\"@id\":\"https:\/\/www.bisbatdemallorca.org\/espresentacion-de-los-actos-de-semana-santa-2022capresentacion-de-los-actos-de-semana-santa-2022\/#breadcrumb\",\"itemListElement\":[{\"@type\":\"ListItem\",\"position\":1,\"name\":\"Portada\",\"item\":\"https:\/\/www.bisbatdemallorca.org\/ca\/\"},{\"@type\":\"ListItem\",\"position\":2,\"name\":\"Presentaci\u00f3n de los actos de Semana Santa 2022\"}]},{\"@type\":\"WebSite\",\"@id\":\"https:\/\/www.bisbatdemallorca.org\/ca\/#website\",\"url\":\"https:\/\/www.bisbatdemallorca.org\/ca\/\",\"name\":\"Bisbat de Mallorca\",\"description\":\"Just another WordPress site\",\"publisher\":{\"@id\":\"https:\/\/www.bisbatdemallorca.org\/ca\/#organization\"},\"potentialAction\":[{\"@type\":\"SearchAction\",\"target\":{\"@type\":\"EntryPoint\",\"urlTemplate\":\"https:\/\/www.bisbatdemallorca.org\/ca\/?s={search_term_string}\"},\"query-input\":{\"@type\":\"PropertyValueSpecification\",\"valueRequired\":true,\"valueName\":\"search_term_string\"}}],\"inLanguage\":\"ca\"},{\"@type\":\"Organization\",\"@id\":\"https:\/\/www.bisbatdemallorca.org\/ca\/#organization\",\"name\":\"Bisbat De Mallorca\",\"url\":\"https:\/\/www.bisbatdemallorca.org\/ca\/\",\"logo\":{\"@type\":\"ImageObject\",\"inLanguage\":\"ca\",\"@id\":\"https:\/\/www.bisbatdemallorca.org\/ca\/#\/schema\/logo\/image\/\",\"url\":\"https:\/\/bisbatdemallorca.org\/wp-content\/uploads\/2022\/04\/Logo_Bisbat-de-Mallorca-scaled.jpeg\",\"contentUrl\":\"https:\/\/bisbatdemallorca.org\/wp-content\/uploads\/2022\/04\/Logo_Bisbat-de-Mallorca-scaled.jpeg\",\"width\":2560,\"height\":1810,\"caption\":\"Bisbat De Mallorca\"},\"image\":{\"@id\":\"https:\/\/www.bisbatdemallorca.org\/ca\/#\/schema\/logo\/image\/\"}},{\"@type\":\"Person\",\"@id\":\"https:\/\/www.bisbatdemallorca.org\/ca\/#\/schema\/person\/4aab9713229c738e4a763607fc0bd588\",\"name\":\"admin\",\"image\":{\"@type\":\"ImageObject\",\"inLanguage\":\"ca\",\"@id\":\"https:\/\/www.bisbatdemallorca.org\/ca\/#\/schema\/person\/image\/\",\"url\":\"https:\/\/secure.gravatar.com\/avatar\/db14643139881ffd81e1296c9de82290e7857ed2bb4d40dbe42069dd80ef4774?s=96&d=mm&r=g\",\"contentUrl\":\"https:\/\/secure.gravatar.com\/avatar\/db14643139881ffd81e1296c9de82290e7857ed2bb4d40dbe42069dd80ef4774?s=96&d=mm&r=g\",\"caption\":\"admin\"},\"sameAs\":[\"https:\/\/bisbatdemallorca.org\"],\"url\":\"https:\/\/www.bisbatdemallorca.org\/ca\/author\/departamentoweb_bzjy60os\/\"}]}<\/script>\n<!-- \/ Yoast SEO plugin. -->","yoast_head_json":{"title":"Presentaci\u00f3n de los actos de Semana Santa 2022 - Bisbat de Mallorca","robots":{"index":"index","follow":"follow","max-snippet":"max-snippet:-1","max-image-preview":"max-image-preview:large","max-video-preview":"max-video-preview:-1"},"canonical":"https:\/\/www.bisbatdemallorca.org\/ca\/espresentacion-de-los-actos-de-semana-santa-2022capresentacion-de-los-actos-de-semana-santa-2022\/","og_locale":"ca_ES","og_type":"article","og_title":"[:es]Presentaci\u00f3n de los actos de Semana Santa 2022[:ca]Presentaci\u00f3n de los actos de Semana Santa 2022 - Bisbat de Mallorca","og_description":"El Obispo ha destacado los tres objetivos de las confrad\u00edas: la formaci\u00f3n, la espiritualidad y la acci\u00f3n social.","og_url":"https:\/\/www.bisbatdemallorca.org\/ca\/espresentacion-de-los-actos-de-semana-santa-2022capresentacion-de-los-actos-de-semana-santa-2022\/","og_site_name":"Bisbat de Mallorca","article_published_time":"2022-03-28T00:00:00+00:00","og_image":[{"width":1024,"height":683,"url":"https:\/\/www.bisbatdemallorca.org\/wp-content\/uploads\/2022\/03\/5ba7bff2a70144ba50145ae01d8cf0d0a8a994a8c1117b43a52c57e1e9d3b679.jpeg","type":"image\/jpeg"}],"author":"admin","twitter_card":"summary_large_image","twitter_misc":{"Escrit per":"admin","Temps estimat de lectura":"5 minuts"},"schema":{"@context":"https:\/\/schema.org","@graph":[{"@type":"Article","@id":"https:\/\/www.bisbatdemallorca.org\/espresentacion-de-los-actos-de-semana-santa-2022capresentacion-de-los-actos-de-semana-santa-2022\/#article","isPartOf":{"@id":"https:\/\/www.bisbatdemallorca.org\/espresentacion-de-los-actos-de-semana-santa-2022capresentacion-de-los-actos-de-semana-santa-2022\/"},"author":{"name":"admin","@id":"https:\/\/www.bisbatdemallorca.org\/ca\/#\/schema\/person\/4aab9713229c738e4a763607fc0bd588"},"headline":"Presentaci\u00f3n de los actos de Semana Santa 2022","datePublished":"2022-03-28T00:00:00+00:00","mainEntityOfPage":{"@id":"https:\/\/www.bisbatdemallorca.org\/espresentacion-de-los-actos-de-semana-santa-2022capresentacion-de-los-actos-de-semana-santa-2022\/"},"wordCount":1104,"commentCount":0,"publisher":{"@id":"https:\/\/www.bisbatdemallorca.org\/ca\/#organization"},"image":{"@id":"https:\/\/www.bisbatdemallorca.org\/espresentacion-de-los-actos-de-semana-santa-2022capresentacion-de-los-actos-de-semana-santa-2022\/#primaryimage"},"thumbnailUrl":"https:\/\/www.bisbatdemallorca.org\/wp-content\/uploads\/2022\/03\/5ba7bff2a70144ba50145ae01d8cf0d0a8a994a8c1117b43a52c57e1e9d3b679.jpeg","articleSection":["Agencia Bal\u00e8ria"],"inLanguage":"ca","potentialAction":[{"@type":"CommentAction","name":"Comment","target":["https:\/\/www.bisbatdemallorca.org\/espresentacion-de-los-actos-de-semana-santa-2022capresentacion-de-los-actos-de-semana-santa-2022\/#respond"]}]},{"@type":"WebPage","@id":"https:\/\/www.bisbatdemallorca.org\/espresentacion-de-los-actos-de-semana-santa-2022capresentacion-de-los-actos-de-semana-santa-2022\/","url":"https:\/\/www.bisbatdemallorca.org\/espresentacion-de-los-actos-de-semana-santa-2022capresentacion-de-los-actos-de-semana-santa-2022\/","name":"Presentaci\u00f3n de los actos de Semana Santa 2022 - Bisbat de Mallorca","isPartOf":{"@id":"https:\/\/www.bisbatdemallorca.org\/ca\/#website"},"primaryImageOfPage":{"@id":"https:\/\/www.bisbatdemallorca.org\/espresentacion-de-los-actos-de-semana-santa-2022capresentacion-de-los-actos-de-semana-santa-2022\/#primaryimage"},"image":{"@id":"https:\/\/www.bisbatdemallorca.org\/espresentacion-de-los-actos-de-semana-santa-2022capresentacion-de-los-actos-de-semana-santa-2022\/#primaryimage"},"thumbnailUrl":"https:\/\/www.bisbatdemallorca.org\/wp-content\/uploads\/2022\/03\/5ba7bff2a70144ba50145ae01d8cf0d0a8a994a8c1117b43a52c57e1e9d3b679.jpeg","datePublished":"2022-03-28T00:00:00+00:00","breadcrumb":{"@id":"https:\/\/www.bisbatdemallorca.org\/espresentacion-de-los-actos-de-semana-santa-2022capresentacion-de-los-actos-de-semana-santa-2022\/#breadcrumb"},"inLanguage":"ca","potentialAction":[{"@type":"ReadAction","target":["https:\/\/www.bisbatdemallorca.org\/espresentacion-de-los-actos-de-semana-santa-2022capresentacion-de-los-actos-de-semana-santa-2022\/"]}]},{"@type":"ImageObject","inLanguage":"ca","@id":"https:\/\/www.bisbatdemallorca.org\/espresentacion-de-los-actos-de-semana-santa-2022capresentacion-de-los-actos-de-semana-santa-2022\/#primaryimage","url":"https:\/\/www.bisbatdemallorca.org\/wp-content\/uploads\/2022\/03\/5ba7bff2a70144ba50145ae01d8cf0d0a8a994a8c1117b43a52c57e1e9d3b679.jpeg","contentUrl":"https:\/\/www.bisbatdemallorca.org\/wp-content\/uploads\/2022\/03\/5ba7bff2a70144ba50145ae01d8cf0d0a8a994a8c1117b43a52c57e1e9d3b679.jpeg","width":1024,"height":683},{"@type":"BreadcrumbList","@id":"https:\/\/www.bisbatdemallorca.org\/espresentacion-de-los-actos-de-semana-santa-2022capresentacion-de-los-actos-de-semana-santa-2022\/#breadcrumb","itemListElement":[{"@type":"ListItem","position":1,"name":"Portada","item":"https:\/\/www.bisbatdemallorca.org\/ca\/"},{"@type":"ListItem","position":2,"name":"Presentaci\u00f3n de los actos de Semana Santa 2022"}]},{"@type":"WebSite","@id":"https:\/\/www.bisbatdemallorca.org\/ca\/#website","url":"https:\/\/www.bisbatdemallorca.org\/ca\/","name":"Bisbat de Mallorca","description":"Just another WordPress site","publisher":{"@id":"https:\/\/www.bisbatdemallorca.org\/ca\/#organization"},"potentialAction":[{"@type":"SearchAction","target":{"@type":"EntryPoint","urlTemplate":"https:\/\/www.bisbatdemallorca.org\/ca\/?s={search_term_string}"},"query-input":{"@type":"PropertyValueSpecification","valueRequired":true,"valueName":"search_term_string"}}],"inLanguage":"ca"},{"@type":"Organization","@id":"https:\/\/www.bisbatdemallorca.org\/ca\/#organization","name":"Bisbat De Mallorca","url":"https:\/\/www.bisbatdemallorca.org\/ca\/","logo":{"@type":"ImageObject","inLanguage":"ca","@id":"https:\/\/www.bisbatdemallorca.org\/ca\/#\/schema\/logo\/image\/","url":"https:\/\/bisbatdemallorca.org\/wp-content\/uploads\/2022\/04\/Logo_Bisbat-de-Mallorca-scaled.jpeg","contentUrl":"https:\/\/bisbatdemallorca.org\/wp-content\/uploads\/2022\/04\/Logo_Bisbat-de-Mallorca-scaled.jpeg","width":2560,"height":1810,"caption":"Bisbat De Mallorca"},"image":{"@id":"https:\/\/www.bisbatdemallorca.org\/ca\/#\/schema\/logo\/image\/"}},{"@type":"Person","@id":"https:\/\/www.bisbatdemallorca.org\/ca\/#\/schema\/person\/4aab9713229c738e4a763607fc0bd588","name":"admin","image":{"@type":"ImageObject","inLanguage":"ca","@id":"https:\/\/www.bisbatdemallorca.org\/ca\/#\/schema\/person\/image\/","url":"https:\/\/secure.gravatar.com\/avatar\/db14643139881ffd81e1296c9de82290e7857ed2bb4d40dbe42069dd80ef4774?s=96&d=mm&r=g","contentUrl":"https:\/\/secure.gravatar.com\/avatar\/db14643139881ffd81e1296c9de82290e7857ed2bb4d40dbe42069dd80ef4774?s=96&d=mm&r=g","caption":"admin"},"sameAs":["https:\/\/bisbatdemallorca.org"],"url":"https:\/\/www.bisbatdemallorca.org\/ca\/author\/departamentoweb_bzjy60os\/"}]}},"_links":{"self":[{"href":"https:\/\/www.bisbatdemallorca.org\/ca\/wp-json\/wp\/v2\/posts\/5114","targetHints":{"allow":["GET"]}}],"collection":[{"href":"https:\/\/www.bisbatdemallorca.org\/ca\/wp-json\/wp\/v2\/posts"}],"about":[{"href":"https:\/\/www.bisbatdemallorca.org\/ca\/wp-json\/wp\/v2\/types\/post"}],"author":[{"embeddable":true,"href":"https:\/\/www.bisbatdemallorca.org\/ca\/wp-json\/wp\/v2\/users\/1"}],"replies":[{"embeddable":true,"href":"https:\/\/www.bisbatdemallorca.org\/ca\/wp-json\/wp\/v2\/comments?post=5114"}],"version-history":[{"count":0,"href":"https:\/\/www.bisbatdemallorca.org\/ca\/wp-json\/wp\/v2\/posts\/5114\/revisions"}],"wp:featuredmedia":[{"embeddable":true,"href":"https:\/\/www.bisbatdemallorca.org\/ca\/wp-json\/wp\/v2\/media\/5113"}],"wp:attachment":[{"href":"https:\/\/www.bisbatdemallorca.org\/ca\/wp-json\/wp\/v2\/media?parent=5114"}],"wp:term":[{"taxonomy":"category","embeddable":true,"href":"https:\/\/www.bisbatdemallorca.org\/ca\/wp-json\/wp\/v2\/categories?post=5114"},{"taxonomy":"post_tag","embeddable":true,"href":"https:\/\/www.bisbatdemallorca.org\/ca\/wp-json\/wp\/v2\/tags?post=5114"}],"curies":[{"name":"wp","href":"https:\/\/api.w.org\/{rel}","templated":true}]}}