{"id":6037,"date":"2022-04-22T19:00:55","date_gmt":"2022-04-22T19:00:55","guid":{"rendered":"https:\/\/bisbatdemallorca.aplicacionesinteligentes.es\/?p=6037"},"modified":"2022-05-04T10:51:42","modified_gmt":"2022-05-04T10:51:42","slug":"lloseta-celebra-con-devocion-la-romeria-del-coco-despues-de-dos-anos-de-pandemia","status":"publish","type":"post","link":"https:\/\/www.bisbatdemallorca.org\/ca\/lloseta-celebra-con-devocion-la-romeria-del-coco-despues-de-dos-anos-de-pandemia\/","title":{"rendered":"Lloseta celebra amb devoci\u00f3 la romeria del Coc\u00f3, despr\u00e9s de dos anys de pand\u00e8mia"},"content":{"rendered":"<p>Despr\u00e9s de dos anys sense poder-se dur a terme per mor de la pand\u00e8mia, Lloseta ha pogut celebrar enguany, a la fi, la romeria del Coc\u00f3, que s&#8217;ha viscut amb molta intensitat i devoci\u00f3. La festa va comen\u00e7ar de bon mat\u00ed, amb una process\u00f3 que va partir de l&#8217;esgl\u00e9sia parroquial fins a l&#8217;oratori, en la qual un grup d&#8217;al.lotes de la confraria de la Mare de D\u00e9u de Lloseta, portaren una r\u00e8plica de la talla rom\u00e0nica de la Mare de D\u00e9u. L&#8217;acompanyaren una comitiva formada pels celebrants, els xeremiers i gegants, les autoritats municipals i auton\u00f2miques, aix\u00ed com nombrosos fidels.<\/p>\n<p>Una vegada arribats al Coc\u00f3, es va celebrar l&#8217;Eucaristia a l&#8217;esplanada de l&#8217;oratori. Enguany la presidiren dos missioners de la Fraternitat de San Carlos Borromeo, el P. Nicola i el P. Jorge, que passaven uns dies de descans a Mallorca, ja que ells perteneixen a una comunitat que est\u00e0 a Alemanya. Despr\u00e9s de la lectura de l&#8217;Evangeli de la trobada dels dos deixebles d&#8217;Ema\u00fas amb Jes\u00fas, el P. Nicola va assegurar que aquell episodi que &#8220;pareix una cosa del passat&#8221;, en realitat no \u00e9s aix\u00ed perqu\u00e8 &#8220;Jesucrist contin\u00faa passant per les nostres vides tamb\u00e9 avui&#8221;. I apunt\u00e0 que &#8220;tots necessitam Alg\u00fa que passi per davant nosaltres i ens recordi perqu\u00e8 val la nostra vida perqu\u00e8 si no, ens quedam marginats a un rac\u00f3 del cam\u00ed, com els deixebles d&#8217;Ema\u00fas&#8221;. El P. Nicola va remarcar que Jesucrist ha ressuscitat i que per aix\u00f2 &#8220;l&#8217;hem de cercar i veure com est\u00e0 dins la nostra vida&#8221;. I va afegir que en aix\u00f2 ens pot ajudar la Mare de D\u00e9u, a qui sempre ens podem dirigir en moments d&#8217;obscuritat i dir-li &#8220;no veig al teu fill, ajuda&#8217;m&#8221;. El celebrant va acabar l&#8217;homilia desitjant que en aquests dies de Pasqua &#8220;la pres\u00e8ncia de Jesucrist renovi la nostra ment&#8221;.<\/p>\n<p>En acabar la missa, els celebrants, encap\u00e7alats pel rector Carles Segu\u00ed, les autoritats i els fidels varen entrar dins l&#8217;oratori per venerar la Mare de D\u00e9u. els que aix\u00ed ho varen desitjar tamb\u00e9 varen baixar al torrent i posaren els dits al &#8220;didalet&#8221;, el lloc on segons conta la llegenda un pastor va trobar la Mare de D\u00e9u. Els llosetins tenen la tradici\u00f3 de passar-hi tots els dits per evitar que els surtin padrastres. Esperem que la Mare ens cuidi durant tot l&#8217;any per ser alliberats de tot mal, sobretot de no veure el seu Fill en tota ciscumst\u00e0ncia.<\/p>\n","protected":false},"excerpt":{"rendered":"<p>Despr\u00e9s de dos anys sense poder-se dur a terme per  [&#8230;]<\/p>\n","protected":false},"author":2,"featured_media":5964,"comment_status":"open","ping_status":"open","sticky":false,"template":"","format":"standard","meta":{"footnotes":""},"categories":[16],"tags":[],"class_list":["post-6037","post","type-post","status-publish","format-standard","has-post-thumbnail","hentry","category-agencia-baleria"],"yoast_head":"<!-- This site is optimized with the Yoast SEO plugin v27.0 - https:\/\/yoast.com\/product\/yoast-seo-wordpress\/ -->\n<title>Lloseta celebra amb devoci\u00f3 la romeria del Coc\u00f3, despr\u00e9s de dos anys de pand\u00e8mia<\/title>\n<meta name=\"robots\" content=\"index, follow, max-snippet:-1, max-image-preview:large, max-video-preview:-1\" \/>\n<link rel=\"canonical\" href=\"https:\/\/www.bisbatdemallorca.org\/ca\/lloseta-celebra-con-devocion-la-romeria-del-coco-despues-de-dos-anos-de-pandemia\/\" \/>\n<meta property=\"og:locale\" content=\"ca_ES\" \/>\n<meta property=\"og:locale:alternate\" content=\"en_US\" \/>\n<meta property=\"og:locale:alternate\" content=\"es_ES\" \/>\n<meta property=\"og:type\" content=\"article\" \/>\n<meta property=\"og:title\" content=\"Lloseta celebra amb devoci\u00f3 la romeria del Coc\u00f3, despr\u00e9s de dos anys de pand\u00e8mia\" \/>\n<meta property=\"og:description\" content=\"Despr\u00e9s de dos anys sense poder-se dur a terme per [...]\" \/>\n<meta property=\"og:url\" content=\"https:\/\/www.bisbatdemallorca.org\/ca\/lloseta-celebra-con-devocion-la-romeria-del-coco-despues-de-dos-anos-de-pandemia\/\" \/>\n<meta property=\"og:site_name\" content=\"Bisbat de Mallorca\" \/>\n<meta property=\"article:published_time\" content=\"2022-04-22T19:00:55+00:00\" \/>\n<meta property=\"article:modified_time\" content=\"2022-05-04T10:51:42+00:00\" \/>\n<meta property=\"og:image\" content=\"https:\/\/www.bisbatdemallorca.org\/wp-content\/uploads\/2022\/05\/Romeria-Coco-1-scaled.jpeg\" \/>\n\t<meta property=\"og:image:width\" content=\"2560\" \/>\n\t<meta property=\"og:image:height\" content=\"1920\" \/>\n\t<meta property=\"og:image:type\" content=\"image\/jpeg\" \/>\n<meta name=\"author\" content=\"Administraci\u00f3 Bisbat de Mallorca\" \/>\n<meta name=\"twitter:card\" content=\"summary_large_image\" \/>\n<meta name=\"twitter:label1\" content=\"Escrit per\" \/>\n\t<meta name=\"twitter:data1\" content=\"Administraci\u00f3 Bisbat de Mallorca\" \/>\n\t<meta name=\"twitter:label2\" content=\"Temps estimat de lectura\" \/>\n\t<meta name=\"twitter:data2\" content=\"2 minuts\" \/>\n<script type=\"application\/ld+json\" class=\"yoast-schema-graph\">{\"@context\":\"https:\/\/schema.org\",\"@graph\":[{\"@type\":\"Article\",\"@id\":\"https:\/\/www.bisbatdemallorca.org\/lloseta-celebra-con-devocion-la-romeria-del-coco-despues-de-dos-anos-de-pandemia\/#article\",\"isPartOf\":{\"@id\":\"https:\/\/www.bisbatdemallorca.org\/lloseta-celebra-con-devocion-la-romeria-del-coco-despues-de-dos-anos-de-pandemia\/\"},\"author\":{\"name\":\"Administraci\u00f3 Bisbat de Mallorca\",\"@id\":\"https:\/\/www.bisbatdemallorca.org\/ca\/#\/schema\/person\/9d198fedaef82cec34c41260a51964a6\"},\"headline\":\"Lloseta celebra amb devoci\u00f3 la romeria del Coc\u00f3, despr\u00e9s de dos anys de pand\u00e8mia\",\"datePublished\":\"2022-04-22T19:00:55+00:00\",\"dateModified\":\"2022-05-04T10:51:42+00:00\",\"mainEntityOfPage\":{\"@id\":\"https:\/\/www.bisbatdemallorca.org\/lloseta-celebra-con-devocion-la-romeria-del-coco-despues-de-dos-anos-de-pandemia\/\"},\"wordCount\":899,\"commentCount\":0,\"publisher\":{\"@id\":\"https:\/\/www.bisbatdemallorca.org\/ca\/#organization\"},\"image\":{\"@id\":\"https:\/\/www.bisbatdemallorca.org\/lloseta-celebra-con-devocion-la-romeria-del-coco-despues-de-dos-anos-de-pandemia\/#primaryimage\"},\"thumbnailUrl\":\"https:\/\/www.bisbatdemallorca.org\/wp-content\/uploads\/2022\/05\/Romeria-Coco-1-scaled.jpeg\",\"articleSection\":[\"Agencia Bal\u00e8ria\"],\"inLanguage\":\"ca\",\"potentialAction\":[{\"@type\":\"CommentAction\",\"name\":\"Comment\",\"target\":[\"https:\/\/www.bisbatdemallorca.org\/lloseta-celebra-con-devocion-la-romeria-del-coco-despues-de-dos-anos-de-pandemia\/#respond\"]}]},{\"@type\":\"WebPage\",\"@id\":\"https:\/\/www.bisbatdemallorca.org\/lloseta-celebra-con-devocion-la-romeria-del-coco-despues-de-dos-anos-de-pandemia\/\",\"url\":\"https:\/\/www.bisbatdemallorca.org\/lloseta-celebra-con-devocion-la-romeria-del-coco-despues-de-dos-anos-de-pandemia\/\",\"name\":\"Lloseta celebra amb devoci\u00f3 la romeria del Coc\u00f3, despr\u00e9s de dos anys de pand\u00e8mia\",\"isPartOf\":{\"@id\":\"https:\/\/www.bisbatdemallorca.org\/ca\/#website\"},\"primaryImageOfPage\":{\"@id\":\"https:\/\/www.bisbatdemallorca.org\/lloseta-celebra-con-devocion-la-romeria-del-coco-despues-de-dos-anos-de-pandemia\/#primaryimage\"},\"image\":{\"@id\":\"https:\/\/www.bisbatdemallorca.org\/lloseta-celebra-con-devocion-la-romeria-del-coco-despues-de-dos-anos-de-pandemia\/#primaryimage\"},\"thumbnailUrl\":\"https:\/\/www.bisbatdemallorca.org\/wp-content\/uploads\/2022\/05\/Romeria-Coco-1-scaled.jpeg\",\"datePublished\":\"2022-04-22T19:00:55+00:00\",\"dateModified\":\"2022-05-04T10:51:42+00:00\",\"breadcrumb\":{\"@id\":\"https:\/\/www.bisbatdemallorca.org\/lloseta-celebra-con-devocion-la-romeria-del-coco-despues-de-dos-anos-de-pandemia\/#breadcrumb\"},\"inLanguage\":\"ca\",\"potentialAction\":[{\"@type\":\"ReadAction\",\"target\":[\"https:\/\/www.bisbatdemallorca.org\/lloseta-celebra-con-devocion-la-romeria-del-coco-despues-de-dos-anos-de-pandemia\/\"]}]},{\"@type\":\"ImageObject\",\"inLanguage\":\"ca\",\"@id\":\"https:\/\/www.bisbatdemallorca.org\/lloseta-celebra-con-devocion-la-romeria-del-coco-despues-de-dos-anos-de-pandemia\/#primaryimage\",\"url\":\"https:\/\/www.bisbatdemallorca.org\/wp-content\/uploads\/2022\/05\/Romeria-Coco-1-scaled.jpeg\",\"contentUrl\":\"https:\/\/www.bisbatdemallorca.org\/wp-content\/uploads\/2022\/05\/Romeria-Coco-1-scaled.jpeg\",\"width\":2560,\"height\":1920,\"caption\":\"OLYMPUS DIGITAL CAMERA\"},{\"@type\":\"BreadcrumbList\",\"@id\":\"https:\/\/www.bisbatdemallorca.org\/lloseta-celebra-con-devocion-la-romeria-del-coco-despues-de-dos-anos-de-pandemia\/#breadcrumb\",\"itemListElement\":[{\"@type\":\"ListItem\",\"position\":1,\"name\":\"Portada\",\"item\":\"https:\/\/www.bisbatdemallorca.org\/ca\/\"},{\"@type\":\"ListItem\",\"position\":2,\"name\":\"Lloseta celebra con devoci\u00f3n la romer\u00eda del Coc\u00f3, despu\u00e9s de dos a\u00f1os de pandemia\"}]},{\"@type\":\"WebSite\",\"@id\":\"https:\/\/www.bisbatdemallorca.org\/ca\/#website\",\"url\":\"https:\/\/www.bisbatdemallorca.org\/ca\/\",\"name\":\"Bisbat de Mallorca\",\"description\":\"Just another WordPress site\",\"publisher\":{\"@id\":\"https:\/\/www.bisbatdemallorca.org\/ca\/#organization\"},\"potentialAction\":[{\"@type\":\"SearchAction\",\"target\":{\"@type\":\"EntryPoint\",\"urlTemplate\":\"https:\/\/www.bisbatdemallorca.org\/ca\/?s={search_term_string}\"},\"query-input\":{\"@type\":\"PropertyValueSpecification\",\"valueRequired\":true,\"valueName\":\"search_term_string\"}}],\"inLanguage\":\"ca\"},{\"@type\":\"Organization\",\"@id\":\"https:\/\/www.bisbatdemallorca.org\/ca\/#organization\",\"name\":\"Bisbat De Mallorca\",\"url\":\"https:\/\/www.bisbatdemallorca.org\/ca\/\",\"logo\":{\"@type\":\"ImageObject\",\"inLanguage\":\"ca\",\"@id\":\"https:\/\/www.bisbatdemallorca.org\/ca\/#\/schema\/logo\/image\/\",\"url\":\"https:\/\/bisbatdemallorca.org\/wp-content\/uploads\/2022\/04\/Logo_Bisbat-de-Mallorca-scaled.jpeg\",\"contentUrl\":\"https:\/\/bisbatdemallorca.org\/wp-content\/uploads\/2022\/04\/Logo_Bisbat-de-Mallorca-scaled.jpeg\",\"width\":2560,\"height\":1810,\"caption\":\"Bisbat De Mallorca\"},\"image\":{\"@id\":\"https:\/\/www.bisbatdemallorca.org\/ca\/#\/schema\/logo\/image\/\"}},{\"@type\":\"Person\",\"@id\":\"https:\/\/www.bisbatdemallorca.org\/ca\/#\/schema\/person\/9d198fedaef82cec34c41260a51964a6\",\"name\":\"Administraci\u00f3 Bisbat de Mallorca\",\"image\":{\"@type\":\"ImageObject\",\"inLanguage\":\"ca\",\"@id\":\"https:\/\/www.bisbatdemallorca.org\/ca\/#\/schema\/person\/image\/\",\"url\":\"https:\/\/secure.gravatar.com\/avatar\/cc0dac0bd15aa6305e120ea8e5b6c12f94c8fe06a53230fa56abffe62cefceb4?s=96&d=mm&r=g\",\"contentUrl\":\"https:\/\/secure.gravatar.com\/avatar\/cc0dac0bd15aa6305e120ea8e5b6c12f94c8fe06a53230fa56abffe62cefceb4?s=96&d=mm&r=g\",\"caption\":\"Administraci\u00f3 Bisbat de Mallorca\"},\"sameAs\":[\"https:\/\/bisbatdemallorca.org\"],\"url\":\"https:\/\/www.bisbatdemallorca.org\/ca\/author\/administraciobisbat\/\"}]}<\/script>\n<!-- \/ Yoast SEO plugin. -->","yoast_head_json":{"title":"Lloseta celebra amb devoci\u00f3 la romeria del Coc\u00f3, despr\u00e9s de dos anys de pand\u00e8mia","robots":{"index":"index","follow":"follow","max-snippet":"max-snippet:-1","max-image-preview":"max-image-preview:large","max-video-preview":"max-video-preview:-1"},"canonical":"https:\/\/www.bisbatdemallorca.org\/ca\/lloseta-celebra-con-devocion-la-romeria-del-coco-despues-de-dos-anos-de-pandemia\/","og_locale":"ca_ES","og_type":"article","og_title":"[:ca]Lloseta celebra amb devoci\u00f3 la romeria del Coc\u00f3, despr\u00e9s de dos anys de pand\u00e8mia[:es]Lloseta celebra con devoci\u00f3n la romer\u00eda del Coc\u00f3, despu\u00e9s de dos a\u00f1os de pandemia[:] - Bisbat de Mallorca","og_description":"Despr\u00e9s de dos anys sense poder-se dur a terme per [...]","og_url":"https:\/\/www.bisbatdemallorca.org\/ca\/lloseta-celebra-con-devocion-la-romeria-del-coco-despues-de-dos-anos-de-pandemia\/","og_site_name":"Bisbat de Mallorca","article_published_time":"2022-04-22T19:00:55+00:00","article_modified_time":"2022-05-04T10:51:42+00:00","og_image":[{"width":2560,"height":1920,"url":"https:\/\/www.bisbatdemallorca.org\/wp-content\/uploads\/2022\/05\/Romeria-Coco-1-scaled.jpeg","type":"image\/jpeg"}],"author":"Administraci\u00f3 Bisbat de Mallorca","twitter_card":"summary_large_image","twitter_misc":{"Escrit per":"Administraci\u00f3 Bisbat de Mallorca","Temps estimat de lectura":"2 minuts"},"schema":{"@context":"https:\/\/schema.org","@graph":[{"@type":"Article","@id":"https:\/\/www.bisbatdemallorca.org\/lloseta-celebra-con-devocion-la-romeria-del-coco-despues-de-dos-anos-de-pandemia\/#article","isPartOf":{"@id":"https:\/\/www.bisbatdemallorca.org\/lloseta-celebra-con-devocion-la-romeria-del-coco-despues-de-dos-anos-de-pandemia\/"},"author":{"name":"Administraci\u00f3 Bisbat de Mallorca","@id":"https:\/\/www.bisbatdemallorca.org\/ca\/#\/schema\/person\/9d198fedaef82cec34c41260a51964a6"},"headline":"Lloseta celebra amb devoci\u00f3 la romeria del Coc\u00f3, despr\u00e9s de dos anys de pand\u00e8mia","datePublished":"2022-04-22T19:00:55+00:00","dateModified":"2022-05-04T10:51:42+00:00","mainEntityOfPage":{"@id":"https:\/\/www.bisbatdemallorca.org\/lloseta-celebra-con-devocion-la-romeria-del-coco-despues-de-dos-anos-de-pandemia\/"},"wordCount":899,"commentCount":0,"publisher":{"@id":"https:\/\/www.bisbatdemallorca.org\/ca\/#organization"},"image":{"@id":"https:\/\/www.bisbatdemallorca.org\/lloseta-celebra-con-devocion-la-romeria-del-coco-despues-de-dos-anos-de-pandemia\/#primaryimage"},"thumbnailUrl":"https:\/\/www.bisbatdemallorca.org\/wp-content\/uploads\/2022\/05\/Romeria-Coco-1-scaled.jpeg","articleSection":["Agencia Bal\u00e8ria"],"inLanguage":"ca","potentialAction":[{"@type":"CommentAction","name":"Comment","target":["https:\/\/www.bisbatdemallorca.org\/lloseta-celebra-con-devocion-la-romeria-del-coco-despues-de-dos-anos-de-pandemia\/#respond"]}]},{"@type":"WebPage","@id":"https:\/\/www.bisbatdemallorca.org\/lloseta-celebra-con-devocion-la-romeria-del-coco-despues-de-dos-anos-de-pandemia\/","url":"https:\/\/www.bisbatdemallorca.org\/lloseta-celebra-con-devocion-la-romeria-del-coco-despues-de-dos-anos-de-pandemia\/","name":"Lloseta celebra amb devoci\u00f3 la romeria del Coc\u00f3, despr\u00e9s de dos anys de pand\u00e8mia","isPartOf":{"@id":"https:\/\/www.bisbatdemallorca.org\/ca\/#website"},"primaryImageOfPage":{"@id":"https:\/\/www.bisbatdemallorca.org\/lloseta-celebra-con-devocion-la-romeria-del-coco-despues-de-dos-anos-de-pandemia\/#primaryimage"},"image":{"@id":"https:\/\/www.bisbatdemallorca.org\/lloseta-celebra-con-devocion-la-romeria-del-coco-despues-de-dos-anos-de-pandemia\/#primaryimage"},"thumbnailUrl":"https:\/\/www.bisbatdemallorca.org\/wp-content\/uploads\/2022\/05\/Romeria-Coco-1-scaled.jpeg","datePublished":"2022-04-22T19:00:55+00:00","dateModified":"2022-05-04T10:51:42+00:00","breadcrumb":{"@id":"https:\/\/www.bisbatdemallorca.org\/lloseta-celebra-con-devocion-la-romeria-del-coco-despues-de-dos-anos-de-pandemia\/#breadcrumb"},"inLanguage":"ca","potentialAction":[{"@type":"ReadAction","target":["https:\/\/www.bisbatdemallorca.org\/lloseta-celebra-con-devocion-la-romeria-del-coco-despues-de-dos-anos-de-pandemia\/"]}]},{"@type":"ImageObject","inLanguage":"ca","@id":"https:\/\/www.bisbatdemallorca.org\/lloseta-celebra-con-devocion-la-romeria-del-coco-despues-de-dos-anos-de-pandemia\/#primaryimage","url":"https:\/\/www.bisbatdemallorca.org\/wp-content\/uploads\/2022\/05\/Romeria-Coco-1-scaled.jpeg","contentUrl":"https:\/\/www.bisbatdemallorca.org\/wp-content\/uploads\/2022\/05\/Romeria-Coco-1-scaled.jpeg","width":2560,"height":1920,"caption":"OLYMPUS DIGITAL CAMERA"},{"@type":"BreadcrumbList","@id":"https:\/\/www.bisbatdemallorca.org\/lloseta-celebra-con-devocion-la-romeria-del-coco-despues-de-dos-anos-de-pandemia\/#breadcrumb","itemListElement":[{"@type":"ListItem","position":1,"name":"Portada","item":"https:\/\/www.bisbatdemallorca.org\/ca\/"},{"@type":"ListItem","position":2,"name":"Lloseta celebra con devoci\u00f3n la romer\u00eda del Coc\u00f3, despu\u00e9s de dos a\u00f1os de pandemia"}]},{"@type":"WebSite","@id":"https:\/\/www.bisbatdemallorca.org\/ca\/#website","url":"https:\/\/www.bisbatdemallorca.org\/ca\/","name":"Bisbat de Mallorca","description":"Just another WordPress site","publisher":{"@id":"https:\/\/www.bisbatdemallorca.org\/ca\/#organization"},"potentialAction":[{"@type":"SearchAction","target":{"@type":"EntryPoint","urlTemplate":"https:\/\/www.bisbatdemallorca.org\/ca\/?s={search_term_string}"},"query-input":{"@type":"PropertyValueSpecification","valueRequired":true,"valueName":"search_term_string"}}],"inLanguage":"ca"},{"@type":"Organization","@id":"https:\/\/www.bisbatdemallorca.org\/ca\/#organization","name":"Bisbat De Mallorca","url":"https:\/\/www.bisbatdemallorca.org\/ca\/","logo":{"@type":"ImageObject","inLanguage":"ca","@id":"https:\/\/www.bisbatdemallorca.org\/ca\/#\/schema\/logo\/image\/","url":"https:\/\/bisbatdemallorca.org\/wp-content\/uploads\/2022\/04\/Logo_Bisbat-de-Mallorca-scaled.jpeg","contentUrl":"https:\/\/bisbatdemallorca.org\/wp-content\/uploads\/2022\/04\/Logo_Bisbat-de-Mallorca-scaled.jpeg","width":2560,"height":1810,"caption":"Bisbat De Mallorca"},"image":{"@id":"https:\/\/www.bisbatdemallorca.org\/ca\/#\/schema\/logo\/image\/"}},{"@type":"Person","@id":"https:\/\/www.bisbatdemallorca.org\/ca\/#\/schema\/person\/9d198fedaef82cec34c41260a51964a6","name":"Administraci\u00f3 Bisbat de Mallorca","image":{"@type":"ImageObject","inLanguage":"ca","@id":"https:\/\/www.bisbatdemallorca.org\/ca\/#\/schema\/person\/image\/","url":"https:\/\/secure.gravatar.com\/avatar\/cc0dac0bd15aa6305e120ea8e5b6c12f94c8fe06a53230fa56abffe62cefceb4?s=96&d=mm&r=g","contentUrl":"https:\/\/secure.gravatar.com\/avatar\/cc0dac0bd15aa6305e120ea8e5b6c12f94c8fe06a53230fa56abffe62cefceb4?s=96&d=mm&r=g","caption":"Administraci\u00f3 Bisbat de Mallorca"},"sameAs":["https:\/\/bisbatdemallorca.org"],"url":"https:\/\/www.bisbatdemallorca.org\/ca\/author\/administraciobisbat\/"}]}},"_links":{"self":[{"href":"https:\/\/www.bisbatdemallorca.org\/ca\/wp-json\/wp\/v2\/posts\/6037","targetHints":{"allow":["GET"]}}],"collection":[{"href":"https:\/\/www.bisbatdemallorca.org\/ca\/wp-json\/wp\/v2\/posts"}],"about":[{"href":"https:\/\/www.bisbatdemallorca.org\/ca\/wp-json\/wp\/v2\/types\/post"}],"author":[{"embeddable":true,"href":"https:\/\/www.bisbatdemallorca.org\/ca\/wp-json\/wp\/v2\/users\/2"}],"replies":[{"embeddable":true,"href":"https:\/\/www.bisbatdemallorca.org\/ca\/wp-json\/wp\/v2\/comments?post=6037"}],"version-history":[{"count":0,"href":"https:\/\/www.bisbatdemallorca.org\/ca\/wp-json\/wp\/v2\/posts\/6037\/revisions"}],"wp:featuredmedia":[{"embeddable":true,"href":"https:\/\/www.bisbatdemallorca.org\/ca\/wp-json\/wp\/v2\/media\/5964"}],"wp:attachment":[{"href":"https:\/\/www.bisbatdemallorca.org\/ca\/wp-json\/wp\/v2\/media?parent=6037"}],"wp:term":[{"taxonomy":"category","embeddable":true,"href":"https:\/\/www.bisbatdemallorca.org\/ca\/wp-json\/wp\/v2\/categories?post=6037"},{"taxonomy":"post_tag","embeddable":true,"href":"https:\/\/www.bisbatdemallorca.org\/ca\/wp-json\/wp\/v2\/tags?post=6037"}],"curies":[{"name":"wp","href":"https:\/\/api.w.org\/{rel}","templated":true}]}}